









{"id":9696,"date":"2020-06-10T17:14:24","date_gmt":"2020-06-10T15:14:24","guid":{"rendered":"https:\/\/peoplesphere.be\/fr\/?p=9696"},"modified":"2020-06-10T17:14:24","modified_gmt":"2020-06-10T15:14:24","slug":"pandemie-donne-lieu-a-recession-plus-grave-pres-dun-siecle-cooperation-internationale-seule-voie-sortir","status":"publish","type":"post","link":"https:\/\/peoplesphere.be\/fr\/pandemie-donne-lieu-a-recession-plus-grave-pres-dun-siecle-cooperation-internationale-seule-voie-sortir\/","title":{"rendered":"La pand\u00e9mie donne lieu \u00e0 la r\u00e9cession la plus grave depuis pr\u00e8s d&rsquo;un si\u00e8cle: la coop\u00e9ration internationale est la seule voie pour nous en sortir."},"content":{"rendered":"<p>La pand\u00e9mie de COVID-19 a provoqu\u00e9 la r\u00e9cession la plus grave jamais observ\u00e9e depuis pr\u00e8s d&rsquo;un si\u00e8cle et fait des ravages en termes de sant\u00e9, d\u2019emploi et de bien-\u00eatre des citoyens, selon la derni\u00e8re \u00e9dition des Perspectives \u00e9conomiques de l\u2019OCDE.\u00a0Alors que les restrictions sont progressivement lev\u00e9es, la voie de la reprise \u00e9conomique appara\u00eet tr\u00e8s incertaine, et vuln\u00e9rable \u00e0 une deuxi\u00e8me vague de l\u2019\u00e9pid\u00e9mie. Il ressort du rapport qu&rsquo;il sera indispensable de renforcer les syst\u00e8mes de sant\u00e9 et d\u2019aider les personnes et les entreprises \u00e0 s&rsquo;adapter au monde de l&rsquo;apr\u00e8s-COVID.<!--more--><\/p>\n<p>Les mesures d\u2019endiguement impos\u00e9es par la plupart des gouvernements \u00e9taient n\u00e9cessaires pour ralentir la propagation du virus et r\u00e9duire le nombre de pertes en vies humaines, mais elles ont aussi entra\u00een\u00e9 une interruption de l\u2019activit\u00e9 dans de nombreux secteurs et provoqu\u00e9 beaucoup de d\u00e9g\u00e2ts dans l\u2019\u00e9conomie.<\/p>\n<p>Les responsables de l\u2019action publique ont mobilis\u00e9 un vaste arsenal de mesures exceptionnelles pour soutenir les syst\u00e8mes de sant\u00e9 et pr\u00e9server les revenus des citoyens ainsi que pour aider les entreprises et stabiliser les march\u00e9s financiers.<\/p>\n<p>\u00c9tant donn\u00e9 la faible probabilit\u00e9 qu\u2019un vaccin puisse \u00eatre largement accessible cette ann\u00e9e, et dans ce contexte d&rsquo;incertitude sans pr\u00e9c\u00e9dent, l\u2019OCDE a pris la d\u00e9cision inhabituelle de pr\u00e9senter deux sc\u00e9narios \u00e9galement plausibles : l\u2019un voit la pand\u00e9mie \u00eatre ma\u00eetris\u00e9e, l&rsquo;autre repose sur l&rsquo;hypoth\u00e8se d\u2019une deuxi\u00e8me vague de contagions avant la fin de 2020.<\/p>\n<p>Dans le sc\u00e9nario d\u2019une deuxi\u00e8me vague \u00e9pid\u00e9mique provoquant un retour aux mesures de confinement, la production \u00e9conomique mondiale pourrait, selon les pr\u00e9visions, chuter de 7.6 % cette ann\u00e9e, avant de se redresser pour atteindre 2.8 % en 2021. \u00c0 son plus haut, le ch\u00f4mage dans les \u00e9conomies de l&rsquo;OCDE serait plus de deux fois sup\u00e9rieur \u00e0 son taux d&rsquo;avant les pand\u00e9mies, avec peu de reprise de l\u2019emploi l\u2019ann\u00e9e suivante.<\/p>\n<p>Si une deuxi\u00e8me vague \u00e9pid\u00e9mique peut \u00eatre \u00e9vit\u00e9e, l\u2019activit\u00e9 \u00e9conomique mondiale devrait diminuer de 6 % en 2020 et dans la zone OCDE, le ch\u00f4mage pourrait passer de 5.4 % en 2019 \u00e0 9.2 %.<\/p>\n<p>Les cons\u00e9quences \u00e9conomiques des mesures de confinement strictes et relativement longues prises en Europe seront particuli\u00e8rement d\u00e9sastreuses. Dans la zone euro, le PIB va selon les pr\u00e9visions chuter de 11 \u00bd pour cent cette ann\u00e9e en cas de seconde vague, et d\u2019un peu plus de 9% si une deuxi\u00e8me vague peut \u00eatre \u00e9vit\u00e9e ; les reculs correspondants seront respectivement de 8.5% et 7.3% aux \u00c9tats-Unis, et de 7.3% et 6% au Japon. Parall\u00e8lement, les \u00e9conomies \u00e9mergentes telles que le Br\u00e9sil, la Russie et l\u2019Afrique du Sud doivent faire face aux d\u00e9fis particuliers pos\u00e9s par les tensions auxquelles sont soumis leurs syst\u00e8mes de sant\u00e9, qui ajoutent encore aux difficult\u00e9s provoqu\u00e9es par la chute des prix des produits de base. Leur croissance \u00e9conomique pourrait plonger de 9.1%, 10% et 8.2% respectivement dans le sc\u00e9nario des deux chocs successifs, et de 7.4%, 8% et 7.5% en cas de choc unique. Le PIB de la Chine et celui de l\u2019Inde seront relativement moins affect\u00e9s, accusant respectivement une baisse de 3.7% et 7.3% dans l\u2019hypoth\u00e8se de deux chocs successifs, et de 2.6% et 3.7% dans celle d\u2019un choc unique.<\/p>\n<p>Dans les deux sc\u00e9narios, apr\u00e8s une reprise initiale rapide de l\u2019activit\u00e9, il faudra beaucoup de temps pour que la production retrouve ses niveaux d\u2019avant la pand\u00e9mie, et la crise laissera des traces durables : les niveaux de vie vont baisser, le ch\u00f4mage sera \u00e9lev\u00e9 et l\u2019investissement restera atone. Dans les secteurs les plus affect\u00e9s comme le tourisme, l\u2019h\u00f4tellerie et les loisirs, les pertes d\u2019emplois toucheront particuli\u00e8rement les personnes peu qualifi\u00e9es, les jeunes et les travailleurs du secteur informel.<\/p>\n<p>Il ressort des Perspectives \u00e9conomiques que les aides des pouvoirs publics destin\u00e9es \u00e0 soutenir les personnes et les entreprises dans les secteurs durement touch\u00e9s devront \u00e9voluer, mais rester de grande ampleur.<\/p>\n<p>Le Secr\u00e9taire g\u00e9n\u00e9ral de l\u2019OCDE M. Angel Gurr\u00eda s\u2019est exprim\u00e9 avant la Table ronde minist\u00e9rielle sp\u00e9ciale du Conseil de l\u2019OCDE, qui sera pr\u00e9sid\u00e9e par la Vice-pr\u00e9sidente du gouvernement et Ministre de l\u2019\u00c9conomie et de la Transformation num\u00e9rique de l\u2019Espagne Mme Nadia Calvi\u00f1o, et au cours de laquelle seront examin\u00e9es les r\u00e9ponses des pouvoirs publics \u00e0 la pand\u00e9mie. M. Angel Gurr\u00eda a d\u00e9clar\u00e9 : <em>\u00ab Dans le contexte actuel, il est \u00e9vident que l\u2019incertitude est extr\u00eame, mais les cons\u00e9quences de cette situation en termes de politiques macro\u00e9conomiques ne sont pas sym\u00e9triques. Les responsables de l\u2019action publique ont eu raison de prendre sans tarder des mesures d\u2019urgence, mais ils devraient maintenant prendre garde \u00e0 ne pas les retirer trop rapidement. \u00bb<\/em><\/p>\n<p><em>\u00ab La mani\u00e8re dont les gouvernements agissent aujourd&rsquo;hui fa\u00e7onnera le monde de l\u2019apr\u00e8s-COVID\u201119 pour plusieurs ann\u00e9es \u00bb,<\/em> a-t-il ajout\u00e9. <em>\u00ab Cela vaut non seulement au plan int\u00e9rieur, o\u00f9 des politiques appropri\u00e9es peuvent favoriser une reprise r\u00e9siliente, inclusive et durable, mais cela concerne aussi la mani\u00e8re dont les pays coop\u00e8rent pour affronter ensemble des d\u00e9fis plan\u00e9taires. La coop\u00e9ration internationale, jusqu\u2019ici le point faible de la r\u00e9ponse des pouvoirs publics, est \u00e0 m\u00eame de susciter la confiance et peut avoir d\u2019importantes retomb\u00e9es positives. \u00bb<\/em><\/p>\n<p>Pr\u00e9sentant les Perspectives \u00e9conomiques, la Cheffe \u00e9conomiste de l&rsquo;OCDE Mme Laurence Boone a d\u00e9clar\u00e9 : <em>\u00ab Des politiques hors du commun seront n\u00e9cessaires pour avancer sur une ligne de cr\u00eate en direction de la reprise. Relancer l&rsquo;activit\u00e9 \u00e9conomique tout en \u00e9vitant un second \u00e9pisode de contagions n\u00e9cessitera de la part des d\u00e9cideurs publics r\u00e9activit\u00e9 et flexibilit\u00e9. \u00bb<\/em> Selon elle, les filets de s\u00e9curit\u00e9 et les soutiens actuellement d\u00e9ploy\u00e9s en faveur des secteurs durement touch\u00e9s devront \u00eatre adapt\u00e9s pour aider les entreprises et les travailleurs \u00e0 s\u2019orienter vers de nouvelles activit\u00e9s.<\/p>\n<p><em>\u00ab Une augmentation de la dette publique est in\u00e9vitable, mais les d\u00e9penses financ\u00e9es par l\u2019emprunt devraient \u00eatre soigneusement cibl\u00e9es sur l\u2019aide aux plus vuln\u00e9rables et sur les investissements n\u00e9cessaires pour assurer la transition vers une \u00e9conomie plus r\u00e9siliente et plus durable \u00bb<\/em>, a-t-elle poursuivi, ajoutant que : <em>\u00ab Les gouvernements doivent saisir cette occasion pour inventer une \u00e9conomie plus juste, en affinant la concurrence et la r\u00e9glementation, et en modernisant la fiscalit\u00e9, les d\u00e9penses publiques et la protection sociale. La prosp\u00e9rit\u00e9 na\u00eet du dialogue et de la coop\u00e9ration, et cela est vrai au plan national comme au niveau mondial. \u00bb<\/em><\/p>\n<p>Dans les Perspectives \u00e9conomiques, un appel est lanc\u00e9 \u00e0 une coop\u00e9ration internationale renforc\u00e9e pour aider \u00e0 mettre fin plus rapidement \u00e0 la pand\u00e9mie, acc\u00e9l\u00e9rer le redressement de l&rsquo;\u00e9conomie et \u00e9viter de mettre \u00e0 mal le processus de rattrapage des \u00e9conomies de march\u00e9 \u00e9mergentes et des pays en d\u00e9veloppement. Il s&rsquo;agit \u00e9galement d\u2019encourager la constitution de cha\u00eenes d&rsquo;approvisionnement plus r\u00e9silientes, en d\u00e9veloppant les stocks et en diversifiant davantage les sources, \u00e0 la fois localement et au niveau international.<\/p>\n<p><em>Source: OCDE<\/em><\/p>\n","protected":false},"excerpt":{"rendered":"<p>La pand\u00e9mie de COVID-19 a provoqu\u00e9 la r\u00e9cession la plus grave jamais observ\u00e9e depuis pr\u00e8s d&rsquo;un si\u00e8cle et fait des ravages en termes de sant\u00e9, d\u2019emploi et de bien-\u00eatre des citoyens, selon la derni\u00e8re \u00e9dition des Perspectives \u00e9conomiques de l\u2019OCDE.\u00a0Alors [&hellip;]<\/p>\n","protected":false},"author":2,"featured_media":0,"comment_status":"closed","ping_status":"open","sticky":false,"template":"","format":"standard","meta":[],"categories":[65,10],"tags":[2947,772,124,17,58],"yoast_head":"<!-- This site is optimized with the Yoast SEO plugin v21.0 - https:\/\/yoast.com\/wordpress\/plugins\/seo\/ -->\n<title>La pand\u00e9mie donne lieu \u00e0 la r\u00e9cession la plus grave depuis pr\u00e8s d&#039;un si\u00e8cle: la coop\u00e9ration internationale est la seule voie pour nous en sortir. - Peoplesphere<\/title>\n<meta name=\"robots\" content=\"index, follow, max-snippet:-1, max-image-preview:large, max-video-preview:-1\" \/>\n<link rel=\"canonical\" href=\"https:\/\/peoplesphere.be\/fr\/pandemie-donne-lieu-a-recession-plus-grave-pres-dun-siecle-cooperation-internationale-seule-voie-sortir\/\" \/>\n<meta property=\"og:locale\" content=\"fr_FR\" \/>\n<meta property=\"og:type\" content=\"article\" \/>\n<meta property=\"og:title\" content=\"La pand\u00e9mie donne lieu \u00e0 la r\u00e9cession la plus grave depuis pr\u00e8s d&#039;un si\u00e8cle: la coop\u00e9ration internationale est la seule voie pour nous en sortir. - Peoplesphere\" \/>\n<meta property=\"og:description\" content=\"La pand\u00e9mie de COVID-19 a provoqu\u00e9 la r\u00e9cession la plus grave jamais observ\u00e9e depuis pr\u00e8s d&rsquo;un si\u00e8cle et fait des ravages en termes de sant\u00e9, d\u2019emploi et de bien-\u00eatre des citoyens, selon la derni\u00e8re \u00e9dition des Perspectives \u00e9conomiques de l\u2019OCDE.\u00a0Alors [&hellip;]\" \/>\n<meta property=\"og:url\" content=\"https:\/\/peoplesphere.be\/fr\/pandemie-donne-lieu-a-recession-plus-grave-pres-dun-siecle-cooperation-internationale-seule-voie-sortir\/\" \/>\n<meta property=\"og:site_name\" content=\"Peoplesphere\" \/>\n<meta property=\"article:publisher\" content=\"https:\/\/www.facebook.com\/peoplesphere\" \/>\n<meta property=\"article:published_time\" content=\"2020-06-10T15:14:24+00:00\" \/>\n<meta property=\"og:image\" content=\"http:\/\/www.peoplesphere.be\/fr\/wp-content\/uploads\/2016\/07\/facebook-default-posting-1200x628px.jpg\" \/>\n<meta name=\"author\" content=\"Jean-Paul Erhard\" \/>\n<meta name=\"twitter:card\" content=\"summary_large_image\" \/>\n<meta name=\"twitter:creator\" content=\"@PeoplesphereMag\" \/>\n<meta name=\"twitter:site\" content=\"@PeoplesphereMag\" \/>\n<meta name=\"twitter:label1\" content=\"\u00c9crit par\" \/>\n\t<meta name=\"twitter:data1\" content=\"Jean-Paul Erhard\" \/>\n\t<meta name=\"twitter:label2\" content=\"Dur\u00e9e de lecture estim\u00e9e\" \/>\n\t<meta name=\"twitter:data2\" content=\"6 minutes\" \/>\n<script type=\"application\/ld+json\" class=\"yoast-schema-graph\">{\"@context\":\"https:\/\/schema.org\",\"@graph\":[{\"@type\":\"Article\",\"@id\":\"https:\/\/peoplesphere.be\/fr\/pandemie-donne-lieu-a-recession-plus-grave-pres-dun-siecle-cooperation-internationale-seule-voie-sortir\/#article\",\"isPartOf\":{\"@id\":\"https:\/\/peoplesphere.be\/fr\/pandemie-donne-lieu-a-recession-plus-grave-pres-dun-siecle-cooperation-internationale-seule-voie-sortir\/\"},\"author\":{\"name\":\"Jean-Paul Erhard\",\"@id\":\"https:\/\/peoplesphere.be\/fr\/#\/schema\/person\/7976225ff17988604334abb7b3536a7e\"},\"headline\":\"La pand\u00e9mie donne lieu \u00e0 la r\u00e9cession la plus grave depuis pr\u00e8s d&rsquo;un si\u00e8cle: la coop\u00e9ration internationale est la seule voie pour nous en sortir.\",\"datePublished\":\"2020-06-10T15:14:24+00:00\",\"dateModified\":\"2020-06-10T15:14:24+00:00\",\"mainEntityOfPage\":{\"@id\":\"https:\/\/peoplesphere.be\/fr\/pandemie-donne-lieu-a-recession-plus-grave-pres-dun-siecle-cooperation-internationale-seule-voie-sortir\/\"},\"wordCount\":1243,\"publisher\":{\"@id\":\"https:\/\/peoplesphere.be\/fr\/#organization\"},\"keywords\":[\"coronavirus\",\"OCDE\",\"reprise\",\"Sant\u00e9\",\"s\u00e9curit\u00e9 sociale\"],\"articleSection\":[\"Actualit\u00e9s\",\"Digital\"],\"inLanguage\":\"fr-FR\"},{\"@type\":\"WebPage\",\"@id\":\"https:\/\/peoplesphere.be\/fr\/pandemie-donne-lieu-a-recession-plus-grave-pres-dun-siecle-cooperation-internationale-seule-voie-sortir\/\",\"url\":\"https:\/\/peoplesphere.be\/fr\/pandemie-donne-lieu-a-recession-plus-grave-pres-dun-siecle-cooperation-internationale-seule-voie-sortir\/\",\"name\":\"La pand\u00e9mie donne lieu \u00e0 la r\u00e9cession la plus grave depuis pr\u00e8s d'un si\u00e8cle: la coop\u00e9ration internationale est la seule voie pour nous en sortir. - Peoplesphere\",\"isPartOf\":{\"@id\":\"https:\/\/peoplesphere.be\/fr\/#website\"},\"datePublished\":\"2020-06-10T15:14:24+00:00\",\"dateModified\":\"2020-06-10T15:14:24+00:00\",\"breadcrumb\":{\"@id\":\"https:\/\/peoplesphere.be\/fr\/pandemie-donne-lieu-a-recession-plus-grave-pres-dun-siecle-cooperation-internationale-seule-voie-sortir\/#breadcrumb\"},\"inLanguage\":\"fr-FR\",\"potentialAction\":[{\"@type\":\"ReadAction\",\"target\":[\"https:\/\/peoplesphere.be\/fr\/pandemie-donne-lieu-a-recession-plus-grave-pres-dun-siecle-cooperation-internationale-seule-voie-sortir\/\"]}]},{\"@type\":\"BreadcrumbList\",\"@id\":\"https:\/\/peoplesphere.be\/fr\/pandemie-donne-lieu-a-recession-plus-grave-pres-dun-siecle-cooperation-internationale-seule-voie-sortir\/#breadcrumb\",\"itemListElement\":[{\"@type\":\"ListItem\",\"position\":1,\"name\":\"Accueil\",\"item\":\"https:\/\/peoplesphere.be\/fr\/\"},{\"@type\":\"ListItem\",\"position\":2,\"name\":\"La pand\u00e9mie donne lieu \u00e0 la r\u00e9cession la plus grave depuis pr\u00e8s d&rsquo;un si\u00e8cle: la coop\u00e9ration internationale est la seule voie pour nous en sortir.\"}]},{\"@type\":\"WebSite\",\"@id\":\"https:\/\/peoplesphere.be\/fr\/#website\",\"url\":\"https:\/\/peoplesphere.be\/fr\/\",\"name\":\"Peoplesphere\",\"description\":\"The People Managers Magazine\",\"publisher\":{\"@id\":\"https:\/\/peoplesphere.be\/fr\/#organization\"},\"potentialAction\":[{\"@type\":\"SearchAction\",\"target\":{\"@type\":\"EntryPoint\",\"urlTemplate\":\"https:\/\/peoplesphere.be\/fr\/?s={search_term_string}\"},\"query-input\":\"required name=search_term_string\"}],\"inLanguage\":\"fr-FR\"},{\"@type\":\"Organization\",\"@id\":\"https:\/\/peoplesphere.be\/fr\/#organization\",\"name\":\"Peoplesphere Company srl\",\"url\":\"https:\/\/peoplesphere.be\/fr\/\",\"logo\":{\"@type\":\"ImageObject\",\"inLanguage\":\"fr-FR\",\"@id\":\"https:\/\/peoplesphere.be\/fr\/#\/schema\/logo\/image\/\",\"url\":\"https:\/\/peoplesphere.be\/fr\/wp-content\/uploads\/2023\/07\/peoplesphere-lgo-new-generik.jpg\",\"contentUrl\":\"https:\/\/peoplesphere.be\/fr\/wp-content\/uploads\/2023\/07\/peoplesphere-lgo-new-generik.jpg\",\"width\":1031,\"height\":1479,\"caption\":\"Peoplesphere Company srl\"},\"image\":{\"@id\":\"https:\/\/peoplesphere.be\/fr\/#\/schema\/logo\/image\/\"},\"sameAs\":[\"https:\/\/www.facebook.com\/peoplesphere\",\"https:\/\/twitter.com\/PeoplesphereMag\",\"https:\/\/www.linkedin.com\/company\/7587361?trk\",\"http:\/\/youtube.com\/peoplesphere\"]},{\"@type\":\"Person\",\"@id\":\"https:\/\/peoplesphere.be\/fr\/#\/schema\/person\/7976225ff17988604334abb7b3536a7e\",\"name\":\"Jean-Paul Erhard\",\"image\":{\"@type\":\"ImageObject\",\"inLanguage\":\"fr-FR\",\"@id\":\"https:\/\/peoplesphere.be\/fr\/#\/schema\/person\/image\/\",\"url\":\"https:\/\/secure.gravatar.com\/avatar\/f941e681460179738071629a51574930?s=96&d=mm&r=g\",\"contentUrl\":\"https:\/\/secure.gravatar.com\/avatar\/f941e681460179738071629a51574930?s=96&d=mm&r=g\",\"caption\":\"Jean-Paul Erhard\"},\"url\":\"https:\/\/peoplesphere.be\/fr\/author\/jpe\/\"}]}<\/script>\n<!-- \/ Yoast SEO plugin. -->","yoast_head_json":{"title":"La pand\u00e9mie donne lieu \u00e0 la r\u00e9cession la plus grave depuis pr\u00e8s d'un si\u00e8cle: la coop\u00e9ration internationale est la seule voie pour nous en sortir. - Peoplesphere","robots":{"index":"index","follow":"follow","max-snippet":"max-snippet:-1","max-image-preview":"max-image-preview:large","max-video-preview":"max-video-preview:-1"},"canonical":"https:\/\/peoplesphere.be\/fr\/pandemie-donne-lieu-a-recession-plus-grave-pres-dun-siecle-cooperation-internationale-seule-voie-sortir\/","og_locale":"fr_FR","og_type":"article","og_title":"La pand\u00e9mie donne lieu \u00e0 la r\u00e9cession la plus grave depuis pr\u00e8s d'un si\u00e8cle: la coop\u00e9ration internationale est la seule voie pour nous en sortir. - Peoplesphere","og_description":"La pand\u00e9mie de COVID-19 a provoqu\u00e9 la r\u00e9cession la plus grave jamais observ\u00e9e depuis pr\u00e8s d&rsquo;un si\u00e8cle et fait des ravages en termes de sant\u00e9, d\u2019emploi et de bien-\u00eatre des citoyens, selon la derni\u00e8re \u00e9dition des Perspectives \u00e9conomiques de l\u2019OCDE.\u00a0Alors [&hellip;]","og_url":"https:\/\/peoplesphere.be\/fr\/pandemie-donne-lieu-a-recession-plus-grave-pres-dun-siecle-cooperation-internationale-seule-voie-sortir\/","og_site_name":"Peoplesphere","article_publisher":"https:\/\/www.facebook.com\/peoplesphere","article_published_time":"2020-06-10T15:14:24+00:00","og_image":[{"url":"http:\/\/www.peoplesphere.be\/fr\/wp-content\/uploads\/2016\/07\/facebook-default-posting-1200x628px.jpg"}],"author":"Jean-Paul Erhard","twitter_card":"summary_large_image","twitter_creator":"@PeoplesphereMag","twitter_site":"@PeoplesphereMag","twitter_misc":{"\u00c9crit par":"Jean-Paul Erhard","Dur\u00e9e de lecture estim\u00e9e":"6 minutes"},"schema":{"@context":"https:\/\/schema.org","@graph":[{"@type":"Article","@id":"https:\/\/peoplesphere.be\/fr\/pandemie-donne-lieu-a-recession-plus-grave-pres-dun-siecle-cooperation-internationale-seule-voie-sortir\/#article","isPartOf":{"@id":"https:\/\/peoplesphere.be\/fr\/pandemie-donne-lieu-a-recession-plus-grave-pres-dun-siecle-cooperation-internationale-seule-voie-sortir\/"},"author":{"name":"Jean-Paul Erhard","@id":"https:\/\/peoplesphere.be\/fr\/#\/schema\/person\/7976225ff17988604334abb7b3536a7e"},"headline":"La pand\u00e9mie donne lieu \u00e0 la r\u00e9cession la plus grave depuis pr\u00e8s d&rsquo;un si\u00e8cle: la coop\u00e9ration internationale est la seule voie pour nous en sortir.","datePublished":"2020-06-10T15:14:24+00:00","dateModified":"2020-06-10T15:14:24+00:00","mainEntityOfPage":{"@id":"https:\/\/peoplesphere.be\/fr\/pandemie-donne-lieu-a-recession-plus-grave-pres-dun-siecle-cooperation-internationale-seule-voie-sortir\/"},"wordCount":1243,"publisher":{"@id":"https:\/\/peoplesphere.be\/fr\/#organization"},"keywords":["coronavirus","OCDE","reprise","Sant\u00e9","s\u00e9curit\u00e9 sociale"],"articleSection":["Actualit\u00e9s","Digital"],"inLanguage":"fr-FR"},{"@type":"WebPage","@id":"https:\/\/peoplesphere.be\/fr\/pandemie-donne-lieu-a-recession-plus-grave-pres-dun-siecle-cooperation-internationale-seule-voie-sortir\/","url":"https:\/\/peoplesphere.be\/fr\/pandemie-donne-lieu-a-recession-plus-grave-pres-dun-siecle-cooperation-internationale-seule-voie-sortir\/","name":"La pand\u00e9mie donne lieu \u00e0 la r\u00e9cession la plus grave depuis pr\u00e8s d'un si\u00e8cle: la coop\u00e9ration internationale est la seule voie pour nous en sortir. - Peoplesphere","isPartOf":{"@id":"https:\/\/peoplesphere.be\/fr\/#website"},"datePublished":"2020-06-10T15:14:24+00:00","dateModified":"2020-06-10T15:14:24+00:00","breadcrumb":{"@id":"https:\/\/peoplesphere.be\/fr\/pandemie-donne-lieu-a-recession-plus-grave-pres-dun-siecle-cooperation-internationale-seule-voie-sortir\/#breadcrumb"},"inLanguage":"fr-FR","potentialAction":[{"@type":"ReadAction","target":["https:\/\/peoplesphere.be\/fr\/pandemie-donne-lieu-a-recession-plus-grave-pres-dun-siecle-cooperation-internationale-seule-voie-sortir\/"]}]},{"@type":"BreadcrumbList","@id":"https:\/\/peoplesphere.be\/fr\/pandemie-donne-lieu-a-recession-plus-grave-pres-dun-siecle-cooperation-internationale-seule-voie-sortir\/#breadcrumb","itemListElement":[{"@type":"ListItem","position":1,"name":"Accueil","item":"https:\/\/peoplesphere.be\/fr\/"},{"@type":"ListItem","position":2,"name":"La pand\u00e9mie donne lieu \u00e0 la r\u00e9cession la plus grave depuis pr\u00e8s d&rsquo;un si\u00e8cle: la coop\u00e9ration internationale est la seule voie pour nous en sortir."}]},{"@type":"WebSite","@id":"https:\/\/peoplesphere.be\/fr\/#website","url":"https:\/\/peoplesphere.be\/fr\/","name":"Peoplesphere","description":"The People Managers Magazine","publisher":{"@id":"https:\/\/peoplesphere.be\/fr\/#organization"},"potentialAction":[{"@type":"SearchAction","target":{"@type":"EntryPoint","urlTemplate":"https:\/\/peoplesphere.be\/fr\/?s={search_term_string}"},"query-input":"required name=search_term_string"}],"inLanguage":"fr-FR"},{"@type":"Organization","@id":"https:\/\/peoplesphere.be\/fr\/#organization","name":"Peoplesphere Company srl","url":"https:\/\/peoplesphere.be\/fr\/","logo":{"@type":"ImageObject","inLanguage":"fr-FR","@id":"https:\/\/peoplesphere.be\/fr\/#\/schema\/logo\/image\/","url":"https:\/\/peoplesphere.be\/fr\/wp-content\/uploads\/2023\/07\/peoplesphere-lgo-new-generik.jpg","contentUrl":"https:\/\/peoplesphere.be\/fr\/wp-content\/uploads\/2023\/07\/peoplesphere-lgo-new-generik.jpg","width":1031,"height":1479,"caption":"Peoplesphere Company srl"},"image":{"@id":"https:\/\/peoplesphere.be\/fr\/#\/schema\/logo\/image\/"},"sameAs":["https:\/\/www.facebook.com\/peoplesphere","https:\/\/twitter.com\/PeoplesphereMag","https:\/\/www.linkedin.com\/company\/7587361?trk","http:\/\/youtube.com\/peoplesphere"]},{"@type":"Person","@id":"https:\/\/peoplesphere.be\/fr\/#\/schema\/person\/7976225ff17988604334abb7b3536a7e","name":"Jean-Paul Erhard","image":{"@type":"ImageObject","inLanguage":"fr-FR","@id":"https:\/\/peoplesphere.be\/fr\/#\/schema\/person\/image\/","url":"https:\/\/secure.gravatar.com\/avatar\/f941e681460179738071629a51574930?s=96&d=mm&r=g","contentUrl":"https:\/\/secure.gravatar.com\/avatar\/f941e681460179738071629a51574930?s=96&d=mm&r=g","caption":"Jean-Paul Erhard"},"url":"https:\/\/peoplesphere.be\/fr\/author\/jpe\/"}]}},"_links":{"self":[{"href":"https:\/\/peoplesphere.be\/fr\/wp-json\/wp\/v2\/posts\/9696"}],"collection":[{"href":"https:\/\/peoplesphere.be\/fr\/wp-json\/wp\/v2\/posts"}],"about":[{"href":"https:\/\/peoplesphere.be\/fr\/wp-json\/wp\/v2\/types\/post"}],"author":[{"embeddable":true,"href":"https:\/\/peoplesphere.be\/fr\/wp-json\/wp\/v2\/users\/2"}],"replies":[{"embeddable":true,"href":"https:\/\/peoplesphere.be\/fr\/wp-json\/wp\/v2\/comments?post=9696"}],"version-history":[{"count":1,"href":"https:\/\/peoplesphere.be\/fr\/wp-json\/wp\/v2\/posts\/9696\/revisions"}],"predecessor-version":[{"id":9697,"href":"https:\/\/peoplesphere.be\/fr\/wp-json\/wp\/v2\/posts\/9696\/revisions\/9697"}],"wp:attachment":[{"href":"https:\/\/peoplesphere.be\/fr\/wp-json\/wp\/v2\/media?parent=9696"}],"wp:term":[{"taxonomy":"category","embeddable":true,"href":"https:\/\/peoplesphere.be\/fr\/wp-json\/wp\/v2\/categories?post=9696"},{"taxonomy":"post_tag","embeddable":true,"href":"https:\/\/peoplesphere.be\/fr\/wp-json\/wp\/v2\/tags?post=9696"}],"curies":[{"name":"wp","href":"https:\/\/api.w.org\/{rel}","templated":true}]}}