









{"id":9702,"date":"2020-06-10T17:34:03","date_gmt":"2020-06-10T15:34:03","guid":{"rendered":"https:\/\/peoplesphere.be\/fr\/?p=9702"},"modified":"2020-06-10T17:34:03","modified_gmt":"2020-06-10T15:34:03","slug":"chomage-temporaire-corona-assimile-a-travail-vacances-annuelles-arrete-royal-surprenant","status":"publish","type":"post","link":"https:\/\/peoplesphere.be\/fr\/chomage-temporaire-corona-assimile-a-travail-vacances-annuelles-arrete-royal-surprenant\/","title":{"rendered":"Le ch\u00f4mage temporaire &lsquo;corona&rsquo; assimil\u00e9 \u00e0 du travail pour les vacances annuelles: un arr\u00eat\u00e9 royal surprenant."},"content":{"rendered":"<p>Un arr\u00eat\u00e9 royal publi\u00e9 au Moniteur ce vendredi 5 juin a sembl\u00e9 causer la stupeur aupr\u00e8s des partenaires sociaux. Pr\u00e8s de trois mois apr\u00e8s le d\u00e9but de la crise li\u00e9e au coronavirus, celui-ci pr\u00e9voit r\u00e9troactivement l\u2019assimilation des journ\u00e9es d&rsquo;inactivit\u00e9 aff\u00e9rentes aux situations de ch\u00f4mage temporaire pour force majeure \u00e0 des \u00ab jours de travail effectif normal \u00bb pour le calcul de la dur\u00e9e des vacances et des p\u00e9cules de vacances. <!--more--><\/p>\n<p>La FEB souligne que cet arr\u00eat\u00e9 surprend autant qu\u2019il f\u00e2che: <em>\u00ab\u00a0en premier lieu, il r\u00e9troagit au 1er f\u00e9vrier 2020, ce qui est un d\u00e9lai d\u00e9raisonnablement long. On s\u2019interroge vainement sur les raisons pour lesquels cet AR n\u2019a pu \u00eatre adopt\u00e9 dans un d\u00e9lai plus acceptable, compte tenu des cons\u00e9quences importantes sur le terrain.\u00a0<\/em><em>En outre, l\u2019AR n\u2019est accompagn\u00e9 d\u2019aucune mesure relative au financement de ces assimilations. Or, d\u00e8s qu\u2019ils ont dispos\u00e9 des premiers chiffres concernant l\u2019impact du COVID-19 sur l\u2019activit\u00e9 \u00e9conomique, les partenaires sociaux (employeurs et syndicats, ensemble) ont inform\u00e9 le gouvernement de la n\u00e9cessit\u00e9 de pr\u00e9voir un financement ad\u00e9quat de l\u2019augmentation exceptionnelle et sans pr\u00e9c\u00e9dent des co\u00fbts en mati\u00e8re de vacances annuelles li\u00e9s \u00e0 la crise des coronavirus. Ces mesures font d\u00e9faut actuellement, ce qui risque de mettre \u00e0 mal le r\u00e9gime et la reprise. Selon les premi\u00e8res estimations, on \u2018fleurterait\u2019 avec le demi-milliard EUR.\u00a0<\/em><em>Enfin, le texte fait fi de deux avis du Conseil d\u2019\u00c9tat, concernant la non-r\u00e9troactivit\u00e9 et le principe d\u2019\u00e9galit\u00e9.\u00a0\u00bb<\/em><\/p>\n<p>La FEB demande que le gouvernement s\u2019att\u00e8le d\u2019urgence \u00e0 ex\u00e9cuter le 2e volet de l\u2019accord conclu entre partenaires sociaux en mettant sur la table, si pas un financement ad\u00e9quat, des mesures de compensation. Il est urgent en effet de rassurer les employeurs et les travailleurs sur le (pr\u00e9)-financement et le paiement correct de l&rsquo;indemnit\u00e9 de vacances 2021.<\/p>\n<p><em>Source: FEB &#8211; Centre de comp\u00e9tence Emploi &amp; S\u00e9curit\u00e9 Sociale<\/em><\/p>\n","protected":false},"excerpt":{"rendered":"<p>Un arr\u00eat\u00e9 royal publi\u00e9 au Moniteur ce vendredi 5 juin a sembl\u00e9 causer la stupeur aupr\u00e8s des partenaires sociaux. Pr\u00e8s de trois mois apr\u00e8s le d\u00e9but de la crise li\u00e9e au coronavirus, celui-ci pr\u00e9voit r\u00e9troactivement l\u2019assimilation des journ\u00e9es d&rsquo;inactivit\u00e9 aff\u00e9rentes [&hellip;]<\/p>\n","protected":false},"author":2,"featured_media":0,"comment_status":"closed","ping_status":"open","sticky":false,"template":"","format":"standard","meta":[],"categories":[65,10],"tags":[1687,2947,3094],"yoast_head":"<!-- This site is optimized with the Yoast SEO plugin v21.0 - https:\/\/yoast.com\/wordpress\/plugins\/seo\/ -->\n<title>Le ch\u00f4mage temporaire &#039;corona&#039; assimil\u00e9 \u00e0 du travail pour les vacances annuelles: un arr\u00eat\u00e9 royal surprenant. - Peoplesphere<\/title>\n<meta name=\"robots\" content=\"index, follow, max-snippet:-1, max-image-preview:large, max-video-preview:-1\" \/>\n<link rel=\"canonical\" href=\"https:\/\/peoplesphere.be\/fr\/chomage-temporaire-corona-assimile-a-travail-vacances-annuelles-arrete-royal-surprenant\/\" \/>\n<meta property=\"og:locale\" content=\"fr_FR\" \/>\n<meta property=\"og:type\" content=\"article\" \/>\n<meta property=\"og:title\" content=\"Le ch\u00f4mage temporaire &#039;corona&#039; assimil\u00e9 \u00e0 du travail pour les vacances annuelles: un arr\u00eat\u00e9 royal surprenant. - Peoplesphere\" \/>\n<meta property=\"og:description\" content=\"Un arr\u00eat\u00e9 royal publi\u00e9 au Moniteur ce vendredi 5 juin a sembl\u00e9 causer la stupeur aupr\u00e8s des partenaires sociaux. Pr\u00e8s de trois mois apr\u00e8s le d\u00e9but de la crise li\u00e9e au coronavirus, celui-ci pr\u00e9voit r\u00e9troactivement l\u2019assimilation des journ\u00e9es d&rsquo;inactivit\u00e9 aff\u00e9rentes [&hellip;]\" \/>\n<meta property=\"og:url\" content=\"https:\/\/peoplesphere.be\/fr\/chomage-temporaire-corona-assimile-a-travail-vacances-annuelles-arrete-royal-surprenant\/\" \/>\n<meta property=\"og:site_name\" content=\"Peoplesphere\" \/>\n<meta property=\"article:publisher\" content=\"https:\/\/www.facebook.com\/peoplesphere\" \/>\n<meta property=\"article:published_time\" content=\"2020-06-10T15:34:03+00:00\" \/>\n<meta property=\"og:image\" content=\"http:\/\/www.peoplesphere.be\/fr\/wp-content\/uploads\/2016\/07\/facebook-default-posting-1200x628px.jpg\" \/>\n<meta name=\"author\" content=\"Jean-Paul Erhard\" \/>\n<meta name=\"twitter:card\" content=\"summary_large_image\" \/>\n<meta name=\"twitter:creator\" content=\"@PeoplesphereMag\" \/>\n<meta name=\"twitter:site\" content=\"@PeoplesphereMag\" \/>\n<meta name=\"twitter:label1\" content=\"\u00c9crit par\" \/>\n\t<meta name=\"twitter:data1\" content=\"Jean-Paul Erhard\" \/>\n\t<meta name=\"twitter:label2\" content=\"Dur\u00e9e de lecture estim\u00e9e\" \/>\n\t<meta name=\"twitter:data2\" content=\"2 minutes\" \/>\n<script type=\"application\/ld+json\" class=\"yoast-schema-graph\">{\"@context\":\"https:\/\/schema.org\",\"@graph\":[{\"@type\":\"Article\",\"@id\":\"https:\/\/peoplesphere.be\/fr\/chomage-temporaire-corona-assimile-a-travail-vacances-annuelles-arrete-royal-surprenant\/#article\",\"isPartOf\":{\"@id\":\"https:\/\/peoplesphere.be\/fr\/chomage-temporaire-corona-assimile-a-travail-vacances-annuelles-arrete-royal-surprenant\/\"},\"author\":{\"name\":\"Jean-Paul Erhard\",\"@id\":\"https:\/\/peoplesphere.be\/fr\/#\/schema\/person\/7976225ff17988604334abb7b3536a7e\"},\"headline\":\"Le ch\u00f4mage temporaire &lsquo;corona&rsquo; assimil\u00e9 \u00e0 du travail pour les vacances annuelles: un arr\u00eat\u00e9 royal surprenant.\",\"datePublished\":\"2020-06-10T15:34:03+00:00\",\"dateModified\":\"2020-06-10T15:34:03+00:00\",\"mainEntityOfPage\":{\"@id\":\"https:\/\/peoplesphere.be\/fr\/chomage-temporaire-corona-assimile-a-travail-vacances-annuelles-arrete-royal-surprenant\/\"},\"wordCount\":365,\"publisher\":{\"@id\":\"https:\/\/peoplesphere.be\/fr\/#organization\"},\"keywords\":[\"arr\u00eat\u00e9 royal\",\"coronavirus\",\"indemnit\u00e9 de vacances\"],\"articleSection\":[\"Actualit\u00e9s\",\"Digital\"],\"inLanguage\":\"fr-FR\"},{\"@type\":\"WebPage\",\"@id\":\"https:\/\/peoplesphere.be\/fr\/chomage-temporaire-corona-assimile-a-travail-vacances-annuelles-arrete-royal-surprenant\/\",\"url\":\"https:\/\/peoplesphere.be\/fr\/chomage-temporaire-corona-assimile-a-travail-vacances-annuelles-arrete-royal-surprenant\/\",\"name\":\"Le ch\u00f4mage temporaire 'corona' assimil\u00e9 \u00e0 du travail pour les vacances annuelles: un arr\u00eat\u00e9 royal surprenant. - Peoplesphere\",\"isPartOf\":{\"@id\":\"https:\/\/peoplesphere.be\/fr\/#website\"},\"datePublished\":\"2020-06-10T15:34:03+00:00\",\"dateModified\":\"2020-06-10T15:34:03+00:00\",\"breadcrumb\":{\"@id\":\"https:\/\/peoplesphere.be\/fr\/chomage-temporaire-corona-assimile-a-travail-vacances-annuelles-arrete-royal-surprenant\/#breadcrumb\"},\"inLanguage\":\"fr-FR\",\"potentialAction\":[{\"@type\":\"ReadAction\",\"target\":[\"https:\/\/peoplesphere.be\/fr\/chomage-temporaire-corona-assimile-a-travail-vacances-annuelles-arrete-royal-surprenant\/\"]}]},{\"@type\":\"BreadcrumbList\",\"@id\":\"https:\/\/peoplesphere.be\/fr\/chomage-temporaire-corona-assimile-a-travail-vacances-annuelles-arrete-royal-surprenant\/#breadcrumb\",\"itemListElement\":[{\"@type\":\"ListItem\",\"position\":1,\"name\":\"Accueil\",\"item\":\"https:\/\/peoplesphere.be\/fr\/\"},{\"@type\":\"ListItem\",\"position\":2,\"name\":\"Le ch\u00f4mage temporaire &lsquo;corona&rsquo; assimil\u00e9 \u00e0 du travail pour les vacances annuelles: un arr\u00eat\u00e9 royal surprenant.\"}]},{\"@type\":\"WebSite\",\"@id\":\"https:\/\/peoplesphere.be\/fr\/#website\",\"url\":\"https:\/\/peoplesphere.be\/fr\/\",\"name\":\"Peoplesphere\",\"description\":\"The People Managers Magazine\",\"publisher\":{\"@id\":\"https:\/\/peoplesphere.be\/fr\/#organization\"},\"potentialAction\":[{\"@type\":\"SearchAction\",\"target\":{\"@type\":\"EntryPoint\",\"urlTemplate\":\"https:\/\/peoplesphere.be\/fr\/?s={search_term_string}\"},\"query-input\":\"required name=search_term_string\"}],\"inLanguage\":\"fr-FR\"},{\"@type\":\"Organization\",\"@id\":\"https:\/\/peoplesphere.be\/fr\/#organization\",\"name\":\"Peoplesphere Company srl\",\"url\":\"https:\/\/peoplesphere.be\/fr\/\",\"logo\":{\"@type\":\"ImageObject\",\"inLanguage\":\"fr-FR\",\"@id\":\"https:\/\/peoplesphere.be\/fr\/#\/schema\/logo\/image\/\",\"url\":\"https:\/\/peoplesphere.be\/fr\/wp-content\/uploads\/2023\/07\/peoplesphere-lgo-new-generik.jpg\",\"contentUrl\":\"https:\/\/peoplesphere.be\/fr\/wp-content\/uploads\/2023\/07\/peoplesphere-lgo-new-generik.jpg\",\"width\":1031,\"height\":1479,\"caption\":\"Peoplesphere Company srl\"},\"image\":{\"@id\":\"https:\/\/peoplesphere.be\/fr\/#\/schema\/logo\/image\/\"},\"sameAs\":[\"https:\/\/www.facebook.com\/peoplesphere\",\"https:\/\/twitter.com\/PeoplesphereMag\",\"https:\/\/www.linkedin.com\/company\/7587361?trk\",\"http:\/\/youtube.com\/peoplesphere\"]},{\"@type\":\"Person\",\"@id\":\"https:\/\/peoplesphere.be\/fr\/#\/schema\/person\/7976225ff17988604334abb7b3536a7e\",\"name\":\"Jean-Paul Erhard\",\"image\":{\"@type\":\"ImageObject\",\"inLanguage\":\"fr-FR\",\"@id\":\"https:\/\/peoplesphere.be\/fr\/#\/schema\/person\/image\/\",\"url\":\"https:\/\/secure.gravatar.com\/avatar\/f941e681460179738071629a51574930?s=96&d=mm&r=g\",\"contentUrl\":\"https:\/\/secure.gravatar.com\/avatar\/f941e681460179738071629a51574930?s=96&d=mm&r=g\",\"caption\":\"Jean-Paul Erhard\"},\"url\":\"https:\/\/peoplesphere.be\/fr\/author\/jpe\/\"}]}<\/script>\n<!-- \/ Yoast SEO plugin. -->","yoast_head_json":{"title":"Le ch\u00f4mage temporaire 'corona' assimil\u00e9 \u00e0 du travail pour les vacances annuelles: un arr\u00eat\u00e9 royal surprenant. - Peoplesphere","robots":{"index":"index","follow":"follow","max-snippet":"max-snippet:-1","max-image-preview":"max-image-preview:large","max-video-preview":"max-video-preview:-1"},"canonical":"https:\/\/peoplesphere.be\/fr\/chomage-temporaire-corona-assimile-a-travail-vacances-annuelles-arrete-royal-surprenant\/","og_locale":"fr_FR","og_type":"article","og_title":"Le ch\u00f4mage temporaire 'corona' assimil\u00e9 \u00e0 du travail pour les vacances annuelles: un arr\u00eat\u00e9 royal surprenant. - Peoplesphere","og_description":"Un arr\u00eat\u00e9 royal publi\u00e9 au Moniteur ce vendredi 5 juin a sembl\u00e9 causer la stupeur aupr\u00e8s des partenaires sociaux. Pr\u00e8s de trois mois apr\u00e8s le d\u00e9but de la crise li\u00e9e au coronavirus, celui-ci pr\u00e9voit r\u00e9troactivement l\u2019assimilation des journ\u00e9es d&rsquo;inactivit\u00e9 aff\u00e9rentes [&hellip;]","og_url":"https:\/\/peoplesphere.be\/fr\/chomage-temporaire-corona-assimile-a-travail-vacances-annuelles-arrete-royal-surprenant\/","og_site_name":"Peoplesphere","article_publisher":"https:\/\/www.facebook.com\/peoplesphere","article_published_time":"2020-06-10T15:34:03+00:00","og_image":[{"url":"http:\/\/www.peoplesphere.be\/fr\/wp-content\/uploads\/2016\/07\/facebook-default-posting-1200x628px.jpg"}],"author":"Jean-Paul Erhard","twitter_card":"summary_large_image","twitter_creator":"@PeoplesphereMag","twitter_site":"@PeoplesphereMag","twitter_misc":{"\u00c9crit par":"Jean-Paul Erhard","Dur\u00e9e de lecture estim\u00e9e":"2 minutes"},"schema":{"@context":"https:\/\/schema.org","@graph":[{"@type":"Article","@id":"https:\/\/peoplesphere.be\/fr\/chomage-temporaire-corona-assimile-a-travail-vacances-annuelles-arrete-royal-surprenant\/#article","isPartOf":{"@id":"https:\/\/peoplesphere.be\/fr\/chomage-temporaire-corona-assimile-a-travail-vacances-annuelles-arrete-royal-surprenant\/"},"author":{"name":"Jean-Paul Erhard","@id":"https:\/\/peoplesphere.be\/fr\/#\/schema\/person\/7976225ff17988604334abb7b3536a7e"},"headline":"Le ch\u00f4mage temporaire &lsquo;corona&rsquo; assimil\u00e9 \u00e0 du travail pour les vacances annuelles: un arr\u00eat\u00e9 royal surprenant.","datePublished":"2020-06-10T15:34:03+00:00","dateModified":"2020-06-10T15:34:03+00:00","mainEntityOfPage":{"@id":"https:\/\/peoplesphere.be\/fr\/chomage-temporaire-corona-assimile-a-travail-vacances-annuelles-arrete-royal-surprenant\/"},"wordCount":365,"publisher":{"@id":"https:\/\/peoplesphere.be\/fr\/#organization"},"keywords":["arr\u00eat\u00e9 royal","coronavirus","indemnit\u00e9 de vacances"],"articleSection":["Actualit\u00e9s","Digital"],"inLanguage":"fr-FR"},{"@type":"WebPage","@id":"https:\/\/peoplesphere.be\/fr\/chomage-temporaire-corona-assimile-a-travail-vacances-annuelles-arrete-royal-surprenant\/","url":"https:\/\/peoplesphere.be\/fr\/chomage-temporaire-corona-assimile-a-travail-vacances-annuelles-arrete-royal-surprenant\/","name":"Le ch\u00f4mage temporaire 'corona' assimil\u00e9 \u00e0 du travail pour les vacances annuelles: un arr\u00eat\u00e9 royal surprenant. - Peoplesphere","isPartOf":{"@id":"https:\/\/peoplesphere.be\/fr\/#website"},"datePublished":"2020-06-10T15:34:03+00:00","dateModified":"2020-06-10T15:34:03+00:00","breadcrumb":{"@id":"https:\/\/peoplesphere.be\/fr\/chomage-temporaire-corona-assimile-a-travail-vacances-annuelles-arrete-royal-surprenant\/#breadcrumb"},"inLanguage":"fr-FR","potentialAction":[{"@type":"ReadAction","target":["https:\/\/peoplesphere.be\/fr\/chomage-temporaire-corona-assimile-a-travail-vacances-annuelles-arrete-royal-surprenant\/"]}]},{"@type":"BreadcrumbList","@id":"https:\/\/peoplesphere.be\/fr\/chomage-temporaire-corona-assimile-a-travail-vacances-annuelles-arrete-royal-surprenant\/#breadcrumb","itemListElement":[{"@type":"ListItem","position":1,"name":"Accueil","item":"https:\/\/peoplesphere.be\/fr\/"},{"@type":"ListItem","position":2,"name":"Le ch\u00f4mage temporaire &lsquo;corona&rsquo; assimil\u00e9 \u00e0 du travail pour les vacances annuelles: un arr\u00eat\u00e9 royal surprenant."}]},{"@type":"WebSite","@id":"https:\/\/peoplesphere.be\/fr\/#website","url":"https:\/\/peoplesphere.be\/fr\/","name":"Peoplesphere","description":"The People Managers Magazine","publisher":{"@id":"https:\/\/peoplesphere.be\/fr\/#organization"},"potentialAction":[{"@type":"SearchAction","target":{"@type":"EntryPoint","urlTemplate":"https:\/\/peoplesphere.be\/fr\/?s={search_term_string}"},"query-input":"required name=search_term_string"}],"inLanguage":"fr-FR"},{"@type":"Organization","@id":"https:\/\/peoplesphere.be\/fr\/#organization","name":"Peoplesphere Company srl","url":"https:\/\/peoplesphere.be\/fr\/","logo":{"@type":"ImageObject","inLanguage":"fr-FR","@id":"https:\/\/peoplesphere.be\/fr\/#\/schema\/logo\/image\/","url":"https:\/\/peoplesphere.be\/fr\/wp-content\/uploads\/2023\/07\/peoplesphere-lgo-new-generik.jpg","contentUrl":"https:\/\/peoplesphere.be\/fr\/wp-content\/uploads\/2023\/07\/peoplesphere-lgo-new-generik.jpg","width":1031,"height":1479,"caption":"Peoplesphere Company srl"},"image":{"@id":"https:\/\/peoplesphere.be\/fr\/#\/schema\/logo\/image\/"},"sameAs":["https:\/\/www.facebook.com\/peoplesphere","https:\/\/twitter.com\/PeoplesphereMag","https:\/\/www.linkedin.com\/company\/7587361?trk","http:\/\/youtube.com\/peoplesphere"]},{"@type":"Person","@id":"https:\/\/peoplesphere.be\/fr\/#\/schema\/person\/7976225ff17988604334abb7b3536a7e","name":"Jean-Paul Erhard","image":{"@type":"ImageObject","inLanguage":"fr-FR","@id":"https:\/\/peoplesphere.be\/fr\/#\/schema\/person\/image\/","url":"https:\/\/secure.gravatar.com\/avatar\/f941e681460179738071629a51574930?s=96&d=mm&r=g","contentUrl":"https:\/\/secure.gravatar.com\/avatar\/f941e681460179738071629a51574930?s=96&d=mm&r=g","caption":"Jean-Paul Erhard"},"url":"https:\/\/peoplesphere.be\/fr\/author\/jpe\/"}]}},"_links":{"self":[{"href":"https:\/\/peoplesphere.be\/fr\/wp-json\/wp\/v2\/posts\/9702"}],"collection":[{"href":"https:\/\/peoplesphere.be\/fr\/wp-json\/wp\/v2\/posts"}],"about":[{"href":"https:\/\/peoplesphere.be\/fr\/wp-json\/wp\/v2\/types\/post"}],"author":[{"embeddable":true,"href":"https:\/\/peoplesphere.be\/fr\/wp-json\/wp\/v2\/users\/2"}],"replies":[{"embeddable":true,"href":"https:\/\/peoplesphere.be\/fr\/wp-json\/wp\/v2\/comments?post=9702"}],"version-history":[{"count":1,"href":"https:\/\/peoplesphere.be\/fr\/wp-json\/wp\/v2\/posts\/9702\/revisions"}],"predecessor-version":[{"id":9703,"href":"https:\/\/peoplesphere.be\/fr\/wp-json\/wp\/v2\/posts\/9702\/revisions\/9703"}],"wp:attachment":[{"href":"https:\/\/peoplesphere.be\/fr\/wp-json\/wp\/v2\/media?parent=9702"}],"wp:term":[{"taxonomy":"category","embeddable":true,"href":"https:\/\/peoplesphere.be\/fr\/wp-json\/wp\/v2\/categories?post=9702"},{"taxonomy":"post_tag","embeddable":true,"href":"https:\/\/peoplesphere.be\/fr\/wp-json\/wp\/v2\/tags?post=9702"}],"curies":[{"name":"wp","href":"https:\/\/api.w.org\/{rel}","templated":true}]}}