









{"id":9721,"date":"2020-06-12T08:05:34","date_gmt":"2020-06-12T06:05:34","guid":{"rendered":"https:\/\/peoplesphere.be\/fr\/?p=9721"},"modified":"2020-06-12T14:36:30","modified_gmt":"2020-06-12T12:36:30","slug":"jusqua-present-prolongation-chomage-temporaire-a-permis-deviter-licenciements","status":"publish","type":"post","link":"https:\/\/peoplesphere.be\/fr\/jusqua-present-prolongation-chomage-temporaire-a-permis-deviter-licenciements\/","title":{"rendered":"Jusqu&rsquo;\u00e0 pr\u00e9sent, la prolongation du ch\u00f4mage temporaire a permis d&rsquo;\u00e9viter les licenciements."},"content":{"rendered":"<p>En plein lockdown, il y a eu, sur notre march\u00e9 du travail belge, 15% de licenciements en moins qu\u2019avant le d\u00e9clenchement du corona. De plus l\u2019initiative du d\u00e9part venait plus souvent du travailleur que de l\u2019employeur. La diminution des fins de contrats est surtout due \u00e0 l\u2019introduction du syst\u00e8me de ch\u00f4mage temporaire, qui offre un peu de r\u00e9pit aux entreprises en difficult\u00e9. Le week-end dernier, le superkern a d\u00e9cid\u00e9 de prolonger ce syst\u00e8me jusqu\u2019au 31 ao\u00fbt 2020. Une bonne chose, d\u2019apr\u00e8s l\u2019analyse d\u2019Acerta.<!--more--><\/p>\n<p>Moins de contrats \u00e0 dur\u00e9e ind\u00e9termin\u00e9e ont \u00e9t\u00e9 r\u00e9sili\u00e9s en pleine p\u00e9riode de coronavirus qu\u2019\u00e0 la m\u00eame p\u00e9riode des autres ann\u00e9es. En avril, il y en avait 15,6 % de moins qu\u2019au m\u00eame mois de l\u2019ann\u00e9e derni\u00e8re\u2009; en mars, il y avait d\u00e9j\u00e0 une diminution de 12,5 %. Au mois de f\u00e9vrier, avant la p\u00e9riode de coronavirus, il y avait d\u00e9j\u00e0 moins de licenciements qu\u2019en 2019, mais c\u2019\u00e9tait sans aucun doute surtout la cons\u00e9quence du fait que nous \u00e9tions dans la p\u00e9riode occulte avant les \u00e9lections sociales. En mai 2020, il s\u2019agit d\u2019une diminution de 12,7% par rapport \u00e0 mai 2019. Cette diminution est moins prononc\u00e9e que celle d\u2019avril en regard de l\u2019ann\u00e9e pr\u00e9c\u00e9dente.<\/p>\n<p><strong><em>Le ch\u00f4mage temporaire ne constitue pas la seule solution pour \u00e9viter les licenciements<\/em><\/strong><\/p>\n<p>Olivier Marcq, juriste chez Acerta, d\u00e9clare : \u00ab\u00a0<em>Le r\u00e9gime de ch\u00f4mage temporaire, qui a donc \u00e0 nouveau \u00e9t\u00e9 prolong\u00e9, est une mani\u00e8re pour les employeurs d\u2019adapter rapidement l\u2019offre de travail \u00e0 la situation et de r\u00e9duire temporairement les frais salariaux au c\u0153ur de la crise. Cette solution leur donne du r\u00e9pit. Nous remarquons aux questions qui nous sont adress\u00e9es que les employeurs commencent \u00e0 regarder de l\u2019avant et \u00e0 faire le point. Puisqu\u2019ils croient que la tendance va s\u2019inverser et qu\u2019ils auront rapidement de nouveau besoin de leurs talents, ils essaient dans un premier temps d\u2019\u00e9viter les licenciements. Outre le ch\u00f4mage temporaire, ils cherchent \u00e9galement d\u2019autres moyens d\u2019\u00e9conomiser des frais pour surmonter la crise. Ils adh\u00e8rent au cong\u00e9 parental Corona. Ils envisagent l\u2019option de r\u00e9duire le temps de travail hebdomadaire. Ils \u00e9tudient la possibilit\u00e9 de partager des travailleurs, dans un syst\u00e8me d\u2019employeurs multiples. Ils cherchent des moyens de conserver leur personnel, mais en suspendant le co\u00fbt.\u00a0\u00bb<\/em><\/p>\n<p><strong><em>La rupture de contrat, principalement l\u2019initiative du travailleur<\/em><\/strong><\/p>\n<p>Les vagues de licenciements li\u00e9s au coronavirus de ces derni\u00e8res semaines peuvent donner l\u2019impression que la crise a d\u00e9j\u00e0 co\u00fbt\u00e9 beaucoup d\u2019emplois, mais les chiffres ne le confirment pas pour l\u2019instant. Les chiffres des ruptures de contrats \u00e0 dur\u00e9e ind\u00e9termin\u00e9e montrent donc surtout une attitude attentiste. Il n\u2019est pas non plus vrai que l\u2019initiative de rupture viendrait soudainement plus des employeurs que des employ\u00e9s. En mai, 24,8 % des ruptures de contrat \u00e9taient encore \u00e0 l\u2019initiative du travailleur, et 31,4 % se faisaient d\u2019un commun accord, l\u2019initiative revenant souvent aussi au travailleur. Pour 29 % des ruptures de contrats, il s\u2019agissait d\u2019une d\u00e9cision de l\u2019employeur.<\/p>\n<p><em>\u00ab\u00a0Le coronavirus a in\u00e9vitablement un impact sur les contrats entre employeurs et travailleurs. Toutefois, il n\u2019est pas vrai que les employeurs essaieraient de pousser \u00e0 la rupture du contrat. Ils pr\u00e9f\u00e8rent d\u2019abord utiliser les autres solutions existantes, c\u2019est pourquoi la prolongation du syst\u00e8me de ch\u00f4mage temporaire sera la bienvenue. Puisqu\u2019il y aura un apr\u00e8s-coronavirus, moment o\u00f9 les entreprises se retrouveront dans une situation o\u00f9 elles auront \u00e0 nouveau besoin de plus de personnel et o\u00f9 la p\u00e9nurie sur le march\u00e9 du travail redeviendra une pr\u00e9occupation. Il sera alors bon de pouvoir s\u2019adresser la t\u00eate haute aux travailleurs qui ont \u00e9t\u00e9 mis de c\u00f4t\u00e9. Ce qui est typique des licenciements li\u00e9s au coronavirus, c\u2019est que les deux parties avaient esp\u00e9r\u00e9 qu\u2019il ne faudrait pas en arriver l\u00e0.\u00a0\u00bb<\/em><\/p>\n<p>&nbsp;<\/p>\n<p><em>Source: Acerta &#8211; L\u2019analyse est bas\u00e9e sur les travailleurs ayant un contrat \u00e0 dur\u00e9e ind\u00e9termin\u00e9e d\u2019un \u00e9chantillon repr\u00e9sentatif de plus de 32.000 employeurs du secteur priv\u00e9.<\/em><\/p>\n","protected":false},"excerpt":{"rendered":"<p>En plein lockdown, il y a eu, sur notre march\u00e9 du travail belge, 15% de licenciements en moins qu\u2019avant le d\u00e9clenchement du corona. De plus l\u2019initiative du d\u00e9part venait plus souvent du travailleur que de l\u2019employeur. La diminution des fins [&hellip;]<\/p>\n","protected":false},"author":2,"featured_media":0,"comment_status":"closed","ping_status":"open","sticky":false,"template":"","format":"standard","meta":[],"categories":[65,10],"tags":[271,714,2947,514,1148],"yoast_head":"<!-- This site is optimized with the Yoast SEO plugin v21.0 - https:\/\/yoast.com\/wordpress\/plugins\/seo\/ -->\n<title>Jusqu&#039;\u00e0 pr\u00e9sent, la prolongation du ch\u00f4mage temporaire a permis d&#039;\u00e9viter les licenciements. - Peoplesphere<\/title>\n<meta name=\"robots\" content=\"index, follow, max-snippet:-1, max-image-preview:large, max-video-preview:-1\" \/>\n<link rel=\"canonical\" href=\"https:\/\/peoplesphere.be\/fr\/jusqua-present-prolongation-chomage-temporaire-a-permis-deviter-licenciements\/\" \/>\n<meta property=\"og:locale\" content=\"fr_FR\" \/>\n<meta property=\"og:type\" content=\"article\" \/>\n<meta property=\"og:title\" content=\"Jusqu&#039;\u00e0 pr\u00e9sent, la prolongation du ch\u00f4mage temporaire a permis d&#039;\u00e9viter les licenciements. - Peoplesphere\" \/>\n<meta property=\"og:description\" content=\"En plein lockdown, il y a eu, sur notre march\u00e9 du travail belge, 15% de licenciements en moins qu\u2019avant le d\u00e9clenchement du corona. De plus l\u2019initiative du d\u00e9part venait plus souvent du travailleur que de l\u2019employeur. La diminution des fins [&hellip;]\" \/>\n<meta property=\"og:url\" content=\"https:\/\/peoplesphere.be\/fr\/jusqua-present-prolongation-chomage-temporaire-a-permis-deviter-licenciements\/\" \/>\n<meta property=\"og:site_name\" content=\"Peoplesphere\" \/>\n<meta property=\"article:publisher\" content=\"https:\/\/www.facebook.com\/peoplesphere\" \/>\n<meta property=\"article:published_time\" content=\"2020-06-12T06:05:34+00:00\" \/>\n<meta property=\"article:modified_time\" content=\"2020-06-12T12:36:30+00:00\" \/>\n<meta property=\"og:image\" content=\"http:\/\/www.peoplesphere.be\/fr\/wp-content\/uploads\/2016\/07\/facebook-default-posting-1200x628px.jpg\" \/>\n<meta name=\"author\" content=\"Jean-Paul Erhard\" \/>\n<meta name=\"twitter:card\" content=\"summary_large_image\" \/>\n<meta name=\"twitter:creator\" content=\"@PeoplesphereMag\" \/>\n<meta name=\"twitter:site\" content=\"@PeoplesphereMag\" \/>\n<meta name=\"twitter:label1\" content=\"\u00c9crit par\" \/>\n\t<meta name=\"twitter:data1\" content=\"Jean-Paul Erhard\" \/>\n\t<meta name=\"twitter:label2\" content=\"Dur\u00e9e de lecture estim\u00e9e\" \/>\n\t<meta name=\"twitter:data2\" content=\"4 minutes\" \/>\n<script type=\"application\/ld+json\" class=\"yoast-schema-graph\">{\"@context\":\"https:\/\/schema.org\",\"@graph\":[{\"@type\":\"Article\",\"@id\":\"https:\/\/peoplesphere.be\/fr\/jusqua-present-prolongation-chomage-temporaire-a-permis-deviter-licenciements\/#article\",\"isPartOf\":{\"@id\":\"https:\/\/peoplesphere.be\/fr\/jusqua-present-prolongation-chomage-temporaire-a-permis-deviter-licenciements\/\"},\"author\":{\"name\":\"Jean-Paul Erhard\",\"@id\":\"https:\/\/peoplesphere.be\/fr\/#\/schema\/person\/7976225ff17988604334abb7b3536a7e\"},\"headline\":\"Jusqu&rsquo;\u00e0 pr\u00e9sent, la prolongation du ch\u00f4mage temporaire a permis d&rsquo;\u00e9viter les licenciements.\",\"datePublished\":\"2020-06-12T06:05:34+00:00\",\"dateModified\":\"2020-06-12T12:36:30+00:00\",\"mainEntityOfPage\":{\"@id\":\"https:\/\/peoplesphere.be\/fr\/jusqua-present-prolongation-chomage-temporaire-a-permis-deviter-licenciements\/\"},\"wordCount\":735,\"publisher\":{\"@id\":\"https:\/\/peoplesphere.be\/fr\/#organization\"},\"keywords\":[\"acerta\",\"ch\u00f4mage temporaire\",\"coronavirus\",\"licenciements\",\"rupture de contrat\"],\"articleSection\":[\"Actualit\u00e9s\",\"Digital\"],\"inLanguage\":\"fr-FR\"},{\"@type\":\"WebPage\",\"@id\":\"https:\/\/peoplesphere.be\/fr\/jusqua-present-prolongation-chomage-temporaire-a-permis-deviter-licenciements\/\",\"url\":\"https:\/\/peoplesphere.be\/fr\/jusqua-present-prolongation-chomage-temporaire-a-permis-deviter-licenciements\/\",\"name\":\"Jusqu'\u00e0 pr\u00e9sent, la prolongation du ch\u00f4mage temporaire a permis d'\u00e9viter les licenciements. - Peoplesphere\",\"isPartOf\":{\"@id\":\"https:\/\/peoplesphere.be\/fr\/#website\"},\"datePublished\":\"2020-06-12T06:05:34+00:00\",\"dateModified\":\"2020-06-12T12:36:30+00:00\",\"breadcrumb\":{\"@id\":\"https:\/\/peoplesphere.be\/fr\/jusqua-present-prolongation-chomage-temporaire-a-permis-deviter-licenciements\/#breadcrumb\"},\"inLanguage\":\"fr-FR\",\"potentialAction\":[{\"@type\":\"ReadAction\",\"target\":[\"https:\/\/peoplesphere.be\/fr\/jusqua-present-prolongation-chomage-temporaire-a-permis-deviter-licenciements\/\"]}]},{\"@type\":\"BreadcrumbList\",\"@id\":\"https:\/\/peoplesphere.be\/fr\/jusqua-present-prolongation-chomage-temporaire-a-permis-deviter-licenciements\/#breadcrumb\",\"itemListElement\":[{\"@type\":\"ListItem\",\"position\":1,\"name\":\"Accueil\",\"item\":\"https:\/\/peoplesphere.be\/fr\/\"},{\"@type\":\"ListItem\",\"position\":2,\"name\":\"Jusqu&rsquo;\u00e0 pr\u00e9sent, la prolongation du ch\u00f4mage temporaire a permis d&rsquo;\u00e9viter les licenciements.\"}]},{\"@type\":\"WebSite\",\"@id\":\"https:\/\/peoplesphere.be\/fr\/#website\",\"url\":\"https:\/\/peoplesphere.be\/fr\/\",\"name\":\"Peoplesphere\",\"description\":\"The People Managers Magazine\",\"publisher\":{\"@id\":\"https:\/\/peoplesphere.be\/fr\/#organization\"},\"potentialAction\":[{\"@type\":\"SearchAction\",\"target\":{\"@type\":\"EntryPoint\",\"urlTemplate\":\"https:\/\/peoplesphere.be\/fr\/?s={search_term_string}\"},\"query-input\":\"required name=search_term_string\"}],\"inLanguage\":\"fr-FR\"},{\"@type\":\"Organization\",\"@id\":\"https:\/\/peoplesphere.be\/fr\/#organization\",\"name\":\"Peoplesphere Company srl\",\"url\":\"https:\/\/peoplesphere.be\/fr\/\",\"logo\":{\"@type\":\"ImageObject\",\"inLanguage\":\"fr-FR\",\"@id\":\"https:\/\/peoplesphere.be\/fr\/#\/schema\/logo\/image\/\",\"url\":\"https:\/\/peoplesphere.be\/fr\/wp-content\/uploads\/2023\/07\/peoplesphere-lgo-new-generik.jpg\",\"contentUrl\":\"https:\/\/peoplesphere.be\/fr\/wp-content\/uploads\/2023\/07\/peoplesphere-lgo-new-generik.jpg\",\"width\":1031,\"height\":1479,\"caption\":\"Peoplesphere Company srl\"},\"image\":{\"@id\":\"https:\/\/peoplesphere.be\/fr\/#\/schema\/logo\/image\/\"},\"sameAs\":[\"https:\/\/www.facebook.com\/peoplesphere\",\"https:\/\/twitter.com\/PeoplesphereMag\",\"https:\/\/www.linkedin.com\/company\/7587361?trk\",\"http:\/\/youtube.com\/peoplesphere\"]},{\"@type\":\"Person\",\"@id\":\"https:\/\/peoplesphere.be\/fr\/#\/schema\/person\/7976225ff17988604334abb7b3536a7e\",\"name\":\"Jean-Paul Erhard\",\"image\":{\"@type\":\"ImageObject\",\"inLanguage\":\"fr-FR\",\"@id\":\"https:\/\/peoplesphere.be\/fr\/#\/schema\/person\/image\/\",\"url\":\"https:\/\/secure.gravatar.com\/avatar\/f941e681460179738071629a51574930?s=96&d=mm&r=g\",\"contentUrl\":\"https:\/\/secure.gravatar.com\/avatar\/f941e681460179738071629a51574930?s=96&d=mm&r=g\",\"caption\":\"Jean-Paul Erhard\"},\"url\":\"https:\/\/peoplesphere.be\/fr\/author\/jpe\/\"}]}<\/script>\n<!-- \/ Yoast SEO plugin. -->","yoast_head_json":{"title":"Jusqu'\u00e0 pr\u00e9sent, la prolongation du ch\u00f4mage temporaire a permis d'\u00e9viter les licenciements. - Peoplesphere","robots":{"index":"index","follow":"follow","max-snippet":"max-snippet:-1","max-image-preview":"max-image-preview:large","max-video-preview":"max-video-preview:-1"},"canonical":"https:\/\/peoplesphere.be\/fr\/jusqua-present-prolongation-chomage-temporaire-a-permis-deviter-licenciements\/","og_locale":"fr_FR","og_type":"article","og_title":"Jusqu'\u00e0 pr\u00e9sent, la prolongation du ch\u00f4mage temporaire a permis d'\u00e9viter les licenciements. - Peoplesphere","og_description":"En plein lockdown, il y a eu, sur notre march\u00e9 du travail belge, 15% de licenciements en moins qu\u2019avant le d\u00e9clenchement du corona. De plus l\u2019initiative du d\u00e9part venait plus souvent du travailleur que de l\u2019employeur. La diminution des fins [&hellip;]","og_url":"https:\/\/peoplesphere.be\/fr\/jusqua-present-prolongation-chomage-temporaire-a-permis-deviter-licenciements\/","og_site_name":"Peoplesphere","article_publisher":"https:\/\/www.facebook.com\/peoplesphere","article_published_time":"2020-06-12T06:05:34+00:00","article_modified_time":"2020-06-12T12:36:30+00:00","og_image":[{"url":"http:\/\/www.peoplesphere.be\/fr\/wp-content\/uploads\/2016\/07\/facebook-default-posting-1200x628px.jpg"}],"author":"Jean-Paul Erhard","twitter_card":"summary_large_image","twitter_creator":"@PeoplesphereMag","twitter_site":"@PeoplesphereMag","twitter_misc":{"\u00c9crit par":"Jean-Paul Erhard","Dur\u00e9e de lecture estim\u00e9e":"4 minutes"},"schema":{"@context":"https:\/\/schema.org","@graph":[{"@type":"Article","@id":"https:\/\/peoplesphere.be\/fr\/jusqua-present-prolongation-chomage-temporaire-a-permis-deviter-licenciements\/#article","isPartOf":{"@id":"https:\/\/peoplesphere.be\/fr\/jusqua-present-prolongation-chomage-temporaire-a-permis-deviter-licenciements\/"},"author":{"name":"Jean-Paul Erhard","@id":"https:\/\/peoplesphere.be\/fr\/#\/schema\/person\/7976225ff17988604334abb7b3536a7e"},"headline":"Jusqu&rsquo;\u00e0 pr\u00e9sent, la prolongation du ch\u00f4mage temporaire a permis d&rsquo;\u00e9viter les licenciements.","datePublished":"2020-06-12T06:05:34+00:00","dateModified":"2020-06-12T12:36:30+00:00","mainEntityOfPage":{"@id":"https:\/\/peoplesphere.be\/fr\/jusqua-present-prolongation-chomage-temporaire-a-permis-deviter-licenciements\/"},"wordCount":735,"publisher":{"@id":"https:\/\/peoplesphere.be\/fr\/#organization"},"keywords":["acerta","ch\u00f4mage temporaire","coronavirus","licenciements","rupture de contrat"],"articleSection":["Actualit\u00e9s","Digital"],"inLanguage":"fr-FR"},{"@type":"WebPage","@id":"https:\/\/peoplesphere.be\/fr\/jusqua-present-prolongation-chomage-temporaire-a-permis-deviter-licenciements\/","url":"https:\/\/peoplesphere.be\/fr\/jusqua-present-prolongation-chomage-temporaire-a-permis-deviter-licenciements\/","name":"Jusqu'\u00e0 pr\u00e9sent, la prolongation du ch\u00f4mage temporaire a permis d'\u00e9viter les licenciements. - Peoplesphere","isPartOf":{"@id":"https:\/\/peoplesphere.be\/fr\/#website"},"datePublished":"2020-06-12T06:05:34+00:00","dateModified":"2020-06-12T12:36:30+00:00","breadcrumb":{"@id":"https:\/\/peoplesphere.be\/fr\/jusqua-present-prolongation-chomage-temporaire-a-permis-deviter-licenciements\/#breadcrumb"},"inLanguage":"fr-FR","potentialAction":[{"@type":"ReadAction","target":["https:\/\/peoplesphere.be\/fr\/jusqua-present-prolongation-chomage-temporaire-a-permis-deviter-licenciements\/"]}]},{"@type":"BreadcrumbList","@id":"https:\/\/peoplesphere.be\/fr\/jusqua-present-prolongation-chomage-temporaire-a-permis-deviter-licenciements\/#breadcrumb","itemListElement":[{"@type":"ListItem","position":1,"name":"Accueil","item":"https:\/\/peoplesphere.be\/fr\/"},{"@type":"ListItem","position":2,"name":"Jusqu&rsquo;\u00e0 pr\u00e9sent, la prolongation du ch\u00f4mage temporaire a permis d&rsquo;\u00e9viter les licenciements."}]},{"@type":"WebSite","@id":"https:\/\/peoplesphere.be\/fr\/#website","url":"https:\/\/peoplesphere.be\/fr\/","name":"Peoplesphere","description":"The People Managers Magazine","publisher":{"@id":"https:\/\/peoplesphere.be\/fr\/#organization"},"potentialAction":[{"@type":"SearchAction","target":{"@type":"EntryPoint","urlTemplate":"https:\/\/peoplesphere.be\/fr\/?s={search_term_string}"},"query-input":"required name=search_term_string"}],"inLanguage":"fr-FR"},{"@type":"Organization","@id":"https:\/\/peoplesphere.be\/fr\/#organization","name":"Peoplesphere Company srl","url":"https:\/\/peoplesphere.be\/fr\/","logo":{"@type":"ImageObject","inLanguage":"fr-FR","@id":"https:\/\/peoplesphere.be\/fr\/#\/schema\/logo\/image\/","url":"https:\/\/peoplesphere.be\/fr\/wp-content\/uploads\/2023\/07\/peoplesphere-lgo-new-generik.jpg","contentUrl":"https:\/\/peoplesphere.be\/fr\/wp-content\/uploads\/2023\/07\/peoplesphere-lgo-new-generik.jpg","width":1031,"height":1479,"caption":"Peoplesphere Company srl"},"image":{"@id":"https:\/\/peoplesphere.be\/fr\/#\/schema\/logo\/image\/"},"sameAs":["https:\/\/www.facebook.com\/peoplesphere","https:\/\/twitter.com\/PeoplesphereMag","https:\/\/www.linkedin.com\/company\/7587361?trk","http:\/\/youtube.com\/peoplesphere"]},{"@type":"Person","@id":"https:\/\/peoplesphere.be\/fr\/#\/schema\/person\/7976225ff17988604334abb7b3536a7e","name":"Jean-Paul Erhard","image":{"@type":"ImageObject","inLanguage":"fr-FR","@id":"https:\/\/peoplesphere.be\/fr\/#\/schema\/person\/image\/","url":"https:\/\/secure.gravatar.com\/avatar\/f941e681460179738071629a51574930?s=96&d=mm&r=g","contentUrl":"https:\/\/secure.gravatar.com\/avatar\/f941e681460179738071629a51574930?s=96&d=mm&r=g","caption":"Jean-Paul Erhard"},"url":"https:\/\/peoplesphere.be\/fr\/author\/jpe\/"}]}},"_links":{"self":[{"href":"https:\/\/peoplesphere.be\/fr\/wp-json\/wp\/v2\/posts\/9721"}],"collection":[{"href":"https:\/\/peoplesphere.be\/fr\/wp-json\/wp\/v2\/posts"}],"about":[{"href":"https:\/\/peoplesphere.be\/fr\/wp-json\/wp\/v2\/types\/post"}],"author":[{"embeddable":true,"href":"https:\/\/peoplesphere.be\/fr\/wp-json\/wp\/v2\/users\/2"}],"replies":[{"embeddable":true,"href":"https:\/\/peoplesphere.be\/fr\/wp-json\/wp\/v2\/comments?post=9721"}],"version-history":[{"count":1,"href":"https:\/\/peoplesphere.be\/fr\/wp-json\/wp\/v2\/posts\/9721\/revisions"}],"predecessor-version":[{"id":9722,"href":"https:\/\/peoplesphere.be\/fr\/wp-json\/wp\/v2\/posts\/9721\/revisions\/9722"}],"wp:attachment":[{"href":"https:\/\/peoplesphere.be\/fr\/wp-json\/wp\/v2\/media?parent=9721"}],"wp:term":[{"taxonomy":"category","embeddable":true,"href":"https:\/\/peoplesphere.be\/fr\/wp-json\/wp\/v2\/categories?post=9721"},{"taxonomy":"post_tag","embeddable":true,"href":"https:\/\/peoplesphere.be\/fr\/wp-json\/wp\/v2\/tags?post=9721"}],"curies":[{"name":"wp","href":"https:\/\/api.w.org\/{rel}","templated":true}]}}