









{"id":9784,"date":"2020-06-24T11:43:04","date_gmt":"2020-06-24T09:43:04","guid":{"rendered":"https:\/\/peoplesphere.be\/fr\/?p=9784"},"modified":"2020-06-24T11:43:04","modified_gmt":"2020-06-24T09:43:04","slug":"profils-informatiques-specialises-parmi-lesquels-experts-cloud-computing-de-plus-plus-recherches-marche-travail-forte-decroissance","status":"publish","type":"post","link":"https:\/\/peoplesphere.be\/fr\/profils-informatiques-specialises-parmi-lesquels-experts-cloud-computing-de-plus-plus-recherches-marche-travail-forte-decroissance\/","title":{"rendered":"Les profils informatiques sp\u00e9cialis\u00e9s, parmi lesquels les experts en &lsquo;cloud computing&rsquo;, de plus en plus recherch\u00e9s sur un march\u00e9 du travail en forte d\u00e9croissance."},"content":{"rendered":"<p>Les changements radicaux que nous pouvons anticiper suite \u00e0 la pand\u00e9mie sont d\u00e9j\u00e0 perceptibles sur le march\u00e9 du travail. Parmi ceux-ci, une tendance d\u00e9j\u00e0 claire est la demande croissante de professionnels de l&rsquo;informatique sp\u00e9cialis\u00e9s dans le \u00ab cloud computing \u00bb.\u00a0Pendant la crise de COVID-19 et le confinement, des milliers de personnes ont commenc\u00e9 \u00e0 travailler \u00e0 domicile et certaines entreprises ont alors d\u00fb se pr\u00e9cipiter pour faciliter l\u2019informatique dite &lsquo;cloud&rsquo;.<!--more--><\/p>\n<p>Par ailleurs, une enqu\u00eate men\u00e9e par la soci\u00e9t\u00e9 de recrutement Hays montre que les employeurs commencent \u00e0 r\u00e9aliser que \u00ab le nuage \u00bb ne fera que gagner en importance dans l\u2019avenir proche. Les r\u00e9sultats de l\u2019enqu\u00eate pass\u00e9e aupr\u00e8s des experts en informatique signalent que la demande des profils change des \u00ab profils classiques \u00bb vers des profils experts dans l\u2019informatique en nuage.\u00a0Sophie Vernaet, Business Unit Manager IT contracting de Hays Belgium, explique :<em> \u00ab L\u2019augmentation de la demande des profils experts dans l\u2019informatique en nuages n\u2019a pas commenc\u00e9 aujourd&rsquo;hui. Mais en raison du confinement et les mesures suppl\u00e9mentaires, les entreprises qui ne disposait pas encore d&rsquo;un syst\u00e8me de cloud computing en voient soudain les nombreux avantages. Contrairement \u00e0 de nombreux autres secteurs, il existe toujours une forte demande de professionnels informatiques ayant une exp\u00e9rience et une expertise dans le domaine du cloud computing \u00bb.<\/em><\/p>\n<p>Une autre tendance que les consultants TI de Hays constatent, est l&rsquo;exigence accrue des candidats en informatique. Ils se sont clairement conscients du fait qu&rsquo;il y a (toujours) une grande demande pour leur expertise, et n&rsquo;h\u00e9sitent pas \u00e0 mettre sur la table un ensemble d&rsquo;exigences. <em>\u00ab Quelques souhaits que nous entendons fr\u00e9quemment : un salaire assez \u00e9lev\u00e9, naturellement, mais aussi une voiture de fonction et la possibilit\u00e9 de travailler \u00e0 domicile trouvent de plus en plus leur place \u00bb.<\/em><\/p>\n<p>Il y a cependant une remarque importante \u00e0 faire. Une remarque que les candidats en informatique ne doivent pas perdre de vue. <em>\u00ab Nous constatons \u00e9galement une baisse du nombre d&#8217;emplois disponibles \u00bb<\/em>, affirme Sophie Vernaet. <em>\u00ab Les entreprises optent actuellement pour un gel de recrutement ou recherchent les bons profils en interne \u00bb<\/em>. Cela signifie que l\u2019offre pour les candidats en TI devient plus petit, alors que leurs exigences restent \u00e9lev\u00e9es. <em>\u00ab Les demandeurs d&#8217;emploi ne devraient certainement pas se contenter de moins, mais les chances de devoir parvenir \u00e0 un compromis ont augment\u00e9<\/em> \u00bb.<\/p>\n<p><strong><em>Le paradoxe<\/em><\/strong><\/p>\n<p>L&rsquo;enqu\u00eate men\u00e9e aupr\u00e8s des experts en TI de Hays a \u00e9galement r\u00e9v\u00e9l\u00e9 un autre paradoxe : les entreprises recherchent actuellement davantage des employ\u00e9s permanents en TI que des free-lances, tandis que les professionnels des TI recherchent davantage des contrats de free-lances que des contrats permanents. \u00ab<em> \u00c0 cause de cette contradiction, les entreprises et les demandeurs d&#8217;emploi risquent de ne pas arriver \u00e0 se joindre. Comme entreprise de recrutement, nous essayons plus que jamais d&rsquo;agir comme lien de connexion, pour nous assurer que l&#8217;employ\u00e9 et l&#8217;employeur continuent \u00e0 r\u00e9ussir \u00e0 trouver la solution id\u00e9ale pour eux \u00bb.<\/em><\/p>\n<p>Hays souligne toutefois qu&rsquo;il existe des opportunit\u00e9s pour tout le monde. <em>\u00ab C&rsquo;est par exemple le moment parfait pour les professionnels de l&rsquo;informatique de se sp\u00e9cialiser dans les solutions de cloud computing. \u00a0Cela peut se faire parfois rapidement et bon march\u00e9 gr\u00e2ce \u00e0 des cours en ligne qui sont facilement accessibles. C\u2019est aussi int\u00e9ressant pour les entreprises, car ainsi, les bons profils sont \u00e9galement ajout\u00e9s au march\u00e9. En outre, les employeurs doivent \u00e9galement garder \u00e0 l&rsquo;esprit les exigences des candidats, afin de parvenir ensemble au meilleur compromis possible \u00bb.<\/em><\/p>\n<p><em>Source: Hays Belgium<\/em><\/p>\n","protected":false},"excerpt":{"rendered":"<p>Les changements radicaux que nous pouvons anticiper suite \u00e0 la pand\u00e9mie sont d\u00e9j\u00e0 perceptibles sur le march\u00e9 du travail. Parmi ceux-ci, une tendance d\u00e9j\u00e0 claire est la demande croissante de professionnels de l&rsquo;informatique sp\u00e9cialis\u00e9s dans le \u00ab cloud computing \u00bb.\u00a0Pendant [&hellip;]<\/p>\n","protected":false},"author":2,"featured_media":9785,"comment_status":"closed","ping_status":"open","sticky":false,"template":"","format":"standard","meta":[],"categories":[65,10],"tags":[438,3109,2122,3108,72],"yoast_head":"<!-- This site is optimized with the Yoast SEO plugin v21.0 - https:\/\/yoast.com\/wordpress\/plugins\/seo\/ -->\n<title>Les profils informatiques sp\u00e9cialis\u00e9s, parmi lesquels les experts en &#039;cloud computing&#039;, de plus en plus recherch\u00e9s sur un march\u00e9 du travail en forte d\u00e9croissance. - Peoplesphere<\/title>\n<meta name=\"robots\" content=\"index, follow, max-snippet:-1, max-image-preview:large, max-video-preview:-1\" \/>\n<link rel=\"canonical\" href=\"https:\/\/peoplesphere.be\/fr\/profils-informatiques-specialises-parmi-lesquels-experts-cloud-computing-de-plus-plus-recherches-marche-travail-forte-decroissance\/\" \/>\n<meta property=\"og:locale\" content=\"fr_FR\" \/>\n<meta property=\"og:type\" content=\"article\" \/>\n<meta property=\"og:title\" content=\"Les profils informatiques sp\u00e9cialis\u00e9s, parmi lesquels les experts en &#039;cloud computing&#039;, de plus en plus recherch\u00e9s sur un march\u00e9 du travail en forte d\u00e9croissance. - Peoplesphere\" \/>\n<meta property=\"og:description\" content=\"Les changements radicaux que nous pouvons anticiper suite \u00e0 la pand\u00e9mie sont d\u00e9j\u00e0 perceptibles sur le march\u00e9 du travail. Parmi ceux-ci, une tendance d\u00e9j\u00e0 claire est la demande croissante de professionnels de l&rsquo;informatique sp\u00e9cialis\u00e9s dans le \u00ab cloud computing \u00bb.\u00a0Pendant [&hellip;]\" \/>\n<meta property=\"og:url\" content=\"https:\/\/peoplesphere.be\/fr\/profils-informatiques-specialises-parmi-lesquels-experts-cloud-computing-de-plus-plus-recherches-marche-travail-forte-decroissance\/\" \/>\n<meta property=\"og:site_name\" content=\"Peoplesphere\" \/>\n<meta property=\"article:publisher\" content=\"https:\/\/www.facebook.com\/peoplesphere\" \/>\n<meta property=\"article:published_time\" content=\"2020-06-24T09:43:04+00:00\" \/>\n<meta property=\"og:image\" content=\"https:\/\/peoplesphere.be\/fr\/wp-content\/uploads\/2020\/06\/expertscloud.jpeg\" \/>\n\t<meta property=\"og:image:width\" content=\"580\" \/>\n\t<meta property=\"og:image:height\" content=\"326\" \/>\n\t<meta property=\"og:image:type\" content=\"image\/jpeg\" \/>\n<meta name=\"author\" content=\"Jean-Paul Erhard\" \/>\n<meta name=\"twitter:card\" content=\"summary_large_image\" \/>\n<meta name=\"twitter:creator\" content=\"@PeoplesphereMag\" \/>\n<meta name=\"twitter:site\" content=\"@PeoplesphereMag\" \/>\n<meta name=\"twitter:label1\" content=\"\u00c9crit par\" \/>\n\t<meta name=\"twitter:data1\" content=\"Jean-Paul Erhard\" \/>\n\t<meta name=\"twitter:label2\" content=\"Dur\u00e9e de lecture estim\u00e9e\" \/>\n\t<meta name=\"twitter:data2\" content=\"3 minutes\" \/>\n<script type=\"application\/ld+json\" class=\"yoast-schema-graph\">{\"@context\":\"https:\/\/schema.org\",\"@graph\":[{\"@type\":\"Article\",\"@id\":\"https:\/\/peoplesphere.be\/fr\/profils-informatiques-specialises-parmi-lesquels-experts-cloud-computing-de-plus-plus-recherches-marche-travail-forte-decroissance\/#article\",\"isPartOf\":{\"@id\":\"https:\/\/peoplesphere.be\/fr\/profils-informatiques-specialises-parmi-lesquels-experts-cloud-computing-de-plus-plus-recherches-marche-travail-forte-decroissance\/\"},\"author\":{\"name\":\"Jean-Paul Erhard\",\"@id\":\"https:\/\/peoplesphere.be\/fr\/#\/schema\/person\/7976225ff17988604334abb7b3536a7e\"},\"headline\":\"Les profils informatiques sp\u00e9cialis\u00e9s, parmi lesquels les experts en &lsquo;cloud computing&rsquo;, de plus en plus recherch\u00e9s sur un march\u00e9 du travail en forte d\u00e9croissance.\",\"datePublished\":\"2020-06-24T09:43:04+00:00\",\"dateModified\":\"2020-06-24T09:43:04+00:00\",\"mainEntityOfPage\":{\"@id\":\"https:\/\/peoplesphere.be\/fr\/profils-informatiques-specialises-parmi-lesquels-experts-cloud-computing-de-plus-plus-recherches-marche-travail-forte-decroissance\/\"},\"wordCount\":614,\"publisher\":{\"@id\":\"https:\/\/peoplesphere.be\/fr\/#organization\"},\"keywords\":[\"candidats\",\"cloud computing\",\"hays\",\"profils IT\",\"recrutement\"],\"articleSection\":[\"Actualit\u00e9s\",\"Digital\"],\"inLanguage\":\"fr-FR\"},{\"@type\":\"WebPage\",\"@id\":\"https:\/\/peoplesphere.be\/fr\/profils-informatiques-specialises-parmi-lesquels-experts-cloud-computing-de-plus-plus-recherches-marche-travail-forte-decroissance\/\",\"url\":\"https:\/\/peoplesphere.be\/fr\/profils-informatiques-specialises-parmi-lesquels-experts-cloud-computing-de-plus-plus-recherches-marche-travail-forte-decroissance\/\",\"name\":\"Les profils informatiques sp\u00e9cialis\u00e9s, parmi lesquels les experts en 'cloud computing', de plus en plus recherch\u00e9s sur un march\u00e9 du travail en forte d\u00e9croissance. - Peoplesphere\",\"isPartOf\":{\"@id\":\"https:\/\/peoplesphere.be\/fr\/#website\"},\"datePublished\":\"2020-06-24T09:43:04+00:00\",\"dateModified\":\"2020-06-24T09:43:04+00:00\",\"breadcrumb\":{\"@id\":\"https:\/\/peoplesphere.be\/fr\/profils-informatiques-specialises-parmi-lesquels-experts-cloud-computing-de-plus-plus-recherches-marche-travail-forte-decroissance\/#breadcrumb\"},\"inLanguage\":\"fr-FR\",\"potentialAction\":[{\"@type\":\"ReadAction\",\"target\":[\"https:\/\/peoplesphere.be\/fr\/profils-informatiques-specialises-parmi-lesquels-experts-cloud-computing-de-plus-plus-recherches-marche-travail-forte-decroissance\/\"]}]},{\"@type\":\"BreadcrumbList\",\"@id\":\"https:\/\/peoplesphere.be\/fr\/profils-informatiques-specialises-parmi-lesquels-experts-cloud-computing-de-plus-plus-recherches-marche-travail-forte-decroissance\/#breadcrumb\",\"itemListElement\":[{\"@type\":\"ListItem\",\"position\":1,\"name\":\"Accueil\",\"item\":\"https:\/\/peoplesphere.be\/fr\/\"},{\"@type\":\"ListItem\",\"position\":2,\"name\":\"Les profils informatiques sp\u00e9cialis\u00e9s, parmi lesquels les experts en &lsquo;cloud computing&rsquo;, de plus en plus recherch\u00e9s sur un march\u00e9 du travail en forte d\u00e9croissance.\"}]},{\"@type\":\"WebSite\",\"@id\":\"https:\/\/peoplesphere.be\/fr\/#website\",\"url\":\"https:\/\/peoplesphere.be\/fr\/\",\"name\":\"Peoplesphere\",\"description\":\"The People Managers Magazine\",\"publisher\":{\"@id\":\"https:\/\/peoplesphere.be\/fr\/#organization\"},\"potentialAction\":[{\"@type\":\"SearchAction\",\"target\":{\"@type\":\"EntryPoint\",\"urlTemplate\":\"https:\/\/peoplesphere.be\/fr\/?s={search_term_string}\"},\"query-input\":\"required name=search_term_string\"}],\"inLanguage\":\"fr-FR\"},{\"@type\":\"Organization\",\"@id\":\"https:\/\/peoplesphere.be\/fr\/#organization\",\"name\":\"Peoplesphere Company srl\",\"url\":\"https:\/\/peoplesphere.be\/fr\/\",\"logo\":{\"@type\":\"ImageObject\",\"inLanguage\":\"fr-FR\",\"@id\":\"https:\/\/peoplesphere.be\/fr\/#\/schema\/logo\/image\/\",\"url\":\"https:\/\/peoplesphere.be\/fr\/wp-content\/uploads\/2023\/07\/peoplesphere-lgo-new-generik.jpg\",\"contentUrl\":\"https:\/\/peoplesphere.be\/fr\/wp-content\/uploads\/2023\/07\/peoplesphere-lgo-new-generik.jpg\",\"width\":1031,\"height\":1479,\"caption\":\"Peoplesphere Company srl\"},\"image\":{\"@id\":\"https:\/\/peoplesphere.be\/fr\/#\/schema\/logo\/image\/\"},\"sameAs\":[\"https:\/\/www.facebook.com\/peoplesphere\",\"https:\/\/twitter.com\/PeoplesphereMag\",\"https:\/\/www.linkedin.com\/company\/7587361?trk\",\"http:\/\/youtube.com\/peoplesphere\"]},{\"@type\":\"Person\",\"@id\":\"https:\/\/peoplesphere.be\/fr\/#\/schema\/person\/7976225ff17988604334abb7b3536a7e\",\"name\":\"Jean-Paul Erhard\",\"image\":{\"@type\":\"ImageObject\",\"inLanguage\":\"fr-FR\",\"@id\":\"https:\/\/peoplesphere.be\/fr\/#\/schema\/person\/image\/\",\"url\":\"https:\/\/secure.gravatar.com\/avatar\/f941e681460179738071629a51574930?s=96&d=mm&r=g\",\"contentUrl\":\"https:\/\/secure.gravatar.com\/avatar\/f941e681460179738071629a51574930?s=96&d=mm&r=g\",\"caption\":\"Jean-Paul Erhard\"},\"url\":\"https:\/\/peoplesphere.be\/fr\/author\/jpe\/\"}]}<\/script>\n<!-- \/ Yoast SEO plugin. -->","yoast_head_json":{"title":"Les profils informatiques sp\u00e9cialis\u00e9s, parmi lesquels les experts en 'cloud computing', de plus en plus recherch\u00e9s sur un march\u00e9 du travail en forte d\u00e9croissance. - Peoplesphere","robots":{"index":"index","follow":"follow","max-snippet":"max-snippet:-1","max-image-preview":"max-image-preview:large","max-video-preview":"max-video-preview:-1"},"canonical":"https:\/\/peoplesphere.be\/fr\/profils-informatiques-specialises-parmi-lesquels-experts-cloud-computing-de-plus-plus-recherches-marche-travail-forte-decroissance\/","og_locale":"fr_FR","og_type":"article","og_title":"Les profils informatiques sp\u00e9cialis\u00e9s, parmi lesquels les experts en 'cloud computing', de plus en plus recherch\u00e9s sur un march\u00e9 du travail en forte d\u00e9croissance. - Peoplesphere","og_description":"Les changements radicaux que nous pouvons anticiper suite \u00e0 la pand\u00e9mie sont d\u00e9j\u00e0 perceptibles sur le march\u00e9 du travail. Parmi ceux-ci, une tendance d\u00e9j\u00e0 claire est la demande croissante de professionnels de l&rsquo;informatique sp\u00e9cialis\u00e9s dans le \u00ab cloud computing \u00bb.\u00a0Pendant [&hellip;]","og_url":"https:\/\/peoplesphere.be\/fr\/profils-informatiques-specialises-parmi-lesquels-experts-cloud-computing-de-plus-plus-recherches-marche-travail-forte-decroissance\/","og_site_name":"Peoplesphere","article_publisher":"https:\/\/www.facebook.com\/peoplesphere","article_published_time":"2020-06-24T09:43:04+00:00","og_image":[{"width":580,"height":326,"url":"https:\/\/peoplesphere.be\/fr\/wp-content\/uploads\/2020\/06\/expertscloud.jpeg","type":"image\/jpeg"}],"author":"Jean-Paul Erhard","twitter_card":"summary_large_image","twitter_creator":"@PeoplesphereMag","twitter_site":"@PeoplesphereMag","twitter_misc":{"\u00c9crit par":"Jean-Paul Erhard","Dur\u00e9e de lecture estim\u00e9e":"3 minutes"},"schema":{"@context":"https:\/\/schema.org","@graph":[{"@type":"Article","@id":"https:\/\/peoplesphere.be\/fr\/profils-informatiques-specialises-parmi-lesquels-experts-cloud-computing-de-plus-plus-recherches-marche-travail-forte-decroissance\/#article","isPartOf":{"@id":"https:\/\/peoplesphere.be\/fr\/profils-informatiques-specialises-parmi-lesquels-experts-cloud-computing-de-plus-plus-recherches-marche-travail-forte-decroissance\/"},"author":{"name":"Jean-Paul Erhard","@id":"https:\/\/peoplesphere.be\/fr\/#\/schema\/person\/7976225ff17988604334abb7b3536a7e"},"headline":"Les profils informatiques sp\u00e9cialis\u00e9s, parmi lesquels les experts en &lsquo;cloud computing&rsquo;, de plus en plus recherch\u00e9s sur un march\u00e9 du travail en forte d\u00e9croissance.","datePublished":"2020-06-24T09:43:04+00:00","dateModified":"2020-06-24T09:43:04+00:00","mainEntityOfPage":{"@id":"https:\/\/peoplesphere.be\/fr\/profils-informatiques-specialises-parmi-lesquels-experts-cloud-computing-de-plus-plus-recherches-marche-travail-forte-decroissance\/"},"wordCount":614,"publisher":{"@id":"https:\/\/peoplesphere.be\/fr\/#organization"},"keywords":["candidats","cloud computing","hays","profils IT","recrutement"],"articleSection":["Actualit\u00e9s","Digital"],"inLanguage":"fr-FR"},{"@type":"WebPage","@id":"https:\/\/peoplesphere.be\/fr\/profils-informatiques-specialises-parmi-lesquels-experts-cloud-computing-de-plus-plus-recherches-marche-travail-forte-decroissance\/","url":"https:\/\/peoplesphere.be\/fr\/profils-informatiques-specialises-parmi-lesquels-experts-cloud-computing-de-plus-plus-recherches-marche-travail-forte-decroissance\/","name":"Les profils informatiques sp\u00e9cialis\u00e9s, parmi lesquels les experts en 'cloud computing', de plus en plus recherch\u00e9s sur un march\u00e9 du travail en forte d\u00e9croissance. - Peoplesphere","isPartOf":{"@id":"https:\/\/peoplesphere.be\/fr\/#website"},"datePublished":"2020-06-24T09:43:04+00:00","dateModified":"2020-06-24T09:43:04+00:00","breadcrumb":{"@id":"https:\/\/peoplesphere.be\/fr\/profils-informatiques-specialises-parmi-lesquels-experts-cloud-computing-de-plus-plus-recherches-marche-travail-forte-decroissance\/#breadcrumb"},"inLanguage":"fr-FR","potentialAction":[{"@type":"ReadAction","target":["https:\/\/peoplesphere.be\/fr\/profils-informatiques-specialises-parmi-lesquels-experts-cloud-computing-de-plus-plus-recherches-marche-travail-forte-decroissance\/"]}]},{"@type":"BreadcrumbList","@id":"https:\/\/peoplesphere.be\/fr\/profils-informatiques-specialises-parmi-lesquels-experts-cloud-computing-de-plus-plus-recherches-marche-travail-forte-decroissance\/#breadcrumb","itemListElement":[{"@type":"ListItem","position":1,"name":"Accueil","item":"https:\/\/peoplesphere.be\/fr\/"},{"@type":"ListItem","position":2,"name":"Les profils informatiques sp\u00e9cialis\u00e9s, parmi lesquels les experts en &lsquo;cloud computing&rsquo;, de plus en plus recherch\u00e9s sur un march\u00e9 du travail en forte d\u00e9croissance."}]},{"@type":"WebSite","@id":"https:\/\/peoplesphere.be\/fr\/#website","url":"https:\/\/peoplesphere.be\/fr\/","name":"Peoplesphere","description":"The People Managers Magazine","publisher":{"@id":"https:\/\/peoplesphere.be\/fr\/#organization"},"potentialAction":[{"@type":"SearchAction","target":{"@type":"EntryPoint","urlTemplate":"https:\/\/peoplesphere.be\/fr\/?s={search_term_string}"},"query-input":"required name=search_term_string"}],"inLanguage":"fr-FR"},{"@type":"Organization","@id":"https:\/\/peoplesphere.be\/fr\/#organization","name":"Peoplesphere Company srl","url":"https:\/\/peoplesphere.be\/fr\/","logo":{"@type":"ImageObject","inLanguage":"fr-FR","@id":"https:\/\/peoplesphere.be\/fr\/#\/schema\/logo\/image\/","url":"https:\/\/peoplesphere.be\/fr\/wp-content\/uploads\/2023\/07\/peoplesphere-lgo-new-generik.jpg","contentUrl":"https:\/\/peoplesphere.be\/fr\/wp-content\/uploads\/2023\/07\/peoplesphere-lgo-new-generik.jpg","width":1031,"height":1479,"caption":"Peoplesphere Company srl"},"image":{"@id":"https:\/\/peoplesphere.be\/fr\/#\/schema\/logo\/image\/"},"sameAs":["https:\/\/www.facebook.com\/peoplesphere","https:\/\/twitter.com\/PeoplesphereMag","https:\/\/www.linkedin.com\/company\/7587361?trk","http:\/\/youtube.com\/peoplesphere"]},{"@type":"Person","@id":"https:\/\/peoplesphere.be\/fr\/#\/schema\/person\/7976225ff17988604334abb7b3536a7e","name":"Jean-Paul Erhard","image":{"@type":"ImageObject","inLanguage":"fr-FR","@id":"https:\/\/peoplesphere.be\/fr\/#\/schema\/person\/image\/","url":"https:\/\/secure.gravatar.com\/avatar\/f941e681460179738071629a51574930?s=96&d=mm&r=g","contentUrl":"https:\/\/secure.gravatar.com\/avatar\/f941e681460179738071629a51574930?s=96&d=mm&r=g","caption":"Jean-Paul Erhard"},"url":"https:\/\/peoplesphere.be\/fr\/author\/jpe\/"}]}},"_links":{"self":[{"href":"https:\/\/peoplesphere.be\/fr\/wp-json\/wp\/v2\/posts\/9784"}],"collection":[{"href":"https:\/\/peoplesphere.be\/fr\/wp-json\/wp\/v2\/posts"}],"about":[{"href":"https:\/\/peoplesphere.be\/fr\/wp-json\/wp\/v2\/types\/post"}],"author":[{"embeddable":true,"href":"https:\/\/peoplesphere.be\/fr\/wp-json\/wp\/v2\/users\/2"}],"replies":[{"embeddable":true,"href":"https:\/\/peoplesphere.be\/fr\/wp-json\/wp\/v2\/comments?post=9784"}],"version-history":[{"count":1,"href":"https:\/\/peoplesphere.be\/fr\/wp-json\/wp\/v2\/posts\/9784\/revisions"}],"predecessor-version":[{"id":9786,"href":"https:\/\/peoplesphere.be\/fr\/wp-json\/wp\/v2\/posts\/9784\/revisions\/9786"}],"wp:featuredmedia":[{"embeddable":true,"href":"https:\/\/peoplesphere.be\/fr\/wp-json\/wp\/v2\/media\/9785"}],"wp:attachment":[{"href":"https:\/\/peoplesphere.be\/fr\/wp-json\/wp\/v2\/media?parent=9784"}],"wp:term":[{"taxonomy":"category","embeddable":true,"href":"https:\/\/peoplesphere.be\/fr\/wp-json\/wp\/v2\/categories?post=9784"},{"taxonomy":"post_tag","embeddable":true,"href":"https:\/\/peoplesphere.be\/fr\/wp-json\/wp\/v2\/tags?post=9784"}],"curies":[{"name":"wp","href":"https:\/\/api.w.org\/{rel}","templated":true}]}}