









{"id":9825,"date":"2020-07-01T15:35:36","date_gmt":"2020-07-01T13:35:36","guid":{"rendered":"https:\/\/peoplesphere.be\/fr\/?p=9825"},"modified":"2020-07-01T15:36:46","modified_gmt":"2020-07-01T13:36:46","slug":"flexibilite-temps-de-travail-sinstallait-doucement-nos-habitudes-covid-19-ne-chamboule","status":"publish","type":"post","link":"https:\/\/peoplesphere.be\/fr\/flexibilite-temps-de-travail-sinstallait-doucement-nos-habitudes-covid-19-ne-chamboule\/","title":{"rendered":"La flexibilit\u00e9 du temps de travail s&rsquo;installait doucement dans nos habitudes, avant que la COVID-19 ne chamboule tout&#8230;"},"content":{"rendered":"<p>En 2019, l&rsquo;ann\u00e9e pr\u00e9c\u00e9dant l&rsquo;apparition du coronavirus (COVID 19) dans notre pays, plus de 20.000 salari\u00e9s et ind\u00e9pendants ont \u00e9t\u00e9 interrog\u00e9s par Stable sur l\u2019organisation du travail et l\u2019am\u00e9nagement de leur temps de travail. Les questions ont \u00e9t\u00e9 ajout\u00e9es \u00e0 l\u2019Enqu\u00eate sur les forces de travail. Il y appara\u00eet que 20,6% des personnes occup\u00e9es doivent adapter leur temps de travail au moins une fois par semaine parce que le travail le n\u00e9cessite. Un plus petit nombre encore ne doit pas le faire sur une base hebdomadaire mais au plus quelques fois par mois (16,1%) et 16,8% moins d&rsquo;une fois par mois. Un peu moins de la moiti\u00e9 des personnes occup\u00e9es \u00e2g\u00e9es de 15 ans et plus (46,3 %) ne doivent jamais modifier leur horaire de travail. Retour rapide sur l&rsquo;ann\u00e9e 19, il y a quelques mois seulement alors que nos rep\u00e8res ont \u00e9t\u00e9 chamboul\u00e9s depuis lors.<!--more--><\/p>\n<p>Dans cette enqu\u00eate (<em>ndlr : qui peut sembler t\u00e9moigner d&rsquo;un monde ancien \u00e0 plus d&rsquo;un \u00e9gard<\/em>), une modification des horaires de travail peut signifier commencer plus t\u00f4t ou plus tard, travailler plus longtemps, changer d&rsquo;\u00e9quipe ou effectuer des heures suppl\u00e9mentaires.<br \/>\nUn peu moins de la moiti\u00e9 des personnes occup\u00e9es \u00e2g\u00e9es de 15 ans et plus (46,3 %) ne doivent jamais modifier leur horaire de travail. 20,6 % doivent modifier leur horaire de travail au moins une fois par semaine. Un plus petit nombre encore ne doit pas le faire sur une base hebdomadaire mais au plus quelques fois par mois (16,1 %) et 16,8 % moins d&rsquo;une fois par mois.<\/p>\n<p>Les personnes hautement qualifi\u00e9es doivent se montrer les plus flexibles en termes d\u2019horaire de travail. 25,5 % d\u2019entre elles adaptent leur horaire de travail au moins une fois par semaine, alors que ce pourcentage est inf\u00e9rieur pour les personnes faiblement et moyennement qualifi\u00e9es (14,1% et 17,5%).<\/p>\n<p>Il existe de grandes disparit\u00e9s entre les salari\u00e9s et les ind\u00e9pendants. 44% des ind\u00e9pendants doivent adapter leurs heures de travail au moins une fois par semaine. Ce pourcentage s\u2019\u00e9l\u00e8ve m\u00eame \u00e0 53,6 % pour les ind\u00e9pendants avec personnel.<br \/>\nCela est beaucoup moins fr\u00e9quent pour les salari\u00e9s (16,5%): le plus souvent pour les employ\u00e9s du secteur priv\u00e9 (19,6%) et pour les statutaires du secteur public (17,6%).<\/p>\n<p>En revanche, plus de la moiti\u00e9 des ouvriers du secteur priv\u00e9 (59%), des contractuels du secteur public (54,9%) et des aidants non r\u00e9mun\u00e9r\u00e9s (54,8%) ne doivent jamais changer leur horaire de travail.<\/p>\n<p>Le m\u00e9tier de manager est l\u2019emploi le plus flexible par excellence. 41,3% des managers doivent modifier leur horaire de travail au moins chaque semaine. Plus d\u2019un cinqui\u00e8me des personnes exer\u00e7ant les professions suivantes adaptent leur temps de travail une ou plusieurs fois par semaine pour des raisons professionnelles: les agriculteurs et ouvriers qualifi\u00e9s de l&rsquo;agriculture, de la sylviculture et de la p\u00eache (32,9%), les professions intellectuelles, scientifiques et artistiques (23,7%) et les professions interm\u00e9diaires (22,9%).<br \/>\nPour les professions \u00e9l\u00e9mentaires, comme les agents d\u2019entretien et les ouvriers non qualifi\u00e9s, ce chiffre s\u2019\u00e9l\u00e8ve \u00e0 7,6%.<\/p>\n<p><em><strong>\u00catre disponible pour le travail pendant son temps libre ?<\/strong><\/em><\/p>\n<p>Les personnes occup\u00e9es peuvent aussi \u00eatre parfois contact\u00e9es en dehors des heures de travail par l\u2019employeur, des coll\u00e8gues ou des clients et doivent \u00e9ventuellement intervenir avant le jour ouvrable suivant.<\/p>\n<p>Dans la plupart des cas (62,6%), les personnes occup\u00e9es n\u2019ont pas \u00e9t\u00e9 contact\u00e9es pendant leur temps libre au cours des deux mois pr\u00e9c\u00e9dant l\u2019enqu\u00eate. Dans 18,1 % des cas, cela ne s\u2019est produit qu&rsquo;une ou deux fois.<br \/>\n13,4% ont \u00e9t\u00e9 contact\u00e9es plus de deux fois et devaient intervenir avant le jour ouvrable suivant, alors que 5,7% ont \u00e9galement \u00e9t\u00e9 contact\u00e9es plus de deux fois, mais ne devaient rien faire.<\/p>\n<p>Les hommes (15,7%) sont plus souvent contact\u00e9s plusieurs fois pour une intervention que les femmes (10,8%).\u00a0Ces contacts sont \u00e9galement plus fr\u00e9quents chez les 25-49 ans (14,3%) que chez les personnes plus \u00e2g\u00e9es (12,8%) ou plus jeunes (7,9%). Les personnes hautement qualifi\u00e9es r\u00e9agissent aussi plus souvent (17,8%) que les personnes faiblement et moyennement qualifi\u00e9es (6,7% et 11%).<\/p>\n<p>En ce qui concerne les ind\u00e9pendants, ce sont principalement ceux avec personnel (36,8%) qui doivent intervenir pendant leur temps libre apr\u00e8s avoir \u00e9t\u00e9 contact\u00e9s.<\/p>\n<p>Au niveau des salari\u00e9s, il s&rsquo;agit plut\u00f4t des fonctionnaires statutaires (15,3%). Les ouvriers du secteur priv\u00e9 sont rarement contact\u00e9s pour une demande d\u2019intervention (5,1%) et 78,3% d\u2019entre eux d\u00e9clarent ne jamais \u00eatre contact\u00e9s pendant leur temps libre.<\/p>\n<p>Les trois professions dans lesquelles les personnes occup\u00e9es plus de deux fois par mois intervenir pendant leur temps libre avant le jour ouvrable suivant sont: les managers (30,3%), les professions intellectuelles, scientifiques et artistiques (18,3 %), et les professions interm\u00e9diaires (14,5%).<\/p>\n<p>Les trois professions o\u00f9 l\u2019on d\u00e9clare le plus souvent ne jamais \u00eatre contact\u00e9 pendant son temps libre sont les professions \u00e9l\u00e9mentaires (82,4%), les employ\u00e9s de type administratif (76,4%) et les conducteurs d\u2019installations et de machines et ouvrier de l\u2019assemblage (75,5%).<\/p>\n<p>Les deux secteurs o\u00f9 plus de 20% des personnes occup\u00e9es doivent r\u00e9agir \u00e0 un contact pendant leur temps libre, par exemple en donnant des informations ou en prenant des d\u00e9cisions avant le jour ouvrable suivant sont les activit\u00e9s sp\u00e9cialis\u00e9es, scientifiques et techniques (22,0%) et les activit\u00e9s immobili\u00e8res (y compris les agences immobili\u00e8res) (22,0%) .Les secteurs o\u00f9 les personnes occup\u00e9es ne sont jamais contact\u00e9es pendant leur temps libre sont les services administratifs et de soutien (69,7%) et l&rsquo;industrie (69,5%).<\/p>\n<p><strong><em>Temps de trajet entre le domicile et le principal lieu de travail, sans d\u00e9tour<\/em><\/strong><\/p>\n<p>Pour 75,3% des personnes occup\u00e9es, le lieu de travail principal se situe g\u00e9n\u00e9ralement dans les locaux de l&#8217;employeur ou, dans le cas des ind\u00e9pendants, dans leurs propres locaux. 16% travaillent chez le client ou sur un chantier, 4,7% n\u2019ont pas de lieu de travail fixe et 3,3% travaillent principalement de la maison.<\/p>\n<p>Toutes les personnes occup\u00e9es, sauf celles qui travaillent principalement \u00e0 la maison, ont \u00e9t\u00e9 interrog\u00e9es sur la dur\u00e9e du trajet entre le domicile et le principal lieu de travail. Seule la dur\u00e9e du trajet aller, sans d\u00e9tour, a \u00e9t\u00e9 demand\u00e9e. Le temps n\u00e9cessaire pour faire les courses ou amener les enfants \u00e0 l&rsquo;\u00e9cole entretemps, par exemple, n&rsquo;est pas pris en compte.<\/p>\n<p>La majeure partie des personnes occup\u00e9es (60%) ont un trajet qui dure moins d&rsquo;une demi-heure. Pour 28,8\u202f%, le trajet dure entre une demi-heure et moins d\u2019une heure, et une heure et plus pour une minorit\u00e9 (11%). 63,6% des femmes ont un trajet de moins d\u2019une demi-heure, alors que ce chiffre est plus faible chez les hommes (56,7%).<\/p>\n<p>Les personnes faiblement qualifi\u00e9es ont tendance \u00e0 travailler pr\u00e8s de chez elles. 67,9% ont un trajet inf\u00e9rieur \u00e0 une demi-heure pour se rendre au travail et pour 33,4%, ce trajet dure m\u00eame moins qu\u2019un quart d&rsquo;heure. Ces chiffres sont de respectivement 52,8% et 22,6\u202f% pour les personnes hautement qualifi\u00e9es.<\/p>\n<p>Les longs trajets d&rsquo;une heure ou plus sont plut\u00f4t effectu\u00e9s par les personnes hautement qualifi\u00e9es (14,5%) que par les personnes moyennement ou faiblement qualifi\u00e9es (8,5% et 7,6% respectivement).<\/p>\n<p>Les personnes qui habitent dans la r\u00e9gion o\u00f9 elles travaillent \u00e9galement ont g\u00e9n\u00e9ralement une dur\u00e9e de d\u00e9placement inf\u00e9rieure \u00e0 une demi-heure. 54,8% des personnes qui habitent et travaillent dans la r\u00e9gion de Bruxelles-Capitale, ont un trajet de moins d\u2019une demi-heure. Ce chiffre s\u2019\u00e9l\u00e8ve \u00e0 65,3% pour les personnes qui habitent et travaillent en R\u00e9gion flamande, et m\u00eame \u00e0 70,9% pour les personnes qui habitent et travaillent en R\u00e9gion wallonne.<\/p>\n<p>Pour plus de quatre cinqui\u00e8mes des personnes qui ont leur lieu de travail en R\u00e9gion de Bruxelles-Capitale mais qui n\u2019y r\u00e9sident pas, le trajet dure g\u00e9n\u00e9ralement une demi-heure ou plus. Pour 42,4% de celles qui proviennent de la R\u00e9gion flamande et 35,4% de celles qui proviennent de la R\u00e9gion wallonne, ce trajet dure entre une demi-heure et moins d\u2019une heure. Les trajets les plus longs sont effectu\u00e9s par les personnes provenant de la R\u00e9gion wallonne. 56,6% ont un trajet d&rsquo;une heure ou plus pour se rendre \u00e0 Bruxelles. Pour les habitants de la R\u00e9gion flamande, ce chiffre est de 41,4%.<\/p>\n<p><strong><em>12,7 % des salari\u00e9s font du t\u00e9l\u00e9travail\u00a0<\/em><\/strong><\/p>\n<p>12,7 % de l\u2019ensemble des salari\u00e9s \u00e2g\u00e9s de 15 ans et plus font du t\u00e9l\u00e9travail. Les hommes sont un peu plus repr\u00e9sent\u00e9s que les femmes, et le groupe des 25 \u00e0 49 ans un peu plus que les autres cat\u00e9gories d\u2019\u00e2ge.\u00a0Les personnes hautement qualifi\u00e9es font beaucoup plus de t\u00e9l\u00e9travail que les personnes peu ou moyennement qualifi\u00e9es, tandis que les employ\u00e9s du secteur priv\u00e9 et les fonctionnaires statutaires sont \u00e9galement plus fortement repr\u00e9sent\u00e9s.\u00a0Ce sont principalement les salari\u00e9s qui travaillent dans les secteurs \u2018Information et communication\u2019 (44 %) et \u2018Activit\u00e9s financi\u00e8res et d&rsquo;assurance\u2019 (40,5 %) qui font du t\u00e9l\u00e9travail.<\/p>\n<p>&nbsp;<\/p>\n<p><em>Source: ces chiffres sont le r\u00e9sultats d\u2019une enqu\u00eate sur l\u2019organisation du travail et l&rsquo;am\u00e9nagement du temps de travail que Statbel, l&rsquo;office belge de statistique, a coupl\u00e9e en 2019 \u00e0 la premi\u00e8re interrogation de l\u2019Enqu\u00eate sur les forces de travail (EFT). 20.489 personnes \u00e2g\u00e9es de 15 ans et plus ont r\u00e9pondu \u00e0 l&rsquo;enqu\u00eate. Si l\u2019on extrapole \u00e0 la population totale, il s\u2019agit de 4.832.024 personnes. Les r\u00e9sultats sont bas\u00e9s sur la premi\u00e8re interrogation et non sur 4 interrogations comme la plupart des r\u00e9sultats de l\u2019EFT.<\/em><\/p>\n","protected":false},"excerpt":{"rendered":"<p>En 2019, l&rsquo;ann\u00e9e pr\u00e9c\u00e9dant l&rsquo;apparition du coronavirus (COVID 19) dans notre pays, plus de 20.000 salari\u00e9s et ind\u00e9pendants ont \u00e9t\u00e9 interrog\u00e9s par Stable sur l\u2019organisation du travail et l\u2019am\u00e9nagement de leur temps de travail. Les questions ont \u00e9t\u00e9 ajout\u00e9es \u00e0 [&hellip;]<\/p>\n","protected":false},"author":2,"featured_media":9826,"comment_status":"closed","ping_status":"open","sticky":false,"template":"","format":"standard","meta":[],"categories":[65,10],"tags":[220,2283,219,39],"yoast_head":"<!-- This site is optimized with the Yoast SEO plugin v21.0 - https:\/\/yoast.com\/wordpress\/plugins\/seo\/ -->\n<title>La flexibilit\u00e9 du temps de travail s&#039;installait doucement dans nos habitudes, avant que la COVID-19 ne chamboule tout... - Peoplesphere<\/title>\n<meta name=\"robots\" content=\"index, follow, max-snippet:-1, max-image-preview:large, max-video-preview:-1\" \/>\n<link rel=\"canonical\" href=\"https:\/\/peoplesphere.be\/fr\/flexibilite-temps-de-travail-sinstallait-doucement-nos-habitudes-covid-19-ne-chamboule\/\" \/>\n<meta property=\"og:locale\" content=\"fr_FR\" \/>\n<meta property=\"og:type\" content=\"article\" \/>\n<meta property=\"og:title\" content=\"La flexibilit\u00e9 du temps de travail s&#039;installait doucement dans nos habitudes, avant que la COVID-19 ne chamboule tout... - Peoplesphere\" \/>\n<meta property=\"og:description\" content=\"En 2019, l&rsquo;ann\u00e9e pr\u00e9c\u00e9dant l&rsquo;apparition du coronavirus (COVID 19) dans notre pays, plus de 20.000 salari\u00e9s et ind\u00e9pendants ont \u00e9t\u00e9 interrog\u00e9s par Stable sur l\u2019organisation du travail et l\u2019am\u00e9nagement de leur temps de travail. Les questions ont \u00e9t\u00e9 ajout\u00e9es \u00e0 [&hellip;]\" \/>\n<meta property=\"og:url\" content=\"https:\/\/peoplesphere.be\/fr\/flexibilite-temps-de-travail-sinstallait-doucement-nos-habitudes-covid-19-ne-chamboule\/\" \/>\n<meta property=\"og:site_name\" content=\"Peoplesphere\" \/>\n<meta property=\"article:publisher\" content=\"https:\/\/www.facebook.com\/peoplesphere\" \/>\n<meta property=\"article:published_time\" content=\"2020-07-01T13:35:36+00:00\" \/>\n<meta property=\"article:modified_time\" content=\"2020-07-01T13:36:46+00:00\" \/>\n<meta property=\"og:image\" content=\"https:\/\/peoplesphere.be\/fr\/wp-content\/uploads\/2020\/07\/AdobeStock_330982950.jpeg\" \/>\n\t<meta property=\"og:image:width\" content=\"430\" \/>\n\t<meta property=\"og:image:height\" content=\"321\" \/>\n\t<meta property=\"og:image:type\" content=\"image\/jpeg\" \/>\n<meta name=\"author\" content=\"Jean-Paul Erhard\" \/>\n<meta name=\"twitter:card\" content=\"summary_large_image\" \/>\n<meta name=\"twitter:creator\" content=\"@PeoplesphereMag\" \/>\n<meta name=\"twitter:site\" content=\"@PeoplesphereMag\" \/>\n<meta name=\"twitter:label1\" content=\"\u00c9crit par\" \/>\n\t<meta name=\"twitter:data1\" content=\"Jean-Paul Erhard\" \/>\n\t<meta name=\"twitter:label2\" content=\"Dur\u00e9e de lecture estim\u00e9e\" \/>\n\t<meta name=\"twitter:data2\" content=\"8 minutes\" \/>\n<script type=\"application\/ld+json\" class=\"yoast-schema-graph\">{\"@context\":\"https:\/\/schema.org\",\"@graph\":[{\"@type\":\"Article\",\"@id\":\"https:\/\/peoplesphere.be\/fr\/flexibilite-temps-de-travail-sinstallait-doucement-nos-habitudes-covid-19-ne-chamboule\/#article\",\"isPartOf\":{\"@id\":\"https:\/\/peoplesphere.be\/fr\/flexibilite-temps-de-travail-sinstallait-doucement-nos-habitudes-covid-19-ne-chamboule\/\"},\"author\":{\"name\":\"Jean-Paul Erhard\",\"@id\":\"https:\/\/peoplesphere.be\/fr\/#\/schema\/person\/7976225ff17988604334abb7b3536a7e\"},\"headline\":\"La flexibilit\u00e9 du temps de travail s&rsquo;installait doucement dans nos habitudes, avant que la COVID-19 ne chamboule tout&#8230;\",\"datePublished\":\"2020-07-01T13:35:36+00:00\",\"dateModified\":\"2020-07-01T13:36:46+00:00\",\"mainEntityOfPage\":{\"@id\":\"https:\/\/peoplesphere.be\/fr\/flexibilite-temps-de-travail-sinstallait-doucement-nos-habitudes-covid-19-ne-chamboule\/\"},\"wordCount\":1596,\"publisher\":{\"@id\":\"https:\/\/peoplesphere.be\/fr\/#organization\"},\"keywords\":[\"flexibilit\u00e9\",\"statbel\",\"t\u00e9l\u00e9travail\",\"temps de travail\"],\"articleSection\":[\"Actualit\u00e9s\",\"Digital\"],\"inLanguage\":\"fr-FR\"},{\"@type\":\"WebPage\",\"@id\":\"https:\/\/peoplesphere.be\/fr\/flexibilite-temps-de-travail-sinstallait-doucement-nos-habitudes-covid-19-ne-chamboule\/\",\"url\":\"https:\/\/peoplesphere.be\/fr\/flexibilite-temps-de-travail-sinstallait-doucement-nos-habitudes-covid-19-ne-chamboule\/\",\"name\":\"La flexibilit\u00e9 du temps de travail s'installait doucement dans nos habitudes, avant que la COVID-19 ne chamboule tout... - Peoplesphere\",\"isPartOf\":{\"@id\":\"https:\/\/peoplesphere.be\/fr\/#website\"},\"datePublished\":\"2020-07-01T13:35:36+00:00\",\"dateModified\":\"2020-07-01T13:36:46+00:00\",\"breadcrumb\":{\"@id\":\"https:\/\/peoplesphere.be\/fr\/flexibilite-temps-de-travail-sinstallait-doucement-nos-habitudes-covid-19-ne-chamboule\/#breadcrumb\"},\"inLanguage\":\"fr-FR\",\"potentialAction\":[{\"@type\":\"ReadAction\",\"target\":[\"https:\/\/peoplesphere.be\/fr\/flexibilite-temps-de-travail-sinstallait-doucement-nos-habitudes-covid-19-ne-chamboule\/\"]}]},{\"@type\":\"BreadcrumbList\",\"@id\":\"https:\/\/peoplesphere.be\/fr\/flexibilite-temps-de-travail-sinstallait-doucement-nos-habitudes-covid-19-ne-chamboule\/#breadcrumb\",\"itemListElement\":[{\"@type\":\"ListItem\",\"position\":1,\"name\":\"Accueil\",\"item\":\"https:\/\/peoplesphere.be\/fr\/\"},{\"@type\":\"ListItem\",\"position\":2,\"name\":\"La flexibilit\u00e9 du temps de travail s&rsquo;installait doucement dans nos habitudes, avant que la COVID-19 ne chamboule tout&#8230;\"}]},{\"@type\":\"WebSite\",\"@id\":\"https:\/\/peoplesphere.be\/fr\/#website\",\"url\":\"https:\/\/peoplesphere.be\/fr\/\",\"name\":\"Peoplesphere\",\"description\":\"The People Managers Magazine\",\"publisher\":{\"@id\":\"https:\/\/peoplesphere.be\/fr\/#organization\"},\"potentialAction\":[{\"@type\":\"SearchAction\",\"target\":{\"@type\":\"EntryPoint\",\"urlTemplate\":\"https:\/\/peoplesphere.be\/fr\/?s={search_term_string}\"},\"query-input\":\"required name=search_term_string\"}],\"inLanguage\":\"fr-FR\"},{\"@type\":\"Organization\",\"@id\":\"https:\/\/peoplesphere.be\/fr\/#organization\",\"name\":\"Peoplesphere Company srl\",\"url\":\"https:\/\/peoplesphere.be\/fr\/\",\"logo\":{\"@type\":\"ImageObject\",\"inLanguage\":\"fr-FR\",\"@id\":\"https:\/\/peoplesphere.be\/fr\/#\/schema\/logo\/image\/\",\"url\":\"https:\/\/peoplesphere.be\/fr\/wp-content\/uploads\/2023\/07\/peoplesphere-lgo-new-generik.jpg\",\"contentUrl\":\"https:\/\/peoplesphere.be\/fr\/wp-content\/uploads\/2023\/07\/peoplesphere-lgo-new-generik.jpg\",\"width\":1031,\"height\":1479,\"caption\":\"Peoplesphere Company srl\"},\"image\":{\"@id\":\"https:\/\/peoplesphere.be\/fr\/#\/schema\/logo\/image\/\"},\"sameAs\":[\"https:\/\/www.facebook.com\/peoplesphere\",\"https:\/\/twitter.com\/PeoplesphereMag\",\"https:\/\/www.linkedin.com\/company\/7587361?trk\",\"http:\/\/youtube.com\/peoplesphere\"]},{\"@type\":\"Person\",\"@id\":\"https:\/\/peoplesphere.be\/fr\/#\/schema\/person\/7976225ff17988604334abb7b3536a7e\",\"name\":\"Jean-Paul Erhard\",\"image\":{\"@type\":\"ImageObject\",\"inLanguage\":\"fr-FR\",\"@id\":\"https:\/\/peoplesphere.be\/fr\/#\/schema\/person\/image\/\",\"url\":\"https:\/\/secure.gravatar.com\/avatar\/f941e681460179738071629a51574930?s=96&d=mm&r=g\",\"contentUrl\":\"https:\/\/secure.gravatar.com\/avatar\/f941e681460179738071629a51574930?s=96&d=mm&r=g\",\"caption\":\"Jean-Paul Erhard\"},\"url\":\"https:\/\/peoplesphere.be\/fr\/author\/jpe\/\"}]}<\/script>\n<!-- \/ Yoast SEO plugin. -->","yoast_head_json":{"title":"La flexibilit\u00e9 du temps de travail s'installait doucement dans nos habitudes, avant que la COVID-19 ne chamboule tout... - Peoplesphere","robots":{"index":"index","follow":"follow","max-snippet":"max-snippet:-1","max-image-preview":"max-image-preview:large","max-video-preview":"max-video-preview:-1"},"canonical":"https:\/\/peoplesphere.be\/fr\/flexibilite-temps-de-travail-sinstallait-doucement-nos-habitudes-covid-19-ne-chamboule\/","og_locale":"fr_FR","og_type":"article","og_title":"La flexibilit\u00e9 du temps de travail s'installait doucement dans nos habitudes, avant que la COVID-19 ne chamboule tout... - Peoplesphere","og_description":"En 2019, l&rsquo;ann\u00e9e pr\u00e9c\u00e9dant l&rsquo;apparition du coronavirus (COVID 19) dans notre pays, plus de 20.000 salari\u00e9s et ind\u00e9pendants ont \u00e9t\u00e9 interrog\u00e9s par Stable sur l\u2019organisation du travail et l\u2019am\u00e9nagement de leur temps de travail. Les questions ont \u00e9t\u00e9 ajout\u00e9es \u00e0 [&hellip;]","og_url":"https:\/\/peoplesphere.be\/fr\/flexibilite-temps-de-travail-sinstallait-doucement-nos-habitudes-covid-19-ne-chamboule\/","og_site_name":"Peoplesphere","article_publisher":"https:\/\/www.facebook.com\/peoplesphere","article_published_time":"2020-07-01T13:35:36+00:00","article_modified_time":"2020-07-01T13:36:46+00:00","og_image":[{"width":430,"height":321,"url":"https:\/\/peoplesphere.be\/fr\/wp-content\/uploads\/2020\/07\/AdobeStock_330982950.jpeg","type":"image\/jpeg"}],"author":"Jean-Paul Erhard","twitter_card":"summary_large_image","twitter_creator":"@PeoplesphereMag","twitter_site":"@PeoplesphereMag","twitter_misc":{"\u00c9crit par":"Jean-Paul Erhard","Dur\u00e9e de lecture estim\u00e9e":"8 minutes"},"schema":{"@context":"https:\/\/schema.org","@graph":[{"@type":"Article","@id":"https:\/\/peoplesphere.be\/fr\/flexibilite-temps-de-travail-sinstallait-doucement-nos-habitudes-covid-19-ne-chamboule\/#article","isPartOf":{"@id":"https:\/\/peoplesphere.be\/fr\/flexibilite-temps-de-travail-sinstallait-doucement-nos-habitudes-covid-19-ne-chamboule\/"},"author":{"name":"Jean-Paul Erhard","@id":"https:\/\/peoplesphere.be\/fr\/#\/schema\/person\/7976225ff17988604334abb7b3536a7e"},"headline":"La flexibilit\u00e9 du temps de travail s&rsquo;installait doucement dans nos habitudes, avant que la COVID-19 ne chamboule tout&#8230;","datePublished":"2020-07-01T13:35:36+00:00","dateModified":"2020-07-01T13:36:46+00:00","mainEntityOfPage":{"@id":"https:\/\/peoplesphere.be\/fr\/flexibilite-temps-de-travail-sinstallait-doucement-nos-habitudes-covid-19-ne-chamboule\/"},"wordCount":1596,"publisher":{"@id":"https:\/\/peoplesphere.be\/fr\/#organization"},"keywords":["flexibilit\u00e9","statbel","t\u00e9l\u00e9travail","temps de travail"],"articleSection":["Actualit\u00e9s","Digital"],"inLanguage":"fr-FR"},{"@type":"WebPage","@id":"https:\/\/peoplesphere.be\/fr\/flexibilite-temps-de-travail-sinstallait-doucement-nos-habitudes-covid-19-ne-chamboule\/","url":"https:\/\/peoplesphere.be\/fr\/flexibilite-temps-de-travail-sinstallait-doucement-nos-habitudes-covid-19-ne-chamboule\/","name":"La flexibilit\u00e9 du temps de travail s'installait doucement dans nos habitudes, avant que la COVID-19 ne chamboule tout... - Peoplesphere","isPartOf":{"@id":"https:\/\/peoplesphere.be\/fr\/#website"},"datePublished":"2020-07-01T13:35:36+00:00","dateModified":"2020-07-01T13:36:46+00:00","breadcrumb":{"@id":"https:\/\/peoplesphere.be\/fr\/flexibilite-temps-de-travail-sinstallait-doucement-nos-habitudes-covid-19-ne-chamboule\/#breadcrumb"},"inLanguage":"fr-FR","potentialAction":[{"@type":"ReadAction","target":["https:\/\/peoplesphere.be\/fr\/flexibilite-temps-de-travail-sinstallait-doucement-nos-habitudes-covid-19-ne-chamboule\/"]}]},{"@type":"BreadcrumbList","@id":"https:\/\/peoplesphere.be\/fr\/flexibilite-temps-de-travail-sinstallait-doucement-nos-habitudes-covid-19-ne-chamboule\/#breadcrumb","itemListElement":[{"@type":"ListItem","position":1,"name":"Accueil","item":"https:\/\/peoplesphere.be\/fr\/"},{"@type":"ListItem","position":2,"name":"La flexibilit\u00e9 du temps de travail s&rsquo;installait doucement dans nos habitudes, avant que la COVID-19 ne chamboule tout&#8230;"}]},{"@type":"WebSite","@id":"https:\/\/peoplesphere.be\/fr\/#website","url":"https:\/\/peoplesphere.be\/fr\/","name":"Peoplesphere","description":"The People Managers Magazine","publisher":{"@id":"https:\/\/peoplesphere.be\/fr\/#organization"},"potentialAction":[{"@type":"SearchAction","target":{"@type":"EntryPoint","urlTemplate":"https:\/\/peoplesphere.be\/fr\/?s={search_term_string}"},"query-input":"required name=search_term_string"}],"inLanguage":"fr-FR"},{"@type":"Organization","@id":"https:\/\/peoplesphere.be\/fr\/#organization","name":"Peoplesphere Company srl","url":"https:\/\/peoplesphere.be\/fr\/","logo":{"@type":"ImageObject","inLanguage":"fr-FR","@id":"https:\/\/peoplesphere.be\/fr\/#\/schema\/logo\/image\/","url":"https:\/\/peoplesphere.be\/fr\/wp-content\/uploads\/2023\/07\/peoplesphere-lgo-new-generik.jpg","contentUrl":"https:\/\/peoplesphere.be\/fr\/wp-content\/uploads\/2023\/07\/peoplesphere-lgo-new-generik.jpg","width":1031,"height":1479,"caption":"Peoplesphere Company srl"},"image":{"@id":"https:\/\/peoplesphere.be\/fr\/#\/schema\/logo\/image\/"},"sameAs":["https:\/\/www.facebook.com\/peoplesphere","https:\/\/twitter.com\/PeoplesphereMag","https:\/\/www.linkedin.com\/company\/7587361?trk","http:\/\/youtube.com\/peoplesphere"]},{"@type":"Person","@id":"https:\/\/peoplesphere.be\/fr\/#\/schema\/person\/7976225ff17988604334abb7b3536a7e","name":"Jean-Paul Erhard","image":{"@type":"ImageObject","inLanguage":"fr-FR","@id":"https:\/\/peoplesphere.be\/fr\/#\/schema\/person\/image\/","url":"https:\/\/secure.gravatar.com\/avatar\/f941e681460179738071629a51574930?s=96&d=mm&r=g","contentUrl":"https:\/\/secure.gravatar.com\/avatar\/f941e681460179738071629a51574930?s=96&d=mm&r=g","caption":"Jean-Paul Erhard"},"url":"https:\/\/peoplesphere.be\/fr\/author\/jpe\/"}]}},"_links":{"self":[{"href":"https:\/\/peoplesphere.be\/fr\/wp-json\/wp\/v2\/posts\/9825"}],"collection":[{"href":"https:\/\/peoplesphere.be\/fr\/wp-json\/wp\/v2\/posts"}],"about":[{"href":"https:\/\/peoplesphere.be\/fr\/wp-json\/wp\/v2\/types\/post"}],"author":[{"embeddable":true,"href":"https:\/\/peoplesphere.be\/fr\/wp-json\/wp\/v2\/users\/2"}],"replies":[{"embeddable":true,"href":"https:\/\/peoplesphere.be\/fr\/wp-json\/wp\/v2\/comments?post=9825"}],"version-history":[{"count":2,"href":"https:\/\/peoplesphere.be\/fr\/wp-json\/wp\/v2\/posts\/9825\/revisions"}],"predecessor-version":[{"id":9828,"href":"https:\/\/peoplesphere.be\/fr\/wp-json\/wp\/v2\/posts\/9825\/revisions\/9828"}],"wp:featuredmedia":[{"embeddable":true,"href":"https:\/\/peoplesphere.be\/fr\/wp-json\/wp\/v2\/media\/9826"}],"wp:attachment":[{"href":"https:\/\/peoplesphere.be\/fr\/wp-json\/wp\/v2\/media?parent=9825"}],"wp:term":[{"taxonomy":"category","embeddable":true,"href":"https:\/\/peoplesphere.be\/fr\/wp-json\/wp\/v2\/categories?post=9825"},{"taxonomy":"post_tag","embeddable":true,"href":"https:\/\/peoplesphere.be\/fr\/wp-json\/wp\/v2\/tags?post=9825"}],"curies":[{"name":"wp","href":"https:\/\/api.w.org\/{rel}","templated":true}]}}