









{"id":9829,"date":"2020-07-01T17:06:26","date_gmt":"2020-07-01T15:06:26","guid":{"rendered":"https:\/\/peoplesphere.be\/fr\/?p=9829"},"modified":"2020-07-01T17:06:26","modified_gmt":"2020-07-01T15:06:26","slug":"36-000-emplois-a-creer-leconomie-circulaire-temps-de-se-former-y-prendre-part","status":"publish","type":"post","link":"https:\/\/peoplesphere.be\/fr\/36-000-emplois-a-creer-leconomie-circulaire-temps-de-se-former-y-prendre-part\/","title":{"rendered":"36.000 emplois \u00e0 cr\u00e9er dans l&rsquo;\u00e9conomie circulaire: il est temps de se former pour y prendre part."},"content":{"rendered":"<p>Soutenir le d\u00e9veloppement d\u2019une \u00e9conomie circulaire, et ainsi favoriser une r\u00e9industrialisation locale et durable, est l\u2019une des ambitions de la Wallonie d\u2019ici \u00e0 la fin de la l\u00e9gislature. Pour relever ce d\u00e9fi, le Forem lance sa deuxi\u00e8me \u00e9dition de sa formation en \u00e9conomie circulaire. Pr\u00e8s d\u2019une cinquantaine de personnes ont particip\u00e9 le jeudi 18 juin \u00e0 la s\u00e9ance d\u2019informations qui pr\u00e9sentait le m\u00e9tier de Circular Business Developer. Plus de 36.000 nouveaux emplois seront concern\u00e9s par l\u2019\u00e9conomie circulaire dans les ann\u00e9es \u00e0 venir en Wallonie.<!--more--><\/p>\n<p>Anticiper les \u00e9volutions, la transformation et l\u2019\u00e9mergence de nouveaux m\u00e9tiers font partie des missions du Forem. Aujourd\u2019hui, l\u2019\u00e9conomie que nous connaissons est essentiellement lin\u00e9aire : elle se r\u00e9sume \u00e0 extraire, fabriquer, utiliser et jeter. Demain, elle sera davantage circulaire. Pour soutenir cette nouvelle tendance, un profil est de plus en plus recherch\u00e9 par les entreprises wallonnes : le\/la facilitateur.rice en \u00e9conomie circulaire ou Circular Business Developer.<\/p>\n<p>Ce 18 juin, une cinquantaine de personnes ont particip\u00e9 \u00e0 la s\u00e9ance d\u2019informations sur la formation en \u00e9conomie circulaire. Organis\u00e9e \u00e0 distance, cette s\u00e9ance d\u2019informations \u00e9tait l\u2019occasion pour les participants d\u2019en savoir plus sur ce m\u00e9tier et sur cette formation, qui aura lieu du 15 septembre au 30 juin 2021.<\/p>\n<p>Un m\u00e9tier \u00e0 la pointe visant \u00e0 la fois \u00e0 guider le management dans ses d\u00e9cisions op\u00e9rationnelles sous un angle de d\u00e9veloppement durable tout en mesurant l\u2019impact de ces choix sur les mati\u00e8res premi\u00e8res, les stocks, les produits, les d\u00e9chets, l\u2019\u00e9nergie consomm\u00e9e\u2026<\/p>\n<p>Les six premiers mois de cette formation, ils d\u00e9velopperont de nouvelles comp\u00e9tences comme l\u2019analyse du cycle de vie et l\u2019\u00e9coconception des produits, le management environnemental, le lean management, la gestion de projet, l\u2019\u00e9conomie de la fonctionnalit\u00e9, le management de l\u2019information, l\u2019\u00e9conomie de l\u2019environnement, l\u2019utilisation du big data, la gestion des processus d\u2019innovation, le bilan carbone, les nouveaux business mod\u00e8les&#8230; Ils d\u00e9velopperont ensuite un projet d\u2019\u00e9conomie circulaire durant trois mois de stage en entreprise.<\/p>\n<p>Cette formation s\u2019adresse aux personnes dot\u00e9es au minimum d\u2019un bachelier dans les domaines scientifique, \u00e9conomique, ou manag\u00e9rial ; ou qui ont une exp\u00e9rience pr\u00e9alable en entreprise. Les candidats seront invit\u00e9s \u00e0 un entretien de s\u00e9lection et \u00e0 un test \u00e9crit pour \u00e9valuer leurs comp\u00e9tences. Ces entretiens de s\u00e9lection ont lieu ces vendredi 19, lundi 22, mardi 23, et jeudi 25 juin. Au terme de cette s\u00e9lection, 14 candidats int\u00e8greront la nouvelle promotion de cette formation en septembre prochain.<\/p>\n<p><strong><em>Une Wallonie \u00e0 la pointe au niveau de l\u2019\u00e9conomie circulaire<\/em><\/strong><\/p>\n<p>En 2019, une table ronde au Parlement de Wallonie a \u00e9t\u00e9 organis\u00e9e afin de faire le point sur l\u2019\u00e9tat d\u2019avancement de l\u2019\u00e9conomie circulaire. Au cours de celle-ci, plus de 60 personnes issues de tous les secteurs wallons concern\u00e9s par l\u2019\u00e9conomie circulaire sont venues s\u2019exprimer. C&rsquo;est une approche relativement in\u00e9luctable face aux d\u00e9fis de notre temps (\u00e9puisement des ressources, d\u00e9r\u00e8glement climatique, d\u00e9clin de la biodiversit\u00e9\u2026) et qui repr\u00e9sente une v\u00e9ritable opportunit\u00e9 pour les ann\u00e9es \u00e0 venir pour la Wallonie :<\/p>\n<ul>\n<li>sociale en cr\u00e9ant plus de 36.000 nouveaux emplois dans les ann\u00e9es \u00e0 venir ;<\/li>\n<li>\u00e9conomique en favorisant une croissance suppl\u00e9mentaire de 1,04 % par an en r\u00e9industrialisant de mani\u00e8re locale et durable ;<\/li>\n<li>environnementale avec la r\u00e9duction de moiti\u00e9 des \u00e9missions de dioxyde de carbone et la r\u00e9duction de 30% de la consommation des ressources primaires.<\/li>\n<\/ul>\n<p>Dans sa D\u00e9claration de politique r\u00e9gionale 2019-2024, la Wallonie s\u2019inscrit clairement dans cette dynamique d\u2019\u00e9conomie circulaire. Un large pan de celle-ci lui est d\u2019ailleurs consacr\u00e9.<\/p>\n<p><em>Source: Forem<\/em><\/p>\n","protected":false},"excerpt":{"rendered":"<p>Soutenir le d\u00e9veloppement d\u2019une \u00e9conomie circulaire, et ainsi favoriser une r\u00e9industrialisation locale et durable, est l\u2019une des ambitions de la Wallonie d\u2019ici \u00e0 la fin de la l\u00e9gislature. Pour relever ce d\u00e9fi, le Forem lance sa deuxi\u00e8me \u00e9dition de sa [&hellip;]<\/p>\n","protected":false},"author":2,"featured_media":0,"comment_status":"closed","ping_status":"open","sticky":false,"template":"","format":"standard","meta":[],"categories":[65,10],"tags":[736,331,48],"yoast_head":"<!-- This site is optimized with the Yoast SEO plugin v21.0 - https:\/\/yoast.com\/wordpress\/plugins\/seo\/ -->\n<title>36.000 emplois \u00e0 cr\u00e9er dans l&#039;\u00e9conomie circulaire: il est temps de se former pour y prendre part. - Peoplesphere<\/title>\n<meta name=\"robots\" content=\"index, follow, max-snippet:-1, max-image-preview:large, max-video-preview:-1\" \/>\n<link rel=\"canonical\" href=\"https:\/\/peoplesphere.be\/fr\/36-000-emplois-a-creer-leconomie-circulaire-temps-de-se-former-y-prendre-part\/\" \/>\n<meta property=\"og:locale\" content=\"fr_FR\" \/>\n<meta property=\"og:type\" content=\"article\" \/>\n<meta property=\"og:title\" content=\"36.000 emplois \u00e0 cr\u00e9er dans l&#039;\u00e9conomie circulaire: il est temps de se former pour y prendre part. - Peoplesphere\" \/>\n<meta property=\"og:description\" content=\"Soutenir le d\u00e9veloppement d\u2019une \u00e9conomie circulaire, et ainsi favoriser une r\u00e9industrialisation locale et durable, est l\u2019une des ambitions de la Wallonie d\u2019ici \u00e0 la fin de la l\u00e9gislature. Pour relever ce d\u00e9fi, le Forem lance sa deuxi\u00e8me \u00e9dition de sa [&hellip;]\" \/>\n<meta property=\"og:url\" content=\"https:\/\/peoplesphere.be\/fr\/36-000-emplois-a-creer-leconomie-circulaire-temps-de-se-former-y-prendre-part\/\" \/>\n<meta property=\"og:site_name\" content=\"Peoplesphere\" \/>\n<meta property=\"article:publisher\" content=\"https:\/\/www.facebook.com\/peoplesphere\" \/>\n<meta property=\"article:published_time\" content=\"2020-07-01T15:06:26+00:00\" \/>\n<meta property=\"og:image\" content=\"http:\/\/www.peoplesphere.be\/fr\/wp-content\/uploads\/2016\/07\/facebook-default-posting-1200x628px.jpg\" \/>\n<meta name=\"author\" content=\"Jean-Paul Erhard\" \/>\n<meta name=\"twitter:card\" content=\"summary_large_image\" \/>\n<meta name=\"twitter:creator\" content=\"@PeoplesphereMag\" \/>\n<meta name=\"twitter:site\" content=\"@PeoplesphereMag\" \/>\n<meta name=\"twitter:label1\" content=\"\u00c9crit par\" \/>\n\t<meta name=\"twitter:data1\" content=\"Jean-Paul Erhard\" \/>\n\t<meta name=\"twitter:label2\" content=\"Dur\u00e9e de lecture estim\u00e9e\" \/>\n\t<meta name=\"twitter:data2\" content=\"3 minutes\" \/>\n<script type=\"application\/ld+json\" class=\"yoast-schema-graph\">{\"@context\":\"https:\/\/schema.org\",\"@graph\":[{\"@type\":\"Article\",\"@id\":\"https:\/\/peoplesphere.be\/fr\/36-000-emplois-a-creer-leconomie-circulaire-temps-de-se-former-y-prendre-part\/#article\",\"isPartOf\":{\"@id\":\"https:\/\/peoplesphere.be\/fr\/36-000-emplois-a-creer-leconomie-circulaire-temps-de-se-former-y-prendre-part\/\"},\"author\":{\"name\":\"Jean-Paul Erhard\",\"@id\":\"https:\/\/peoplesphere.be\/fr\/#\/schema\/person\/7976225ff17988604334abb7b3536a7e\"},\"headline\":\"36.000 emplois \u00e0 cr\u00e9er dans l&rsquo;\u00e9conomie circulaire: il est temps de se former pour y prendre part.\",\"datePublished\":\"2020-07-01T15:06:26+00:00\",\"dateModified\":\"2020-07-01T15:06:26+00:00\",\"mainEntityOfPage\":{\"@id\":\"https:\/\/peoplesphere.be\/fr\/36-000-emplois-a-creer-leconomie-circulaire-temps-de-se-former-y-prendre-part\/\"},\"wordCount\":641,\"publisher\":{\"@id\":\"https:\/\/peoplesphere.be\/fr\/#organization\"},\"keywords\":[\"\u00e9conomie circulaire\",\"forem\",\"Formation\"],\"articleSection\":[\"Actualit\u00e9s\",\"Digital\"],\"inLanguage\":\"fr-FR\"},{\"@type\":\"WebPage\",\"@id\":\"https:\/\/peoplesphere.be\/fr\/36-000-emplois-a-creer-leconomie-circulaire-temps-de-se-former-y-prendre-part\/\",\"url\":\"https:\/\/peoplesphere.be\/fr\/36-000-emplois-a-creer-leconomie-circulaire-temps-de-se-former-y-prendre-part\/\",\"name\":\"36.000 emplois \u00e0 cr\u00e9er dans l'\u00e9conomie circulaire: il est temps de se former pour y prendre part. - Peoplesphere\",\"isPartOf\":{\"@id\":\"https:\/\/peoplesphere.be\/fr\/#website\"},\"datePublished\":\"2020-07-01T15:06:26+00:00\",\"dateModified\":\"2020-07-01T15:06:26+00:00\",\"breadcrumb\":{\"@id\":\"https:\/\/peoplesphere.be\/fr\/36-000-emplois-a-creer-leconomie-circulaire-temps-de-se-former-y-prendre-part\/#breadcrumb\"},\"inLanguage\":\"fr-FR\",\"potentialAction\":[{\"@type\":\"ReadAction\",\"target\":[\"https:\/\/peoplesphere.be\/fr\/36-000-emplois-a-creer-leconomie-circulaire-temps-de-se-former-y-prendre-part\/\"]}]},{\"@type\":\"BreadcrumbList\",\"@id\":\"https:\/\/peoplesphere.be\/fr\/36-000-emplois-a-creer-leconomie-circulaire-temps-de-se-former-y-prendre-part\/#breadcrumb\",\"itemListElement\":[{\"@type\":\"ListItem\",\"position\":1,\"name\":\"Accueil\",\"item\":\"https:\/\/peoplesphere.be\/fr\/\"},{\"@type\":\"ListItem\",\"position\":2,\"name\":\"36.000 emplois \u00e0 cr\u00e9er dans l&rsquo;\u00e9conomie circulaire: il est temps de se former pour y prendre part.\"}]},{\"@type\":\"WebSite\",\"@id\":\"https:\/\/peoplesphere.be\/fr\/#website\",\"url\":\"https:\/\/peoplesphere.be\/fr\/\",\"name\":\"Peoplesphere\",\"description\":\"The People Managers Magazine\",\"publisher\":{\"@id\":\"https:\/\/peoplesphere.be\/fr\/#organization\"},\"potentialAction\":[{\"@type\":\"SearchAction\",\"target\":{\"@type\":\"EntryPoint\",\"urlTemplate\":\"https:\/\/peoplesphere.be\/fr\/?s={search_term_string}\"},\"query-input\":\"required name=search_term_string\"}],\"inLanguage\":\"fr-FR\"},{\"@type\":\"Organization\",\"@id\":\"https:\/\/peoplesphere.be\/fr\/#organization\",\"name\":\"Peoplesphere Company srl\",\"url\":\"https:\/\/peoplesphere.be\/fr\/\",\"logo\":{\"@type\":\"ImageObject\",\"inLanguage\":\"fr-FR\",\"@id\":\"https:\/\/peoplesphere.be\/fr\/#\/schema\/logo\/image\/\",\"url\":\"https:\/\/peoplesphere.be\/fr\/wp-content\/uploads\/2023\/07\/peoplesphere-lgo-new-generik.jpg\",\"contentUrl\":\"https:\/\/peoplesphere.be\/fr\/wp-content\/uploads\/2023\/07\/peoplesphere-lgo-new-generik.jpg\",\"width\":1031,\"height\":1479,\"caption\":\"Peoplesphere Company srl\"},\"image\":{\"@id\":\"https:\/\/peoplesphere.be\/fr\/#\/schema\/logo\/image\/\"},\"sameAs\":[\"https:\/\/www.facebook.com\/peoplesphere\",\"https:\/\/twitter.com\/PeoplesphereMag\",\"https:\/\/www.linkedin.com\/company\/7587361?trk\",\"http:\/\/youtube.com\/peoplesphere\"]},{\"@type\":\"Person\",\"@id\":\"https:\/\/peoplesphere.be\/fr\/#\/schema\/person\/7976225ff17988604334abb7b3536a7e\",\"name\":\"Jean-Paul Erhard\",\"image\":{\"@type\":\"ImageObject\",\"inLanguage\":\"fr-FR\",\"@id\":\"https:\/\/peoplesphere.be\/fr\/#\/schema\/person\/image\/\",\"url\":\"https:\/\/secure.gravatar.com\/avatar\/f941e681460179738071629a51574930?s=96&d=mm&r=g\",\"contentUrl\":\"https:\/\/secure.gravatar.com\/avatar\/f941e681460179738071629a51574930?s=96&d=mm&r=g\",\"caption\":\"Jean-Paul Erhard\"},\"url\":\"https:\/\/peoplesphere.be\/fr\/author\/jpe\/\"}]}<\/script>\n<!-- \/ Yoast SEO plugin. -->","yoast_head_json":{"title":"36.000 emplois \u00e0 cr\u00e9er dans l'\u00e9conomie circulaire: il est temps de se former pour y prendre part. - Peoplesphere","robots":{"index":"index","follow":"follow","max-snippet":"max-snippet:-1","max-image-preview":"max-image-preview:large","max-video-preview":"max-video-preview:-1"},"canonical":"https:\/\/peoplesphere.be\/fr\/36-000-emplois-a-creer-leconomie-circulaire-temps-de-se-former-y-prendre-part\/","og_locale":"fr_FR","og_type":"article","og_title":"36.000 emplois \u00e0 cr\u00e9er dans l'\u00e9conomie circulaire: il est temps de se former pour y prendre part. - Peoplesphere","og_description":"Soutenir le d\u00e9veloppement d\u2019une \u00e9conomie circulaire, et ainsi favoriser une r\u00e9industrialisation locale et durable, est l\u2019une des ambitions de la Wallonie d\u2019ici \u00e0 la fin de la l\u00e9gislature. Pour relever ce d\u00e9fi, le Forem lance sa deuxi\u00e8me \u00e9dition de sa [&hellip;]","og_url":"https:\/\/peoplesphere.be\/fr\/36-000-emplois-a-creer-leconomie-circulaire-temps-de-se-former-y-prendre-part\/","og_site_name":"Peoplesphere","article_publisher":"https:\/\/www.facebook.com\/peoplesphere","article_published_time":"2020-07-01T15:06:26+00:00","og_image":[{"url":"http:\/\/www.peoplesphere.be\/fr\/wp-content\/uploads\/2016\/07\/facebook-default-posting-1200x628px.jpg"}],"author":"Jean-Paul Erhard","twitter_card":"summary_large_image","twitter_creator":"@PeoplesphereMag","twitter_site":"@PeoplesphereMag","twitter_misc":{"\u00c9crit par":"Jean-Paul Erhard","Dur\u00e9e de lecture estim\u00e9e":"3 minutes"},"schema":{"@context":"https:\/\/schema.org","@graph":[{"@type":"Article","@id":"https:\/\/peoplesphere.be\/fr\/36-000-emplois-a-creer-leconomie-circulaire-temps-de-se-former-y-prendre-part\/#article","isPartOf":{"@id":"https:\/\/peoplesphere.be\/fr\/36-000-emplois-a-creer-leconomie-circulaire-temps-de-se-former-y-prendre-part\/"},"author":{"name":"Jean-Paul Erhard","@id":"https:\/\/peoplesphere.be\/fr\/#\/schema\/person\/7976225ff17988604334abb7b3536a7e"},"headline":"36.000 emplois \u00e0 cr\u00e9er dans l&rsquo;\u00e9conomie circulaire: il est temps de se former pour y prendre part.","datePublished":"2020-07-01T15:06:26+00:00","dateModified":"2020-07-01T15:06:26+00:00","mainEntityOfPage":{"@id":"https:\/\/peoplesphere.be\/fr\/36-000-emplois-a-creer-leconomie-circulaire-temps-de-se-former-y-prendre-part\/"},"wordCount":641,"publisher":{"@id":"https:\/\/peoplesphere.be\/fr\/#organization"},"keywords":["\u00e9conomie circulaire","forem","Formation"],"articleSection":["Actualit\u00e9s","Digital"],"inLanguage":"fr-FR"},{"@type":"WebPage","@id":"https:\/\/peoplesphere.be\/fr\/36-000-emplois-a-creer-leconomie-circulaire-temps-de-se-former-y-prendre-part\/","url":"https:\/\/peoplesphere.be\/fr\/36-000-emplois-a-creer-leconomie-circulaire-temps-de-se-former-y-prendre-part\/","name":"36.000 emplois \u00e0 cr\u00e9er dans l'\u00e9conomie circulaire: il est temps de se former pour y prendre part. - Peoplesphere","isPartOf":{"@id":"https:\/\/peoplesphere.be\/fr\/#website"},"datePublished":"2020-07-01T15:06:26+00:00","dateModified":"2020-07-01T15:06:26+00:00","breadcrumb":{"@id":"https:\/\/peoplesphere.be\/fr\/36-000-emplois-a-creer-leconomie-circulaire-temps-de-se-former-y-prendre-part\/#breadcrumb"},"inLanguage":"fr-FR","potentialAction":[{"@type":"ReadAction","target":["https:\/\/peoplesphere.be\/fr\/36-000-emplois-a-creer-leconomie-circulaire-temps-de-se-former-y-prendre-part\/"]}]},{"@type":"BreadcrumbList","@id":"https:\/\/peoplesphere.be\/fr\/36-000-emplois-a-creer-leconomie-circulaire-temps-de-se-former-y-prendre-part\/#breadcrumb","itemListElement":[{"@type":"ListItem","position":1,"name":"Accueil","item":"https:\/\/peoplesphere.be\/fr\/"},{"@type":"ListItem","position":2,"name":"36.000 emplois \u00e0 cr\u00e9er dans l&rsquo;\u00e9conomie circulaire: il est temps de se former pour y prendre part."}]},{"@type":"WebSite","@id":"https:\/\/peoplesphere.be\/fr\/#website","url":"https:\/\/peoplesphere.be\/fr\/","name":"Peoplesphere","description":"The People Managers Magazine","publisher":{"@id":"https:\/\/peoplesphere.be\/fr\/#organization"},"potentialAction":[{"@type":"SearchAction","target":{"@type":"EntryPoint","urlTemplate":"https:\/\/peoplesphere.be\/fr\/?s={search_term_string}"},"query-input":"required name=search_term_string"}],"inLanguage":"fr-FR"},{"@type":"Organization","@id":"https:\/\/peoplesphere.be\/fr\/#organization","name":"Peoplesphere Company srl","url":"https:\/\/peoplesphere.be\/fr\/","logo":{"@type":"ImageObject","inLanguage":"fr-FR","@id":"https:\/\/peoplesphere.be\/fr\/#\/schema\/logo\/image\/","url":"https:\/\/peoplesphere.be\/fr\/wp-content\/uploads\/2023\/07\/peoplesphere-lgo-new-generik.jpg","contentUrl":"https:\/\/peoplesphere.be\/fr\/wp-content\/uploads\/2023\/07\/peoplesphere-lgo-new-generik.jpg","width":1031,"height":1479,"caption":"Peoplesphere Company srl"},"image":{"@id":"https:\/\/peoplesphere.be\/fr\/#\/schema\/logo\/image\/"},"sameAs":["https:\/\/www.facebook.com\/peoplesphere","https:\/\/twitter.com\/PeoplesphereMag","https:\/\/www.linkedin.com\/company\/7587361?trk","http:\/\/youtube.com\/peoplesphere"]},{"@type":"Person","@id":"https:\/\/peoplesphere.be\/fr\/#\/schema\/person\/7976225ff17988604334abb7b3536a7e","name":"Jean-Paul Erhard","image":{"@type":"ImageObject","inLanguage":"fr-FR","@id":"https:\/\/peoplesphere.be\/fr\/#\/schema\/person\/image\/","url":"https:\/\/secure.gravatar.com\/avatar\/f941e681460179738071629a51574930?s=96&d=mm&r=g","contentUrl":"https:\/\/secure.gravatar.com\/avatar\/f941e681460179738071629a51574930?s=96&d=mm&r=g","caption":"Jean-Paul Erhard"},"url":"https:\/\/peoplesphere.be\/fr\/author\/jpe\/"}]}},"_links":{"self":[{"href":"https:\/\/peoplesphere.be\/fr\/wp-json\/wp\/v2\/posts\/9829"}],"collection":[{"href":"https:\/\/peoplesphere.be\/fr\/wp-json\/wp\/v2\/posts"}],"about":[{"href":"https:\/\/peoplesphere.be\/fr\/wp-json\/wp\/v2\/types\/post"}],"author":[{"embeddable":true,"href":"https:\/\/peoplesphere.be\/fr\/wp-json\/wp\/v2\/users\/2"}],"replies":[{"embeddable":true,"href":"https:\/\/peoplesphere.be\/fr\/wp-json\/wp\/v2\/comments?post=9829"}],"version-history":[{"count":1,"href":"https:\/\/peoplesphere.be\/fr\/wp-json\/wp\/v2\/posts\/9829\/revisions"}],"predecessor-version":[{"id":9830,"href":"https:\/\/peoplesphere.be\/fr\/wp-json\/wp\/v2\/posts\/9829\/revisions\/9830"}],"wp:attachment":[{"href":"https:\/\/peoplesphere.be\/fr\/wp-json\/wp\/v2\/media?parent=9829"}],"wp:term":[{"taxonomy":"category","embeddable":true,"href":"https:\/\/peoplesphere.be\/fr\/wp-json\/wp\/v2\/categories?post=9829"},{"taxonomy":"post_tag","embeddable":true,"href":"https:\/\/peoplesphere.be\/fr\/wp-json\/wp\/v2\/tags?post=9829"}],"curies":[{"name":"wp","href":"https:\/\/api.w.org\/{rel}","templated":true}]}}