









{"id":9836,"date":"2020-07-03T06:41:53","date_gmt":"2020-07-03T04:41:53","guid":{"rendered":"https:\/\/peoplesphere.be\/fr\/?p=9836"},"modified":"2020-07-03T06:41:53","modified_gmt":"2020-07-03T04:41:53","slug":"laugmentation-nombre-de-demandeurs-demploi-sest-arretee-mois-de-juin","status":"publish","type":"post","link":"https:\/\/peoplesphere.be\/fr\/laugmentation-nombre-de-demandeurs-demploi-sest-arretee-mois-de-juin\/","title":{"rendered":"L&rsquo;augmentation du nombre de demandeurs d&#8217;emploi s&rsquo;est arr\u00eat\u00e9e au mois de juin."},"content":{"rendered":"<p>La Wallonie compte 207.159 demandeurs d\u2019emploi inoccup\u00e9s \u00e0 fin juin 2020. Par rapport au mois pass\u00e9, le nombre de D.E.I. a connu une faible augmentation (+0,2 %), soit 388 personnes de plus. L\u2019augmentation limit\u00e9e ce mois-ci est appr\u00e9ciable au vu de la crise du Covid-19 qui affecte actuellement le march\u00e9 de l\u2019emploi. Par rapport \u00e0 juin 2019, soit \u00e0 un an d\u2019\u00e9cart, la hausse observ\u00e9e est de 7,8 %.<!--more--><\/p>\n<p>Ainsi, au 30 juin 2020, on enregistre en Wallonie 137.843 demandeurs d\u2019emploi (D.E.) demandeurs d\u2019allocations (dont 1.738 en Communaut\u00e9 germanophone) et 29.610 jeunes en stage d\u2019insertion professionnelle (dont 168 en Communaut\u00e9 germanophone). Le nombre de demandeurs d\u2019emploi inoccup\u00e9s (D.E.I.) en Wallonie comprend \u00e9galement 29.780 demandeurs d\u2019emploi inscrits obligatoirement et 9.926 demandeurs d\u2019emploi inscrits librement, soit un total de 207.159 D.E.I. \u00e0 fin juin 2020.<\/p>\n<p>Ceux-ci repr\u00e9sentent 13,0 % de la population active wallonne. Ce taux de demande d\u2019emploi \u00e9tait de 12,1 % \u00e0 fin juin 2019 et 2018.<\/p>\n<p>Parmi ces 207.159 D.E.I. wallons :<\/p>\n<ul>\n<li>53 % sont des hommes ;<\/li>\n<li>18 % sont \u00e2g\u00e9s de moins de 25 ans, 26 % ont 50 ans et plus ;<\/li>\n<li>45 % sont au plus dipl\u00f4m\u00e9s de l\u2019enseignement secondaire du 2\u00e8me degr\u00e9 ;<\/li>\n<li>24 % sont inoccup\u00e9s depuis moins de six mois et 39 % depuis deux ans et plus.<\/li>\n<\/ul>\n<p>Entre fin mai et fin juin 2020, le nombre de D.E.I. a connu une faible augmentation de 0,2 %, soit 388 personnes de plus. Habituellement, la demande d\u2019emploi \u00e9volue de mani\u00e8re cyclique sur une ann\u00e9e et de mani\u00e8re g\u00e9n\u00e9rale, il n\u2019y a qu\u2019une l\u00e9g\u00e8re diff\u00e9rence entre les effectifs enregistr\u00e9s entre fin mai et fin juin. C\u2019est pourquoi l\u2019augmentation limit\u00e9e cette ann\u00e9e est appr\u00e9ciable au vu de la crise du Covid-19 qui affecte actuellement le march\u00e9 de l\u2019emploi. Jusqu\u2019\u00e0 pr\u00e9sent, le plus grand rebond de la demande d\u2019emploi \u00e0 un mois d\u2019\u00e9cart a \u00e9t\u00e9 observ\u00e9 entre fin mars et fin avril dernier.<\/p>\n<p><em><strong>15.062 demandeurs d&#8217;emploi de plus par rapport \u00e0 2019<\/strong><\/em><\/p>\n<p>A fin juin 2020, le nombre total de D.E.I. grimpe de +7,8 % par rapport \u00e0 il y a un an. Cela correspond \u00e0 une augmentation nette de 15.062 personnes.<\/p>\n<p>L\u2019accroissement de la demande d\u2019emploi \u00e0 un an d\u2019\u00e9cart concerne toutes les classes d\u2019\u00e2ge ; l\u2019augmentation est particuli\u00e8rement perceptible parmi les plus jeunes. Entre la fin des mois de juin 2019 et 2020, l\u2019effectif des personnes de moins de 25 ans augmente de 16,8 % ; la hausse est de 10,4 % parmi les personnes \u00e2g\u00e9es de 25 \u00e0 moins de 30 ans.<\/p>\n<p>La hausse est &#8211; relativement &#8211; moins marqu\u00e9e \u00e0 mesure que l\u2019\u00e2ge cro\u00eet : + 4,6 % de personnes \u00e2g\u00e9es de 40 \u00e0 moins de 50 ans, et + 3,6 % parmi celles de 50 ans et plus.<\/p>\n<p>\u00c0 la fin du premier semestre 2020, la demande d\u2019emploi wallonne compte 53 % d\u2019hommes ; ils sont 11.637 de plus que les femmes. La hausse de la demande d\u2019emploi \u00e0 un an d\u2019\u00e9cart se marque davantage parmi les hommes (+ 9,2 %) que parmi les femmes (+ 6,2 %).<\/p>\n<p>Les tendances restent contrast\u00e9es selon la classe de dur\u00e9e d\u2019inoccupation des D.E.I. Comme le mois dernier, l\u2019augmentation la plus importante \u00e0 un an d\u2019\u00e9cart survient parmi les personnes inoccup\u00e9es depuis six mois \u00e0 moins d\u2019un an (+ 27,3 %), alors que la hausse observ\u00e9e parmi les personnes entr\u00e9es le plus r\u00e9cemment dans la demande d\u2019emploi (moins de six mois) se limite \u00e0 + 2,1 %.<\/p>\n<p><strong><em>La gestion des offres d&#8217;emploi en diminution<\/em><\/strong><\/p>\n<p>En juin 2020, le Forem a diffus\u00e9 25.560 offres d\u2019emploi (celles \u00e9manant d\u2019autres SPE non comprises), ce qui repr\u00e9sente une diminution de 22 % par rapport au mois de juin 2019.<\/p>\n<p>Les secteurs d\u2019activit\u00e9s qui accusent les reculs les plus importants (en pourcentage) sont l\u2019immobilier, la location et les services aux entreprises (- 51 %), les industries agricoles et alimentaires (- 50 %), les services collectifs, sociaux et personnels (- 48 %), la production et distribution d&rsquo;\u00e9lectricit\u00e9, de gaz et d&rsquo;eau (- 45 %), l\u2019industrie chimique (- 44 %), et la m\u00e9tallurgie (- 43 %).<\/p>\n<p>En outre, 7.971 offres re\u00e7ues d\u2019un autre Service public de l\u2019emploi (Actiris et VDAB) ont fait l\u2019objet d\u2019une diffusion via le site du Forem en juin 2020.<\/p>\n<p>&nbsp;<\/p>\n<p><em>Source: Forem<\/em><\/p>\n","protected":false},"excerpt":{"rendered":"<p>La Wallonie compte 207.159 demandeurs d\u2019emploi inoccup\u00e9s \u00e0 fin juin 2020. Par rapport au mois pass\u00e9, le nombre de D.E.I. a connu une faible augmentation (+0,2 %), soit 388 personnes de plus. L\u2019augmentation limit\u00e9e ce mois-ci est appr\u00e9ciable au vu [&hellip;]<\/p>\n","protected":false},"author":2,"featured_media":0,"comment_status":"closed","ping_status":"open","sticky":false,"template":"","format":"standard","meta":[],"categories":[65,10],"tags":[92,653,331,702],"yoast_head":"<!-- This site is optimized with the Yoast SEO plugin v21.0 - https:\/\/yoast.com\/wordpress\/plugins\/seo\/ -->\n<title>L&#039;augmentation du nombre de demandeurs d&#039;emploi s&#039;est arr\u00eat\u00e9e au mois de juin. - Peoplesphere<\/title>\n<meta name=\"robots\" content=\"index, follow, max-snippet:-1, max-image-preview:large, max-video-preview:-1\" \/>\n<link rel=\"canonical\" href=\"https:\/\/peoplesphere.be\/fr\/laugmentation-nombre-de-demandeurs-demploi-sest-arretee-mois-de-juin\/\" \/>\n<meta property=\"og:locale\" content=\"fr_FR\" \/>\n<meta property=\"og:type\" content=\"article\" \/>\n<meta property=\"og:title\" content=\"L&#039;augmentation du nombre de demandeurs d&#039;emploi s&#039;est arr\u00eat\u00e9e au mois de juin. - Peoplesphere\" \/>\n<meta property=\"og:description\" content=\"La Wallonie compte 207.159 demandeurs d\u2019emploi inoccup\u00e9s \u00e0 fin juin 2020. Par rapport au mois pass\u00e9, le nombre de D.E.I. a connu une faible augmentation (+0,2 %), soit 388 personnes de plus. L\u2019augmentation limit\u00e9e ce mois-ci est appr\u00e9ciable au vu [&hellip;]\" \/>\n<meta property=\"og:url\" content=\"https:\/\/peoplesphere.be\/fr\/laugmentation-nombre-de-demandeurs-demploi-sest-arretee-mois-de-juin\/\" \/>\n<meta property=\"og:site_name\" content=\"Peoplesphere\" \/>\n<meta property=\"article:publisher\" content=\"https:\/\/www.facebook.com\/peoplesphere\" \/>\n<meta property=\"article:published_time\" content=\"2020-07-03T04:41:53+00:00\" \/>\n<meta property=\"og:image\" content=\"http:\/\/www.peoplesphere.be\/fr\/wp-content\/uploads\/2016\/07\/facebook-default-posting-1200x628px.jpg\" \/>\n<meta name=\"author\" content=\"Jean-Paul Erhard\" \/>\n<meta name=\"twitter:card\" content=\"summary_large_image\" \/>\n<meta name=\"twitter:creator\" content=\"@PeoplesphereMag\" \/>\n<meta name=\"twitter:site\" content=\"@PeoplesphereMag\" \/>\n<meta name=\"twitter:label1\" content=\"\u00c9crit par\" \/>\n\t<meta name=\"twitter:data1\" content=\"Jean-Paul Erhard\" \/>\n\t<meta name=\"twitter:label2\" content=\"Dur\u00e9e de lecture estim\u00e9e\" \/>\n\t<meta name=\"twitter:data2\" content=\"3 minutes\" \/>\n<script type=\"application\/ld+json\" class=\"yoast-schema-graph\">{\"@context\":\"https:\/\/schema.org\",\"@graph\":[{\"@type\":\"Article\",\"@id\":\"https:\/\/peoplesphere.be\/fr\/laugmentation-nombre-de-demandeurs-demploi-sest-arretee-mois-de-juin\/#article\",\"isPartOf\":{\"@id\":\"https:\/\/peoplesphere.be\/fr\/laugmentation-nombre-de-demandeurs-demploi-sest-arretee-mois-de-juin\/\"},\"author\":{\"name\":\"Jean-Paul Erhard\",\"@id\":\"https:\/\/peoplesphere.be\/fr\/#\/schema\/person\/7976225ff17988604334abb7b3536a7e\"},\"headline\":\"L&rsquo;augmentation du nombre de demandeurs d&#8217;emploi s&rsquo;est arr\u00eat\u00e9e au mois de juin.\",\"datePublished\":\"2020-07-03T04:41:53+00:00\",\"dateModified\":\"2020-07-03T04:41:53+00:00\",\"mainEntityOfPage\":{\"@id\":\"https:\/\/peoplesphere.be\/fr\/laugmentation-nombre-de-demandeurs-demploi-sest-arretee-mois-de-juin\/\"},\"wordCount\":689,\"publisher\":{\"@id\":\"https:\/\/peoplesphere.be\/fr\/#organization\"},\"keywords\":[\"ch\u00f4mage\",\"demandeurs d'emploi\",\"forem\",\"march\u00e9 de l'emploi\"],\"articleSection\":[\"Actualit\u00e9s\",\"Digital\"],\"inLanguage\":\"fr-FR\"},{\"@type\":\"WebPage\",\"@id\":\"https:\/\/peoplesphere.be\/fr\/laugmentation-nombre-de-demandeurs-demploi-sest-arretee-mois-de-juin\/\",\"url\":\"https:\/\/peoplesphere.be\/fr\/laugmentation-nombre-de-demandeurs-demploi-sest-arretee-mois-de-juin\/\",\"name\":\"L'augmentation du nombre de demandeurs d'emploi s'est arr\u00eat\u00e9e au mois de juin. - Peoplesphere\",\"isPartOf\":{\"@id\":\"https:\/\/peoplesphere.be\/fr\/#website\"},\"datePublished\":\"2020-07-03T04:41:53+00:00\",\"dateModified\":\"2020-07-03T04:41:53+00:00\",\"breadcrumb\":{\"@id\":\"https:\/\/peoplesphere.be\/fr\/laugmentation-nombre-de-demandeurs-demploi-sest-arretee-mois-de-juin\/#breadcrumb\"},\"inLanguage\":\"fr-FR\",\"potentialAction\":[{\"@type\":\"ReadAction\",\"target\":[\"https:\/\/peoplesphere.be\/fr\/laugmentation-nombre-de-demandeurs-demploi-sest-arretee-mois-de-juin\/\"]}]},{\"@type\":\"BreadcrumbList\",\"@id\":\"https:\/\/peoplesphere.be\/fr\/laugmentation-nombre-de-demandeurs-demploi-sest-arretee-mois-de-juin\/#breadcrumb\",\"itemListElement\":[{\"@type\":\"ListItem\",\"position\":1,\"name\":\"Accueil\",\"item\":\"https:\/\/peoplesphere.be\/fr\/\"},{\"@type\":\"ListItem\",\"position\":2,\"name\":\"L&rsquo;augmentation du nombre de demandeurs d&#8217;emploi s&rsquo;est arr\u00eat\u00e9e au mois de juin.\"}]},{\"@type\":\"WebSite\",\"@id\":\"https:\/\/peoplesphere.be\/fr\/#website\",\"url\":\"https:\/\/peoplesphere.be\/fr\/\",\"name\":\"Peoplesphere\",\"description\":\"The People Managers Magazine\",\"publisher\":{\"@id\":\"https:\/\/peoplesphere.be\/fr\/#organization\"},\"potentialAction\":[{\"@type\":\"SearchAction\",\"target\":{\"@type\":\"EntryPoint\",\"urlTemplate\":\"https:\/\/peoplesphere.be\/fr\/?s={search_term_string}\"},\"query-input\":\"required name=search_term_string\"}],\"inLanguage\":\"fr-FR\"},{\"@type\":\"Organization\",\"@id\":\"https:\/\/peoplesphere.be\/fr\/#organization\",\"name\":\"Peoplesphere Company srl\",\"url\":\"https:\/\/peoplesphere.be\/fr\/\",\"logo\":{\"@type\":\"ImageObject\",\"inLanguage\":\"fr-FR\",\"@id\":\"https:\/\/peoplesphere.be\/fr\/#\/schema\/logo\/image\/\",\"url\":\"https:\/\/peoplesphere.be\/fr\/wp-content\/uploads\/2023\/07\/peoplesphere-lgo-new-generik.jpg\",\"contentUrl\":\"https:\/\/peoplesphere.be\/fr\/wp-content\/uploads\/2023\/07\/peoplesphere-lgo-new-generik.jpg\",\"width\":1031,\"height\":1479,\"caption\":\"Peoplesphere Company srl\"},\"image\":{\"@id\":\"https:\/\/peoplesphere.be\/fr\/#\/schema\/logo\/image\/\"},\"sameAs\":[\"https:\/\/www.facebook.com\/peoplesphere\",\"https:\/\/twitter.com\/PeoplesphereMag\",\"https:\/\/www.linkedin.com\/company\/7587361?trk\",\"http:\/\/youtube.com\/peoplesphere\"]},{\"@type\":\"Person\",\"@id\":\"https:\/\/peoplesphere.be\/fr\/#\/schema\/person\/7976225ff17988604334abb7b3536a7e\",\"name\":\"Jean-Paul Erhard\",\"image\":{\"@type\":\"ImageObject\",\"inLanguage\":\"fr-FR\",\"@id\":\"https:\/\/peoplesphere.be\/fr\/#\/schema\/person\/image\/\",\"url\":\"https:\/\/secure.gravatar.com\/avatar\/f941e681460179738071629a51574930?s=96&d=mm&r=g\",\"contentUrl\":\"https:\/\/secure.gravatar.com\/avatar\/f941e681460179738071629a51574930?s=96&d=mm&r=g\",\"caption\":\"Jean-Paul Erhard\"},\"url\":\"https:\/\/peoplesphere.be\/fr\/author\/jpe\/\"}]}<\/script>\n<!-- \/ Yoast SEO plugin. -->","yoast_head_json":{"title":"L'augmentation du nombre de demandeurs d'emploi s'est arr\u00eat\u00e9e au mois de juin. - Peoplesphere","robots":{"index":"index","follow":"follow","max-snippet":"max-snippet:-1","max-image-preview":"max-image-preview:large","max-video-preview":"max-video-preview:-1"},"canonical":"https:\/\/peoplesphere.be\/fr\/laugmentation-nombre-de-demandeurs-demploi-sest-arretee-mois-de-juin\/","og_locale":"fr_FR","og_type":"article","og_title":"L'augmentation du nombre de demandeurs d'emploi s'est arr\u00eat\u00e9e au mois de juin. - Peoplesphere","og_description":"La Wallonie compte 207.159 demandeurs d\u2019emploi inoccup\u00e9s \u00e0 fin juin 2020. Par rapport au mois pass\u00e9, le nombre de D.E.I. a connu une faible augmentation (+0,2 %), soit 388 personnes de plus. L\u2019augmentation limit\u00e9e ce mois-ci est appr\u00e9ciable au vu [&hellip;]","og_url":"https:\/\/peoplesphere.be\/fr\/laugmentation-nombre-de-demandeurs-demploi-sest-arretee-mois-de-juin\/","og_site_name":"Peoplesphere","article_publisher":"https:\/\/www.facebook.com\/peoplesphere","article_published_time":"2020-07-03T04:41:53+00:00","og_image":[{"url":"http:\/\/www.peoplesphere.be\/fr\/wp-content\/uploads\/2016\/07\/facebook-default-posting-1200x628px.jpg"}],"author":"Jean-Paul Erhard","twitter_card":"summary_large_image","twitter_creator":"@PeoplesphereMag","twitter_site":"@PeoplesphereMag","twitter_misc":{"\u00c9crit par":"Jean-Paul Erhard","Dur\u00e9e de lecture estim\u00e9e":"3 minutes"},"schema":{"@context":"https:\/\/schema.org","@graph":[{"@type":"Article","@id":"https:\/\/peoplesphere.be\/fr\/laugmentation-nombre-de-demandeurs-demploi-sest-arretee-mois-de-juin\/#article","isPartOf":{"@id":"https:\/\/peoplesphere.be\/fr\/laugmentation-nombre-de-demandeurs-demploi-sest-arretee-mois-de-juin\/"},"author":{"name":"Jean-Paul Erhard","@id":"https:\/\/peoplesphere.be\/fr\/#\/schema\/person\/7976225ff17988604334abb7b3536a7e"},"headline":"L&rsquo;augmentation du nombre de demandeurs d&#8217;emploi s&rsquo;est arr\u00eat\u00e9e au mois de juin.","datePublished":"2020-07-03T04:41:53+00:00","dateModified":"2020-07-03T04:41:53+00:00","mainEntityOfPage":{"@id":"https:\/\/peoplesphere.be\/fr\/laugmentation-nombre-de-demandeurs-demploi-sest-arretee-mois-de-juin\/"},"wordCount":689,"publisher":{"@id":"https:\/\/peoplesphere.be\/fr\/#organization"},"keywords":["ch\u00f4mage","demandeurs d'emploi","forem","march\u00e9 de l'emploi"],"articleSection":["Actualit\u00e9s","Digital"],"inLanguage":"fr-FR"},{"@type":"WebPage","@id":"https:\/\/peoplesphere.be\/fr\/laugmentation-nombre-de-demandeurs-demploi-sest-arretee-mois-de-juin\/","url":"https:\/\/peoplesphere.be\/fr\/laugmentation-nombre-de-demandeurs-demploi-sest-arretee-mois-de-juin\/","name":"L'augmentation du nombre de demandeurs d'emploi s'est arr\u00eat\u00e9e au mois de juin. - Peoplesphere","isPartOf":{"@id":"https:\/\/peoplesphere.be\/fr\/#website"},"datePublished":"2020-07-03T04:41:53+00:00","dateModified":"2020-07-03T04:41:53+00:00","breadcrumb":{"@id":"https:\/\/peoplesphere.be\/fr\/laugmentation-nombre-de-demandeurs-demploi-sest-arretee-mois-de-juin\/#breadcrumb"},"inLanguage":"fr-FR","potentialAction":[{"@type":"ReadAction","target":["https:\/\/peoplesphere.be\/fr\/laugmentation-nombre-de-demandeurs-demploi-sest-arretee-mois-de-juin\/"]}]},{"@type":"BreadcrumbList","@id":"https:\/\/peoplesphere.be\/fr\/laugmentation-nombre-de-demandeurs-demploi-sest-arretee-mois-de-juin\/#breadcrumb","itemListElement":[{"@type":"ListItem","position":1,"name":"Accueil","item":"https:\/\/peoplesphere.be\/fr\/"},{"@type":"ListItem","position":2,"name":"L&rsquo;augmentation du nombre de demandeurs d&#8217;emploi s&rsquo;est arr\u00eat\u00e9e au mois de juin."}]},{"@type":"WebSite","@id":"https:\/\/peoplesphere.be\/fr\/#website","url":"https:\/\/peoplesphere.be\/fr\/","name":"Peoplesphere","description":"The People Managers Magazine","publisher":{"@id":"https:\/\/peoplesphere.be\/fr\/#organization"},"potentialAction":[{"@type":"SearchAction","target":{"@type":"EntryPoint","urlTemplate":"https:\/\/peoplesphere.be\/fr\/?s={search_term_string}"},"query-input":"required name=search_term_string"}],"inLanguage":"fr-FR"},{"@type":"Organization","@id":"https:\/\/peoplesphere.be\/fr\/#organization","name":"Peoplesphere Company srl","url":"https:\/\/peoplesphere.be\/fr\/","logo":{"@type":"ImageObject","inLanguage":"fr-FR","@id":"https:\/\/peoplesphere.be\/fr\/#\/schema\/logo\/image\/","url":"https:\/\/peoplesphere.be\/fr\/wp-content\/uploads\/2023\/07\/peoplesphere-lgo-new-generik.jpg","contentUrl":"https:\/\/peoplesphere.be\/fr\/wp-content\/uploads\/2023\/07\/peoplesphere-lgo-new-generik.jpg","width":1031,"height":1479,"caption":"Peoplesphere Company srl"},"image":{"@id":"https:\/\/peoplesphere.be\/fr\/#\/schema\/logo\/image\/"},"sameAs":["https:\/\/www.facebook.com\/peoplesphere","https:\/\/twitter.com\/PeoplesphereMag","https:\/\/www.linkedin.com\/company\/7587361?trk","http:\/\/youtube.com\/peoplesphere"]},{"@type":"Person","@id":"https:\/\/peoplesphere.be\/fr\/#\/schema\/person\/7976225ff17988604334abb7b3536a7e","name":"Jean-Paul Erhard","image":{"@type":"ImageObject","inLanguage":"fr-FR","@id":"https:\/\/peoplesphere.be\/fr\/#\/schema\/person\/image\/","url":"https:\/\/secure.gravatar.com\/avatar\/f941e681460179738071629a51574930?s=96&d=mm&r=g","contentUrl":"https:\/\/secure.gravatar.com\/avatar\/f941e681460179738071629a51574930?s=96&d=mm&r=g","caption":"Jean-Paul Erhard"},"url":"https:\/\/peoplesphere.be\/fr\/author\/jpe\/"}]}},"_links":{"self":[{"href":"https:\/\/peoplesphere.be\/fr\/wp-json\/wp\/v2\/posts\/9836"}],"collection":[{"href":"https:\/\/peoplesphere.be\/fr\/wp-json\/wp\/v2\/posts"}],"about":[{"href":"https:\/\/peoplesphere.be\/fr\/wp-json\/wp\/v2\/types\/post"}],"author":[{"embeddable":true,"href":"https:\/\/peoplesphere.be\/fr\/wp-json\/wp\/v2\/users\/2"}],"replies":[{"embeddable":true,"href":"https:\/\/peoplesphere.be\/fr\/wp-json\/wp\/v2\/comments?post=9836"}],"version-history":[{"count":1,"href":"https:\/\/peoplesphere.be\/fr\/wp-json\/wp\/v2\/posts\/9836\/revisions"}],"predecessor-version":[{"id":9837,"href":"https:\/\/peoplesphere.be\/fr\/wp-json\/wp\/v2\/posts\/9836\/revisions\/9837"}],"wp:attachment":[{"href":"https:\/\/peoplesphere.be\/fr\/wp-json\/wp\/v2\/media?parent=9836"}],"wp:term":[{"taxonomy":"category","embeddable":true,"href":"https:\/\/peoplesphere.be\/fr\/wp-json\/wp\/v2\/categories?post=9836"},{"taxonomy":"post_tag","embeddable":true,"href":"https:\/\/peoplesphere.be\/fr\/wp-json\/wp\/v2\/tags?post=9836"}],"curies":[{"name":"wp","href":"https:\/\/api.w.org\/{rel}","templated":true}]}}