









{"id":9850,"date":"2020-07-07T16:18:09","date_gmt":"2020-07-07T14:18:09","guid":{"rendered":"https:\/\/peoplesphere.be\/fr\/?p=9850"},"modified":"2020-07-08T17:10:48","modified_gmt":"2020-07-08T15:10:48","slug":"eco-cheques-vers-passage-total-definitif-vers-eco-cheques-electroniques-31-decembre-2022","status":"publish","type":"post","link":"https:\/\/peoplesphere.be\/fr\/eco-cheques-vers-passage-total-definitif-vers-eco-cheques-electroniques-31-decembre-2022\/","title":{"rendered":"\u00c9co-ch\u00e8ques : vers un passage total et d\u00e9finitif vers la version \u00e9lectronique avant le 31 d\u00e9cembre 2022."},"content":{"rendered":"<p>Le Conseil National du Travail, s&rsquo;appuyant sur les \u00e9volutions constat\u00e9es quant \u00e0 l&rsquo;utilisation des \u00e9coch\u00e8ques, s\u2019est prononc\u00e9 une nouvelle fois, dans son avis n\u00b0 2.172, quant au passage d\u00e9finitif et total vers les \u00e9co-ch\u00e8ques \u00e9lectroniques.<!--more--><\/p>\n<p>Tenant compte des donn\u00e9es chiffr\u00e9es disponibles et en particulier de l\u2019\u00e9volution du volume d\u2019\u00e9mis- sion des \u00e9co-ch\u00e8ques \u00e9lectroniques, qui conna\u00eet une croissance r\u00e9guli\u00e8re, du rapportage de l\u2019ASA sur l\u2019\u00e9volution de l\u2019utilisation des \u00e9co-ch\u00e8ques et sur la diminution des charges administratives qui en r\u00e9sulte, mais aussi du constat que la proportion de paiements \u00e9lectroniques cro\u00eet au d\u00e9tri- ment des paiements papier, le Conseil demande un passage total et d\u00e9finitif vers les \u00e9co-ch\u00e8ques \u00e9lectroniques. Ces derniers sont par ailleurs, pour le Conseil, la meilleure r\u00e9ponse \u00e0 la probl\u00e9matique des \u00e9co-ch\u00e8ques p\u00e9rim\u00e9s, sur laquelle il se prononce dans son avis n\u00b0 2.171.<\/p>\n<p>En concertation avec les \u00e9metteurs, le Conseil demande par cons\u00e9quent qu\u2019un arr\u00eat\u00e9 royal fixant la date ultime de validit\u00e9 des \u00e9co-ch\u00e8ques papier soit adopt\u00e9 et publi\u00e9 au moment le plus opportun et au plus tard fin 2020. La derni\u00e8re \u00e9mission papier devrait avoir lieu le 31 d\u00e9cembre 2020 et ces derniers \u00e9co-ch\u00e8ques papier conserveraient la dur\u00e9e de validit\u00e9 pr\u00e9vue de deux ans. La date de validit\u00e9 ultime des \u00e9co-ch\u00e8ques papier serait donc le 31 d\u00e9cembre 2022, de sorte qu\u2019au 1er janvier 2023, le double flux des \u00e9co-ch\u00e8ques papier et des \u00e9co-ch\u00e8ques \u00e9lectroniques serait supprim\u00e9.<\/p>\n<p>Lors de ses travaux, le Conseil a pu b\u00e9n\u00e9ficier de la pr\u00e9cieuse collaboration des \u00e9metteurs des \u00e9co-ch\u00e8ques et de VIA (Vouchers Issuers Association).\u00a0Le Conseil rappelle que les constats qu\u2019il formule quant \u00e0 la mise en \u0153uvre du syst\u00e8me des \u00e9co-ch\u00e8ques \u00e9lectroniques r\u00e9sultent essentiellement des donn\u00e9es chiffr\u00e9es et factuelles des \u00e9metteurs, des auditions de ceux-ci et de VIA et du rapportage de l\u2019ASA sur l\u2019\u00e9volution de l\u2019utilisation des \u00e9co-ch\u00e8ques et sur la diminution des charges administratives qui en r\u00e9sulte.<\/p>\n<p>2. Les \u00e9metteurs ont ainsi inform\u00e9 le Conseil que le volume d\u2019\u00e9mission des \u00e9co-ch\u00e8ques \u00e9lectroniques a connu une croissance r\u00e9guli\u00e8re, en particulier lors des ann\u00e9es 2018, 2019 et d\u00e9but 2020. En effet, le volume d\u2019\u00e9mission sous forme \u00e9lectronique \u00e9tait notamment de 54,85% entre le 1er janvier 2018 et le 31 d\u00e9cembre 2018 (12 mois glissants), de 56,5% entre le 1er avril 2018 et le 1er mars 2019 (12 mois glissants), de 62% entre le 1er septembre 2018 et le 31 ao\u00fbt 2019 (12 mois glis- sants), de 66,01% entre le 1er janvier 2019 et le 31 d\u00e9cembre 2019 (12 mois glis- sants) et de 71,08% entre le 1er juin 2019 et le 31 mai 2020 (12 mois glissants).<\/p>\n<p>Le nombre de b\u00e9n\u00e9ficiaires d\u2019\u00e9co-ch\u00e8ques \u00e9lectroniques d\u00e9passe actuellement les 1.400.000 et reste en croissance r\u00e9guli\u00e8re, laquelle est particuli\u00e8rement marqu\u00e9e au cours de la derni\u00e8re p\u00e9riode examin\u00e9e. Ainsi, la comparaison des donn\u00e9es portant sur la p\u00e9riode du 1er septembre 2018 au 31 ao\u00fbt 2019 (1.148.240 b\u00e9n\u00e9ficiaires) avec celles relatives \u00e0 la p\u00e9riode du 1er janvier 2019 au 31 d\u00e9cembre 2019 (1.226.054 b\u00e9n\u00e9ficiaires) indique une croissance de plus de 77.800 b\u00e9n\u00e9ficiaires. La comparaison entre cette derni\u00e8re p\u00e9riode et la p\u00e9riode du 1er juin 2019 au le 31 mai 2020 (1.407.413 b\u00e9n\u00e9ficiaires) d\u00e9montre une augmentation de plus de 180.000 b\u00e9n\u00e9ficiaires en un peu plus d\u2019un an et demi, soit un taux d\u2019\u00e9volution de presque 14,8 % entre les deux derni\u00e8res p\u00e9riodes \u00e9tudi\u00e9es. Ce taux d\u2019\u00e9volution atteint toutefois les 40 % lorsque l\u2019on compare la p\u00e9riode de 12 mois glissants du 1er janvier 2018 au 31 d\u00e9cembre 2018 avec la p\u00e9riode du 1er juin 2019 au 31 mai 2020. L\u2019augmentation du nombre de b\u00e9n\u00e9ficiaires se constate dans les trois R\u00e9gions du pays.<\/p>\n<p>Le r\u00e9seau d\u2019acceptation cro\u00eet \u00e9galement r\u00e9guli\u00e8rement, dans toutes les R\u00e9gions, pour parvenir lors de la p\u00e9riode du 1er juin 2019 au 31 mai 2020 \u00e0 26.910 commer\u00e7ants. Ceci repr\u00e9sente \u00e9galement une augmentation de plus de 2.200 points de vente par rapport \u00e0 la p\u00e9riode pr\u00e9c\u00e9dente, soit un taux d\u2019\u00e9volution de presque 9%. De plus, les \u00e9metteurs poursuivent leurs efforts pour encore \u00e9tendre le r\u00e9seau d\u2019acceptation.<\/p>\n<p>&nbsp;<\/p>\n<p><em>Source : Conseil National du Travail<\/em><\/p>\n","protected":false},"excerpt":{"rendered":"<p>Le Conseil National du Travail, s&rsquo;appuyant sur les \u00e9volutions constat\u00e9es quant \u00e0 l&rsquo;utilisation des \u00e9coch\u00e8ques, s\u2019est prononc\u00e9 une nouvelle fois, dans son avis n\u00b0 2.172, quant au passage d\u00e9finitif et total vers les \u00e9co-ch\u00e8ques \u00e9lectroniques.<\/p>\n","protected":false},"author":2,"featured_media":0,"comment_status":"closed","ping_status":"open","sticky":false,"template":"","format":"standard","meta":[],"categories":[65,10],"tags":[1132,451,581],"yoast_head":"<!-- This site is optimized with the Yoast SEO plugin v21.0 - https:\/\/yoast.com\/wordpress\/plugins\/seo\/ -->\n<title>\u00c9co-ch\u00e8ques : vers un passage total et d\u00e9finitif vers la version \u00e9lectronique avant le 31 d\u00e9cembre 2022. - Peoplesphere<\/title>\n<meta name=\"robots\" content=\"index, follow, max-snippet:-1, max-image-preview:large, max-video-preview:-1\" \/>\n<link rel=\"canonical\" href=\"https:\/\/peoplesphere.be\/fr\/eco-cheques-vers-passage-total-definitif-vers-eco-cheques-electroniques-31-decembre-2022\/\" \/>\n<meta property=\"og:locale\" content=\"fr_FR\" \/>\n<meta property=\"og:type\" content=\"article\" \/>\n<meta property=\"og:title\" content=\"\u00c9co-ch\u00e8ques : vers un passage total et d\u00e9finitif vers la version \u00e9lectronique avant le 31 d\u00e9cembre 2022. - Peoplesphere\" \/>\n<meta property=\"og:description\" content=\"Le Conseil National du Travail, s&rsquo;appuyant sur les \u00e9volutions constat\u00e9es quant \u00e0 l&rsquo;utilisation des \u00e9coch\u00e8ques, s\u2019est prononc\u00e9 une nouvelle fois, dans son avis n\u00b0 2.172, quant au passage d\u00e9finitif et total vers les \u00e9co-ch\u00e8ques \u00e9lectroniques.\" \/>\n<meta property=\"og:url\" content=\"https:\/\/peoplesphere.be\/fr\/eco-cheques-vers-passage-total-definitif-vers-eco-cheques-electroniques-31-decembre-2022\/\" \/>\n<meta property=\"og:site_name\" content=\"Peoplesphere\" \/>\n<meta property=\"article:publisher\" content=\"https:\/\/www.facebook.com\/peoplesphere\" \/>\n<meta property=\"article:published_time\" content=\"2020-07-07T14:18:09+00:00\" \/>\n<meta property=\"article:modified_time\" content=\"2020-07-08T15:10:48+00:00\" \/>\n<meta property=\"og:image\" content=\"http:\/\/www.peoplesphere.be\/fr\/wp-content\/uploads\/2016\/07\/facebook-default-posting-1200x628px.jpg\" \/>\n<meta name=\"author\" content=\"Jean-Paul Erhard\" \/>\n<meta name=\"twitter:card\" content=\"summary_large_image\" \/>\n<meta name=\"twitter:creator\" content=\"@PeoplesphereMag\" \/>\n<meta name=\"twitter:site\" content=\"@PeoplesphereMag\" \/>\n<meta name=\"twitter:label1\" content=\"\u00c9crit par\" \/>\n\t<meta name=\"twitter:data1\" content=\"Jean-Paul Erhard\" \/>\n\t<meta name=\"twitter:label2\" content=\"Dur\u00e9e de lecture estim\u00e9e\" \/>\n\t<meta name=\"twitter:data2\" content=\"4 minutes\" \/>\n<script type=\"application\/ld+json\" class=\"yoast-schema-graph\">{\"@context\":\"https:\/\/schema.org\",\"@graph\":[{\"@type\":\"Article\",\"@id\":\"https:\/\/peoplesphere.be\/fr\/eco-cheques-vers-passage-total-definitif-vers-eco-cheques-electroniques-31-decembre-2022\/#article\",\"isPartOf\":{\"@id\":\"https:\/\/peoplesphere.be\/fr\/eco-cheques-vers-passage-total-definitif-vers-eco-cheques-electroniques-31-decembre-2022\/\"},\"author\":{\"name\":\"Jean-Paul Erhard\",\"@id\":\"https:\/\/peoplesphere.be\/fr\/#\/schema\/person\/7976225ff17988604334abb7b3536a7e\"},\"headline\":\"\u00c9co-ch\u00e8ques : vers un passage total et d\u00e9finitif vers la version \u00e9lectronique avant le 31 d\u00e9cembre 2022.\",\"datePublished\":\"2020-07-07T14:18:09+00:00\",\"dateModified\":\"2020-07-08T15:10:48+00:00\",\"mainEntityOfPage\":{\"@id\":\"https:\/\/peoplesphere.be\/fr\/eco-cheques-vers-passage-total-definitif-vers-eco-cheques-electroniques-31-decembre-2022\/\"},\"wordCount\":733,\"publisher\":{\"@id\":\"https:\/\/peoplesphere.be\/fr\/#organization\"},\"keywords\":[\"CNT\",\"digitalisation\",\"\u00e9co-ch\u00e8ques\"],\"articleSection\":[\"Actualit\u00e9s\",\"Digital\"],\"inLanguage\":\"fr-FR\"},{\"@type\":\"WebPage\",\"@id\":\"https:\/\/peoplesphere.be\/fr\/eco-cheques-vers-passage-total-definitif-vers-eco-cheques-electroniques-31-decembre-2022\/\",\"url\":\"https:\/\/peoplesphere.be\/fr\/eco-cheques-vers-passage-total-definitif-vers-eco-cheques-electroniques-31-decembre-2022\/\",\"name\":\"\u00c9co-ch\u00e8ques : vers un passage total et d\u00e9finitif vers la version \u00e9lectronique avant le 31 d\u00e9cembre 2022. - Peoplesphere\",\"isPartOf\":{\"@id\":\"https:\/\/peoplesphere.be\/fr\/#website\"},\"datePublished\":\"2020-07-07T14:18:09+00:00\",\"dateModified\":\"2020-07-08T15:10:48+00:00\",\"breadcrumb\":{\"@id\":\"https:\/\/peoplesphere.be\/fr\/eco-cheques-vers-passage-total-definitif-vers-eco-cheques-electroniques-31-decembre-2022\/#breadcrumb\"},\"inLanguage\":\"fr-FR\",\"potentialAction\":[{\"@type\":\"ReadAction\",\"target\":[\"https:\/\/peoplesphere.be\/fr\/eco-cheques-vers-passage-total-definitif-vers-eco-cheques-electroniques-31-decembre-2022\/\"]}]},{\"@type\":\"BreadcrumbList\",\"@id\":\"https:\/\/peoplesphere.be\/fr\/eco-cheques-vers-passage-total-definitif-vers-eco-cheques-electroniques-31-decembre-2022\/#breadcrumb\",\"itemListElement\":[{\"@type\":\"ListItem\",\"position\":1,\"name\":\"Accueil\",\"item\":\"https:\/\/peoplesphere.be\/fr\/\"},{\"@type\":\"ListItem\",\"position\":2,\"name\":\"\u00c9co-ch\u00e8ques : vers un passage total et d\u00e9finitif vers la version \u00e9lectronique avant le 31 d\u00e9cembre 2022.\"}]},{\"@type\":\"WebSite\",\"@id\":\"https:\/\/peoplesphere.be\/fr\/#website\",\"url\":\"https:\/\/peoplesphere.be\/fr\/\",\"name\":\"Peoplesphere\",\"description\":\"The People Managers Magazine\",\"publisher\":{\"@id\":\"https:\/\/peoplesphere.be\/fr\/#organization\"},\"potentialAction\":[{\"@type\":\"SearchAction\",\"target\":{\"@type\":\"EntryPoint\",\"urlTemplate\":\"https:\/\/peoplesphere.be\/fr\/?s={search_term_string}\"},\"query-input\":\"required name=search_term_string\"}],\"inLanguage\":\"fr-FR\"},{\"@type\":\"Organization\",\"@id\":\"https:\/\/peoplesphere.be\/fr\/#organization\",\"name\":\"Peoplesphere Company srl\",\"url\":\"https:\/\/peoplesphere.be\/fr\/\",\"logo\":{\"@type\":\"ImageObject\",\"inLanguage\":\"fr-FR\",\"@id\":\"https:\/\/peoplesphere.be\/fr\/#\/schema\/logo\/image\/\",\"url\":\"https:\/\/peoplesphere.be\/fr\/wp-content\/uploads\/2023\/07\/peoplesphere-lgo-new-generik.jpg\",\"contentUrl\":\"https:\/\/peoplesphere.be\/fr\/wp-content\/uploads\/2023\/07\/peoplesphere-lgo-new-generik.jpg\",\"width\":1031,\"height\":1479,\"caption\":\"Peoplesphere Company srl\"},\"image\":{\"@id\":\"https:\/\/peoplesphere.be\/fr\/#\/schema\/logo\/image\/\"},\"sameAs\":[\"https:\/\/www.facebook.com\/peoplesphere\",\"https:\/\/twitter.com\/PeoplesphereMag\",\"https:\/\/www.linkedin.com\/company\/7587361?trk\",\"http:\/\/youtube.com\/peoplesphere\"]},{\"@type\":\"Person\",\"@id\":\"https:\/\/peoplesphere.be\/fr\/#\/schema\/person\/7976225ff17988604334abb7b3536a7e\",\"name\":\"Jean-Paul Erhard\",\"image\":{\"@type\":\"ImageObject\",\"inLanguage\":\"fr-FR\",\"@id\":\"https:\/\/peoplesphere.be\/fr\/#\/schema\/person\/image\/\",\"url\":\"https:\/\/secure.gravatar.com\/avatar\/f941e681460179738071629a51574930?s=96&d=mm&r=g\",\"contentUrl\":\"https:\/\/secure.gravatar.com\/avatar\/f941e681460179738071629a51574930?s=96&d=mm&r=g\",\"caption\":\"Jean-Paul Erhard\"},\"url\":\"https:\/\/peoplesphere.be\/fr\/author\/jpe\/\"}]}<\/script>\n<!-- \/ Yoast SEO plugin. -->","yoast_head_json":{"title":"\u00c9co-ch\u00e8ques : vers un passage total et d\u00e9finitif vers la version \u00e9lectronique avant le 31 d\u00e9cembre 2022. - Peoplesphere","robots":{"index":"index","follow":"follow","max-snippet":"max-snippet:-1","max-image-preview":"max-image-preview:large","max-video-preview":"max-video-preview:-1"},"canonical":"https:\/\/peoplesphere.be\/fr\/eco-cheques-vers-passage-total-definitif-vers-eco-cheques-electroniques-31-decembre-2022\/","og_locale":"fr_FR","og_type":"article","og_title":"\u00c9co-ch\u00e8ques : vers un passage total et d\u00e9finitif vers la version \u00e9lectronique avant le 31 d\u00e9cembre 2022. - Peoplesphere","og_description":"Le Conseil National du Travail, s&rsquo;appuyant sur les \u00e9volutions constat\u00e9es quant \u00e0 l&rsquo;utilisation des \u00e9coch\u00e8ques, s\u2019est prononc\u00e9 une nouvelle fois, dans son avis n\u00b0 2.172, quant au passage d\u00e9finitif et total vers les \u00e9co-ch\u00e8ques \u00e9lectroniques.","og_url":"https:\/\/peoplesphere.be\/fr\/eco-cheques-vers-passage-total-definitif-vers-eco-cheques-electroniques-31-decembre-2022\/","og_site_name":"Peoplesphere","article_publisher":"https:\/\/www.facebook.com\/peoplesphere","article_published_time":"2020-07-07T14:18:09+00:00","article_modified_time":"2020-07-08T15:10:48+00:00","og_image":[{"url":"http:\/\/www.peoplesphere.be\/fr\/wp-content\/uploads\/2016\/07\/facebook-default-posting-1200x628px.jpg"}],"author":"Jean-Paul Erhard","twitter_card":"summary_large_image","twitter_creator":"@PeoplesphereMag","twitter_site":"@PeoplesphereMag","twitter_misc":{"\u00c9crit par":"Jean-Paul Erhard","Dur\u00e9e de lecture estim\u00e9e":"4 minutes"},"schema":{"@context":"https:\/\/schema.org","@graph":[{"@type":"Article","@id":"https:\/\/peoplesphere.be\/fr\/eco-cheques-vers-passage-total-definitif-vers-eco-cheques-electroniques-31-decembre-2022\/#article","isPartOf":{"@id":"https:\/\/peoplesphere.be\/fr\/eco-cheques-vers-passage-total-definitif-vers-eco-cheques-electroniques-31-decembre-2022\/"},"author":{"name":"Jean-Paul Erhard","@id":"https:\/\/peoplesphere.be\/fr\/#\/schema\/person\/7976225ff17988604334abb7b3536a7e"},"headline":"\u00c9co-ch\u00e8ques : vers un passage total et d\u00e9finitif vers la version \u00e9lectronique avant le 31 d\u00e9cembre 2022.","datePublished":"2020-07-07T14:18:09+00:00","dateModified":"2020-07-08T15:10:48+00:00","mainEntityOfPage":{"@id":"https:\/\/peoplesphere.be\/fr\/eco-cheques-vers-passage-total-definitif-vers-eco-cheques-electroniques-31-decembre-2022\/"},"wordCount":733,"publisher":{"@id":"https:\/\/peoplesphere.be\/fr\/#organization"},"keywords":["CNT","digitalisation","\u00e9co-ch\u00e8ques"],"articleSection":["Actualit\u00e9s","Digital"],"inLanguage":"fr-FR"},{"@type":"WebPage","@id":"https:\/\/peoplesphere.be\/fr\/eco-cheques-vers-passage-total-definitif-vers-eco-cheques-electroniques-31-decembre-2022\/","url":"https:\/\/peoplesphere.be\/fr\/eco-cheques-vers-passage-total-definitif-vers-eco-cheques-electroniques-31-decembre-2022\/","name":"\u00c9co-ch\u00e8ques : vers un passage total et d\u00e9finitif vers la version \u00e9lectronique avant le 31 d\u00e9cembre 2022. - Peoplesphere","isPartOf":{"@id":"https:\/\/peoplesphere.be\/fr\/#website"},"datePublished":"2020-07-07T14:18:09+00:00","dateModified":"2020-07-08T15:10:48+00:00","breadcrumb":{"@id":"https:\/\/peoplesphere.be\/fr\/eco-cheques-vers-passage-total-definitif-vers-eco-cheques-electroniques-31-decembre-2022\/#breadcrumb"},"inLanguage":"fr-FR","potentialAction":[{"@type":"ReadAction","target":["https:\/\/peoplesphere.be\/fr\/eco-cheques-vers-passage-total-definitif-vers-eco-cheques-electroniques-31-decembre-2022\/"]}]},{"@type":"BreadcrumbList","@id":"https:\/\/peoplesphere.be\/fr\/eco-cheques-vers-passage-total-definitif-vers-eco-cheques-electroniques-31-decembre-2022\/#breadcrumb","itemListElement":[{"@type":"ListItem","position":1,"name":"Accueil","item":"https:\/\/peoplesphere.be\/fr\/"},{"@type":"ListItem","position":2,"name":"\u00c9co-ch\u00e8ques : vers un passage total et d\u00e9finitif vers la version \u00e9lectronique avant le 31 d\u00e9cembre 2022."}]},{"@type":"WebSite","@id":"https:\/\/peoplesphere.be\/fr\/#website","url":"https:\/\/peoplesphere.be\/fr\/","name":"Peoplesphere","description":"The People Managers Magazine","publisher":{"@id":"https:\/\/peoplesphere.be\/fr\/#organization"},"potentialAction":[{"@type":"SearchAction","target":{"@type":"EntryPoint","urlTemplate":"https:\/\/peoplesphere.be\/fr\/?s={search_term_string}"},"query-input":"required name=search_term_string"}],"inLanguage":"fr-FR"},{"@type":"Organization","@id":"https:\/\/peoplesphere.be\/fr\/#organization","name":"Peoplesphere Company srl","url":"https:\/\/peoplesphere.be\/fr\/","logo":{"@type":"ImageObject","inLanguage":"fr-FR","@id":"https:\/\/peoplesphere.be\/fr\/#\/schema\/logo\/image\/","url":"https:\/\/peoplesphere.be\/fr\/wp-content\/uploads\/2023\/07\/peoplesphere-lgo-new-generik.jpg","contentUrl":"https:\/\/peoplesphere.be\/fr\/wp-content\/uploads\/2023\/07\/peoplesphere-lgo-new-generik.jpg","width":1031,"height":1479,"caption":"Peoplesphere Company srl"},"image":{"@id":"https:\/\/peoplesphere.be\/fr\/#\/schema\/logo\/image\/"},"sameAs":["https:\/\/www.facebook.com\/peoplesphere","https:\/\/twitter.com\/PeoplesphereMag","https:\/\/www.linkedin.com\/company\/7587361?trk","http:\/\/youtube.com\/peoplesphere"]},{"@type":"Person","@id":"https:\/\/peoplesphere.be\/fr\/#\/schema\/person\/7976225ff17988604334abb7b3536a7e","name":"Jean-Paul Erhard","image":{"@type":"ImageObject","inLanguage":"fr-FR","@id":"https:\/\/peoplesphere.be\/fr\/#\/schema\/person\/image\/","url":"https:\/\/secure.gravatar.com\/avatar\/f941e681460179738071629a51574930?s=96&d=mm&r=g","contentUrl":"https:\/\/secure.gravatar.com\/avatar\/f941e681460179738071629a51574930?s=96&d=mm&r=g","caption":"Jean-Paul Erhard"},"url":"https:\/\/peoplesphere.be\/fr\/author\/jpe\/"}]}},"_links":{"self":[{"href":"https:\/\/peoplesphere.be\/fr\/wp-json\/wp\/v2\/posts\/9850"}],"collection":[{"href":"https:\/\/peoplesphere.be\/fr\/wp-json\/wp\/v2\/posts"}],"about":[{"href":"https:\/\/peoplesphere.be\/fr\/wp-json\/wp\/v2\/types\/post"}],"author":[{"embeddable":true,"href":"https:\/\/peoplesphere.be\/fr\/wp-json\/wp\/v2\/users\/2"}],"replies":[{"embeddable":true,"href":"https:\/\/peoplesphere.be\/fr\/wp-json\/wp\/v2\/comments?post=9850"}],"version-history":[{"count":2,"href":"https:\/\/peoplesphere.be\/fr\/wp-json\/wp\/v2\/posts\/9850\/revisions"}],"predecessor-version":[{"id":9862,"href":"https:\/\/peoplesphere.be\/fr\/wp-json\/wp\/v2\/posts\/9850\/revisions\/9862"}],"wp:attachment":[{"href":"https:\/\/peoplesphere.be\/fr\/wp-json\/wp\/v2\/media?parent=9850"}],"wp:term":[{"taxonomy":"category","embeddable":true,"href":"https:\/\/peoplesphere.be\/fr\/wp-json\/wp\/v2\/categories?post=9850"},{"taxonomy":"post_tag","embeddable":true,"href":"https:\/\/peoplesphere.be\/fr\/wp-json\/wp\/v2\/tags?post=9850"}],"curies":[{"name":"wp","href":"https:\/\/api.w.org\/{rel}","templated":true}]}}