









{"id":9868,"date":"2020-07-09T12:04:11","date_gmt":"2020-07-09T10:04:11","guid":{"rendered":"https:\/\/peoplesphere.be\/fr\/?p=9868"},"modified":"2020-07-09T12:25:36","modified_gmt":"2020-07-09T10:25:36","slug":"nouvelle-proposition-de-loi-relative-travail-associatif-lopen-vld-veut-contrer-decision-de-cour-constitutionnelle-quant-aux-revenus-complementaires-exoneres","status":"publish","type":"post","link":"https:\/\/peoplesphere.be\/fr\/nouvelle-proposition-de-loi-relative-travail-associatif-lopen-vld-veut-contrer-decision-de-cour-constitutionnelle-quant-aux-revenus-complementaires-exoneres\/","title":{"rendered":"Nouvelle proposition de loi relative au travail associatif: l&rsquo;Open VLD veut contrer la d\u00e9cision de la Cour Constitutionnelle quant aux revenus compl\u00e9mentaires exon\u00e9r\u00e9s."},"content":{"rendered":"<p>Au d\u00e9but de cette ann\u00e9e,<a href=\"https:\/\/peoplesphere.be\/fr\/revenus-complementaires-exoneres-de-6-000-euros-an-sera-termine-31-decembre-2020\/\"> la Cour constitutionnelle a annul\u00e9 la loi sur les activit\u00e9s compl\u00e9mentaires<\/a>. La d\u00e9put\u00e9e Tania De Jonge (Open Vld) a d\u00e9pos\u00e9 une proposition de loi qui permettra \u00e0 nouveau aux citoyens de gagner jusqu\u2019\u00e0 6.000 euros par an \u00e0 titre compl\u00e9mentaire en exer\u00e7ant une activit\u00e9 dans une association (sportive). Ce faisant, l\u2019Open Vld veut r\u00e9pondre aux besoins de nombreux clubs sportifs et autres associations qui rencontrent des difficult\u00e9s suite \u00e0 l\u2019annulation de la loi sur les activit\u00e9s compl\u00e9mentaires par la Cour constitutionnelle.\u00a0<!--more--><\/p>\n<p><em>\u00ab Cette proposition de loi est tr\u00e8s importante pour permettre aux clubs sportifs de r\u00e9mun\u00e9rer correctement leurs entra\u00eeneurs, par exemple. Elle comble une lacune entre le b\u00e9n\u00e9volat et l\u2019emploi conventionnel \u00bb<\/em> indique la ministre des Affaires sociales, Maggie De Block (Open Vld). \u00ab\u00a0<em>Dans cette proposition de loi, nous nous concentrons sur le travail associatif et tenons compte des objections de la Cour constitutionnelle. Ainsi, nous pr\u00e9voyons notamment une meilleure protection du travailleur associatif\u00a0\u00bb<\/em>\u00a0d\u00e9clare l\u2019auteure de la proposition, Tania De Jonge.<\/p>\n<p>Le dispositif pr\u00e9c\u00e9dent \u00e9tait surtout int\u00e9ressant pour les personnes actives les week-ends en tant qu\u2019entra\u00eeneur de jeunes ou arbitre par exemple.<em> \u00ab\u00a0Dans cette nouvelle proposition, l\u2019accent est mis sur le travail associatif qui b\u00e9n\u00e9ficiera en premier lieu aux clubs sportifs parce qu\u2019ils utilisent le plus le syst\u00e8me\u00a0\u00bb<\/em>, affirme Tania De Jonge. Ainsi, la proposition de loi pr\u00e9voit un statut l\u00e9gal pour les activit\u00e9s semi-agorales (travail associatif) demand\u00e9 depuis longtemps sur le terrain. Ce statut s\u2019inscrit dans le cadre de besoins sp\u00e9cifiques existants que le travail b\u00e9n\u00e9vole ou le statut professionnel de travailleur salari\u00e9 ou ind\u00e9pendant ne peut combler.<\/p>\n<p><strong><em>Le travail dans un club ou une association pourrait \u00e0 nouveau rapporter jusqu\u2019\u00e0 6 000 euros par an.<\/em><\/strong><\/p>\n<p>Le nouveau dispositif maintient l\u2019obligation de travailler au moins \u00e0 4\/5e pour pouvoir faire du travail associatif. De m\u00eame, le plafond de 6.000 euros par an est maintenu mais les revenus ne sont plus enti\u00e8rement exon\u00e9r\u00e9s (para)fiscalement. <em>\u00ab Nous pr\u00e9levons d\u00e9sormais une cotisation sociale de 10% sur les revenus, \u00e0 charge de l\u2019association \u00bb,<\/em> indique la d\u00e9put\u00e9e Tania De Jonge.<\/p>\n<p><em>\u00ab Cette proposition de loi r\u00e9pond ainsi \u00e0 la critique formul\u00e9e par la Cour constitutionnelle sur la loi sur les activit\u00e9s compl\u00e9mentaires \u00bb<\/em>, affirme la d\u00e9put\u00e9e Tania De Jonge. En outre, une limite est \u00e9galement pr\u00e9vue pour le nombre d\u2019heures de travail associatif maximum autoris\u00e9 : maximum 50 heures de travail associatif par mois peuvent \u00eatre prest\u00e9s, une moyenne qui doit \u00eatre respect\u00e9e sur une p\u00e9riode d\u2019un an. Enfin, une meilleure protection est pr\u00e9vue pour le travailleur associatif. Ainsi, des r\u00e8gles sont entre autres pr\u00e9vues en mati\u00e8re d\u2019horaire de travail, de temps de repos et de pr\u00e9avis.<\/p>\n<p><em>\u00ab\u00a0Du fait de l\u2019annulation par la Cour constitutionnelle, de nombreuses associations auraient pu se retrouver en difficult\u00e9s. Si ce cadre juridique devait dispara\u00eetre, ce serait un coup dur pour les entra\u00eeneurs de jeunes, les arbitres, \u2026 En effet, ils veillent \u00e0 ce que les associations puissent fonctionner dans les meilleures conditions possibles et renforcent le travail de ces associations\u00a0\u00bb,<\/em> explique la ministre Maggie De Block. Le nouveau dispositif s\u2019applique non seulement aux clubs sportifs mais \u00e9galement \u00e0 d\u2019autres types d\u2019associations telles que celles des guides touristiques, les asbl et les associations socio-culturelles, pour ne citer que quelques exemples. Ce dispositif s\u2019applique \u00e9galement pour la garde d\u2019enfants.<\/p>\n<p><em>\u00ab Il existe sur le terrain un grand besoin d\u2019avoir un cadre clair et juridiquement s\u00fbr. Par cette proposition, nous r\u00e9pondons \u00e0 ce besoin. Il est important pour les associations d\u2019obtenir cette clart\u00e9 pour poursuivre leurs activit\u00e9s dans le futur \u00bb,<\/em> concluent la d\u00e9put\u00e9e De Jonge et la ministre De Block.<\/p>\n<p>La proposition de loi a \u00e9t\u00e9 d\u00e9pos\u00e9e \u00e0 la Chambre des Repr\u00e9sentants et sera examin\u00e9e au sein de la Commission des Affaires sociales.<\/p>\n","protected":false},"excerpt":{"rendered":"<p>Au d\u00e9but de cette ann\u00e9e, la Cour constitutionnelle a annul\u00e9 la loi sur les activit\u00e9s compl\u00e9mentaires. La d\u00e9put\u00e9e Tania De Jonge (Open Vld) a d\u00e9pos\u00e9 une proposition de loi qui permettra \u00e0 nouveau aux citoyens de gagner jusqu\u2019\u00e0 6.000 euros [&hellip;]<\/p>\n","protected":false},"author":2,"featured_media":0,"comment_status":"closed","ping_status":"open","sticky":false,"template":"","format":"standard","meta":[],"categories":[65,10],"tags":[2894,230,924,112,2072,2218],"yoast_head":"<!-- This site is optimized with the Yoast SEO plugin v21.0 - https:\/\/yoast.com\/wordpress\/plugins\/seo\/ -->\n<title>Nouvelle proposition de loi relative au travail associatif: l&#039;Open VLD veut contrer la d\u00e9cision de la Cour Constitutionnelle quant aux revenus compl\u00e9mentaires exon\u00e9r\u00e9s. - Peoplesphere<\/title>\n<meta name=\"robots\" content=\"index, follow, max-snippet:-1, max-image-preview:large, max-video-preview:-1\" \/>\n<link rel=\"canonical\" href=\"https:\/\/peoplesphere.be\/fr\/nouvelle-proposition-de-loi-relative-travail-associatif-lopen-vld-veut-contrer-decision-de-cour-constitutionnelle-quant-aux-revenus-complementaires-exoneres\/\" \/>\n<meta property=\"og:locale\" content=\"fr_FR\" \/>\n<meta property=\"og:type\" content=\"article\" \/>\n<meta property=\"og:title\" content=\"Nouvelle proposition de loi relative au travail associatif: l&#039;Open VLD veut contrer la d\u00e9cision de la Cour Constitutionnelle quant aux revenus compl\u00e9mentaires exon\u00e9r\u00e9s. - Peoplesphere\" \/>\n<meta property=\"og:description\" content=\"Au d\u00e9but de cette ann\u00e9e, la Cour constitutionnelle a annul\u00e9 la loi sur les activit\u00e9s compl\u00e9mentaires. La d\u00e9put\u00e9e Tania De Jonge (Open Vld) a d\u00e9pos\u00e9 une proposition de loi qui permettra \u00e0 nouveau aux citoyens de gagner jusqu\u2019\u00e0 6.000 euros [&hellip;]\" \/>\n<meta property=\"og:url\" content=\"https:\/\/peoplesphere.be\/fr\/nouvelle-proposition-de-loi-relative-travail-associatif-lopen-vld-veut-contrer-decision-de-cour-constitutionnelle-quant-aux-revenus-complementaires-exoneres\/\" \/>\n<meta property=\"og:site_name\" content=\"Peoplesphere\" \/>\n<meta property=\"article:publisher\" content=\"https:\/\/www.facebook.com\/peoplesphere\" \/>\n<meta property=\"article:published_time\" content=\"2020-07-09T10:04:11+00:00\" \/>\n<meta property=\"article:modified_time\" content=\"2020-07-09T10:25:36+00:00\" \/>\n<meta property=\"og:image\" content=\"http:\/\/www.peoplesphere.be\/fr\/wp-content\/uploads\/2016\/07\/facebook-default-posting-1200x628px.jpg\" \/>\n<meta name=\"author\" content=\"Jean-Paul Erhard\" \/>\n<meta name=\"twitter:card\" content=\"summary_large_image\" \/>\n<meta name=\"twitter:creator\" content=\"@PeoplesphereMag\" \/>\n<meta name=\"twitter:site\" content=\"@PeoplesphereMag\" \/>\n<meta name=\"twitter:label1\" content=\"\u00c9crit par\" \/>\n\t<meta name=\"twitter:data1\" content=\"Jean-Paul Erhard\" \/>\n\t<meta name=\"twitter:label2\" content=\"Dur\u00e9e de lecture estim\u00e9e\" \/>\n\t<meta name=\"twitter:data2\" content=\"3 minutes\" \/>\n<script type=\"application\/ld+json\" class=\"yoast-schema-graph\">{\"@context\":\"https:\/\/schema.org\",\"@graph\":[{\"@type\":\"Article\",\"@id\":\"https:\/\/peoplesphere.be\/fr\/nouvelle-proposition-de-loi-relative-travail-associatif-lopen-vld-veut-contrer-decision-de-cour-constitutionnelle-quant-aux-revenus-complementaires-exoneres\/#article\",\"isPartOf\":{\"@id\":\"https:\/\/peoplesphere.be\/fr\/nouvelle-proposition-de-loi-relative-travail-associatif-lopen-vld-veut-contrer-decision-de-cour-constitutionnelle-quant-aux-revenus-complementaires-exoneres\/\"},\"author\":{\"name\":\"Jean-Paul Erhard\",\"@id\":\"https:\/\/peoplesphere.be\/fr\/#\/schema\/person\/7976225ff17988604334abb7b3536a7e\"},\"headline\":\"Nouvelle proposition de loi relative au travail associatif: l&rsquo;Open VLD veut contrer la d\u00e9cision de la Cour Constitutionnelle quant aux revenus compl\u00e9mentaires exon\u00e9r\u00e9s.\",\"datePublished\":\"2020-07-09T10:04:11+00:00\",\"dateModified\":\"2020-07-09T10:25:36+00:00\",\"mainEntityOfPage\":{\"@id\":\"https:\/\/peoplesphere.be\/fr\/nouvelle-proposition-de-loi-relative-travail-associatif-lopen-vld-veut-contrer-decision-de-cour-constitutionnelle-quant-aux-revenus-complementaires-exoneres\/\"},\"wordCount\":712,\"publisher\":{\"@id\":\"https:\/\/peoplesphere.be\/fr\/#organization\"},\"keywords\":[\"Cour constitutionnelle\",\"exon\u00e9ration fiscale\",\"maggie de block\",\"open vld\",\"revenus compl\u00e9mentaires\",\"travail associatif\"],\"articleSection\":[\"Actualit\u00e9s\",\"Digital\"],\"inLanguage\":\"fr-FR\"},{\"@type\":\"WebPage\",\"@id\":\"https:\/\/peoplesphere.be\/fr\/nouvelle-proposition-de-loi-relative-travail-associatif-lopen-vld-veut-contrer-decision-de-cour-constitutionnelle-quant-aux-revenus-complementaires-exoneres\/\",\"url\":\"https:\/\/peoplesphere.be\/fr\/nouvelle-proposition-de-loi-relative-travail-associatif-lopen-vld-veut-contrer-decision-de-cour-constitutionnelle-quant-aux-revenus-complementaires-exoneres\/\",\"name\":\"Nouvelle proposition de loi relative au travail associatif: l'Open VLD veut contrer la d\u00e9cision de la Cour Constitutionnelle quant aux revenus compl\u00e9mentaires exon\u00e9r\u00e9s. - Peoplesphere\",\"isPartOf\":{\"@id\":\"https:\/\/peoplesphere.be\/fr\/#website\"},\"datePublished\":\"2020-07-09T10:04:11+00:00\",\"dateModified\":\"2020-07-09T10:25:36+00:00\",\"breadcrumb\":{\"@id\":\"https:\/\/peoplesphere.be\/fr\/nouvelle-proposition-de-loi-relative-travail-associatif-lopen-vld-veut-contrer-decision-de-cour-constitutionnelle-quant-aux-revenus-complementaires-exoneres\/#breadcrumb\"},\"inLanguage\":\"fr-FR\",\"potentialAction\":[{\"@type\":\"ReadAction\",\"target\":[\"https:\/\/peoplesphere.be\/fr\/nouvelle-proposition-de-loi-relative-travail-associatif-lopen-vld-veut-contrer-decision-de-cour-constitutionnelle-quant-aux-revenus-complementaires-exoneres\/\"]}]},{\"@type\":\"BreadcrumbList\",\"@id\":\"https:\/\/peoplesphere.be\/fr\/nouvelle-proposition-de-loi-relative-travail-associatif-lopen-vld-veut-contrer-decision-de-cour-constitutionnelle-quant-aux-revenus-complementaires-exoneres\/#breadcrumb\",\"itemListElement\":[{\"@type\":\"ListItem\",\"position\":1,\"name\":\"Accueil\",\"item\":\"https:\/\/peoplesphere.be\/fr\/\"},{\"@type\":\"ListItem\",\"position\":2,\"name\":\"Nouvelle proposition de loi relative au travail associatif: l&rsquo;Open VLD veut contrer la d\u00e9cision de la Cour Constitutionnelle quant aux revenus compl\u00e9mentaires exon\u00e9r\u00e9s.\"}]},{\"@type\":\"WebSite\",\"@id\":\"https:\/\/peoplesphere.be\/fr\/#website\",\"url\":\"https:\/\/peoplesphere.be\/fr\/\",\"name\":\"Peoplesphere\",\"description\":\"The People Managers Magazine\",\"publisher\":{\"@id\":\"https:\/\/peoplesphere.be\/fr\/#organization\"},\"potentialAction\":[{\"@type\":\"SearchAction\",\"target\":{\"@type\":\"EntryPoint\",\"urlTemplate\":\"https:\/\/peoplesphere.be\/fr\/?s={search_term_string}\"},\"query-input\":\"required name=search_term_string\"}],\"inLanguage\":\"fr-FR\"},{\"@type\":\"Organization\",\"@id\":\"https:\/\/peoplesphere.be\/fr\/#organization\",\"name\":\"Peoplesphere Company srl\",\"url\":\"https:\/\/peoplesphere.be\/fr\/\",\"logo\":{\"@type\":\"ImageObject\",\"inLanguage\":\"fr-FR\",\"@id\":\"https:\/\/peoplesphere.be\/fr\/#\/schema\/logo\/image\/\",\"url\":\"https:\/\/peoplesphere.be\/fr\/wp-content\/uploads\/2023\/07\/peoplesphere-lgo-new-generik.jpg\",\"contentUrl\":\"https:\/\/peoplesphere.be\/fr\/wp-content\/uploads\/2023\/07\/peoplesphere-lgo-new-generik.jpg\",\"width\":1031,\"height\":1479,\"caption\":\"Peoplesphere Company srl\"},\"image\":{\"@id\":\"https:\/\/peoplesphere.be\/fr\/#\/schema\/logo\/image\/\"},\"sameAs\":[\"https:\/\/www.facebook.com\/peoplesphere\",\"https:\/\/twitter.com\/PeoplesphereMag\",\"https:\/\/www.linkedin.com\/company\/7587361?trk\",\"http:\/\/youtube.com\/peoplesphere\"]},{\"@type\":\"Person\",\"@id\":\"https:\/\/peoplesphere.be\/fr\/#\/schema\/person\/7976225ff17988604334abb7b3536a7e\",\"name\":\"Jean-Paul Erhard\",\"image\":{\"@type\":\"ImageObject\",\"inLanguage\":\"fr-FR\",\"@id\":\"https:\/\/peoplesphere.be\/fr\/#\/schema\/person\/image\/\",\"url\":\"https:\/\/secure.gravatar.com\/avatar\/f941e681460179738071629a51574930?s=96&d=mm&r=g\",\"contentUrl\":\"https:\/\/secure.gravatar.com\/avatar\/f941e681460179738071629a51574930?s=96&d=mm&r=g\",\"caption\":\"Jean-Paul Erhard\"},\"url\":\"https:\/\/peoplesphere.be\/fr\/author\/jpe\/\"}]}<\/script>\n<!-- \/ Yoast SEO plugin. -->","yoast_head_json":{"title":"Nouvelle proposition de loi relative au travail associatif: l'Open VLD veut contrer la d\u00e9cision de la Cour Constitutionnelle quant aux revenus compl\u00e9mentaires exon\u00e9r\u00e9s. - Peoplesphere","robots":{"index":"index","follow":"follow","max-snippet":"max-snippet:-1","max-image-preview":"max-image-preview:large","max-video-preview":"max-video-preview:-1"},"canonical":"https:\/\/peoplesphere.be\/fr\/nouvelle-proposition-de-loi-relative-travail-associatif-lopen-vld-veut-contrer-decision-de-cour-constitutionnelle-quant-aux-revenus-complementaires-exoneres\/","og_locale":"fr_FR","og_type":"article","og_title":"Nouvelle proposition de loi relative au travail associatif: l'Open VLD veut contrer la d\u00e9cision de la Cour Constitutionnelle quant aux revenus compl\u00e9mentaires exon\u00e9r\u00e9s. - Peoplesphere","og_description":"Au d\u00e9but de cette ann\u00e9e, la Cour constitutionnelle a annul\u00e9 la loi sur les activit\u00e9s compl\u00e9mentaires. La d\u00e9put\u00e9e Tania De Jonge (Open Vld) a d\u00e9pos\u00e9 une proposition de loi qui permettra \u00e0 nouveau aux citoyens de gagner jusqu\u2019\u00e0 6.000 euros [&hellip;]","og_url":"https:\/\/peoplesphere.be\/fr\/nouvelle-proposition-de-loi-relative-travail-associatif-lopen-vld-veut-contrer-decision-de-cour-constitutionnelle-quant-aux-revenus-complementaires-exoneres\/","og_site_name":"Peoplesphere","article_publisher":"https:\/\/www.facebook.com\/peoplesphere","article_published_time":"2020-07-09T10:04:11+00:00","article_modified_time":"2020-07-09T10:25:36+00:00","og_image":[{"url":"http:\/\/www.peoplesphere.be\/fr\/wp-content\/uploads\/2016\/07\/facebook-default-posting-1200x628px.jpg"}],"author":"Jean-Paul Erhard","twitter_card":"summary_large_image","twitter_creator":"@PeoplesphereMag","twitter_site":"@PeoplesphereMag","twitter_misc":{"\u00c9crit par":"Jean-Paul Erhard","Dur\u00e9e de lecture estim\u00e9e":"3 minutes"},"schema":{"@context":"https:\/\/schema.org","@graph":[{"@type":"Article","@id":"https:\/\/peoplesphere.be\/fr\/nouvelle-proposition-de-loi-relative-travail-associatif-lopen-vld-veut-contrer-decision-de-cour-constitutionnelle-quant-aux-revenus-complementaires-exoneres\/#article","isPartOf":{"@id":"https:\/\/peoplesphere.be\/fr\/nouvelle-proposition-de-loi-relative-travail-associatif-lopen-vld-veut-contrer-decision-de-cour-constitutionnelle-quant-aux-revenus-complementaires-exoneres\/"},"author":{"name":"Jean-Paul Erhard","@id":"https:\/\/peoplesphere.be\/fr\/#\/schema\/person\/7976225ff17988604334abb7b3536a7e"},"headline":"Nouvelle proposition de loi relative au travail associatif: l&rsquo;Open VLD veut contrer la d\u00e9cision de la Cour Constitutionnelle quant aux revenus compl\u00e9mentaires exon\u00e9r\u00e9s.","datePublished":"2020-07-09T10:04:11+00:00","dateModified":"2020-07-09T10:25:36+00:00","mainEntityOfPage":{"@id":"https:\/\/peoplesphere.be\/fr\/nouvelle-proposition-de-loi-relative-travail-associatif-lopen-vld-veut-contrer-decision-de-cour-constitutionnelle-quant-aux-revenus-complementaires-exoneres\/"},"wordCount":712,"publisher":{"@id":"https:\/\/peoplesphere.be\/fr\/#organization"},"keywords":["Cour constitutionnelle","exon\u00e9ration fiscale","maggie de block","open vld","revenus compl\u00e9mentaires","travail associatif"],"articleSection":["Actualit\u00e9s","Digital"],"inLanguage":"fr-FR"},{"@type":"WebPage","@id":"https:\/\/peoplesphere.be\/fr\/nouvelle-proposition-de-loi-relative-travail-associatif-lopen-vld-veut-contrer-decision-de-cour-constitutionnelle-quant-aux-revenus-complementaires-exoneres\/","url":"https:\/\/peoplesphere.be\/fr\/nouvelle-proposition-de-loi-relative-travail-associatif-lopen-vld-veut-contrer-decision-de-cour-constitutionnelle-quant-aux-revenus-complementaires-exoneres\/","name":"Nouvelle proposition de loi relative au travail associatif: l'Open VLD veut contrer la d\u00e9cision de la Cour Constitutionnelle quant aux revenus compl\u00e9mentaires exon\u00e9r\u00e9s. - Peoplesphere","isPartOf":{"@id":"https:\/\/peoplesphere.be\/fr\/#website"},"datePublished":"2020-07-09T10:04:11+00:00","dateModified":"2020-07-09T10:25:36+00:00","breadcrumb":{"@id":"https:\/\/peoplesphere.be\/fr\/nouvelle-proposition-de-loi-relative-travail-associatif-lopen-vld-veut-contrer-decision-de-cour-constitutionnelle-quant-aux-revenus-complementaires-exoneres\/#breadcrumb"},"inLanguage":"fr-FR","potentialAction":[{"@type":"ReadAction","target":["https:\/\/peoplesphere.be\/fr\/nouvelle-proposition-de-loi-relative-travail-associatif-lopen-vld-veut-contrer-decision-de-cour-constitutionnelle-quant-aux-revenus-complementaires-exoneres\/"]}]},{"@type":"BreadcrumbList","@id":"https:\/\/peoplesphere.be\/fr\/nouvelle-proposition-de-loi-relative-travail-associatif-lopen-vld-veut-contrer-decision-de-cour-constitutionnelle-quant-aux-revenus-complementaires-exoneres\/#breadcrumb","itemListElement":[{"@type":"ListItem","position":1,"name":"Accueil","item":"https:\/\/peoplesphere.be\/fr\/"},{"@type":"ListItem","position":2,"name":"Nouvelle proposition de loi relative au travail associatif: l&rsquo;Open VLD veut contrer la d\u00e9cision de la Cour Constitutionnelle quant aux revenus compl\u00e9mentaires exon\u00e9r\u00e9s."}]},{"@type":"WebSite","@id":"https:\/\/peoplesphere.be\/fr\/#website","url":"https:\/\/peoplesphere.be\/fr\/","name":"Peoplesphere","description":"The People Managers Magazine","publisher":{"@id":"https:\/\/peoplesphere.be\/fr\/#organization"},"potentialAction":[{"@type":"SearchAction","target":{"@type":"EntryPoint","urlTemplate":"https:\/\/peoplesphere.be\/fr\/?s={search_term_string}"},"query-input":"required name=search_term_string"}],"inLanguage":"fr-FR"},{"@type":"Organization","@id":"https:\/\/peoplesphere.be\/fr\/#organization","name":"Peoplesphere Company srl","url":"https:\/\/peoplesphere.be\/fr\/","logo":{"@type":"ImageObject","inLanguage":"fr-FR","@id":"https:\/\/peoplesphere.be\/fr\/#\/schema\/logo\/image\/","url":"https:\/\/peoplesphere.be\/fr\/wp-content\/uploads\/2023\/07\/peoplesphere-lgo-new-generik.jpg","contentUrl":"https:\/\/peoplesphere.be\/fr\/wp-content\/uploads\/2023\/07\/peoplesphere-lgo-new-generik.jpg","width":1031,"height":1479,"caption":"Peoplesphere Company srl"},"image":{"@id":"https:\/\/peoplesphere.be\/fr\/#\/schema\/logo\/image\/"},"sameAs":["https:\/\/www.facebook.com\/peoplesphere","https:\/\/twitter.com\/PeoplesphereMag","https:\/\/www.linkedin.com\/company\/7587361?trk","http:\/\/youtube.com\/peoplesphere"]},{"@type":"Person","@id":"https:\/\/peoplesphere.be\/fr\/#\/schema\/person\/7976225ff17988604334abb7b3536a7e","name":"Jean-Paul Erhard","image":{"@type":"ImageObject","inLanguage":"fr-FR","@id":"https:\/\/peoplesphere.be\/fr\/#\/schema\/person\/image\/","url":"https:\/\/secure.gravatar.com\/avatar\/f941e681460179738071629a51574930?s=96&d=mm&r=g","contentUrl":"https:\/\/secure.gravatar.com\/avatar\/f941e681460179738071629a51574930?s=96&d=mm&r=g","caption":"Jean-Paul Erhard"},"url":"https:\/\/peoplesphere.be\/fr\/author\/jpe\/"}]}},"_links":{"self":[{"href":"https:\/\/peoplesphere.be\/fr\/wp-json\/wp\/v2\/posts\/9868"}],"collection":[{"href":"https:\/\/peoplesphere.be\/fr\/wp-json\/wp\/v2\/posts"}],"about":[{"href":"https:\/\/peoplesphere.be\/fr\/wp-json\/wp\/v2\/types\/post"}],"author":[{"embeddable":true,"href":"https:\/\/peoplesphere.be\/fr\/wp-json\/wp\/v2\/users\/2"}],"replies":[{"embeddable":true,"href":"https:\/\/peoplesphere.be\/fr\/wp-json\/wp\/v2\/comments?post=9868"}],"version-history":[{"count":2,"href":"https:\/\/peoplesphere.be\/fr\/wp-json\/wp\/v2\/posts\/9868\/revisions"}],"predecessor-version":[{"id":9870,"href":"https:\/\/peoplesphere.be\/fr\/wp-json\/wp\/v2\/posts\/9868\/revisions\/9870"}],"wp:attachment":[{"href":"https:\/\/peoplesphere.be\/fr\/wp-json\/wp\/v2\/media?parent=9868"}],"wp:term":[{"taxonomy":"category","embeddable":true,"href":"https:\/\/peoplesphere.be\/fr\/wp-json\/wp\/v2\/categories?post=9868"},{"taxonomy":"post_tag","embeddable":true,"href":"https:\/\/peoplesphere.be\/fr\/wp-json\/wp\/v2\/tags?post=9868"}],"curies":[{"name":"wp","href":"https:\/\/api.w.org\/{rel}","templated":true}]}}