









{"id":9891,"date":"2020-07-16T05:13:23","date_gmt":"2020-07-16T03:13:23","guid":{"rendered":"https:\/\/peoplesphere.be\/fr\/?p=9891"},"modified":"2020-07-16T05:13:23","modified_gmt":"2020-07-16T03:13:23","slug":"marche-travail-phase-transitoire-reprise-recrutements-stagnation-licenciements-fin-confinement","status":"publish","type":"post","link":"https:\/\/peoplesphere.be\/fr\/marche-travail-phase-transitoire-reprise-recrutements-stagnation-licenciements-fin-confinement\/","title":{"rendered":"Le march\u00e9 du travail en phase transitoire? Reprise des recrutements et stagnation des licenciements depuis la fin du confinement."},"content":{"rendered":"<p>Le march\u00e9 du travail, qui s&rsquo;\u00e9tait enlis\u00e9 en raison du COVID-19, commence \u00e0 reprendre timidement des couleurs, gr\u00e2ce \u00e0 une augmentation du nombre de recrutements (+ 111 %) entre les deux premiers mois de la crise (mars-avril) et les deux derniers (mai-juin). Le volume de nouveaux contrats est cependant toujours nettement inf\u00e9rieur \u00e0 celui de l\u2019ann\u00e9e pass\u00e9e.<!--more--><\/p>\n<p>Les chiffres du secr\u00e9tariat social du prestataire de services RH Securex montrent une reprise positive du march\u00e9 du travail. \u00ab\u00a0<em>Nous sommes cependant encore loin des niveaux mesur\u00e9s avant la crise. Paradoxalement, nous assistons \u00e9galement \u00e0 une stagnation des licenciements, notamment d\u00fb aux aides du gouvernement\u00a0\u00bb<\/em>, dit HR Research Expert Guillaume Bosmans.<\/p>\n<p>Securex constate en effet une augmentation de 111% des recrutements entre les deux premiers mois de la crise (mars-avril) et les deux derniers (mai-juin). Ceci est surtout le cas pour les ouvriers (+128%), et un peu moins pour les employ\u00e9s (+78%). Cette augmentation des recrutements est \u00e9galement tr\u00e8s nette entre mai et juin, avec 54% de recrutements en plus en moyenne, dont +72% pour les ouvriers et +23% pour les employ\u00e9s.<\/p>\n<p>La rapidit\u00e9 de la reprise dans le temps peut surprendre. Selon Securex, cette tendance peut certainement s\u2019expliquer par la r\u00e9ouverture des magasins et de l\u2019Horeca aux mois de mai et juin. Elle souligne \u00e9galement des signes encourageants de reprise du march\u00e9 du travail qui vont de pair avec la fin du confinement.<\/p>\n<p><em>\u00ab C\u2019est une \u00e9volution positive pour le march\u00e9 le march\u00e9 du travail, qui montre des signes de reprise. En effet, la crise du coronavirus avait compl\u00e8tement enlis\u00e9 le march\u00e9 du travail, et en temps de crise, les travailleurs misent davantage sur la stabilit\u00e9. Or, l\u2019\u00e9cart avec l\u2019ann\u00e9e pass\u00e9e se r\u00e9sorbe petit \u00e0 petit \u00bb<\/em>, confirme Guillaume Bosmans, HR Research Expert chez Securex.<\/p>\n<p><em><strong>Moins de nouveaux contrats par rapport \u00e0 l\u2019ann\u00e9e pass\u00e9e<\/strong><\/em><\/p>\n<p>Cependant, cette augmentation est \u00e0 mettre en perspective. En effet, le volume de nouveaux contrats est toujours nettement inf\u00e9rieur \u00e0 celui de l\u2019ann\u00e9e pass\u00e9e. A titre d\u2019exemple, le mois de mai compte en moyenne -47% de recrutements qu\u2019en 2019 (-50 % pour les ouvriers et -47% pour les employ\u00e9s).<\/p>\n<p>Il en va de m\u00eame pour le mois de juin, pour lequel Securex constate une diminution de 31% en moyenne par rapport \u00e0 juin 2019 (-32% pour les ouvriers et -17% pour les employ\u00e9s).<\/p>\n<p>Cette nette diff\u00e9rence tend cependant \u00e0 se r\u00e9sorber avec le temps :<em>\u00a0\u00ab Il est normal qu&rsquo;en temps de crise, les gens soient moins enclins \u00e0 changer d&#8217;emploi. Le besoin de stabilit\u00e9 est alors beaucoup plus important. Mais il ne faut pas oublier que, m\u00eame en temps de crise, certains secteurs sont toujours \u00e0 la recherche de main d\u2019\u0153uvre, pensons notamment au secteur des soins de sant\u00e9. Il y a aussi les d\u00e9parts \u00e0 la retraite, pour lesquels un remplacement est n\u00e9cessaire. Il est donc naturel de constater des cr\u00e9ations de contrats et ce, en p\u00e9riode de crise sanitaire \u00bb,<\/em> souligne Guillaume Bosmans.<\/p>\n<p><strong><em>Diff\u00e9rence entre CDD et CDI : du simple au double<\/em><\/strong><\/p>\n<p>En plus de cette diminution du nombre de nouveaux contrats, la crise sanitaire semble avoir incit\u00e9 les entreprises \u00e0 la recherche de talents \u00e0 \u00eatre plus prudentes que d\u2019ordinaire dans leur d\u00e9marche d\u2019embauche. Securex a en effet constat\u00e9 une augmentation des contrats \u00e0 dur\u00e9e d\u00e9termin\u00e9e par rapport aux contrats \u00e0 dur\u00e9e ind\u00e9termin\u00e9e, pour les employ\u00e9s en particulier. Entre les deux premiers mois de la crise et les deux derniers mois, on constate pour les employ\u00e9s une augmentation de 91 % de nouveaux contrats \u00e0 dur\u00e9e d\u00e9termin\u00e9e, contre une augmentation 49 % de contrats \u00e0 dur\u00e9e ind\u00e9termin\u00e9e.<\/p>\n<p>Enfin, il n\u2019y a pas de hausse significative des d\u00e9parts involontaires (licenciements) par rapport au mois de juin l\u2019ann\u00e9e pass\u00e9e (0.5% pour 2019 vs. 0.52% pour 2020). Ceci peut s\u2019expliquer par le fait que nous sommes actuellement dans une situation artificielle, o\u00f9 les licenciements sont postpos\u00e9s gr\u00e2ce aux mesures gouvernementales.<\/p>\n<p>Selon Frank Vander Sijpe, Director Securex Consulting, \u00ab\u00a0<em>le vrai test pour les entreprises aura lieu \u00e0 partir de septembre, quand les travailleurs seront de retour de vacances, et quand les aides gouvernementales pour le ch\u00f4mage temporaire auront pris fin. Il est certain qu\u2019il y aura des licenciements, nous ne savons juste pas encore \u00e0 partir de quand exactement.\u00a0\u00bb<\/em><\/p>\n<p><em>Source: Securex<\/em><\/p>\n","protected":false},"excerpt":{"rendered":"<p>Le march\u00e9 du travail, qui s&rsquo;\u00e9tait enlis\u00e9 en raison du COVID-19, commence \u00e0 reprendre timidement des couleurs, gr\u00e2ce \u00e0 une augmentation du nombre de recrutements (+ 111 %) entre les deux premiers mois de la crise (mars-avril) et les deux [&hellip;]<\/p>\n","protected":false},"author":2,"featured_media":0,"comment_status":"closed","ping_status":"open","sticky":false,"template":"","format":"standard","meta":[],"categories":[65,10],"tags":[134,585,72,1792],"yoast_head":"<!-- This site is optimized with the Yoast SEO plugin v21.0 - https:\/\/yoast.com\/wordpress\/plugins\/seo\/ -->\n<title>Le march\u00e9 du travail en phase transitoire? Reprise des recrutements et stagnation des licenciements depuis la fin du confinement. - Peoplesphere<\/title>\n<meta name=\"robots\" content=\"index, follow, max-snippet:-1, max-image-preview:large, max-video-preview:-1\" \/>\n<link rel=\"canonical\" href=\"https:\/\/peoplesphere.be\/fr\/marche-travail-phase-transitoire-reprise-recrutements-stagnation-licenciements-fin-confinement\/\" \/>\n<meta property=\"og:locale\" content=\"fr_FR\" \/>\n<meta property=\"og:type\" content=\"article\" \/>\n<meta property=\"og:title\" content=\"Le march\u00e9 du travail en phase transitoire? Reprise des recrutements et stagnation des licenciements depuis la fin du confinement. - Peoplesphere\" \/>\n<meta property=\"og:description\" content=\"Le march\u00e9 du travail, qui s&rsquo;\u00e9tait enlis\u00e9 en raison du COVID-19, commence \u00e0 reprendre timidement des couleurs, gr\u00e2ce \u00e0 une augmentation du nombre de recrutements (+ 111 %) entre les deux premiers mois de la crise (mars-avril) et les deux [&hellip;]\" \/>\n<meta property=\"og:url\" content=\"https:\/\/peoplesphere.be\/fr\/marche-travail-phase-transitoire-reprise-recrutements-stagnation-licenciements-fin-confinement\/\" \/>\n<meta property=\"og:site_name\" content=\"Peoplesphere\" \/>\n<meta property=\"article:publisher\" content=\"https:\/\/www.facebook.com\/peoplesphere\" \/>\n<meta property=\"article:published_time\" content=\"2020-07-16T03:13:23+00:00\" \/>\n<meta property=\"og:image\" content=\"http:\/\/www.peoplesphere.be\/fr\/wp-content\/uploads\/2016\/07\/facebook-default-posting-1200x628px.jpg\" \/>\n<meta name=\"author\" content=\"Jean-Paul Erhard\" \/>\n<meta name=\"twitter:card\" content=\"summary_large_image\" \/>\n<meta name=\"twitter:creator\" content=\"@PeoplesphereMag\" \/>\n<meta name=\"twitter:site\" content=\"@PeoplesphereMag\" \/>\n<meta name=\"twitter:label1\" content=\"\u00c9crit par\" \/>\n\t<meta name=\"twitter:data1\" content=\"Jean-Paul Erhard\" \/>\n\t<meta name=\"twitter:label2\" content=\"Dur\u00e9e de lecture estim\u00e9e\" \/>\n\t<meta name=\"twitter:data2\" content=\"4 minutes\" \/>\n<script type=\"application\/ld+json\" class=\"yoast-schema-graph\">{\"@context\":\"https:\/\/schema.org\",\"@graph\":[{\"@type\":\"Article\",\"@id\":\"https:\/\/peoplesphere.be\/fr\/marche-travail-phase-transitoire-reprise-recrutements-stagnation-licenciements-fin-confinement\/#article\",\"isPartOf\":{\"@id\":\"https:\/\/peoplesphere.be\/fr\/marche-travail-phase-transitoire-reprise-recrutements-stagnation-licenciements-fin-confinement\/\"},\"author\":{\"name\":\"Jean-Paul Erhard\",\"@id\":\"https:\/\/peoplesphere.be\/fr\/#\/schema\/person\/7976225ff17988604334abb7b3536a7e\"},\"headline\":\"Le march\u00e9 du travail en phase transitoire? Reprise des recrutements et stagnation des licenciements depuis la fin du confinement.\",\"datePublished\":\"2020-07-16T03:13:23+00:00\",\"dateModified\":\"2020-07-16T03:13:23+00:00\",\"mainEntityOfPage\":{\"@id\":\"https:\/\/peoplesphere.be\/fr\/marche-travail-phase-transitoire-reprise-recrutements-stagnation-licenciements-fin-confinement\/\"},\"wordCount\":744,\"publisher\":{\"@id\":\"https:\/\/peoplesphere.be\/fr\/#organization\"},\"keywords\":[\"licenciement\",\"march\u00e9 du travail\",\"recrutement\",\"securex\"],\"articleSection\":[\"Actualit\u00e9s\",\"Digital\"],\"inLanguage\":\"fr-FR\"},{\"@type\":\"WebPage\",\"@id\":\"https:\/\/peoplesphere.be\/fr\/marche-travail-phase-transitoire-reprise-recrutements-stagnation-licenciements-fin-confinement\/\",\"url\":\"https:\/\/peoplesphere.be\/fr\/marche-travail-phase-transitoire-reprise-recrutements-stagnation-licenciements-fin-confinement\/\",\"name\":\"Le march\u00e9 du travail en phase transitoire? Reprise des recrutements et stagnation des licenciements depuis la fin du confinement. - Peoplesphere\",\"isPartOf\":{\"@id\":\"https:\/\/peoplesphere.be\/fr\/#website\"},\"datePublished\":\"2020-07-16T03:13:23+00:00\",\"dateModified\":\"2020-07-16T03:13:23+00:00\",\"breadcrumb\":{\"@id\":\"https:\/\/peoplesphere.be\/fr\/marche-travail-phase-transitoire-reprise-recrutements-stagnation-licenciements-fin-confinement\/#breadcrumb\"},\"inLanguage\":\"fr-FR\",\"potentialAction\":[{\"@type\":\"ReadAction\",\"target\":[\"https:\/\/peoplesphere.be\/fr\/marche-travail-phase-transitoire-reprise-recrutements-stagnation-licenciements-fin-confinement\/\"]}]},{\"@type\":\"BreadcrumbList\",\"@id\":\"https:\/\/peoplesphere.be\/fr\/marche-travail-phase-transitoire-reprise-recrutements-stagnation-licenciements-fin-confinement\/#breadcrumb\",\"itemListElement\":[{\"@type\":\"ListItem\",\"position\":1,\"name\":\"Accueil\",\"item\":\"https:\/\/peoplesphere.be\/fr\/\"},{\"@type\":\"ListItem\",\"position\":2,\"name\":\"Le march\u00e9 du travail en phase transitoire? Reprise des recrutements et stagnation des licenciements depuis la fin du confinement.\"}]},{\"@type\":\"WebSite\",\"@id\":\"https:\/\/peoplesphere.be\/fr\/#website\",\"url\":\"https:\/\/peoplesphere.be\/fr\/\",\"name\":\"Peoplesphere\",\"description\":\"The People Managers Magazine\",\"publisher\":{\"@id\":\"https:\/\/peoplesphere.be\/fr\/#organization\"},\"potentialAction\":[{\"@type\":\"SearchAction\",\"target\":{\"@type\":\"EntryPoint\",\"urlTemplate\":\"https:\/\/peoplesphere.be\/fr\/?s={search_term_string}\"},\"query-input\":\"required name=search_term_string\"}],\"inLanguage\":\"fr-FR\"},{\"@type\":\"Organization\",\"@id\":\"https:\/\/peoplesphere.be\/fr\/#organization\",\"name\":\"Peoplesphere Company srl\",\"url\":\"https:\/\/peoplesphere.be\/fr\/\",\"logo\":{\"@type\":\"ImageObject\",\"inLanguage\":\"fr-FR\",\"@id\":\"https:\/\/peoplesphere.be\/fr\/#\/schema\/logo\/image\/\",\"url\":\"https:\/\/peoplesphere.be\/fr\/wp-content\/uploads\/2023\/07\/peoplesphere-lgo-new-generik.jpg\",\"contentUrl\":\"https:\/\/peoplesphere.be\/fr\/wp-content\/uploads\/2023\/07\/peoplesphere-lgo-new-generik.jpg\",\"width\":1031,\"height\":1479,\"caption\":\"Peoplesphere Company srl\"},\"image\":{\"@id\":\"https:\/\/peoplesphere.be\/fr\/#\/schema\/logo\/image\/\"},\"sameAs\":[\"https:\/\/www.facebook.com\/peoplesphere\",\"https:\/\/twitter.com\/PeoplesphereMag\",\"https:\/\/www.linkedin.com\/company\/7587361?trk\",\"http:\/\/youtube.com\/peoplesphere\"]},{\"@type\":\"Person\",\"@id\":\"https:\/\/peoplesphere.be\/fr\/#\/schema\/person\/7976225ff17988604334abb7b3536a7e\",\"name\":\"Jean-Paul Erhard\",\"image\":{\"@type\":\"ImageObject\",\"inLanguage\":\"fr-FR\",\"@id\":\"https:\/\/peoplesphere.be\/fr\/#\/schema\/person\/image\/\",\"url\":\"https:\/\/secure.gravatar.com\/avatar\/f941e681460179738071629a51574930?s=96&d=mm&r=g\",\"contentUrl\":\"https:\/\/secure.gravatar.com\/avatar\/f941e681460179738071629a51574930?s=96&d=mm&r=g\",\"caption\":\"Jean-Paul Erhard\"},\"url\":\"https:\/\/peoplesphere.be\/fr\/author\/jpe\/\"}]}<\/script>\n<!-- \/ Yoast SEO plugin. -->","yoast_head_json":{"title":"Le march\u00e9 du travail en phase transitoire? Reprise des recrutements et stagnation des licenciements depuis la fin du confinement. - Peoplesphere","robots":{"index":"index","follow":"follow","max-snippet":"max-snippet:-1","max-image-preview":"max-image-preview:large","max-video-preview":"max-video-preview:-1"},"canonical":"https:\/\/peoplesphere.be\/fr\/marche-travail-phase-transitoire-reprise-recrutements-stagnation-licenciements-fin-confinement\/","og_locale":"fr_FR","og_type":"article","og_title":"Le march\u00e9 du travail en phase transitoire? Reprise des recrutements et stagnation des licenciements depuis la fin du confinement. - Peoplesphere","og_description":"Le march\u00e9 du travail, qui s&rsquo;\u00e9tait enlis\u00e9 en raison du COVID-19, commence \u00e0 reprendre timidement des couleurs, gr\u00e2ce \u00e0 une augmentation du nombre de recrutements (+ 111 %) entre les deux premiers mois de la crise (mars-avril) et les deux [&hellip;]","og_url":"https:\/\/peoplesphere.be\/fr\/marche-travail-phase-transitoire-reprise-recrutements-stagnation-licenciements-fin-confinement\/","og_site_name":"Peoplesphere","article_publisher":"https:\/\/www.facebook.com\/peoplesphere","article_published_time":"2020-07-16T03:13:23+00:00","og_image":[{"url":"http:\/\/www.peoplesphere.be\/fr\/wp-content\/uploads\/2016\/07\/facebook-default-posting-1200x628px.jpg"}],"author":"Jean-Paul Erhard","twitter_card":"summary_large_image","twitter_creator":"@PeoplesphereMag","twitter_site":"@PeoplesphereMag","twitter_misc":{"\u00c9crit par":"Jean-Paul Erhard","Dur\u00e9e de lecture estim\u00e9e":"4 minutes"},"schema":{"@context":"https:\/\/schema.org","@graph":[{"@type":"Article","@id":"https:\/\/peoplesphere.be\/fr\/marche-travail-phase-transitoire-reprise-recrutements-stagnation-licenciements-fin-confinement\/#article","isPartOf":{"@id":"https:\/\/peoplesphere.be\/fr\/marche-travail-phase-transitoire-reprise-recrutements-stagnation-licenciements-fin-confinement\/"},"author":{"name":"Jean-Paul Erhard","@id":"https:\/\/peoplesphere.be\/fr\/#\/schema\/person\/7976225ff17988604334abb7b3536a7e"},"headline":"Le march\u00e9 du travail en phase transitoire? Reprise des recrutements et stagnation des licenciements depuis la fin du confinement.","datePublished":"2020-07-16T03:13:23+00:00","dateModified":"2020-07-16T03:13:23+00:00","mainEntityOfPage":{"@id":"https:\/\/peoplesphere.be\/fr\/marche-travail-phase-transitoire-reprise-recrutements-stagnation-licenciements-fin-confinement\/"},"wordCount":744,"publisher":{"@id":"https:\/\/peoplesphere.be\/fr\/#organization"},"keywords":["licenciement","march\u00e9 du travail","recrutement","securex"],"articleSection":["Actualit\u00e9s","Digital"],"inLanguage":"fr-FR"},{"@type":"WebPage","@id":"https:\/\/peoplesphere.be\/fr\/marche-travail-phase-transitoire-reprise-recrutements-stagnation-licenciements-fin-confinement\/","url":"https:\/\/peoplesphere.be\/fr\/marche-travail-phase-transitoire-reprise-recrutements-stagnation-licenciements-fin-confinement\/","name":"Le march\u00e9 du travail en phase transitoire? Reprise des recrutements et stagnation des licenciements depuis la fin du confinement. - Peoplesphere","isPartOf":{"@id":"https:\/\/peoplesphere.be\/fr\/#website"},"datePublished":"2020-07-16T03:13:23+00:00","dateModified":"2020-07-16T03:13:23+00:00","breadcrumb":{"@id":"https:\/\/peoplesphere.be\/fr\/marche-travail-phase-transitoire-reprise-recrutements-stagnation-licenciements-fin-confinement\/#breadcrumb"},"inLanguage":"fr-FR","potentialAction":[{"@type":"ReadAction","target":["https:\/\/peoplesphere.be\/fr\/marche-travail-phase-transitoire-reprise-recrutements-stagnation-licenciements-fin-confinement\/"]}]},{"@type":"BreadcrumbList","@id":"https:\/\/peoplesphere.be\/fr\/marche-travail-phase-transitoire-reprise-recrutements-stagnation-licenciements-fin-confinement\/#breadcrumb","itemListElement":[{"@type":"ListItem","position":1,"name":"Accueil","item":"https:\/\/peoplesphere.be\/fr\/"},{"@type":"ListItem","position":2,"name":"Le march\u00e9 du travail en phase transitoire? Reprise des recrutements et stagnation des licenciements depuis la fin du confinement."}]},{"@type":"WebSite","@id":"https:\/\/peoplesphere.be\/fr\/#website","url":"https:\/\/peoplesphere.be\/fr\/","name":"Peoplesphere","description":"The People Managers Magazine","publisher":{"@id":"https:\/\/peoplesphere.be\/fr\/#organization"},"potentialAction":[{"@type":"SearchAction","target":{"@type":"EntryPoint","urlTemplate":"https:\/\/peoplesphere.be\/fr\/?s={search_term_string}"},"query-input":"required name=search_term_string"}],"inLanguage":"fr-FR"},{"@type":"Organization","@id":"https:\/\/peoplesphere.be\/fr\/#organization","name":"Peoplesphere Company srl","url":"https:\/\/peoplesphere.be\/fr\/","logo":{"@type":"ImageObject","inLanguage":"fr-FR","@id":"https:\/\/peoplesphere.be\/fr\/#\/schema\/logo\/image\/","url":"https:\/\/peoplesphere.be\/fr\/wp-content\/uploads\/2023\/07\/peoplesphere-lgo-new-generik.jpg","contentUrl":"https:\/\/peoplesphere.be\/fr\/wp-content\/uploads\/2023\/07\/peoplesphere-lgo-new-generik.jpg","width":1031,"height":1479,"caption":"Peoplesphere Company srl"},"image":{"@id":"https:\/\/peoplesphere.be\/fr\/#\/schema\/logo\/image\/"},"sameAs":["https:\/\/www.facebook.com\/peoplesphere","https:\/\/twitter.com\/PeoplesphereMag","https:\/\/www.linkedin.com\/company\/7587361?trk","http:\/\/youtube.com\/peoplesphere"]},{"@type":"Person","@id":"https:\/\/peoplesphere.be\/fr\/#\/schema\/person\/7976225ff17988604334abb7b3536a7e","name":"Jean-Paul Erhard","image":{"@type":"ImageObject","inLanguage":"fr-FR","@id":"https:\/\/peoplesphere.be\/fr\/#\/schema\/person\/image\/","url":"https:\/\/secure.gravatar.com\/avatar\/f941e681460179738071629a51574930?s=96&d=mm&r=g","contentUrl":"https:\/\/secure.gravatar.com\/avatar\/f941e681460179738071629a51574930?s=96&d=mm&r=g","caption":"Jean-Paul Erhard"},"url":"https:\/\/peoplesphere.be\/fr\/author\/jpe\/"}]}},"_links":{"self":[{"href":"https:\/\/peoplesphere.be\/fr\/wp-json\/wp\/v2\/posts\/9891"}],"collection":[{"href":"https:\/\/peoplesphere.be\/fr\/wp-json\/wp\/v2\/posts"}],"about":[{"href":"https:\/\/peoplesphere.be\/fr\/wp-json\/wp\/v2\/types\/post"}],"author":[{"embeddable":true,"href":"https:\/\/peoplesphere.be\/fr\/wp-json\/wp\/v2\/users\/2"}],"replies":[{"embeddable":true,"href":"https:\/\/peoplesphere.be\/fr\/wp-json\/wp\/v2\/comments?post=9891"}],"version-history":[{"count":1,"href":"https:\/\/peoplesphere.be\/fr\/wp-json\/wp\/v2\/posts\/9891\/revisions"}],"predecessor-version":[{"id":9892,"href":"https:\/\/peoplesphere.be\/fr\/wp-json\/wp\/v2\/posts\/9891\/revisions\/9892"}],"wp:attachment":[{"href":"https:\/\/peoplesphere.be\/fr\/wp-json\/wp\/v2\/media?parent=9891"}],"wp:term":[{"taxonomy":"category","embeddable":true,"href":"https:\/\/peoplesphere.be\/fr\/wp-json\/wp\/v2\/categories?post=9891"},{"taxonomy":"post_tag","embeddable":true,"href":"https:\/\/peoplesphere.be\/fr\/wp-json\/wp\/v2\/tags?post=9891"}],"curies":[{"name":"wp","href":"https:\/\/api.w.org\/{rel}","templated":true}]}}