









{"id":9896,"date":"2020-07-17T07:14:37","date_gmt":"2020-07-17T05:14:37","guid":{"rendered":"https:\/\/peoplesphere.be\/fr\/?p=9896"},"modified":"2020-07-17T07:14:37","modified_gmt":"2020-07-17T05:14:37","slug":"selon-locde-baisse-taux-demploi-premier-trimestre-netait-debut-dune-crise-touche-particulierement-jeunes","status":"publish","type":"post","link":"https:\/\/peoplesphere.be\/fr\/selon-locde-baisse-taux-demploi-premier-trimestre-netait-debut-dune-crise-touche-particulierement-jeunes\/","title":{"rendered":"Selon l&rsquo;OCDE, la baisse du taux d&#8217;emploi du premier trimestre n&rsquo;\u00e9tait que le d\u00e9but d&rsquo;une crise qui touche particuli\u00e8rement les jeunes."},"content":{"rendered":"<p>Le taux d\u2019emploi de la zone OCDE &#8211; la part des personnes en \u00e2ge de travailler ayant un emploi \u2013 \u00e9tait en baisse \u00e0 68.6% au premier trimestre 2020, contre 68.9% au trimestre pr\u00e9c\u00e9dent, la premi\u00e8re diminution depuis d\u00e9but 2013. Tandis que les taux d\u2019emploi de la zone OCDE pour les femmes et les hommes diminuaient \u00e0 la m\u00eame vitesse (\u00e0 61.3% et 76.1%, respectivement), le taux d\u2019emploi des jeunes (15-24 ans), en baisse \u00e0 41.9% (contre 42.3%) \u00e9tait particuli\u00e8rement affect\u00e9.<!--more--><\/p>\n<p>Le nombre de personnes (\u00e2g\u00e9es de 20 \u00e0 64 ans) qui \u00e9taient absentes du travail en raison de mise \u00e0 pied temporaire dans l\u2019Union europ\u00e9enne, o\u00f9 elles sont compt\u00e9es comme occup\u00e9es, augmentait fortement \u00e0 2.3 millions au premier trimestre 2020 (contre 0.3 millions au quatri\u00e8me trimestre 2019). Tandis qu\u2019aux \u00c9tats-Unis, o\u00f9 elles sont compt\u00e9es comme \u00e9tant au ch\u00f4mage, leur nombre augmentait \u00e0 1.8 million en mars 2020 (contre 0.8 million en d\u00e9cembre 2019).<\/p>\n<p>Des donn\u00e9es plus r\u00e9centes pour le deuxi\u00e8me trimestre 2020 montrent une baisse beaucoup plus forte du taux d\u2019emploi aux \u00c9tats-Unis, de pr\u00e8s de 9.0 points de pourcentage, \u00e0 62.6%, avec un nombre de personnes occup\u00e9es (129 millions) \u00e0 son plus bas niveau depuis le quatri\u00e8me trimestre 1998.<br \/>\nDe mani\u00e8re similaire, au Canada, le taux d\u2019emploi baissait \u00e0 64.7% au deuxi\u00e8me trimestre (contre 73.2% au premier trimestre). Le taux d\u2019emploi des jeunes des \u00c9tats-Unis \u00e9tait particuli\u00e8rement affect\u00e9 (baisse de plus de 12.0 points de pourcentage, \u00e0 38.6%) compar\u00e9 \u00e0 celui des travailleurs de 25 \u00e0 54 ans (en baisse \u00e0 71.5%, contre 80.1%) et celui des travailleurs de 55 \u00e0 64 ans (en baisse \u00e0 57.0%, contre 63.5%). Au cours du deuxi\u00e8me trimestre, le nombre de personnes en mise \u00e0 pied temporaire a atteint 18.1 millions en avril aux \u00c9tats-Unis, avant de diminuer \u00e0 10.6 millions en juin.<\/p>\n<p>Dans les pays de l\u2019OCDE pour lesquels l\u2019enqu\u00eate sur la population active est mensuelle, au cours des mois d\u2019avril et de mai, le taux d\u2019emploi a baiss\u00e9 (en cumul\u00e9) de 10.3 points de pourcentage en Colombie (\u00e0 50.6%), et de 4.7% en Australie (\u00e0 69.8%). La baisse \u00e9tait moins marqu\u00e9e au Japon (baisse de 1.0 points de pourcentage, \u00e0 76.9%) et en Cor\u00e9e (baisse de 0.4 points de pourcentage, \u00e0 65.4%).<\/p>\n<p><em>Source: OCDE<\/em><\/p>\n","protected":false},"excerpt":{"rendered":"<p>Le taux d\u2019emploi de la zone OCDE &#8211; la part des personnes en \u00e2ge de travailler ayant un emploi \u2013 \u00e9tait en baisse \u00e0 68.6% au premier trimestre 2020, contre 68.9% au trimestre pr\u00e9c\u00e9dent, la premi\u00e8re diminution depuis d\u00e9but 2013. [&hellip;]<\/p>\n","protected":false},"author":2,"featured_media":0,"comment_status":"closed","ping_status":"open","sticky":false,"template":"","format":"standard","meta":[],"categories":[65,10],"tags":[714,772,394],"yoast_head":"<!-- This site is optimized with the Yoast SEO plugin v21.0 - https:\/\/yoast.com\/wordpress\/plugins\/seo\/ -->\n<title>Selon l&#039;OCDE, la baisse du taux d&#039;emploi du premier trimestre n&#039;\u00e9tait que le d\u00e9but d&#039;une crise qui touche particuli\u00e8rement les jeunes. - Peoplesphere<\/title>\n<meta name=\"robots\" content=\"index, follow, max-snippet:-1, max-image-preview:large, max-video-preview:-1\" \/>\n<link rel=\"canonical\" href=\"https:\/\/peoplesphere.be\/fr\/selon-locde-baisse-taux-demploi-premier-trimestre-netait-debut-dune-crise-touche-particulierement-jeunes\/\" \/>\n<meta property=\"og:locale\" content=\"fr_FR\" \/>\n<meta property=\"og:type\" content=\"article\" \/>\n<meta property=\"og:title\" content=\"Selon l&#039;OCDE, la baisse du taux d&#039;emploi du premier trimestre n&#039;\u00e9tait que le d\u00e9but d&#039;une crise qui touche particuli\u00e8rement les jeunes. - Peoplesphere\" \/>\n<meta property=\"og:description\" content=\"Le taux d\u2019emploi de la zone OCDE &#8211; la part des personnes en \u00e2ge de travailler ayant un emploi \u2013 \u00e9tait en baisse \u00e0 68.6% au premier trimestre 2020, contre 68.9% au trimestre pr\u00e9c\u00e9dent, la premi\u00e8re diminution depuis d\u00e9but 2013. [&hellip;]\" \/>\n<meta property=\"og:url\" content=\"https:\/\/peoplesphere.be\/fr\/selon-locde-baisse-taux-demploi-premier-trimestre-netait-debut-dune-crise-touche-particulierement-jeunes\/\" \/>\n<meta property=\"og:site_name\" content=\"Peoplesphere\" \/>\n<meta property=\"article:publisher\" content=\"https:\/\/www.facebook.com\/peoplesphere\" \/>\n<meta property=\"article:published_time\" content=\"2020-07-17T05:14:37+00:00\" \/>\n<meta property=\"og:image\" content=\"http:\/\/www.peoplesphere.be\/fr\/wp-content\/uploads\/2016\/07\/facebook-default-posting-1200x628px.jpg\" \/>\n<meta name=\"author\" content=\"Jean-Paul Erhard\" \/>\n<meta name=\"twitter:card\" content=\"summary_large_image\" \/>\n<meta name=\"twitter:creator\" content=\"@PeoplesphereMag\" \/>\n<meta name=\"twitter:site\" content=\"@PeoplesphereMag\" \/>\n<meta name=\"twitter:label1\" content=\"\u00c9crit par\" \/>\n\t<meta name=\"twitter:data1\" content=\"Jean-Paul Erhard\" \/>\n\t<meta name=\"twitter:label2\" content=\"Dur\u00e9e de lecture estim\u00e9e\" \/>\n\t<meta name=\"twitter:data2\" content=\"2 minutes\" \/>\n<script type=\"application\/ld+json\" class=\"yoast-schema-graph\">{\"@context\":\"https:\/\/schema.org\",\"@graph\":[{\"@type\":\"Article\",\"@id\":\"https:\/\/peoplesphere.be\/fr\/selon-locde-baisse-taux-demploi-premier-trimestre-netait-debut-dune-crise-touche-particulierement-jeunes\/#article\",\"isPartOf\":{\"@id\":\"https:\/\/peoplesphere.be\/fr\/selon-locde-baisse-taux-demploi-premier-trimestre-netait-debut-dune-crise-touche-particulierement-jeunes\/\"},\"author\":{\"name\":\"Jean-Paul Erhard\",\"@id\":\"https:\/\/peoplesphere.be\/fr\/#\/schema\/person\/7976225ff17988604334abb7b3536a7e\"},\"headline\":\"Selon l&rsquo;OCDE, la baisse du taux d&#8217;emploi du premier trimestre n&rsquo;\u00e9tait que le d\u00e9but d&rsquo;une crise qui touche particuli\u00e8rement les jeunes.\",\"datePublished\":\"2020-07-17T05:14:37+00:00\",\"dateModified\":\"2020-07-17T05:14:37+00:00\",\"mainEntityOfPage\":{\"@id\":\"https:\/\/peoplesphere.be\/fr\/selon-locde-baisse-taux-demploi-premier-trimestre-netait-debut-dune-crise-touche-particulierement-jeunes\/\"},\"wordCount\":368,\"publisher\":{\"@id\":\"https:\/\/peoplesphere.be\/fr\/#organization\"},\"keywords\":[\"ch\u00f4mage temporaire\",\"OCDE\",\"taux d'emploi\"],\"articleSection\":[\"Actualit\u00e9s\",\"Digital\"],\"inLanguage\":\"fr-FR\"},{\"@type\":\"WebPage\",\"@id\":\"https:\/\/peoplesphere.be\/fr\/selon-locde-baisse-taux-demploi-premier-trimestre-netait-debut-dune-crise-touche-particulierement-jeunes\/\",\"url\":\"https:\/\/peoplesphere.be\/fr\/selon-locde-baisse-taux-demploi-premier-trimestre-netait-debut-dune-crise-touche-particulierement-jeunes\/\",\"name\":\"Selon l'OCDE, la baisse du taux d'emploi du premier trimestre n'\u00e9tait que le d\u00e9but d'une crise qui touche particuli\u00e8rement les jeunes. - Peoplesphere\",\"isPartOf\":{\"@id\":\"https:\/\/peoplesphere.be\/fr\/#website\"},\"datePublished\":\"2020-07-17T05:14:37+00:00\",\"dateModified\":\"2020-07-17T05:14:37+00:00\",\"breadcrumb\":{\"@id\":\"https:\/\/peoplesphere.be\/fr\/selon-locde-baisse-taux-demploi-premier-trimestre-netait-debut-dune-crise-touche-particulierement-jeunes\/#breadcrumb\"},\"inLanguage\":\"fr-FR\",\"potentialAction\":[{\"@type\":\"ReadAction\",\"target\":[\"https:\/\/peoplesphere.be\/fr\/selon-locde-baisse-taux-demploi-premier-trimestre-netait-debut-dune-crise-touche-particulierement-jeunes\/\"]}]},{\"@type\":\"BreadcrumbList\",\"@id\":\"https:\/\/peoplesphere.be\/fr\/selon-locde-baisse-taux-demploi-premier-trimestre-netait-debut-dune-crise-touche-particulierement-jeunes\/#breadcrumb\",\"itemListElement\":[{\"@type\":\"ListItem\",\"position\":1,\"name\":\"Accueil\",\"item\":\"https:\/\/peoplesphere.be\/fr\/\"},{\"@type\":\"ListItem\",\"position\":2,\"name\":\"Selon l&rsquo;OCDE, la baisse du taux d&#8217;emploi du premier trimestre n&rsquo;\u00e9tait que le d\u00e9but d&rsquo;une crise qui touche particuli\u00e8rement les jeunes.\"}]},{\"@type\":\"WebSite\",\"@id\":\"https:\/\/peoplesphere.be\/fr\/#website\",\"url\":\"https:\/\/peoplesphere.be\/fr\/\",\"name\":\"Peoplesphere\",\"description\":\"The People Managers Magazine\",\"publisher\":{\"@id\":\"https:\/\/peoplesphere.be\/fr\/#organization\"},\"potentialAction\":[{\"@type\":\"SearchAction\",\"target\":{\"@type\":\"EntryPoint\",\"urlTemplate\":\"https:\/\/peoplesphere.be\/fr\/?s={search_term_string}\"},\"query-input\":\"required name=search_term_string\"}],\"inLanguage\":\"fr-FR\"},{\"@type\":\"Organization\",\"@id\":\"https:\/\/peoplesphere.be\/fr\/#organization\",\"name\":\"Peoplesphere Company srl\",\"url\":\"https:\/\/peoplesphere.be\/fr\/\",\"logo\":{\"@type\":\"ImageObject\",\"inLanguage\":\"fr-FR\",\"@id\":\"https:\/\/peoplesphere.be\/fr\/#\/schema\/logo\/image\/\",\"url\":\"https:\/\/peoplesphere.be\/fr\/wp-content\/uploads\/2023\/07\/peoplesphere-lgo-new-generik.jpg\",\"contentUrl\":\"https:\/\/peoplesphere.be\/fr\/wp-content\/uploads\/2023\/07\/peoplesphere-lgo-new-generik.jpg\",\"width\":1031,\"height\":1479,\"caption\":\"Peoplesphere Company srl\"},\"image\":{\"@id\":\"https:\/\/peoplesphere.be\/fr\/#\/schema\/logo\/image\/\"},\"sameAs\":[\"https:\/\/www.facebook.com\/peoplesphere\",\"https:\/\/twitter.com\/PeoplesphereMag\",\"https:\/\/www.linkedin.com\/company\/7587361?trk\",\"http:\/\/youtube.com\/peoplesphere\"]},{\"@type\":\"Person\",\"@id\":\"https:\/\/peoplesphere.be\/fr\/#\/schema\/person\/7976225ff17988604334abb7b3536a7e\",\"name\":\"Jean-Paul Erhard\",\"image\":{\"@type\":\"ImageObject\",\"inLanguage\":\"fr-FR\",\"@id\":\"https:\/\/peoplesphere.be\/fr\/#\/schema\/person\/image\/\",\"url\":\"https:\/\/secure.gravatar.com\/avatar\/f941e681460179738071629a51574930?s=96&d=mm&r=g\",\"contentUrl\":\"https:\/\/secure.gravatar.com\/avatar\/f941e681460179738071629a51574930?s=96&d=mm&r=g\",\"caption\":\"Jean-Paul Erhard\"},\"url\":\"https:\/\/peoplesphere.be\/fr\/author\/jpe\/\"}]}<\/script>\n<!-- \/ Yoast SEO plugin. -->","yoast_head_json":{"title":"Selon l'OCDE, la baisse du taux d'emploi du premier trimestre n'\u00e9tait que le d\u00e9but d'une crise qui touche particuli\u00e8rement les jeunes. - Peoplesphere","robots":{"index":"index","follow":"follow","max-snippet":"max-snippet:-1","max-image-preview":"max-image-preview:large","max-video-preview":"max-video-preview:-1"},"canonical":"https:\/\/peoplesphere.be\/fr\/selon-locde-baisse-taux-demploi-premier-trimestre-netait-debut-dune-crise-touche-particulierement-jeunes\/","og_locale":"fr_FR","og_type":"article","og_title":"Selon l'OCDE, la baisse du taux d'emploi du premier trimestre n'\u00e9tait que le d\u00e9but d'une crise qui touche particuli\u00e8rement les jeunes. - Peoplesphere","og_description":"Le taux d\u2019emploi de la zone OCDE &#8211; la part des personnes en \u00e2ge de travailler ayant un emploi \u2013 \u00e9tait en baisse \u00e0 68.6% au premier trimestre 2020, contre 68.9% au trimestre pr\u00e9c\u00e9dent, la premi\u00e8re diminution depuis d\u00e9but 2013. [&hellip;]","og_url":"https:\/\/peoplesphere.be\/fr\/selon-locde-baisse-taux-demploi-premier-trimestre-netait-debut-dune-crise-touche-particulierement-jeunes\/","og_site_name":"Peoplesphere","article_publisher":"https:\/\/www.facebook.com\/peoplesphere","article_published_time":"2020-07-17T05:14:37+00:00","og_image":[{"url":"http:\/\/www.peoplesphere.be\/fr\/wp-content\/uploads\/2016\/07\/facebook-default-posting-1200x628px.jpg"}],"author":"Jean-Paul Erhard","twitter_card":"summary_large_image","twitter_creator":"@PeoplesphereMag","twitter_site":"@PeoplesphereMag","twitter_misc":{"\u00c9crit par":"Jean-Paul Erhard","Dur\u00e9e de lecture estim\u00e9e":"2 minutes"},"schema":{"@context":"https:\/\/schema.org","@graph":[{"@type":"Article","@id":"https:\/\/peoplesphere.be\/fr\/selon-locde-baisse-taux-demploi-premier-trimestre-netait-debut-dune-crise-touche-particulierement-jeunes\/#article","isPartOf":{"@id":"https:\/\/peoplesphere.be\/fr\/selon-locde-baisse-taux-demploi-premier-trimestre-netait-debut-dune-crise-touche-particulierement-jeunes\/"},"author":{"name":"Jean-Paul Erhard","@id":"https:\/\/peoplesphere.be\/fr\/#\/schema\/person\/7976225ff17988604334abb7b3536a7e"},"headline":"Selon l&rsquo;OCDE, la baisse du taux d&#8217;emploi du premier trimestre n&rsquo;\u00e9tait que le d\u00e9but d&rsquo;une crise qui touche particuli\u00e8rement les jeunes.","datePublished":"2020-07-17T05:14:37+00:00","dateModified":"2020-07-17T05:14:37+00:00","mainEntityOfPage":{"@id":"https:\/\/peoplesphere.be\/fr\/selon-locde-baisse-taux-demploi-premier-trimestre-netait-debut-dune-crise-touche-particulierement-jeunes\/"},"wordCount":368,"publisher":{"@id":"https:\/\/peoplesphere.be\/fr\/#organization"},"keywords":["ch\u00f4mage temporaire","OCDE","taux d'emploi"],"articleSection":["Actualit\u00e9s","Digital"],"inLanguage":"fr-FR"},{"@type":"WebPage","@id":"https:\/\/peoplesphere.be\/fr\/selon-locde-baisse-taux-demploi-premier-trimestre-netait-debut-dune-crise-touche-particulierement-jeunes\/","url":"https:\/\/peoplesphere.be\/fr\/selon-locde-baisse-taux-demploi-premier-trimestre-netait-debut-dune-crise-touche-particulierement-jeunes\/","name":"Selon l'OCDE, la baisse du taux d'emploi du premier trimestre n'\u00e9tait que le d\u00e9but d'une crise qui touche particuli\u00e8rement les jeunes. - Peoplesphere","isPartOf":{"@id":"https:\/\/peoplesphere.be\/fr\/#website"},"datePublished":"2020-07-17T05:14:37+00:00","dateModified":"2020-07-17T05:14:37+00:00","breadcrumb":{"@id":"https:\/\/peoplesphere.be\/fr\/selon-locde-baisse-taux-demploi-premier-trimestre-netait-debut-dune-crise-touche-particulierement-jeunes\/#breadcrumb"},"inLanguage":"fr-FR","potentialAction":[{"@type":"ReadAction","target":["https:\/\/peoplesphere.be\/fr\/selon-locde-baisse-taux-demploi-premier-trimestre-netait-debut-dune-crise-touche-particulierement-jeunes\/"]}]},{"@type":"BreadcrumbList","@id":"https:\/\/peoplesphere.be\/fr\/selon-locde-baisse-taux-demploi-premier-trimestre-netait-debut-dune-crise-touche-particulierement-jeunes\/#breadcrumb","itemListElement":[{"@type":"ListItem","position":1,"name":"Accueil","item":"https:\/\/peoplesphere.be\/fr\/"},{"@type":"ListItem","position":2,"name":"Selon l&rsquo;OCDE, la baisse du taux d&#8217;emploi du premier trimestre n&rsquo;\u00e9tait que le d\u00e9but d&rsquo;une crise qui touche particuli\u00e8rement les jeunes."}]},{"@type":"WebSite","@id":"https:\/\/peoplesphere.be\/fr\/#website","url":"https:\/\/peoplesphere.be\/fr\/","name":"Peoplesphere","description":"The People Managers Magazine","publisher":{"@id":"https:\/\/peoplesphere.be\/fr\/#organization"},"potentialAction":[{"@type":"SearchAction","target":{"@type":"EntryPoint","urlTemplate":"https:\/\/peoplesphere.be\/fr\/?s={search_term_string}"},"query-input":"required name=search_term_string"}],"inLanguage":"fr-FR"},{"@type":"Organization","@id":"https:\/\/peoplesphere.be\/fr\/#organization","name":"Peoplesphere Company srl","url":"https:\/\/peoplesphere.be\/fr\/","logo":{"@type":"ImageObject","inLanguage":"fr-FR","@id":"https:\/\/peoplesphere.be\/fr\/#\/schema\/logo\/image\/","url":"https:\/\/peoplesphere.be\/fr\/wp-content\/uploads\/2023\/07\/peoplesphere-lgo-new-generik.jpg","contentUrl":"https:\/\/peoplesphere.be\/fr\/wp-content\/uploads\/2023\/07\/peoplesphere-lgo-new-generik.jpg","width":1031,"height":1479,"caption":"Peoplesphere Company srl"},"image":{"@id":"https:\/\/peoplesphere.be\/fr\/#\/schema\/logo\/image\/"},"sameAs":["https:\/\/www.facebook.com\/peoplesphere","https:\/\/twitter.com\/PeoplesphereMag","https:\/\/www.linkedin.com\/company\/7587361?trk","http:\/\/youtube.com\/peoplesphere"]},{"@type":"Person","@id":"https:\/\/peoplesphere.be\/fr\/#\/schema\/person\/7976225ff17988604334abb7b3536a7e","name":"Jean-Paul Erhard","image":{"@type":"ImageObject","inLanguage":"fr-FR","@id":"https:\/\/peoplesphere.be\/fr\/#\/schema\/person\/image\/","url":"https:\/\/secure.gravatar.com\/avatar\/f941e681460179738071629a51574930?s=96&d=mm&r=g","contentUrl":"https:\/\/secure.gravatar.com\/avatar\/f941e681460179738071629a51574930?s=96&d=mm&r=g","caption":"Jean-Paul Erhard"},"url":"https:\/\/peoplesphere.be\/fr\/author\/jpe\/"}]}},"_links":{"self":[{"href":"https:\/\/peoplesphere.be\/fr\/wp-json\/wp\/v2\/posts\/9896"}],"collection":[{"href":"https:\/\/peoplesphere.be\/fr\/wp-json\/wp\/v2\/posts"}],"about":[{"href":"https:\/\/peoplesphere.be\/fr\/wp-json\/wp\/v2\/types\/post"}],"author":[{"embeddable":true,"href":"https:\/\/peoplesphere.be\/fr\/wp-json\/wp\/v2\/users\/2"}],"replies":[{"embeddable":true,"href":"https:\/\/peoplesphere.be\/fr\/wp-json\/wp\/v2\/comments?post=9896"}],"version-history":[{"count":1,"href":"https:\/\/peoplesphere.be\/fr\/wp-json\/wp\/v2\/posts\/9896\/revisions"}],"predecessor-version":[{"id":9897,"href":"https:\/\/peoplesphere.be\/fr\/wp-json\/wp\/v2\/posts\/9896\/revisions\/9897"}],"wp:attachment":[{"href":"https:\/\/peoplesphere.be\/fr\/wp-json\/wp\/v2\/media?parent=9896"}],"wp:term":[{"taxonomy":"category","embeddable":true,"href":"https:\/\/peoplesphere.be\/fr\/wp-json\/wp\/v2\/categories?post=9896"},{"taxonomy":"post_tag","embeddable":true,"href":"https:\/\/peoplesphere.be\/fr\/wp-json\/wp\/v2\/tags?post=9896"}],"curies":[{"name":"wp","href":"https:\/\/api.w.org\/{rel}","templated":true}]}}