









{"id":9904,"date":"2020-07-17T15:12:10","date_gmt":"2020-07-17T13:12:10","guid":{"rendered":"https:\/\/peoplesphere.be\/fr\/?p=9904"},"modified":"2020-07-17T15:12:10","modified_gmt":"2020-07-17T13:12:10","slug":"participez-webinaire-29-septembre-2020-burn-out-mieux-comprendre-mieux-prevenir-y-apporter-de-bonnes-solutions","status":"publish","type":"post","link":"https:\/\/peoplesphere.be\/fr\/participez-webinaire-29-septembre-2020-burn-out-mieux-comprendre-mieux-prevenir-y-apporter-de-bonnes-solutions\/","title":{"rendered":"Participez au webinaire du 29 septembre 2020: \u00ab\u00a0Le burn-out: mieux le comprendre, mieux le pr\u00e9venir et y apporter de bonnes solutions.\u00a0\u00bb"},"content":{"rendered":"<p>Avant la crise du Covid-19, 17 % de la population belge reconnaissait souffrir de mal \u00eatre voire parfois de l\u00e9g\u00e8re d\u00e9pression. Aujourd\u2019hui, c\u2019est un belge sur 2 qui reconna\u00eet en souffrir. S\u00e9verine Evrard, avocate et m\u00e9diatrice agr\u00e9\u00e9e, cr\u00e9atrice de la m\u00e9thode Accord Majeur, vice-pr\u00e9sidente de l\u2019asbl S-Mediation et Laurent Devl\u00e9savaer, formateur coach sp\u00e9cialis\u00e9 en stress et burn-out, vous proposent un webinaire le 29 septembre prochain au cours duquel il s&rsquo;agira de mieux r\u00e9pondre \u00e0 une situation que nous risquons d&rsquo;affronter tr\u00e8s r\u00e9guli\u00e8rement au cours des mois qui viennent.<!--more--><\/p>\n<p>En d\u00e9pit de la grande actualit\u00e9 de la th\u00e9matique de la souffrance au travail en g\u00e9n\u00e9ral et du burn-out en particulier, il demeure de nombreuses zones d\u2019ombre en cette mati\u00e8re.<br \/>\n<em>&#8211; Mais qu\u2019est-ce exactement un burn-out ?<\/em><br \/>\n<em>&#8211; Comment situer le burn-out par rapport \u00e0 d\u2019autres pathologies ?<\/em><br \/>\n<em>&#8211; Qu\u2019est-ce qui se passe du c\u00f4t\u00e9 du travailleur et qu\u2019il ne me dit pas \u00e0 moi, l\u2019employeur ?<\/em><br \/>\n<em>&#8211; Quelles sont mes obligations en tant qu\u2019employeur \u00e0 cet \u00e9gard ?<\/em><br \/>\n<em>&#8211; Comment reconna\u00eetre un burn-out dans ses diff\u00e9rentes phases et comment r\u00e9agir ?<\/em><br \/>\n<em>&#8211; Comment agir en termes de pr\u00e9vention sur le plan l\u00e9gal et sur le plan op\u00e9rationnel ?<\/em><br \/>\n<em>&#8211; Quand un travailleur est frapp\u00e9 par cette maladie, comment l\u2019accompagner et le maintenir ou le r\u00e9int\u00e9grer dans l\u2019entreprise apr\u00e8s son incapacit\u00e9 de travail ?<\/em><\/p>\n<p>A l\u2019occasion de ce webinaire interactif, S\u00e9verine Evrard, avocate et m\u00e9diatrice agr\u00e9\u00e9e en mati\u00e8re sociale, et Laurent Devl\u00e9saver, formateur coach sp\u00e9cialis\u00e9 en stress et burn-out, proposeront leurs regards crois\u00e9s sur ce sujet ainsi que les cl\u00e9s de compr\u00e9hension et les outils qui permettront aux participants de mieux comprendre ce qu\u2019est le burn-out, quelles sont les obligations li\u00e9es, et comment agir et r\u00e9agir.<\/p>\n<p>Ce webinaire r\u00e9solument interactif int\u00e9ressera les professionnels, tous secteurs confondus, amen\u00e9s \u00e0 \u00eatre en contact, d\u2019une fa\u00e7on ou d\u2019une autre, avec la th\u00e9matique de la souffrance au travail : RH, conseiller en pr\u00e9vention, m\u00e9decin du travail, managers, administrateurs de soci\u00e9t\u00e9s ainsi que le monde judiciaire (avocats, magistrats).<\/p>\n<p><em><strong>Informations pratiques<\/strong><\/em><\/p>\n<p>Date et horaire : le mardi 29 septembre 2020 de 12h00 \u00e0 14h00<br \/>\nFrais d&rsquo;inscription :<br \/>\n&#8211; 75 \u20ac TVAC (61,98 \u20ac HTVA) : participation au webinaire<br \/>\n&#8211; 145 \u20ac TVAC (119,83 \u20ac HTVA) : participation au webinaire avec ouvrage<\/p>\n<p>Une attestation de pr\u00e9sence sera envoy\u00e9e sur demande par email apr\u00e8s v\u00e9rification de la pr\u00e9sence effective du participant. Les reconnaissances &lsquo;Formation permanente&rsquo; sont en cours aupr\u00e8s d&rsquo;avocats.be et de l&rsquo;IFJ.<\/p>\n<p><strong><em>Pour vous inscrire :<\/em><\/strong><\/p>\n\n<div class=\"wpcf7 no-js\" id=\"wpcf7-f9903-o1\" lang=\"fr-FR\" dir=\"ltr\">\n<div class=\"screen-reader-response\"><p role=\"status\" aria-live=\"polite\" aria-atomic=\"true\"><\/p> <ul><\/ul><\/div>\n<form action=\"\/fr\/wp-json\/wp\/v2\/posts\/9904#wpcf7-f9903-o1\" method=\"post\" class=\"wpcf7-form init\" aria-label=\"Formulaire de contact\" novalidate=\"novalidate\" data-status=\"init\">\n<div style=\"display: none;\">\n<input type=\"hidden\" name=\"_wpcf7\" value=\"9903\" \/>\n<input type=\"hidden\" name=\"_wpcf7_version\" value=\"5.7.7\" \/>\n<input type=\"hidden\" name=\"_wpcf7_locale\" value=\"fr_FR\" \/>\n<input type=\"hidden\" name=\"_wpcf7_unit_tag\" value=\"wpcf7-f9903-o1\" \/>\n<input type=\"hidden\" name=\"_wpcf7_container_post\" value=\"0\" \/>\n<input type=\"hidden\" name=\"_wpcf7_posted_data_hash\" value=\"\" \/>\n<\/div>\n<p><span class=\"wpcf7-form-control-wrap\" data-name=\"checkbox-612\"><span class=\"wpcf7-form-control wpcf7-checkbox wpcf7-validates-as-required\"><span class=\"wpcf7-list-item first\"><input type=\"checkbox\" name=\"checkbox-612[]\" value=\"Participation au webinaire - 75\u20ac\" \/><span class=\"wpcf7-list-item-label\">Participation au webinaire - 75\u20ac<\/span><\/span><span class=\"wpcf7-list-item last\"><input type=\"checkbox\" name=\"checkbox-612[]\" value=\"Participation au webinaire + ouvrage - 145\u20ac\" \/><span class=\"wpcf7-list-item-label\">Participation au webinaire + ouvrage - 145\u20ac<\/span><\/span><\/span><\/span>\n<\/p>\n<p><label> Nom<br \/>\n<span class=\"wpcf7-form-control-wrap\" data-name=\"your-name\"><input size=\"40\" class=\"wpcf7-form-control wpcf7-text wpcf7-validates-as-required\" aria-required=\"true\" aria-invalid=\"false\" value=\"\" type=\"text\" name=\"your-name\" \/><\/span> <\/label>\n<\/p>\n<p><label> Pr\u00e9nom<br \/>\n<span class=\"wpcf7-form-control-wrap\" data-name=\"your-firstname\"><input size=\"40\" class=\"wpcf7-form-control wpcf7-text wpcf7-validates-as-required\" aria-required=\"true\" aria-invalid=\"false\" value=\"\" type=\"text\" name=\"your-firstname\" \/><\/span> <\/label>\n<\/p>\n<p><label> Fonction<br \/>\n<span class=\"wpcf7-form-control-wrap\" data-name=\"your-function\"><input size=\"40\" class=\"wpcf7-form-control wpcf7-text\" aria-invalid=\"false\" value=\"\" type=\"text\" name=\"your-function\" \/><\/span> <\/label>\n<\/p>\n<p><label> Soci\u00e9t\u00e9<br \/>\n<span class=\"wpcf7-form-control-wrap\" data-name=\"your-company\"><input size=\"40\" class=\"wpcf7-form-control wpcf7-text\" aria-invalid=\"false\" value=\"\" type=\"text\" name=\"your-company\" \/><\/span> <\/label>\n<\/p>\n<p><label> Adresse<br \/>\n<span class=\"wpcf7-form-control-wrap\" data-name=\"your-adress\"><input size=\"40\" class=\"wpcf7-form-control wpcf7-text\" aria-invalid=\"false\" value=\"\" type=\"text\" name=\"your-adress\" \/><\/span> <\/label>\n<\/p>\n<p><label> Code postal<br \/>\n<span class=\"wpcf7-form-control-wrap\" data-name=\"your-code\"><input size=\"40\" class=\"wpcf7-form-control wpcf7-text\" aria-invalid=\"false\" value=\"\" type=\"text\" name=\"your-code\" \/><\/span> <\/label>\n<\/p>\n<p><label> Ville<br \/>\n<span class=\"wpcf7-form-control-wrap\" data-name=\"your-town\"><input size=\"40\" class=\"wpcf7-form-control wpcf7-text\" aria-invalid=\"false\" value=\"\" type=\"text\" name=\"your-town\" \/><\/span> <\/label>\n<\/p>\n<p><label> Num\u00e9ro TVA<br \/>\n<span class=\"wpcf7-form-control-wrap\" data-name=\"your-vatnumber\"><input size=\"40\" class=\"wpcf7-form-control wpcf7-text\" aria-invalid=\"false\" value=\"\" type=\"text\" name=\"your-vatnumber\" \/><\/span> <\/label>\n<\/p>\n<p><label> T\u00e9l\u00e9phone<br \/>\n<span class=\"wpcf7-form-control-wrap\" data-name=\"your-phone\"><input size=\"40\" class=\"wpcf7-form-control wpcf7-text\" aria-invalid=\"false\" value=\"\" type=\"text\" name=\"your-phone\" \/><\/span> <\/label>\n<\/p>\n<p><label> E-mail<br \/>\n<span class=\"wpcf7-form-control-wrap\" data-name=\"your-email\"><input size=\"40\" class=\"wpcf7-form-control wpcf7-text wpcf7-email wpcf7-validates-as-required wpcf7-validates-as-email\" aria-required=\"true\" aria-invalid=\"false\" value=\"\" type=\"email\" name=\"your-email\" \/><\/span> <\/label>\n<\/p>\n<p><input class=\"wpcf7-form-control has-spinner wpcf7-submit\" type=\"submit\" value=\"Envoyer\" \/>\n<\/p><p style=\"display: none !important;\"><label>&#916;<textarea name=\"_wpcf7_ak_hp_textarea\" cols=\"45\" rows=\"8\" maxlength=\"100\"><\/textarea><\/label><input type=\"hidden\" id=\"ak_js_1\" name=\"_wpcf7_ak_js\" value=\"245\"\/><script>document.getElementById( \"ak_js_1\" ).setAttribute( \"value\", ( new Date() ).getTime() );<\/script><\/p><div class=\"wpcf7-response-output\" aria-hidden=\"true\"><\/div>\n<\/form>\n<\/div>\n\n","protected":false},"excerpt":{"rendered":"<p>Avant la crise du Covid-19, 17 % de la population belge reconnaissait souffrir de mal \u00eatre voire parfois de l\u00e9g\u00e8re d\u00e9pression. Aujourd\u2019hui, c\u2019est un belge sur 2 qui reconna\u00eet en souffrir. S\u00e9verine Evrard, avocate et m\u00e9diatrice agr\u00e9\u00e9e, cr\u00e9atrice de la [&hellip;]<\/p>\n","protected":false},"author":2,"featured_media":9907,"comment_status":"closed","ping_status":"open","sticky":false,"template":"","format":"standard","meta":[],"categories":[65,67,10,8],"tags":[20,42,17,3022],"yoast_head":"<!-- This site is optimized with the Yoast SEO plugin v21.0 - https:\/\/yoast.com\/wordpress\/plugins\/seo\/ -->\n<title>Participez au webinaire du 29 septembre 2020: &quot;Le burn-out: mieux le comprendre, mieux le pr\u00e9venir et y apporter de bonnes solutions.&quot; - Peoplesphere<\/title>\n<meta name=\"robots\" content=\"index, follow, max-snippet:-1, max-image-preview:large, max-video-preview:-1\" \/>\n<link rel=\"canonical\" href=\"https:\/\/peoplesphere.be\/fr\/participez-webinaire-29-septembre-2020-burn-out-mieux-comprendre-mieux-prevenir-y-apporter-de-bonnes-solutions\/\" \/>\n<meta property=\"og:locale\" content=\"fr_FR\" \/>\n<meta property=\"og:type\" content=\"article\" \/>\n<meta property=\"og:title\" content=\"Participez au webinaire du 29 septembre 2020: &quot;Le burn-out: mieux le comprendre, mieux le pr\u00e9venir et y apporter de bonnes solutions.&quot; - Peoplesphere\" \/>\n<meta property=\"og:description\" content=\"Avant la crise du Covid-19, 17 % de la population belge reconnaissait souffrir de mal \u00eatre voire parfois de l\u00e9g\u00e8re d\u00e9pression. Aujourd\u2019hui, c\u2019est un belge sur 2 qui reconna\u00eet en souffrir. S\u00e9verine Evrard, avocate et m\u00e9diatrice agr\u00e9\u00e9e, cr\u00e9atrice de la [&hellip;]\" \/>\n<meta property=\"og:url\" content=\"https:\/\/peoplesphere.be\/fr\/participez-webinaire-29-septembre-2020-burn-out-mieux-comprendre-mieux-prevenir-y-apporter-de-bonnes-solutions\/\" \/>\n<meta property=\"og:site_name\" content=\"Peoplesphere\" \/>\n<meta property=\"article:publisher\" content=\"https:\/\/www.facebook.com\/peoplesphere\" \/>\n<meta property=\"article:published_time\" content=\"2020-07-17T13:12:10+00:00\" \/>\n<meta property=\"og:image\" content=\"https:\/\/peoplesphere.be\/fr\/wp-content\/uploads\/2020\/07\/webinarburnout.png\" \/>\n\t<meta property=\"og:image:width\" content=\"1410\" \/>\n\t<meta property=\"og:image:height\" content=\"758\" \/>\n\t<meta property=\"og:image:type\" content=\"image\/png\" \/>\n<meta name=\"author\" content=\"Jean-Paul Erhard\" \/>\n<meta name=\"twitter:card\" content=\"summary_large_image\" \/>\n<meta name=\"twitter:creator\" content=\"@PeoplesphereMag\" \/>\n<meta name=\"twitter:site\" content=\"@PeoplesphereMag\" \/>\n<meta name=\"twitter:label1\" content=\"\u00c9crit par\" \/>\n\t<meta name=\"twitter:data1\" content=\"Jean-Paul Erhard\" \/>\n\t<meta name=\"twitter:label2\" content=\"Dur\u00e9e de lecture estim\u00e9e\" \/>\n\t<meta name=\"twitter:data2\" content=\"2 minutes\" \/>\n<script type=\"application\/ld+json\" class=\"yoast-schema-graph\">{\"@context\":\"https:\/\/schema.org\",\"@graph\":[{\"@type\":\"Article\",\"@id\":\"https:\/\/peoplesphere.be\/fr\/participez-webinaire-29-septembre-2020-burn-out-mieux-comprendre-mieux-prevenir-y-apporter-de-bonnes-solutions\/#article\",\"isPartOf\":{\"@id\":\"https:\/\/peoplesphere.be\/fr\/participez-webinaire-29-septembre-2020-burn-out-mieux-comprendre-mieux-prevenir-y-apporter-de-bonnes-solutions\/\"},\"author\":{\"name\":\"Jean-Paul Erhard\",\"@id\":\"https:\/\/peoplesphere.be\/fr\/#\/schema\/person\/7976225ff17988604334abb7b3536a7e\"},\"headline\":\"Participez au webinaire du 29 septembre 2020: \u00ab\u00a0Le burn-out: mieux le comprendre, mieux le pr\u00e9venir et y apporter de bonnes solutions.\u00a0\u00bb\",\"datePublished\":\"2020-07-17T13:12:10+00:00\",\"dateModified\":\"2020-07-17T13:12:10+00:00\",\"mainEntityOfPage\":{\"@id\":\"https:\/\/peoplesphere.be\/fr\/participez-webinaire-29-septembre-2020-burn-out-mieux-comprendre-mieux-prevenir-y-apporter-de-bonnes-solutions\/\"},\"wordCount\":474,\"publisher\":{\"@id\":\"https:\/\/peoplesphere.be\/fr\/#organization\"},\"keywords\":[\"Burn-out\",\"Pr\u00e9vention\",\"Sant\u00e9\",\"webinaire\"],\"articleSection\":[\"Actualit\u00e9s\",\"Calendrier\",\"Digital\",\"Events\"],\"inLanguage\":\"fr-FR\"},{\"@type\":\"WebPage\",\"@id\":\"https:\/\/peoplesphere.be\/fr\/participez-webinaire-29-septembre-2020-burn-out-mieux-comprendre-mieux-prevenir-y-apporter-de-bonnes-solutions\/\",\"url\":\"https:\/\/peoplesphere.be\/fr\/participez-webinaire-29-septembre-2020-burn-out-mieux-comprendre-mieux-prevenir-y-apporter-de-bonnes-solutions\/\",\"name\":\"Participez au webinaire du 29 septembre 2020: \\\"Le burn-out: mieux le comprendre, mieux le pr\u00e9venir et y apporter de bonnes solutions.\\\" - Peoplesphere\",\"isPartOf\":{\"@id\":\"https:\/\/peoplesphere.be\/fr\/#website\"},\"datePublished\":\"2020-07-17T13:12:10+00:00\",\"dateModified\":\"2020-07-17T13:12:10+00:00\",\"breadcrumb\":{\"@id\":\"https:\/\/peoplesphere.be\/fr\/participez-webinaire-29-septembre-2020-burn-out-mieux-comprendre-mieux-prevenir-y-apporter-de-bonnes-solutions\/#breadcrumb\"},\"inLanguage\":\"fr-FR\",\"potentialAction\":[{\"@type\":\"ReadAction\",\"target\":[\"https:\/\/peoplesphere.be\/fr\/participez-webinaire-29-septembre-2020-burn-out-mieux-comprendre-mieux-prevenir-y-apporter-de-bonnes-solutions\/\"]}]},{\"@type\":\"BreadcrumbList\",\"@id\":\"https:\/\/peoplesphere.be\/fr\/participez-webinaire-29-septembre-2020-burn-out-mieux-comprendre-mieux-prevenir-y-apporter-de-bonnes-solutions\/#breadcrumb\",\"itemListElement\":[{\"@type\":\"ListItem\",\"position\":1,\"name\":\"Accueil\",\"item\":\"https:\/\/peoplesphere.be\/fr\/\"},{\"@type\":\"ListItem\",\"position\":2,\"name\":\"Participez au webinaire du 29 septembre 2020: \u00ab\u00a0Le burn-out: mieux le comprendre, mieux le pr\u00e9venir et y apporter de bonnes solutions.\u00a0\u00bb\"}]},{\"@type\":\"WebSite\",\"@id\":\"https:\/\/peoplesphere.be\/fr\/#website\",\"url\":\"https:\/\/peoplesphere.be\/fr\/\",\"name\":\"Peoplesphere\",\"description\":\"The People Managers Magazine\",\"publisher\":{\"@id\":\"https:\/\/peoplesphere.be\/fr\/#organization\"},\"potentialAction\":[{\"@type\":\"SearchAction\",\"target\":{\"@type\":\"EntryPoint\",\"urlTemplate\":\"https:\/\/peoplesphere.be\/fr\/?s={search_term_string}\"},\"query-input\":\"required name=search_term_string\"}],\"inLanguage\":\"fr-FR\"},{\"@type\":\"Organization\",\"@id\":\"https:\/\/peoplesphere.be\/fr\/#organization\",\"name\":\"Peoplesphere Company srl\",\"url\":\"https:\/\/peoplesphere.be\/fr\/\",\"logo\":{\"@type\":\"ImageObject\",\"inLanguage\":\"fr-FR\",\"@id\":\"https:\/\/peoplesphere.be\/fr\/#\/schema\/logo\/image\/\",\"url\":\"https:\/\/peoplesphere.be\/fr\/wp-content\/uploads\/2023\/07\/peoplesphere-lgo-new-generik.jpg\",\"contentUrl\":\"https:\/\/peoplesphere.be\/fr\/wp-content\/uploads\/2023\/07\/peoplesphere-lgo-new-generik.jpg\",\"width\":1031,\"height\":1479,\"caption\":\"Peoplesphere Company srl\"},\"image\":{\"@id\":\"https:\/\/peoplesphere.be\/fr\/#\/schema\/logo\/image\/\"},\"sameAs\":[\"https:\/\/www.facebook.com\/peoplesphere\",\"https:\/\/twitter.com\/PeoplesphereMag\",\"https:\/\/www.linkedin.com\/company\/7587361?trk\",\"http:\/\/youtube.com\/peoplesphere\"]},{\"@type\":\"Person\",\"@id\":\"https:\/\/peoplesphere.be\/fr\/#\/schema\/person\/7976225ff17988604334abb7b3536a7e\",\"name\":\"Jean-Paul Erhard\",\"image\":{\"@type\":\"ImageObject\",\"inLanguage\":\"fr-FR\",\"@id\":\"https:\/\/peoplesphere.be\/fr\/#\/schema\/person\/image\/\",\"url\":\"https:\/\/secure.gravatar.com\/avatar\/f941e681460179738071629a51574930?s=96&d=mm&r=g\",\"contentUrl\":\"https:\/\/secure.gravatar.com\/avatar\/f941e681460179738071629a51574930?s=96&d=mm&r=g\",\"caption\":\"Jean-Paul Erhard\"},\"url\":\"https:\/\/peoplesphere.be\/fr\/author\/jpe\/\"}]}<\/script>\n<!-- \/ Yoast SEO plugin. -->","yoast_head_json":{"title":"Participez au webinaire du 29 septembre 2020: \"Le burn-out: mieux le comprendre, mieux le pr\u00e9venir et y apporter de bonnes solutions.\" - Peoplesphere","robots":{"index":"index","follow":"follow","max-snippet":"max-snippet:-1","max-image-preview":"max-image-preview:large","max-video-preview":"max-video-preview:-1"},"canonical":"https:\/\/peoplesphere.be\/fr\/participez-webinaire-29-septembre-2020-burn-out-mieux-comprendre-mieux-prevenir-y-apporter-de-bonnes-solutions\/","og_locale":"fr_FR","og_type":"article","og_title":"Participez au webinaire du 29 septembre 2020: \"Le burn-out: mieux le comprendre, mieux le pr\u00e9venir et y apporter de bonnes solutions.\" - Peoplesphere","og_description":"Avant la crise du Covid-19, 17 % de la population belge reconnaissait souffrir de mal \u00eatre voire parfois de l\u00e9g\u00e8re d\u00e9pression. Aujourd\u2019hui, c\u2019est un belge sur 2 qui reconna\u00eet en souffrir. S\u00e9verine Evrard, avocate et m\u00e9diatrice agr\u00e9\u00e9e, cr\u00e9atrice de la [&hellip;]","og_url":"https:\/\/peoplesphere.be\/fr\/participez-webinaire-29-septembre-2020-burn-out-mieux-comprendre-mieux-prevenir-y-apporter-de-bonnes-solutions\/","og_site_name":"Peoplesphere","article_publisher":"https:\/\/www.facebook.com\/peoplesphere","article_published_time":"2020-07-17T13:12:10+00:00","og_image":[{"width":1410,"height":758,"url":"https:\/\/peoplesphere.be\/fr\/wp-content\/uploads\/2020\/07\/webinarburnout.png","type":"image\/png"}],"author":"Jean-Paul Erhard","twitter_card":"summary_large_image","twitter_creator":"@PeoplesphereMag","twitter_site":"@PeoplesphereMag","twitter_misc":{"\u00c9crit par":"Jean-Paul Erhard","Dur\u00e9e de lecture estim\u00e9e":"2 minutes"},"schema":{"@context":"https:\/\/schema.org","@graph":[{"@type":"Article","@id":"https:\/\/peoplesphere.be\/fr\/participez-webinaire-29-septembre-2020-burn-out-mieux-comprendre-mieux-prevenir-y-apporter-de-bonnes-solutions\/#article","isPartOf":{"@id":"https:\/\/peoplesphere.be\/fr\/participez-webinaire-29-septembre-2020-burn-out-mieux-comprendre-mieux-prevenir-y-apporter-de-bonnes-solutions\/"},"author":{"name":"Jean-Paul Erhard","@id":"https:\/\/peoplesphere.be\/fr\/#\/schema\/person\/7976225ff17988604334abb7b3536a7e"},"headline":"Participez au webinaire du 29 septembre 2020: \u00ab\u00a0Le burn-out: mieux le comprendre, mieux le pr\u00e9venir et y apporter de bonnes solutions.\u00a0\u00bb","datePublished":"2020-07-17T13:12:10+00:00","dateModified":"2020-07-17T13:12:10+00:00","mainEntityOfPage":{"@id":"https:\/\/peoplesphere.be\/fr\/participez-webinaire-29-septembre-2020-burn-out-mieux-comprendre-mieux-prevenir-y-apporter-de-bonnes-solutions\/"},"wordCount":474,"publisher":{"@id":"https:\/\/peoplesphere.be\/fr\/#organization"},"keywords":["Burn-out","Pr\u00e9vention","Sant\u00e9","webinaire"],"articleSection":["Actualit\u00e9s","Calendrier","Digital","Events"],"inLanguage":"fr-FR"},{"@type":"WebPage","@id":"https:\/\/peoplesphere.be\/fr\/participez-webinaire-29-septembre-2020-burn-out-mieux-comprendre-mieux-prevenir-y-apporter-de-bonnes-solutions\/","url":"https:\/\/peoplesphere.be\/fr\/participez-webinaire-29-septembre-2020-burn-out-mieux-comprendre-mieux-prevenir-y-apporter-de-bonnes-solutions\/","name":"Participez au webinaire du 29 septembre 2020: \"Le burn-out: mieux le comprendre, mieux le pr\u00e9venir et y apporter de bonnes solutions.\" - Peoplesphere","isPartOf":{"@id":"https:\/\/peoplesphere.be\/fr\/#website"},"datePublished":"2020-07-17T13:12:10+00:00","dateModified":"2020-07-17T13:12:10+00:00","breadcrumb":{"@id":"https:\/\/peoplesphere.be\/fr\/participez-webinaire-29-septembre-2020-burn-out-mieux-comprendre-mieux-prevenir-y-apporter-de-bonnes-solutions\/#breadcrumb"},"inLanguage":"fr-FR","potentialAction":[{"@type":"ReadAction","target":["https:\/\/peoplesphere.be\/fr\/participez-webinaire-29-septembre-2020-burn-out-mieux-comprendre-mieux-prevenir-y-apporter-de-bonnes-solutions\/"]}]},{"@type":"BreadcrumbList","@id":"https:\/\/peoplesphere.be\/fr\/participez-webinaire-29-septembre-2020-burn-out-mieux-comprendre-mieux-prevenir-y-apporter-de-bonnes-solutions\/#breadcrumb","itemListElement":[{"@type":"ListItem","position":1,"name":"Accueil","item":"https:\/\/peoplesphere.be\/fr\/"},{"@type":"ListItem","position":2,"name":"Participez au webinaire du 29 septembre 2020: \u00ab\u00a0Le burn-out: mieux le comprendre, mieux le pr\u00e9venir et y apporter de bonnes solutions.\u00a0\u00bb"}]},{"@type":"WebSite","@id":"https:\/\/peoplesphere.be\/fr\/#website","url":"https:\/\/peoplesphere.be\/fr\/","name":"Peoplesphere","description":"The People Managers Magazine","publisher":{"@id":"https:\/\/peoplesphere.be\/fr\/#organization"},"potentialAction":[{"@type":"SearchAction","target":{"@type":"EntryPoint","urlTemplate":"https:\/\/peoplesphere.be\/fr\/?s={search_term_string}"},"query-input":"required name=search_term_string"}],"inLanguage":"fr-FR"},{"@type":"Organization","@id":"https:\/\/peoplesphere.be\/fr\/#organization","name":"Peoplesphere Company srl","url":"https:\/\/peoplesphere.be\/fr\/","logo":{"@type":"ImageObject","inLanguage":"fr-FR","@id":"https:\/\/peoplesphere.be\/fr\/#\/schema\/logo\/image\/","url":"https:\/\/peoplesphere.be\/fr\/wp-content\/uploads\/2023\/07\/peoplesphere-lgo-new-generik.jpg","contentUrl":"https:\/\/peoplesphere.be\/fr\/wp-content\/uploads\/2023\/07\/peoplesphere-lgo-new-generik.jpg","width":1031,"height":1479,"caption":"Peoplesphere Company srl"},"image":{"@id":"https:\/\/peoplesphere.be\/fr\/#\/schema\/logo\/image\/"},"sameAs":["https:\/\/www.facebook.com\/peoplesphere","https:\/\/twitter.com\/PeoplesphereMag","https:\/\/www.linkedin.com\/company\/7587361?trk","http:\/\/youtube.com\/peoplesphere"]},{"@type":"Person","@id":"https:\/\/peoplesphere.be\/fr\/#\/schema\/person\/7976225ff17988604334abb7b3536a7e","name":"Jean-Paul Erhard","image":{"@type":"ImageObject","inLanguage":"fr-FR","@id":"https:\/\/peoplesphere.be\/fr\/#\/schema\/person\/image\/","url":"https:\/\/secure.gravatar.com\/avatar\/f941e681460179738071629a51574930?s=96&d=mm&r=g","contentUrl":"https:\/\/secure.gravatar.com\/avatar\/f941e681460179738071629a51574930?s=96&d=mm&r=g","caption":"Jean-Paul Erhard"},"url":"https:\/\/peoplesphere.be\/fr\/author\/jpe\/"}]}},"_links":{"self":[{"href":"https:\/\/peoplesphere.be\/fr\/wp-json\/wp\/v2\/posts\/9904"}],"collection":[{"href":"https:\/\/peoplesphere.be\/fr\/wp-json\/wp\/v2\/posts"}],"about":[{"href":"https:\/\/peoplesphere.be\/fr\/wp-json\/wp\/v2\/types\/post"}],"author":[{"embeddable":true,"href":"https:\/\/peoplesphere.be\/fr\/wp-json\/wp\/v2\/users\/2"}],"replies":[{"embeddable":true,"href":"https:\/\/peoplesphere.be\/fr\/wp-json\/wp\/v2\/comments?post=9904"}],"version-history":[{"count":3,"href":"https:\/\/peoplesphere.be\/fr\/wp-json\/wp\/v2\/posts\/9904\/revisions"}],"predecessor-version":[{"id":9909,"href":"https:\/\/peoplesphere.be\/fr\/wp-json\/wp\/v2\/posts\/9904\/revisions\/9909"}],"wp:featuredmedia":[{"embeddable":true,"href":"https:\/\/peoplesphere.be\/fr\/wp-json\/wp\/v2\/media\/9907"}],"wp:attachment":[{"href":"https:\/\/peoplesphere.be\/fr\/wp-json\/wp\/v2\/media?parent=9904"}],"wp:term":[{"taxonomy":"category","embeddable":true,"href":"https:\/\/peoplesphere.be\/fr\/wp-json\/wp\/v2\/categories?post=9904"},{"taxonomy":"post_tag","embeddable":true,"href":"https:\/\/peoplesphere.be\/fr\/wp-json\/wp\/v2\/tags?post=9904"}],"curies":[{"name":"wp","href":"https:\/\/api.w.org\/{rel}","templated":true}]}}