









{"id":9963,"date":"2020-08-03T14:26:30","date_gmt":"2020-08-03T12:26:30","guid":{"rendered":"https:\/\/peoplesphere.be\/fr\/?p=9963"},"modified":"2020-08-03T14:26:30","modified_gmt":"2020-08-03T12:26:30","slug":"prolongation-droit-passerelle-de-crise-accorde-aux-independants-confirmee-mesure-de-court-terme-indispensable","status":"publish","type":"post","link":"https:\/\/peoplesphere.be\/fr\/prolongation-droit-passerelle-de-crise-accorde-aux-independants-confirmee-mesure-de-court-terme-indispensable\/","title":{"rendered":"La prolongation du droit passerelle de crise accord\u00e9 aux ind\u00e9pendants est confirm\u00e9e: une mesure de court terme indispensable."},"content":{"rendered":"<p>Le ministre f\u00e9d\u00e9ral Denis Ducarme a confirm\u00e9 l&rsquo;adoption par le Conseil des ministres de l\u2019arr\u00eat\u00e9 royal qui pr\u00e9voit la prolongation jusqu\u2019au 31 d\u00e9cembre du droit passerelle de crise au profit des secteurs qui restent ferm\u00e9s et d\u2019autre part la prolongation au moins jusqu\u2019au 31 octobre du droit passerelle de soutien \u00e0 la reprise au profit des secteurs du commerce non alimentaire, des coiffeurs, de l\u2019Horeca, des forains. D\u2019apr\u00e8s le ministre des Ind\u00e9pendants, les prolongations d\u00e9cid\u00e9es vendredi dernier participent au soutien indispensable que les travailleurs ind\u00e9pendants attendent.<!--more--><\/p>\n<p>Il annonce\u00a0par ailleurs avoir repris contact avec les caisses d\u2019assurances sociales afin qu\u2019elles op\u00e8rent les versements du droit passerelle rapidement et qu\u2019elles informent les ind\u00e9pendants affili\u00e9s de la prolongation du dispositif.<\/p>\n<p>Le \u00ab\u00a0droit passerelle\u00a0\u00bb permet aux ind\u00e9pendants actifs \u00e0 titre principal qui cessent ou interrompent leur activit\u00e9 de b\u00e9n\u00e9ficier d\u2019un revenu de remplacement mensuel de 1291,69 euros (1614,10 euros si charge de famille). Le dispositif, dont les conditions avaient \u00e9t\u00e9 assouplies depuis le mois de mars, est prolong\u00e9 jusqu\u2019en d\u00e9cembre.<\/p>\n<p>Cette prolongation s\u2019adresse, pour la p\u00e9riode de septembre \u00e0 d\u00e9cembre, aux ind\u00e9pendants dont l\u2019activit\u00e9 est interrompue ou limit\u00e9e en raison des mesures prises par le Conseil national de S\u00e9curit\u00e9 (via les arr\u00eat\u00e9s minist\u00e9riels portant des mesures d\u2019urgence pour limiter la propagation du coronavirus), quelle que soit la dur\u00e9e de l\u2019interruption.<\/p>\n<p><strong><em>A quelles conditions ?<\/em><\/strong><\/p>\n<p>L\u2019acc\u00e8s au droit passerelle de soutien \u00e0 la reprise instaur\u00e9 en juin, et qui vise certains secteurs particuli\u00e8rement vis\u00e9s par les interdictions d\u00e9cr\u00e9t\u00e9es par le Conseil national de S\u00e9curit\u00e9 et le gouvernement est quant \u00e0 lui prolong\u00e9 jusqu\u2019au 31 octobre. Pour b\u00e9n\u00e9ficier de ce nouveau dispositif, les ind\u00e9pendants doivent \u00eatre actifs dans un des secteurs qui ont fait l\u2019objet, par arr\u00eat\u00e9s minist\u00e9riels, d\u2019une fermeture totale ou partielle durant plus d\u2019un mois civil et qui restent sous contraintes lors de leur r\u00e9ouverture (Horeca, commerces de d\u00e9tails non alimentaires, coiffeurs, esth\u00e9ticiens,\u2026).<\/p>\n<p>Ils doivent aussi d\u00e9montrer que l\u2019activit\u00e9 conna\u00eet, pour le trimestre qui pr\u00e9c\u00e8de le mois concern\u00e9, une baisse de 10% au moins du chiffre d\u2019affaires ou des commandes, par rapport au m\u00eame trimestre de l\u2019ann\u00e9e pr\u00e9c\u00e9dente. Cette mesure vise les ind\u00e9pendants \u00e0 titre principal ou qui cotisent comme un ind\u00e9pendant \u00e0 titre principal et permet l\u2019octroi d\u2019une prestation financi\u00e8re \u00e9galement de 1291,69 euros (1614,10 euros si charge de famille). Selon Denis Ducarme, elle pourrait \u00eatre prolong\u00e9e au-del\u00e0 du 31 octobre prochain.<\/p>\n<p>L&rsquo;UCM a analys\u00e9 les d\u00e9cisions du gouvernement concernant le droit passerelle accessible aux ind\u00e9pendants: <em>\u00ab\u00a0Les prolongations d\u00e9cid\u00e9es sont bienvenues, mais minimalistes. L&rsquo;arr\u00eat des activit\u00e9s, faute de clients, reste probable dans de nombreux cas apr\u00e8s le mois d&rsquo;ao\u00fbt. Cette situation n&rsquo;est pour l&rsquo;instant pas prise en compte. Les conditions nouvelles ne couvrent pas la totalit\u00e9 des besoins des ind\u00e9pendants.\u00a0\u00bb <\/em>Ainsi,\u00a0d\u00e8s la fin ao\u00fbt et sauf nouvelles mesures, les ind\u00e9pendants forc\u00e9s de cesser leur activit\u00e9 faute de clients (professions lib\u00e9rales, industrie, informatique, conseils et services aux entreprises, construction\u2026) n&rsquo;auront plus acc\u00e8s au droit passerelle. <em>\u00ab\u00a0Cette date butoir est beaucoup trop proche. La d\u00e9gradation de la situation sanitaire et les restrictions qui en d\u00e9coulent, notamment la mise en quarantaine de nombreuses personnes, vont certainement priver de travail des milliers de professionnels. En avril, ils ont \u00e9t\u00e9 environ 200.000 \u00e0 demander le droit passerelle dans des secteurs th\u00e9oriquement autoris\u00e9s \u00e0 fonctionner. S&rsquo;ils ont fait la d\u00e9marche, c&rsquo;est faute de revenus professionnels suffisants pour couvrir leurs charges et tout simplement pour vivre. Fermer la porte d\u00e8s septembre cr\u00e9e un risque important de cessations \u00e9vitables et m\u00eame de pr\u00e9carit\u00e9.\u00a0\u00bb<\/em><\/p>\n<p><em>\u00a0Source: UCM &#8211; RTBF<\/em><\/p>\n","protected":false},"excerpt":{"rendered":"<p>Le ministre f\u00e9d\u00e9ral Denis Ducarme a confirm\u00e9 l&rsquo;adoption par le Conseil des ministres de l\u2019arr\u00eat\u00e9 royal qui pr\u00e9voit la prolongation jusqu\u2019au 31 d\u00e9cembre du droit passerelle de crise au profit des secteurs qui restent ferm\u00e9s et d\u2019autre part la prolongation [&hellip;]<\/p>\n","protected":false},"author":2,"featured_media":0,"comment_status":"closed","ping_status":"open","sticky":false,"template":"","format":"standard","meta":[],"categories":[65,10],"tags":[2947,1758,2480,978],"yoast_head":"<!-- This site is optimized with the Yoast SEO plugin v21.0 - https:\/\/yoast.com\/wordpress\/plugins\/seo\/ -->\n<title>La prolongation du droit passerelle de crise accord\u00e9 aux ind\u00e9pendants est confirm\u00e9e: une mesure de court terme indispensable. - Peoplesphere<\/title>\n<meta name=\"robots\" content=\"index, follow, max-snippet:-1, max-image-preview:large, max-video-preview:-1\" \/>\n<link rel=\"canonical\" href=\"https:\/\/peoplesphere.be\/fr\/prolongation-droit-passerelle-de-crise-accorde-aux-independants-confirmee-mesure-de-court-terme-indispensable\/\" \/>\n<meta property=\"og:locale\" content=\"fr_FR\" \/>\n<meta property=\"og:type\" content=\"article\" \/>\n<meta property=\"og:title\" content=\"La prolongation du droit passerelle de crise accord\u00e9 aux ind\u00e9pendants est confirm\u00e9e: une mesure de court terme indispensable. - Peoplesphere\" \/>\n<meta property=\"og:description\" content=\"Le ministre f\u00e9d\u00e9ral Denis Ducarme a confirm\u00e9 l&rsquo;adoption par le Conseil des ministres de l\u2019arr\u00eat\u00e9 royal qui pr\u00e9voit la prolongation jusqu\u2019au 31 d\u00e9cembre du droit passerelle de crise au profit des secteurs qui restent ferm\u00e9s et d\u2019autre part la prolongation [&hellip;]\" \/>\n<meta property=\"og:url\" content=\"https:\/\/peoplesphere.be\/fr\/prolongation-droit-passerelle-de-crise-accorde-aux-independants-confirmee-mesure-de-court-terme-indispensable\/\" \/>\n<meta property=\"og:site_name\" content=\"Peoplesphere\" \/>\n<meta property=\"article:publisher\" content=\"https:\/\/www.facebook.com\/peoplesphere\" \/>\n<meta property=\"article:published_time\" content=\"2020-08-03T12:26:30+00:00\" \/>\n<meta property=\"og:image\" content=\"http:\/\/www.peoplesphere.be\/fr\/wp-content\/uploads\/2016\/07\/facebook-default-posting-1200x628px.jpg\" \/>\n<meta name=\"author\" content=\"Jean-Paul Erhard\" \/>\n<meta name=\"twitter:card\" content=\"summary_large_image\" \/>\n<meta name=\"twitter:creator\" content=\"@PeoplesphereMag\" \/>\n<meta name=\"twitter:site\" content=\"@PeoplesphereMag\" \/>\n<meta name=\"twitter:label1\" content=\"\u00c9crit par\" \/>\n\t<meta name=\"twitter:data1\" content=\"Jean-Paul Erhard\" \/>\n\t<meta name=\"twitter:label2\" content=\"Dur\u00e9e de lecture estim\u00e9e\" \/>\n\t<meta name=\"twitter:data2\" content=\"3 minutes\" \/>\n<script type=\"application\/ld+json\" class=\"yoast-schema-graph\">{\"@context\":\"https:\/\/schema.org\",\"@graph\":[{\"@type\":\"Article\",\"@id\":\"https:\/\/peoplesphere.be\/fr\/prolongation-droit-passerelle-de-crise-accorde-aux-independants-confirmee-mesure-de-court-terme-indispensable\/#article\",\"isPartOf\":{\"@id\":\"https:\/\/peoplesphere.be\/fr\/prolongation-droit-passerelle-de-crise-accorde-aux-independants-confirmee-mesure-de-court-terme-indispensable\/\"},\"author\":{\"name\":\"Jean-Paul Erhard\",\"@id\":\"https:\/\/peoplesphere.be\/fr\/#\/schema\/person\/7976225ff17988604334abb7b3536a7e\"},\"headline\":\"La prolongation du droit passerelle de crise accord\u00e9 aux ind\u00e9pendants est confirm\u00e9e: une mesure de court terme indispensable.\",\"datePublished\":\"2020-08-03T12:26:30+00:00\",\"dateModified\":\"2020-08-03T12:26:30+00:00\",\"mainEntityOfPage\":{\"@id\":\"https:\/\/peoplesphere.be\/fr\/prolongation-droit-passerelle-de-crise-accorde-aux-independants-confirmee-mesure-de-court-terme-indispensable\/\"},\"wordCount\":682,\"publisher\":{\"@id\":\"https:\/\/peoplesphere.be\/fr\/#organization\"},\"keywords\":[\"coronavirus\",\"Denis Ducarme\",\"droit passerelle\",\"travailleurs ind\u00e9pendants\"],\"articleSection\":[\"Actualit\u00e9s\",\"Digital\"],\"inLanguage\":\"fr-FR\"},{\"@type\":\"WebPage\",\"@id\":\"https:\/\/peoplesphere.be\/fr\/prolongation-droit-passerelle-de-crise-accorde-aux-independants-confirmee-mesure-de-court-terme-indispensable\/\",\"url\":\"https:\/\/peoplesphere.be\/fr\/prolongation-droit-passerelle-de-crise-accorde-aux-independants-confirmee-mesure-de-court-terme-indispensable\/\",\"name\":\"La prolongation du droit passerelle de crise accord\u00e9 aux ind\u00e9pendants est confirm\u00e9e: une mesure de court terme indispensable. - Peoplesphere\",\"isPartOf\":{\"@id\":\"https:\/\/peoplesphere.be\/fr\/#website\"},\"datePublished\":\"2020-08-03T12:26:30+00:00\",\"dateModified\":\"2020-08-03T12:26:30+00:00\",\"breadcrumb\":{\"@id\":\"https:\/\/peoplesphere.be\/fr\/prolongation-droit-passerelle-de-crise-accorde-aux-independants-confirmee-mesure-de-court-terme-indispensable\/#breadcrumb\"},\"inLanguage\":\"fr-FR\",\"potentialAction\":[{\"@type\":\"ReadAction\",\"target\":[\"https:\/\/peoplesphere.be\/fr\/prolongation-droit-passerelle-de-crise-accorde-aux-independants-confirmee-mesure-de-court-terme-indispensable\/\"]}]},{\"@type\":\"BreadcrumbList\",\"@id\":\"https:\/\/peoplesphere.be\/fr\/prolongation-droit-passerelle-de-crise-accorde-aux-independants-confirmee-mesure-de-court-terme-indispensable\/#breadcrumb\",\"itemListElement\":[{\"@type\":\"ListItem\",\"position\":1,\"name\":\"Accueil\",\"item\":\"https:\/\/peoplesphere.be\/fr\/\"},{\"@type\":\"ListItem\",\"position\":2,\"name\":\"La prolongation du droit passerelle de crise accord\u00e9 aux ind\u00e9pendants est confirm\u00e9e: une mesure de court terme indispensable.\"}]},{\"@type\":\"WebSite\",\"@id\":\"https:\/\/peoplesphere.be\/fr\/#website\",\"url\":\"https:\/\/peoplesphere.be\/fr\/\",\"name\":\"Peoplesphere\",\"description\":\"The People Managers Magazine\",\"publisher\":{\"@id\":\"https:\/\/peoplesphere.be\/fr\/#organization\"},\"potentialAction\":[{\"@type\":\"SearchAction\",\"target\":{\"@type\":\"EntryPoint\",\"urlTemplate\":\"https:\/\/peoplesphere.be\/fr\/?s={search_term_string}\"},\"query-input\":\"required name=search_term_string\"}],\"inLanguage\":\"fr-FR\"},{\"@type\":\"Organization\",\"@id\":\"https:\/\/peoplesphere.be\/fr\/#organization\",\"name\":\"Peoplesphere Company srl\",\"url\":\"https:\/\/peoplesphere.be\/fr\/\",\"logo\":{\"@type\":\"ImageObject\",\"inLanguage\":\"fr-FR\",\"@id\":\"https:\/\/peoplesphere.be\/fr\/#\/schema\/logo\/image\/\",\"url\":\"https:\/\/peoplesphere.be\/fr\/wp-content\/uploads\/2023\/07\/peoplesphere-lgo-new-generik.jpg\",\"contentUrl\":\"https:\/\/peoplesphere.be\/fr\/wp-content\/uploads\/2023\/07\/peoplesphere-lgo-new-generik.jpg\",\"width\":1031,\"height\":1479,\"caption\":\"Peoplesphere Company srl\"},\"image\":{\"@id\":\"https:\/\/peoplesphere.be\/fr\/#\/schema\/logo\/image\/\"},\"sameAs\":[\"https:\/\/www.facebook.com\/peoplesphere\",\"https:\/\/twitter.com\/PeoplesphereMag\",\"https:\/\/www.linkedin.com\/company\/7587361?trk\",\"http:\/\/youtube.com\/peoplesphere\"]},{\"@type\":\"Person\",\"@id\":\"https:\/\/peoplesphere.be\/fr\/#\/schema\/person\/7976225ff17988604334abb7b3536a7e\",\"name\":\"Jean-Paul Erhard\",\"image\":{\"@type\":\"ImageObject\",\"inLanguage\":\"fr-FR\",\"@id\":\"https:\/\/peoplesphere.be\/fr\/#\/schema\/person\/image\/\",\"url\":\"https:\/\/secure.gravatar.com\/avatar\/f941e681460179738071629a51574930?s=96&d=mm&r=g\",\"contentUrl\":\"https:\/\/secure.gravatar.com\/avatar\/f941e681460179738071629a51574930?s=96&d=mm&r=g\",\"caption\":\"Jean-Paul Erhard\"},\"url\":\"https:\/\/peoplesphere.be\/fr\/author\/jpe\/\"}]}<\/script>\n<!-- \/ Yoast SEO plugin. -->","yoast_head_json":{"title":"La prolongation du droit passerelle de crise accord\u00e9 aux ind\u00e9pendants est confirm\u00e9e: une mesure de court terme indispensable. - Peoplesphere","robots":{"index":"index","follow":"follow","max-snippet":"max-snippet:-1","max-image-preview":"max-image-preview:large","max-video-preview":"max-video-preview:-1"},"canonical":"https:\/\/peoplesphere.be\/fr\/prolongation-droit-passerelle-de-crise-accorde-aux-independants-confirmee-mesure-de-court-terme-indispensable\/","og_locale":"fr_FR","og_type":"article","og_title":"La prolongation du droit passerelle de crise accord\u00e9 aux ind\u00e9pendants est confirm\u00e9e: une mesure de court terme indispensable. - Peoplesphere","og_description":"Le ministre f\u00e9d\u00e9ral Denis Ducarme a confirm\u00e9 l&rsquo;adoption par le Conseil des ministres de l\u2019arr\u00eat\u00e9 royal qui pr\u00e9voit la prolongation jusqu\u2019au 31 d\u00e9cembre du droit passerelle de crise au profit des secteurs qui restent ferm\u00e9s et d\u2019autre part la prolongation [&hellip;]","og_url":"https:\/\/peoplesphere.be\/fr\/prolongation-droit-passerelle-de-crise-accorde-aux-independants-confirmee-mesure-de-court-terme-indispensable\/","og_site_name":"Peoplesphere","article_publisher":"https:\/\/www.facebook.com\/peoplesphere","article_published_time":"2020-08-03T12:26:30+00:00","og_image":[{"url":"http:\/\/www.peoplesphere.be\/fr\/wp-content\/uploads\/2016\/07\/facebook-default-posting-1200x628px.jpg"}],"author":"Jean-Paul Erhard","twitter_card":"summary_large_image","twitter_creator":"@PeoplesphereMag","twitter_site":"@PeoplesphereMag","twitter_misc":{"\u00c9crit par":"Jean-Paul Erhard","Dur\u00e9e de lecture estim\u00e9e":"3 minutes"},"schema":{"@context":"https:\/\/schema.org","@graph":[{"@type":"Article","@id":"https:\/\/peoplesphere.be\/fr\/prolongation-droit-passerelle-de-crise-accorde-aux-independants-confirmee-mesure-de-court-terme-indispensable\/#article","isPartOf":{"@id":"https:\/\/peoplesphere.be\/fr\/prolongation-droit-passerelle-de-crise-accorde-aux-independants-confirmee-mesure-de-court-terme-indispensable\/"},"author":{"name":"Jean-Paul Erhard","@id":"https:\/\/peoplesphere.be\/fr\/#\/schema\/person\/7976225ff17988604334abb7b3536a7e"},"headline":"La prolongation du droit passerelle de crise accord\u00e9 aux ind\u00e9pendants est confirm\u00e9e: une mesure de court terme indispensable.","datePublished":"2020-08-03T12:26:30+00:00","dateModified":"2020-08-03T12:26:30+00:00","mainEntityOfPage":{"@id":"https:\/\/peoplesphere.be\/fr\/prolongation-droit-passerelle-de-crise-accorde-aux-independants-confirmee-mesure-de-court-terme-indispensable\/"},"wordCount":682,"publisher":{"@id":"https:\/\/peoplesphere.be\/fr\/#organization"},"keywords":["coronavirus","Denis Ducarme","droit passerelle","travailleurs ind\u00e9pendants"],"articleSection":["Actualit\u00e9s","Digital"],"inLanguage":"fr-FR"},{"@type":"WebPage","@id":"https:\/\/peoplesphere.be\/fr\/prolongation-droit-passerelle-de-crise-accorde-aux-independants-confirmee-mesure-de-court-terme-indispensable\/","url":"https:\/\/peoplesphere.be\/fr\/prolongation-droit-passerelle-de-crise-accorde-aux-independants-confirmee-mesure-de-court-terme-indispensable\/","name":"La prolongation du droit passerelle de crise accord\u00e9 aux ind\u00e9pendants est confirm\u00e9e: une mesure de court terme indispensable. - Peoplesphere","isPartOf":{"@id":"https:\/\/peoplesphere.be\/fr\/#website"},"datePublished":"2020-08-03T12:26:30+00:00","dateModified":"2020-08-03T12:26:30+00:00","breadcrumb":{"@id":"https:\/\/peoplesphere.be\/fr\/prolongation-droit-passerelle-de-crise-accorde-aux-independants-confirmee-mesure-de-court-terme-indispensable\/#breadcrumb"},"inLanguage":"fr-FR","potentialAction":[{"@type":"ReadAction","target":["https:\/\/peoplesphere.be\/fr\/prolongation-droit-passerelle-de-crise-accorde-aux-independants-confirmee-mesure-de-court-terme-indispensable\/"]}]},{"@type":"BreadcrumbList","@id":"https:\/\/peoplesphere.be\/fr\/prolongation-droit-passerelle-de-crise-accorde-aux-independants-confirmee-mesure-de-court-terme-indispensable\/#breadcrumb","itemListElement":[{"@type":"ListItem","position":1,"name":"Accueil","item":"https:\/\/peoplesphere.be\/fr\/"},{"@type":"ListItem","position":2,"name":"La prolongation du droit passerelle de crise accord\u00e9 aux ind\u00e9pendants est confirm\u00e9e: une mesure de court terme indispensable."}]},{"@type":"WebSite","@id":"https:\/\/peoplesphere.be\/fr\/#website","url":"https:\/\/peoplesphere.be\/fr\/","name":"Peoplesphere","description":"The People Managers Magazine","publisher":{"@id":"https:\/\/peoplesphere.be\/fr\/#organization"},"potentialAction":[{"@type":"SearchAction","target":{"@type":"EntryPoint","urlTemplate":"https:\/\/peoplesphere.be\/fr\/?s={search_term_string}"},"query-input":"required name=search_term_string"}],"inLanguage":"fr-FR"},{"@type":"Organization","@id":"https:\/\/peoplesphere.be\/fr\/#organization","name":"Peoplesphere Company srl","url":"https:\/\/peoplesphere.be\/fr\/","logo":{"@type":"ImageObject","inLanguage":"fr-FR","@id":"https:\/\/peoplesphere.be\/fr\/#\/schema\/logo\/image\/","url":"https:\/\/peoplesphere.be\/fr\/wp-content\/uploads\/2023\/07\/peoplesphere-lgo-new-generik.jpg","contentUrl":"https:\/\/peoplesphere.be\/fr\/wp-content\/uploads\/2023\/07\/peoplesphere-lgo-new-generik.jpg","width":1031,"height":1479,"caption":"Peoplesphere Company srl"},"image":{"@id":"https:\/\/peoplesphere.be\/fr\/#\/schema\/logo\/image\/"},"sameAs":["https:\/\/www.facebook.com\/peoplesphere","https:\/\/twitter.com\/PeoplesphereMag","https:\/\/www.linkedin.com\/company\/7587361?trk","http:\/\/youtube.com\/peoplesphere"]},{"@type":"Person","@id":"https:\/\/peoplesphere.be\/fr\/#\/schema\/person\/7976225ff17988604334abb7b3536a7e","name":"Jean-Paul Erhard","image":{"@type":"ImageObject","inLanguage":"fr-FR","@id":"https:\/\/peoplesphere.be\/fr\/#\/schema\/person\/image\/","url":"https:\/\/secure.gravatar.com\/avatar\/f941e681460179738071629a51574930?s=96&d=mm&r=g","contentUrl":"https:\/\/secure.gravatar.com\/avatar\/f941e681460179738071629a51574930?s=96&d=mm&r=g","caption":"Jean-Paul Erhard"},"url":"https:\/\/peoplesphere.be\/fr\/author\/jpe\/"}]}},"_links":{"self":[{"href":"https:\/\/peoplesphere.be\/fr\/wp-json\/wp\/v2\/posts\/9963"}],"collection":[{"href":"https:\/\/peoplesphere.be\/fr\/wp-json\/wp\/v2\/posts"}],"about":[{"href":"https:\/\/peoplesphere.be\/fr\/wp-json\/wp\/v2\/types\/post"}],"author":[{"embeddable":true,"href":"https:\/\/peoplesphere.be\/fr\/wp-json\/wp\/v2\/users\/2"}],"replies":[{"embeddable":true,"href":"https:\/\/peoplesphere.be\/fr\/wp-json\/wp\/v2\/comments?post=9963"}],"version-history":[{"count":1,"href":"https:\/\/peoplesphere.be\/fr\/wp-json\/wp\/v2\/posts\/9963\/revisions"}],"predecessor-version":[{"id":9964,"href":"https:\/\/peoplesphere.be\/fr\/wp-json\/wp\/v2\/posts\/9963\/revisions\/9964"}],"wp:attachment":[{"href":"https:\/\/peoplesphere.be\/fr\/wp-json\/wp\/v2\/media?parent=9963"}],"wp:term":[{"taxonomy":"category","embeddable":true,"href":"https:\/\/peoplesphere.be\/fr\/wp-json\/wp\/v2\/categories?post=9963"},{"taxonomy":"post_tag","embeddable":true,"href":"https:\/\/peoplesphere.be\/fr\/wp-json\/wp\/v2\/tags?post=9963"}],"curies":[{"name":"wp","href":"https:\/\/api.w.org\/{rel}","templated":true}]}}