









{"id":9966,"date":"2020-08-03T16:16:32","date_gmt":"2020-08-03T14:16:32","guid":{"rendered":"https:\/\/peoplesphere.be\/fr\/?p=9966"},"modified":"2020-08-03T16:16:32","modified_gmt":"2020-08-03T14:16:32","slug":"12-300-nouveaux-demandeurs-demploi-wallonie-de-juin-a-juillet-nest-limpact-de-crise-sanitaire","status":"publish","type":"post","link":"https:\/\/peoplesphere.be\/fr\/12-300-nouveaux-demandeurs-demploi-wallonie-de-juin-a-juillet-nest-limpact-de-crise-sanitaire\/","title":{"rendered":"12.300 nouveaux demandeurs d&#8217;emploi en Wallonie de juin \u00e0 juillet et ce n&rsquo;est pas encore l&rsquo;impact de la crise sanitaire."},"content":{"rendered":"<p>La Wallonie compte 219.458 demandeurs d\u2019emploi inoccup\u00e9s \u00e0 fin juillet 2020. Bien que la demande d\u2019emploi reste globalement orient\u00e9e \u00e0 la hausse en juillet 2020, par rapport \u00e0 juillet 2019, cette augmentation (+ 3,8%) est de moindre ampleur que celle observ\u00e9 \u00e0 un an au cours des trois mois pr\u00e9c\u00e9dents.<!--more--><\/p>\n<p>Ainsi, fin juillet 2020 on enregistre en Wallonie 145.440 demandeurs d\u2019emploi (D.E.) demandeurs d\u2019allocations (dont 1.881 en Communaut\u00e9 germanophone) et 32.740 jeunes en stage d\u2019insertion professionnelle (dont 276 en Communaut\u00e9 germanophone). Le nombre de demandeurs d\u2019emploi inoccup\u00e9s (D.E.I.) en Wallonie comprend \u00e9galement 30.297 demandeurs d\u2019emploi inscrits obligatoirement et 10.981 demandeurs d\u2019emploi inscrits librement, soit un total de 219.458 D.E.I. \u00e0 fin juillet 2020.<\/p>\n<p>Le taux de demande d\u2019emploi s\u2019\u00e9tablit actuellement \u00e0 13,8%, contre 13,3% en juillet 2019.<\/p>\n<p>Parmi ces 219.458 D.E.I. wallons :<\/p>\n<ul>\n<li>51% sont des hommes ;<\/li>\n<li>19% sont \u00e2g\u00e9s de moins de 25 ans, 26 % ont 50 ans et plus ;<\/li>\n<li>43% sont au plus dipl\u00f4m\u00e9s de l\u2019enseignement secondaire du 2\u00e8me degr\u00e9 ;<\/li>\n<li>27% sont inoccup\u00e9s depuis moins de six mois et 37 % depuis deux ans et plus.<\/li>\n<\/ul>\n<p>Entre fin juin et fin juillet 2020, le nombre de D.E.I. a connu une hausse de 5,9%, soit 12.299 personnes de plus. Cette progression n\u2019est pas uniquement attribuable \u00e0 la crise en cours, la p\u00e9riode actuelle est aussi celle de l\u2019inscription de deux cat\u00e9gories particuli\u00e8res de personnes. D\u2019une part, de jeunes gens \u00e0 la sortie de leurs \u00e9tudes, d\u00e9butant leur stage d\u2019insertion professionnelle ; d\u2019autre part, du personnel de l\u2019enseignement travaillant sous statut temporaire, arriv\u00e9s en fin d\u2019ann\u00e9e acad\u00e9mique.<\/p>\n<p><strong><em>8067 demandeurs d&#8217;emploi par rapport \u00e0 l&rsquo;ann\u00e9e derni\u00e8re.<\/em><\/strong><\/p>\n<p>A fin juillet 2020, le nombre total de D.E.I. augmente de 8.067 personnes (+3,8%) par rapport \u00e0 fin juillet 2019. M\u00eame si la demande d\u2019emploi reste orient\u00e9e \u00e0 la hausse en juillet 2020, cette augmentation est moindre par rapport aux trois mois pr\u00e9c\u00e9dents (+7,8% en juin, +7,6% en mai et +6,6% en avril 2020).<\/p>\n<p>Comme les mois pr\u00e9c\u00e9dents, l\u2019augmentation la plus importante concerne les jeunes de moins de 25 ans. Entre la fin des mois de juillet 2019 et 2020, cette cat\u00e9gorie a augment\u00e9 de 9,8%.<\/p>\n<p>Autre constat, l\u2019augmentation la plus importante \u00e0 un an d\u2019\u00e9cart s\u2019observe parmi les personnes inoccup\u00e9es depuis six mois \u00e0 moins d\u2019un an (+21,0%). Par contre, le nombre de personnes demandeuses d\u2019emploi depuis moins de six mois s\u2019oriente \u00e0 la baisse (-4,6%), ainsi que les personnes inoccup\u00e9es depuis cinq ans ou plus (-1,4%).<\/p>\n<p><em><strong>Un quart d&rsquo;offres d&#8217;emploi en moins<\/strong><\/em><\/p>\n<p>En juillet 2020, le Forem a diffus\u00e9 24.887 offres d\u2019emploi (celles \u00e9manant d\u2019autres SPE non comprises), ce qui repr\u00e9sente une diminution de 25% par rapport au mois de juillet 2019 (tendance assez stable par rapport juin 2020).<\/p>\n<p>Les secteurs d\u2019activit\u00e9s qui accusent les reculs les plus importants (en pourcentage) sont l\u2019industrie chimique (-63%), les industries agricoles et alimentaires (-57%), la fabrication de mat\u00e9riel de transport (-54%), la fabrication de machines et d\u2019\u00e9quipements (-53%), le transport, entreposage et communications (-52%), l\u2019immobilier, la location et les services aux entreprises (-50%) ainsi que les services collectifs, sociaux et personnels (-50%).<\/p>\n<p>En outre, 6.577 offres re\u00e7ues d\u2019un autre Service public de l\u2019emploi (Actiris et VDAB) ont fait l\u2019objet d\u2019une diffusion via le site du Forem en juillet 2020.<\/p>\n<p><em>Source: Forem<\/em><\/p>\n","protected":false},"excerpt":{"rendered":"<p>La Wallonie compte 219.458 demandeurs d\u2019emploi inoccup\u00e9s \u00e0 fin juillet 2020. Bien que la demande d\u2019emploi reste globalement orient\u00e9e \u00e0 la hausse en juillet 2020, par rapport \u00e0 juillet 2019, cette augmentation (+ 3,8%) est de moindre ampleur que celle [&hellip;]<\/p>\n","protected":false},"author":2,"featured_media":0,"comment_status":"closed","ping_status":"open","sticky":false,"template":"","format":"standard","meta":[],"categories":[65,10],"tags":[2947,653,331,702,105],"yoast_head":"<!-- This site is optimized with the Yoast SEO plugin v21.0 - https:\/\/yoast.com\/wordpress\/plugins\/seo\/ -->\n<title>12.300 nouveaux demandeurs d&#039;emploi en Wallonie de juin \u00e0 juillet et ce n&#039;est pas encore l&#039;impact de la crise sanitaire. - Peoplesphere<\/title>\n<meta name=\"robots\" content=\"index, follow, max-snippet:-1, max-image-preview:large, max-video-preview:-1\" \/>\n<link rel=\"canonical\" href=\"https:\/\/peoplesphere.be\/fr\/12-300-nouveaux-demandeurs-demploi-wallonie-de-juin-a-juillet-nest-limpact-de-crise-sanitaire\/\" \/>\n<meta property=\"og:locale\" content=\"fr_FR\" \/>\n<meta property=\"og:type\" content=\"article\" \/>\n<meta property=\"og:title\" content=\"12.300 nouveaux demandeurs d&#039;emploi en Wallonie de juin \u00e0 juillet et ce n&#039;est pas encore l&#039;impact de la crise sanitaire. - Peoplesphere\" \/>\n<meta property=\"og:description\" content=\"La Wallonie compte 219.458 demandeurs d\u2019emploi inoccup\u00e9s \u00e0 fin juillet 2020. Bien que la demande d\u2019emploi reste globalement orient\u00e9e \u00e0 la hausse en juillet 2020, par rapport \u00e0 juillet 2019, cette augmentation (+ 3,8%) est de moindre ampleur que celle [&hellip;]\" \/>\n<meta property=\"og:url\" content=\"https:\/\/peoplesphere.be\/fr\/12-300-nouveaux-demandeurs-demploi-wallonie-de-juin-a-juillet-nest-limpact-de-crise-sanitaire\/\" \/>\n<meta property=\"og:site_name\" content=\"Peoplesphere\" \/>\n<meta property=\"article:publisher\" content=\"https:\/\/www.facebook.com\/peoplesphere\" \/>\n<meta property=\"article:published_time\" content=\"2020-08-03T14:16:32+00:00\" \/>\n<meta property=\"og:image\" content=\"http:\/\/www.peoplesphere.be\/fr\/wp-content\/uploads\/2016\/07\/facebook-default-posting-1200x628px.jpg\" \/>\n<meta name=\"author\" content=\"Jean-Paul Erhard\" \/>\n<meta name=\"twitter:card\" content=\"summary_large_image\" \/>\n<meta name=\"twitter:creator\" content=\"@PeoplesphereMag\" \/>\n<meta name=\"twitter:site\" content=\"@PeoplesphereMag\" \/>\n<meta name=\"twitter:label1\" content=\"\u00c9crit par\" \/>\n\t<meta name=\"twitter:data1\" content=\"Jean-Paul Erhard\" \/>\n\t<meta name=\"twitter:label2\" content=\"Dur\u00e9e de lecture estim\u00e9e\" \/>\n\t<meta name=\"twitter:data2\" content=\"3 minutes\" \/>\n<script type=\"application\/ld+json\" class=\"yoast-schema-graph\">{\"@context\":\"https:\/\/schema.org\",\"@graph\":[{\"@type\":\"Article\",\"@id\":\"https:\/\/peoplesphere.be\/fr\/12-300-nouveaux-demandeurs-demploi-wallonie-de-juin-a-juillet-nest-limpact-de-crise-sanitaire\/#article\",\"isPartOf\":{\"@id\":\"https:\/\/peoplesphere.be\/fr\/12-300-nouveaux-demandeurs-demploi-wallonie-de-juin-a-juillet-nest-limpact-de-crise-sanitaire\/\"},\"author\":{\"name\":\"Jean-Paul Erhard\",\"@id\":\"https:\/\/peoplesphere.be\/fr\/#\/schema\/person\/7976225ff17988604334abb7b3536a7e\"},\"headline\":\"12.300 nouveaux demandeurs d&#8217;emploi en Wallonie de juin \u00e0 juillet et ce n&rsquo;est pas encore l&rsquo;impact de la crise sanitaire.\",\"datePublished\":\"2020-08-03T14:16:32+00:00\",\"dateModified\":\"2020-08-03T14:16:32+00:00\",\"mainEntityOfPage\":{\"@id\":\"https:\/\/peoplesphere.be\/fr\/12-300-nouveaux-demandeurs-demploi-wallonie-de-juin-a-juillet-nest-limpact-de-crise-sanitaire\/\"},\"wordCount\":562,\"publisher\":{\"@id\":\"https:\/\/peoplesphere.be\/fr\/#organization\"},\"keywords\":[\"coronavirus\",\"demandeurs d'emploi\",\"forem\",\"march\u00e9 de l'emploi\",\"offres d'emploi\"],\"articleSection\":[\"Actualit\u00e9s\",\"Digital\"],\"inLanguage\":\"fr-FR\"},{\"@type\":\"WebPage\",\"@id\":\"https:\/\/peoplesphere.be\/fr\/12-300-nouveaux-demandeurs-demploi-wallonie-de-juin-a-juillet-nest-limpact-de-crise-sanitaire\/\",\"url\":\"https:\/\/peoplesphere.be\/fr\/12-300-nouveaux-demandeurs-demploi-wallonie-de-juin-a-juillet-nest-limpact-de-crise-sanitaire\/\",\"name\":\"12.300 nouveaux demandeurs d'emploi en Wallonie de juin \u00e0 juillet et ce n'est pas encore l'impact de la crise sanitaire. - Peoplesphere\",\"isPartOf\":{\"@id\":\"https:\/\/peoplesphere.be\/fr\/#website\"},\"datePublished\":\"2020-08-03T14:16:32+00:00\",\"dateModified\":\"2020-08-03T14:16:32+00:00\",\"breadcrumb\":{\"@id\":\"https:\/\/peoplesphere.be\/fr\/12-300-nouveaux-demandeurs-demploi-wallonie-de-juin-a-juillet-nest-limpact-de-crise-sanitaire\/#breadcrumb\"},\"inLanguage\":\"fr-FR\",\"potentialAction\":[{\"@type\":\"ReadAction\",\"target\":[\"https:\/\/peoplesphere.be\/fr\/12-300-nouveaux-demandeurs-demploi-wallonie-de-juin-a-juillet-nest-limpact-de-crise-sanitaire\/\"]}]},{\"@type\":\"BreadcrumbList\",\"@id\":\"https:\/\/peoplesphere.be\/fr\/12-300-nouveaux-demandeurs-demploi-wallonie-de-juin-a-juillet-nest-limpact-de-crise-sanitaire\/#breadcrumb\",\"itemListElement\":[{\"@type\":\"ListItem\",\"position\":1,\"name\":\"Accueil\",\"item\":\"https:\/\/peoplesphere.be\/fr\/\"},{\"@type\":\"ListItem\",\"position\":2,\"name\":\"12.300 nouveaux demandeurs d&#8217;emploi en Wallonie de juin \u00e0 juillet et ce n&rsquo;est pas encore l&rsquo;impact de la crise sanitaire.\"}]},{\"@type\":\"WebSite\",\"@id\":\"https:\/\/peoplesphere.be\/fr\/#website\",\"url\":\"https:\/\/peoplesphere.be\/fr\/\",\"name\":\"Peoplesphere\",\"description\":\"The People Managers Magazine\",\"publisher\":{\"@id\":\"https:\/\/peoplesphere.be\/fr\/#organization\"},\"potentialAction\":[{\"@type\":\"SearchAction\",\"target\":{\"@type\":\"EntryPoint\",\"urlTemplate\":\"https:\/\/peoplesphere.be\/fr\/?s={search_term_string}\"},\"query-input\":\"required name=search_term_string\"}],\"inLanguage\":\"fr-FR\"},{\"@type\":\"Organization\",\"@id\":\"https:\/\/peoplesphere.be\/fr\/#organization\",\"name\":\"Peoplesphere Company srl\",\"url\":\"https:\/\/peoplesphere.be\/fr\/\",\"logo\":{\"@type\":\"ImageObject\",\"inLanguage\":\"fr-FR\",\"@id\":\"https:\/\/peoplesphere.be\/fr\/#\/schema\/logo\/image\/\",\"url\":\"https:\/\/peoplesphere.be\/fr\/wp-content\/uploads\/2023\/07\/peoplesphere-lgo-new-generik.jpg\",\"contentUrl\":\"https:\/\/peoplesphere.be\/fr\/wp-content\/uploads\/2023\/07\/peoplesphere-lgo-new-generik.jpg\",\"width\":1031,\"height\":1479,\"caption\":\"Peoplesphere Company srl\"},\"image\":{\"@id\":\"https:\/\/peoplesphere.be\/fr\/#\/schema\/logo\/image\/\"},\"sameAs\":[\"https:\/\/www.facebook.com\/peoplesphere\",\"https:\/\/twitter.com\/PeoplesphereMag\",\"https:\/\/www.linkedin.com\/company\/7587361?trk\",\"http:\/\/youtube.com\/peoplesphere\"]},{\"@type\":\"Person\",\"@id\":\"https:\/\/peoplesphere.be\/fr\/#\/schema\/person\/7976225ff17988604334abb7b3536a7e\",\"name\":\"Jean-Paul Erhard\",\"image\":{\"@type\":\"ImageObject\",\"inLanguage\":\"fr-FR\",\"@id\":\"https:\/\/peoplesphere.be\/fr\/#\/schema\/person\/image\/\",\"url\":\"https:\/\/secure.gravatar.com\/avatar\/f941e681460179738071629a51574930?s=96&d=mm&r=g\",\"contentUrl\":\"https:\/\/secure.gravatar.com\/avatar\/f941e681460179738071629a51574930?s=96&d=mm&r=g\",\"caption\":\"Jean-Paul Erhard\"},\"url\":\"https:\/\/peoplesphere.be\/fr\/author\/jpe\/\"}]}<\/script>\n<!-- \/ Yoast SEO plugin. -->","yoast_head_json":{"title":"12.300 nouveaux demandeurs d'emploi en Wallonie de juin \u00e0 juillet et ce n'est pas encore l'impact de la crise sanitaire. - Peoplesphere","robots":{"index":"index","follow":"follow","max-snippet":"max-snippet:-1","max-image-preview":"max-image-preview:large","max-video-preview":"max-video-preview:-1"},"canonical":"https:\/\/peoplesphere.be\/fr\/12-300-nouveaux-demandeurs-demploi-wallonie-de-juin-a-juillet-nest-limpact-de-crise-sanitaire\/","og_locale":"fr_FR","og_type":"article","og_title":"12.300 nouveaux demandeurs d'emploi en Wallonie de juin \u00e0 juillet et ce n'est pas encore l'impact de la crise sanitaire. - Peoplesphere","og_description":"La Wallonie compte 219.458 demandeurs d\u2019emploi inoccup\u00e9s \u00e0 fin juillet 2020. Bien que la demande d\u2019emploi reste globalement orient\u00e9e \u00e0 la hausse en juillet 2020, par rapport \u00e0 juillet 2019, cette augmentation (+ 3,8%) est de moindre ampleur que celle [&hellip;]","og_url":"https:\/\/peoplesphere.be\/fr\/12-300-nouveaux-demandeurs-demploi-wallonie-de-juin-a-juillet-nest-limpact-de-crise-sanitaire\/","og_site_name":"Peoplesphere","article_publisher":"https:\/\/www.facebook.com\/peoplesphere","article_published_time":"2020-08-03T14:16:32+00:00","og_image":[{"url":"http:\/\/www.peoplesphere.be\/fr\/wp-content\/uploads\/2016\/07\/facebook-default-posting-1200x628px.jpg"}],"author":"Jean-Paul Erhard","twitter_card":"summary_large_image","twitter_creator":"@PeoplesphereMag","twitter_site":"@PeoplesphereMag","twitter_misc":{"\u00c9crit par":"Jean-Paul Erhard","Dur\u00e9e de lecture estim\u00e9e":"3 minutes"},"schema":{"@context":"https:\/\/schema.org","@graph":[{"@type":"Article","@id":"https:\/\/peoplesphere.be\/fr\/12-300-nouveaux-demandeurs-demploi-wallonie-de-juin-a-juillet-nest-limpact-de-crise-sanitaire\/#article","isPartOf":{"@id":"https:\/\/peoplesphere.be\/fr\/12-300-nouveaux-demandeurs-demploi-wallonie-de-juin-a-juillet-nest-limpact-de-crise-sanitaire\/"},"author":{"name":"Jean-Paul Erhard","@id":"https:\/\/peoplesphere.be\/fr\/#\/schema\/person\/7976225ff17988604334abb7b3536a7e"},"headline":"12.300 nouveaux demandeurs d&#8217;emploi en Wallonie de juin \u00e0 juillet et ce n&rsquo;est pas encore l&rsquo;impact de la crise sanitaire.","datePublished":"2020-08-03T14:16:32+00:00","dateModified":"2020-08-03T14:16:32+00:00","mainEntityOfPage":{"@id":"https:\/\/peoplesphere.be\/fr\/12-300-nouveaux-demandeurs-demploi-wallonie-de-juin-a-juillet-nest-limpact-de-crise-sanitaire\/"},"wordCount":562,"publisher":{"@id":"https:\/\/peoplesphere.be\/fr\/#organization"},"keywords":["coronavirus","demandeurs d'emploi","forem","march\u00e9 de l'emploi","offres d'emploi"],"articleSection":["Actualit\u00e9s","Digital"],"inLanguage":"fr-FR"},{"@type":"WebPage","@id":"https:\/\/peoplesphere.be\/fr\/12-300-nouveaux-demandeurs-demploi-wallonie-de-juin-a-juillet-nest-limpact-de-crise-sanitaire\/","url":"https:\/\/peoplesphere.be\/fr\/12-300-nouveaux-demandeurs-demploi-wallonie-de-juin-a-juillet-nest-limpact-de-crise-sanitaire\/","name":"12.300 nouveaux demandeurs d'emploi en Wallonie de juin \u00e0 juillet et ce n'est pas encore l'impact de la crise sanitaire. - Peoplesphere","isPartOf":{"@id":"https:\/\/peoplesphere.be\/fr\/#website"},"datePublished":"2020-08-03T14:16:32+00:00","dateModified":"2020-08-03T14:16:32+00:00","breadcrumb":{"@id":"https:\/\/peoplesphere.be\/fr\/12-300-nouveaux-demandeurs-demploi-wallonie-de-juin-a-juillet-nest-limpact-de-crise-sanitaire\/#breadcrumb"},"inLanguage":"fr-FR","potentialAction":[{"@type":"ReadAction","target":["https:\/\/peoplesphere.be\/fr\/12-300-nouveaux-demandeurs-demploi-wallonie-de-juin-a-juillet-nest-limpact-de-crise-sanitaire\/"]}]},{"@type":"BreadcrumbList","@id":"https:\/\/peoplesphere.be\/fr\/12-300-nouveaux-demandeurs-demploi-wallonie-de-juin-a-juillet-nest-limpact-de-crise-sanitaire\/#breadcrumb","itemListElement":[{"@type":"ListItem","position":1,"name":"Accueil","item":"https:\/\/peoplesphere.be\/fr\/"},{"@type":"ListItem","position":2,"name":"12.300 nouveaux demandeurs d&#8217;emploi en Wallonie de juin \u00e0 juillet et ce n&rsquo;est pas encore l&rsquo;impact de la crise sanitaire."}]},{"@type":"WebSite","@id":"https:\/\/peoplesphere.be\/fr\/#website","url":"https:\/\/peoplesphere.be\/fr\/","name":"Peoplesphere","description":"The People Managers Magazine","publisher":{"@id":"https:\/\/peoplesphere.be\/fr\/#organization"},"potentialAction":[{"@type":"SearchAction","target":{"@type":"EntryPoint","urlTemplate":"https:\/\/peoplesphere.be\/fr\/?s={search_term_string}"},"query-input":"required name=search_term_string"}],"inLanguage":"fr-FR"},{"@type":"Organization","@id":"https:\/\/peoplesphere.be\/fr\/#organization","name":"Peoplesphere Company srl","url":"https:\/\/peoplesphere.be\/fr\/","logo":{"@type":"ImageObject","inLanguage":"fr-FR","@id":"https:\/\/peoplesphere.be\/fr\/#\/schema\/logo\/image\/","url":"https:\/\/peoplesphere.be\/fr\/wp-content\/uploads\/2023\/07\/peoplesphere-lgo-new-generik.jpg","contentUrl":"https:\/\/peoplesphere.be\/fr\/wp-content\/uploads\/2023\/07\/peoplesphere-lgo-new-generik.jpg","width":1031,"height":1479,"caption":"Peoplesphere Company srl"},"image":{"@id":"https:\/\/peoplesphere.be\/fr\/#\/schema\/logo\/image\/"},"sameAs":["https:\/\/www.facebook.com\/peoplesphere","https:\/\/twitter.com\/PeoplesphereMag","https:\/\/www.linkedin.com\/company\/7587361?trk","http:\/\/youtube.com\/peoplesphere"]},{"@type":"Person","@id":"https:\/\/peoplesphere.be\/fr\/#\/schema\/person\/7976225ff17988604334abb7b3536a7e","name":"Jean-Paul Erhard","image":{"@type":"ImageObject","inLanguage":"fr-FR","@id":"https:\/\/peoplesphere.be\/fr\/#\/schema\/person\/image\/","url":"https:\/\/secure.gravatar.com\/avatar\/f941e681460179738071629a51574930?s=96&d=mm&r=g","contentUrl":"https:\/\/secure.gravatar.com\/avatar\/f941e681460179738071629a51574930?s=96&d=mm&r=g","caption":"Jean-Paul Erhard"},"url":"https:\/\/peoplesphere.be\/fr\/author\/jpe\/"}]}},"_links":{"self":[{"href":"https:\/\/peoplesphere.be\/fr\/wp-json\/wp\/v2\/posts\/9966"}],"collection":[{"href":"https:\/\/peoplesphere.be\/fr\/wp-json\/wp\/v2\/posts"}],"about":[{"href":"https:\/\/peoplesphere.be\/fr\/wp-json\/wp\/v2\/types\/post"}],"author":[{"embeddable":true,"href":"https:\/\/peoplesphere.be\/fr\/wp-json\/wp\/v2\/users\/2"}],"replies":[{"embeddable":true,"href":"https:\/\/peoplesphere.be\/fr\/wp-json\/wp\/v2\/comments?post=9966"}],"version-history":[{"count":1,"href":"https:\/\/peoplesphere.be\/fr\/wp-json\/wp\/v2\/posts\/9966\/revisions"}],"predecessor-version":[{"id":9967,"href":"https:\/\/peoplesphere.be\/fr\/wp-json\/wp\/v2\/posts\/9966\/revisions\/9967"}],"wp:attachment":[{"href":"https:\/\/peoplesphere.be\/fr\/wp-json\/wp\/v2\/media?parent=9966"}],"wp:term":[{"taxonomy":"category","embeddable":true,"href":"https:\/\/peoplesphere.be\/fr\/wp-json\/wp\/v2\/categories?post=9966"},{"taxonomy":"post_tag","embeddable":true,"href":"https:\/\/peoplesphere.be\/fr\/wp-json\/wp\/v2\/tags?post=9966"}],"curies":[{"name":"wp","href":"https:\/\/api.w.org\/{rel}","templated":true}]}}