









{"id":9974,"date":"2020-08-04T10:19:29","date_gmt":"2020-08-04T08:19:29","guid":{"rendered":"https:\/\/peoplesphere.be\/fr\/?p=9974"},"modified":"2020-08-04T10:19:29","modified_gmt":"2020-08-04T08:19:29","slug":"quart-de-jobs-etudiants-signe-annonciateur-marasme-economique","status":"publish","type":"post","link":"https:\/\/peoplesphere.be\/fr\/quart-de-jobs-etudiants-signe-annonciateur-marasme-economique\/","title":{"rendered":"Un quart de jobs \u00e9tudiants en moins, un signe annonciateur du marasme \u00e9conomique?"},"content":{"rendered":"<p>Le Secr\u00e9tariat social UCM a comptabilis\u00e9 le nombre d&rsquo;\u00e9tudiants au travail le mois dernier parmi ses entreprises clientes. Il a compar\u00e9 le chiffre avec celui de juillet 2019, pour ces m\u00eames entreprises. La diminution est de 22,5 %! Cela refl\u00e8te la faiblesse de l&rsquo;activit\u00e9 \u00e9conomique. Il est \u00e0 craindre que les chiffres du mois d&rsquo;ao\u00fbt ne soient pas meilleurs.<!--more--><\/p>\n<p>Environ 550.000 \u00e9tudiants travaillent chaque ann\u00e9e en entreprise. Ils gagnent ensemble plus d&rsquo;un milliard d&rsquo;euros, qui servent souvent \u00e0 financer leurs \u00e9tudes. C&rsquo;est \u00e9videmment pendant les p\u00e9riodes de vacances scolaires que les contrats sont les plus nombreux. Un jeune sur trois n&rsquo;est jobiste que durant l&rsquo;\u00e9t\u00e9.<\/p>\n<p><em>\u00ab\u00a0L&rsquo;impact du coronavirus et du confinement est lourd. Les chiffres du premier trimestre \u00e9taient excellents avec une hausse de 8% de l&rsquo;activit\u00e9 \u00e9tudiante. Le lockdown a entra\u00een\u00e9 un recul de 40% au deuxi\u00e8me trimestre. Le redressement n&rsquo;est donc que tr\u00e8s partiel en juillet puisque la baisse enregistr\u00e9e par le Secr\u00e9tariat social UCM est encore de 22,5%.<\/em><\/p>\n<p><em>Les \u00e9tudiants sont g\u00e9n\u00e9ralement occup\u00e9s pendant l&rsquo;\u00e9t\u00e9 \u00e0 deux types de t\u00e2ches. D&rsquo;une part, les employeurs leur confient des travaux de rangement, de classement ou de mise en ordre. La baisse des activit\u00e9s a amen\u00e9 certains d&rsquo;entre eux \u00e0 renoncer \u00e0 ce \u00ab\u00a0nettoyage\u00a0\u00bb ou \u00e0 le demander aux salari\u00e9s. D&rsquo;autre part, les \u00e9tudiants sont utilis\u00e9s comme personnel d&rsquo;appoint dans l&rsquo;horeca, les commerces et les grands \u00e9v\u00e9nements de l&rsquo;\u00e9t\u00e9. La demande de main-d&rsquo;\u0153uvre dans ces trois secteurs a fortement baiss\u00e9. Les nouvelles restrictions impos\u00e9es pour le mois d&rsquo;ao\u00fbt ne permettent pas de pr\u00e9voir une reprise.<\/em><\/p>\n<p><em>La forte baisse de l&rsquo;activit\u00e9 \u00e9tudiante d\u00e9montre, si besoin \u00e9tait, le marasme \u00e9conomique provoqu\u00e9 par les mesures prises depuis le mois de mars.\u00a0Les cons\u00e9quences sont s\u00e9rieuses pour les jeunes. Les jobs \u00e9tudiants permettent de se frotter au monde du travail, d&rsquo;acqu\u00e9rir une exp\u00e9rience et de gagner de l&rsquo;argent bienvenu et parfois indispensable pour payer les \u00e9tudes. Quand les entreprises souffrent, c&rsquo;est toute la soci\u00e9t\u00e9 qui en p\u00e2tit.\u00a0\u00bb<\/em><\/p>\n<p><em>Source: UCM<\/em><\/p>\n","protected":false},"excerpt":{"rendered":"<p>Le Secr\u00e9tariat social UCM a comptabilis\u00e9 le nombre d&rsquo;\u00e9tudiants au travail le mois dernier parmi ses entreprises clientes. Il a compar\u00e9 le chiffre avec celui de juillet 2019, pour ces m\u00eames entreprises. La diminution est de 22,5 %! Cela refl\u00e8te [&hellip;]<\/p>\n","protected":false},"author":2,"featured_media":0,"comment_status":"closed","ping_status":"open","sticky":false,"template":"","format":"standard","meta":[],"categories":[65,10],"tags":[],"yoast_head":"<!-- This site is optimized with the Yoast SEO plugin v21.0 - https:\/\/yoast.com\/wordpress\/plugins\/seo\/ -->\n<title>Un quart de jobs \u00e9tudiants en moins, un signe annonciateur du marasme \u00e9conomique? - Peoplesphere<\/title>\n<meta name=\"robots\" content=\"index, follow, max-snippet:-1, max-image-preview:large, max-video-preview:-1\" \/>\n<link rel=\"canonical\" href=\"https:\/\/peoplesphere.be\/fr\/quart-de-jobs-etudiants-signe-annonciateur-marasme-economique\/\" \/>\n<meta property=\"og:locale\" content=\"fr_FR\" \/>\n<meta property=\"og:type\" content=\"article\" \/>\n<meta property=\"og:title\" content=\"Un quart de jobs \u00e9tudiants en moins, un signe annonciateur du marasme \u00e9conomique? - Peoplesphere\" \/>\n<meta property=\"og:description\" content=\"Le Secr\u00e9tariat social UCM a comptabilis\u00e9 le nombre d&rsquo;\u00e9tudiants au travail le mois dernier parmi ses entreprises clientes. Il a compar\u00e9 le chiffre avec celui de juillet 2019, pour ces m\u00eames entreprises. La diminution est de 22,5 %! Cela refl\u00e8te [&hellip;]\" \/>\n<meta property=\"og:url\" content=\"https:\/\/peoplesphere.be\/fr\/quart-de-jobs-etudiants-signe-annonciateur-marasme-economique\/\" \/>\n<meta property=\"og:site_name\" content=\"Peoplesphere\" \/>\n<meta property=\"article:publisher\" content=\"https:\/\/www.facebook.com\/peoplesphere\" \/>\n<meta property=\"article:published_time\" content=\"2020-08-04T08:19:29+00:00\" \/>\n<meta property=\"og:image\" content=\"http:\/\/www.peoplesphere.be\/fr\/wp-content\/uploads\/2016\/07\/facebook-default-posting-1200x628px.jpg\" \/>\n<meta name=\"author\" content=\"Jean-Paul Erhard\" \/>\n<meta name=\"twitter:card\" content=\"summary_large_image\" \/>\n<meta name=\"twitter:creator\" content=\"@PeoplesphereMag\" \/>\n<meta name=\"twitter:site\" content=\"@PeoplesphereMag\" \/>\n<meta name=\"twitter:label1\" content=\"\u00c9crit par\" \/>\n\t<meta name=\"twitter:data1\" content=\"Jean-Paul Erhard\" \/>\n\t<meta name=\"twitter:label2\" content=\"Dur\u00e9e de lecture estim\u00e9e\" \/>\n\t<meta name=\"twitter:data2\" content=\"2 minutes\" \/>\n<script type=\"application\/ld+json\" class=\"yoast-schema-graph\">{\"@context\":\"https:\/\/schema.org\",\"@graph\":[{\"@type\":\"Article\",\"@id\":\"https:\/\/peoplesphere.be\/fr\/quart-de-jobs-etudiants-signe-annonciateur-marasme-economique\/#article\",\"isPartOf\":{\"@id\":\"https:\/\/peoplesphere.be\/fr\/quart-de-jobs-etudiants-signe-annonciateur-marasme-economique\/\"},\"author\":{\"name\":\"Jean-Paul Erhard\",\"@id\":\"https:\/\/peoplesphere.be\/fr\/#\/schema\/person\/7976225ff17988604334abb7b3536a7e\"},\"headline\":\"Un quart de jobs \u00e9tudiants en moins, un signe annonciateur du marasme \u00e9conomique?\",\"datePublished\":\"2020-08-04T08:19:29+00:00\",\"dateModified\":\"2020-08-04T08:19:29+00:00\",\"mainEntityOfPage\":{\"@id\":\"https:\/\/peoplesphere.be\/fr\/quart-de-jobs-etudiants-signe-annonciateur-marasme-economique\/\"},\"wordCount\":359,\"publisher\":{\"@id\":\"https:\/\/peoplesphere.be\/fr\/#organization\"},\"articleSection\":[\"Actualit\u00e9s\",\"Digital\"],\"inLanguage\":\"fr-FR\"},{\"@type\":\"WebPage\",\"@id\":\"https:\/\/peoplesphere.be\/fr\/quart-de-jobs-etudiants-signe-annonciateur-marasme-economique\/\",\"url\":\"https:\/\/peoplesphere.be\/fr\/quart-de-jobs-etudiants-signe-annonciateur-marasme-economique\/\",\"name\":\"Un quart de jobs \u00e9tudiants en moins, un signe annonciateur du marasme \u00e9conomique? - Peoplesphere\",\"isPartOf\":{\"@id\":\"https:\/\/peoplesphere.be\/fr\/#website\"},\"datePublished\":\"2020-08-04T08:19:29+00:00\",\"dateModified\":\"2020-08-04T08:19:29+00:00\",\"breadcrumb\":{\"@id\":\"https:\/\/peoplesphere.be\/fr\/quart-de-jobs-etudiants-signe-annonciateur-marasme-economique\/#breadcrumb\"},\"inLanguage\":\"fr-FR\",\"potentialAction\":[{\"@type\":\"ReadAction\",\"target\":[\"https:\/\/peoplesphere.be\/fr\/quart-de-jobs-etudiants-signe-annonciateur-marasme-economique\/\"]}]},{\"@type\":\"BreadcrumbList\",\"@id\":\"https:\/\/peoplesphere.be\/fr\/quart-de-jobs-etudiants-signe-annonciateur-marasme-economique\/#breadcrumb\",\"itemListElement\":[{\"@type\":\"ListItem\",\"position\":1,\"name\":\"Accueil\",\"item\":\"https:\/\/peoplesphere.be\/fr\/\"},{\"@type\":\"ListItem\",\"position\":2,\"name\":\"Un quart de jobs \u00e9tudiants en moins, un signe annonciateur du marasme \u00e9conomique?\"}]},{\"@type\":\"WebSite\",\"@id\":\"https:\/\/peoplesphere.be\/fr\/#website\",\"url\":\"https:\/\/peoplesphere.be\/fr\/\",\"name\":\"Peoplesphere\",\"description\":\"The People Managers Magazine\",\"publisher\":{\"@id\":\"https:\/\/peoplesphere.be\/fr\/#organization\"},\"potentialAction\":[{\"@type\":\"SearchAction\",\"target\":{\"@type\":\"EntryPoint\",\"urlTemplate\":\"https:\/\/peoplesphere.be\/fr\/?s={search_term_string}\"},\"query-input\":\"required name=search_term_string\"}],\"inLanguage\":\"fr-FR\"},{\"@type\":\"Organization\",\"@id\":\"https:\/\/peoplesphere.be\/fr\/#organization\",\"name\":\"Peoplesphere Company srl\",\"url\":\"https:\/\/peoplesphere.be\/fr\/\",\"logo\":{\"@type\":\"ImageObject\",\"inLanguage\":\"fr-FR\",\"@id\":\"https:\/\/peoplesphere.be\/fr\/#\/schema\/logo\/image\/\",\"url\":\"https:\/\/peoplesphere.be\/fr\/wp-content\/uploads\/2023\/07\/peoplesphere-lgo-new-generik.jpg\",\"contentUrl\":\"https:\/\/peoplesphere.be\/fr\/wp-content\/uploads\/2023\/07\/peoplesphere-lgo-new-generik.jpg\",\"width\":1031,\"height\":1479,\"caption\":\"Peoplesphere Company srl\"},\"image\":{\"@id\":\"https:\/\/peoplesphere.be\/fr\/#\/schema\/logo\/image\/\"},\"sameAs\":[\"https:\/\/www.facebook.com\/peoplesphere\",\"https:\/\/twitter.com\/PeoplesphereMag\",\"https:\/\/www.linkedin.com\/company\/7587361?trk\",\"http:\/\/youtube.com\/peoplesphere\"]},{\"@type\":\"Person\",\"@id\":\"https:\/\/peoplesphere.be\/fr\/#\/schema\/person\/7976225ff17988604334abb7b3536a7e\",\"name\":\"Jean-Paul Erhard\",\"image\":{\"@type\":\"ImageObject\",\"inLanguage\":\"fr-FR\",\"@id\":\"https:\/\/peoplesphere.be\/fr\/#\/schema\/person\/image\/\",\"url\":\"https:\/\/secure.gravatar.com\/avatar\/f941e681460179738071629a51574930?s=96&d=mm&r=g\",\"contentUrl\":\"https:\/\/secure.gravatar.com\/avatar\/f941e681460179738071629a51574930?s=96&d=mm&r=g\",\"caption\":\"Jean-Paul Erhard\"},\"url\":\"https:\/\/peoplesphere.be\/fr\/author\/jpe\/\"}]}<\/script>\n<!-- \/ Yoast SEO plugin. -->","yoast_head_json":{"title":"Un quart de jobs \u00e9tudiants en moins, un signe annonciateur du marasme \u00e9conomique? - Peoplesphere","robots":{"index":"index","follow":"follow","max-snippet":"max-snippet:-1","max-image-preview":"max-image-preview:large","max-video-preview":"max-video-preview:-1"},"canonical":"https:\/\/peoplesphere.be\/fr\/quart-de-jobs-etudiants-signe-annonciateur-marasme-economique\/","og_locale":"fr_FR","og_type":"article","og_title":"Un quart de jobs \u00e9tudiants en moins, un signe annonciateur du marasme \u00e9conomique? - Peoplesphere","og_description":"Le Secr\u00e9tariat social UCM a comptabilis\u00e9 le nombre d&rsquo;\u00e9tudiants au travail le mois dernier parmi ses entreprises clientes. Il a compar\u00e9 le chiffre avec celui de juillet 2019, pour ces m\u00eames entreprises. La diminution est de 22,5 %! Cela refl\u00e8te [&hellip;]","og_url":"https:\/\/peoplesphere.be\/fr\/quart-de-jobs-etudiants-signe-annonciateur-marasme-economique\/","og_site_name":"Peoplesphere","article_publisher":"https:\/\/www.facebook.com\/peoplesphere","article_published_time":"2020-08-04T08:19:29+00:00","og_image":[{"url":"http:\/\/www.peoplesphere.be\/fr\/wp-content\/uploads\/2016\/07\/facebook-default-posting-1200x628px.jpg"}],"author":"Jean-Paul Erhard","twitter_card":"summary_large_image","twitter_creator":"@PeoplesphereMag","twitter_site":"@PeoplesphereMag","twitter_misc":{"\u00c9crit par":"Jean-Paul Erhard","Dur\u00e9e de lecture estim\u00e9e":"2 minutes"},"schema":{"@context":"https:\/\/schema.org","@graph":[{"@type":"Article","@id":"https:\/\/peoplesphere.be\/fr\/quart-de-jobs-etudiants-signe-annonciateur-marasme-economique\/#article","isPartOf":{"@id":"https:\/\/peoplesphere.be\/fr\/quart-de-jobs-etudiants-signe-annonciateur-marasme-economique\/"},"author":{"name":"Jean-Paul Erhard","@id":"https:\/\/peoplesphere.be\/fr\/#\/schema\/person\/7976225ff17988604334abb7b3536a7e"},"headline":"Un quart de jobs \u00e9tudiants en moins, un signe annonciateur du marasme \u00e9conomique?","datePublished":"2020-08-04T08:19:29+00:00","dateModified":"2020-08-04T08:19:29+00:00","mainEntityOfPage":{"@id":"https:\/\/peoplesphere.be\/fr\/quart-de-jobs-etudiants-signe-annonciateur-marasme-economique\/"},"wordCount":359,"publisher":{"@id":"https:\/\/peoplesphere.be\/fr\/#organization"},"articleSection":["Actualit\u00e9s","Digital"],"inLanguage":"fr-FR"},{"@type":"WebPage","@id":"https:\/\/peoplesphere.be\/fr\/quart-de-jobs-etudiants-signe-annonciateur-marasme-economique\/","url":"https:\/\/peoplesphere.be\/fr\/quart-de-jobs-etudiants-signe-annonciateur-marasme-economique\/","name":"Un quart de jobs \u00e9tudiants en moins, un signe annonciateur du marasme \u00e9conomique? - Peoplesphere","isPartOf":{"@id":"https:\/\/peoplesphere.be\/fr\/#website"},"datePublished":"2020-08-04T08:19:29+00:00","dateModified":"2020-08-04T08:19:29+00:00","breadcrumb":{"@id":"https:\/\/peoplesphere.be\/fr\/quart-de-jobs-etudiants-signe-annonciateur-marasme-economique\/#breadcrumb"},"inLanguage":"fr-FR","potentialAction":[{"@type":"ReadAction","target":["https:\/\/peoplesphere.be\/fr\/quart-de-jobs-etudiants-signe-annonciateur-marasme-economique\/"]}]},{"@type":"BreadcrumbList","@id":"https:\/\/peoplesphere.be\/fr\/quart-de-jobs-etudiants-signe-annonciateur-marasme-economique\/#breadcrumb","itemListElement":[{"@type":"ListItem","position":1,"name":"Accueil","item":"https:\/\/peoplesphere.be\/fr\/"},{"@type":"ListItem","position":2,"name":"Un quart de jobs \u00e9tudiants en moins, un signe annonciateur du marasme \u00e9conomique?"}]},{"@type":"WebSite","@id":"https:\/\/peoplesphere.be\/fr\/#website","url":"https:\/\/peoplesphere.be\/fr\/","name":"Peoplesphere","description":"The People Managers Magazine","publisher":{"@id":"https:\/\/peoplesphere.be\/fr\/#organization"},"potentialAction":[{"@type":"SearchAction","target":{"@type":"EntryPoint","urlTemplate":"https:\/\/peoplesphere.be\/fr\/?s={search_term_string}"},"query-input":"required name=search_term_string"}],"inLanguage":"fr-FR"},{"@type":"Organization","@id":"https:\/\/peoplesphere.be\/fr\/#organization","name":"Peoplesphere Company srl","url":"https:\/\/peoplesphere.be\/fr\/","logo":{"@type":"ImageObject","inLanguage":"fr-FR","@id":"https:\/\/peoplesphere.be\/fr\/#\/schema\/logo\/image\/","url":"https:\/\/peoplesphere.be\/fr\/wp-content\/uploads\/2023\/07\/peoplesphere-lgo-new-generik.jpg","contentUrl":"https:\/\/peoplesphere.be\/fr\/wp-content\/uploads\/2023\/07\/peoplesphere-lgo-new-generik.jpg","width":1031,"height":1479,"caption":"Peoplesphere Company srl"},"image":{"@id":"https:\/\/peoplesphere.be\/fr\/#\/schema\/logo\/image\/"},"sameAs":["https:\/\/www.facebook.com\/peoplesphere","https:\/\/twitter.com\/PeoplesphereMag","https:\/\/www.linkedin.com\/company\/7587361?trk","http:\/\/youtube.com\/peoplesphere"]},{"@type":"Person","@id":"https:\/\/peoplesphere.be\/fr\/#\/schema\/person\/7976225ff17988604334abb7b3536a7e","name":"Jean-Paul Erhard","image":{"@type":"ImageObject","inLanguage":"fr-FR","@id":"https:\/\/peoplesphere.be\/fr\/#\/schema\/person\/image\/","url":"https:\/\/secure.gravatar.com\/avatar\/f941e681460179738071629a51574930?s=96&d=mm&r=g","contentUrl":"https:\/\/secure.gravatar.com\/avatar\/f941e681460179738071629a51574930?s=96&d=mm&r=g","caption":"Jean-Paul Erhard"},"url":"https:\/\/peoplesphere.be\/fr\/author\/jpe\/"}]}},"_links":{"self":[{"href":"https:\/\/peoplesphere.be\/fr\/wp-json\/wp\/v2\/posts\/9974"}],"collection":[{"href":"https:\/\/peoplesphere.be\/fr\/wp-json\/wp\/v2\/posts"}],"about":[{"href":"https:\/\/peoplesphere.be\/fr\/wp-json\/wp\/v2\/types\/post"}],"author":[{"embeddable":true,"href":"https:\/\/peoplesphere.be\/fr\/wp-json\/wp\/v2\/users\/2"}],"replies":[{"embeddable":true,"href":"https:\/\/peoplesphere.be\/fr\/wp-json\/wp\/v2\/comments?post=9974"}],"version-history":[{"count":1,"href":"https:\/\/peoplesphere.be\/fr\/wp-json\/wp\/v2\/posts\/9974\/revisions"}],"predecessor-version":[{"id":9975,"href":"https:\/\/peoplesphere.be\/fr\/wp-json\/wp\/v2\/posts\/9974\/revisions\/9975"}],"wp:attachment":[{"href":"https:\/\/peoplesphere.be\/fr\/wp-json\/wp\/v2\/media?parent=9974"}],"wp:term":[{"taxonomy":"category","embeddable":true,"href":"https:\/\/peoplesphere.be\/fr\/wp-json\/wp\/v2\/categories?post=9974"},{"taxonomy":"post_tag","embeddable":true,"href":"https:\/\/peoplesphere.be\/fr\/wp-json\/wp\/v2\/tags?post=9974"}],"curies":[{"name":"wp","href":"https:\/\/api.w.org\/{rel}","templated":true}]}}