









{"id":9982,"date":"2020-08-06T12:42:52","date_gmt":"2020-08-06T10:42:52","guid":{"rendered":"https:\/\/peoplesphere.be\/fr\/?p=9982"},"modified":"2020-08-06T12:42:52","modified_gmt":"2020-08-06T10:42:52","slug":"forte-augmentation-conge-parental-35-leffet-de-pandemie","status":"publish","type":"post","link":"https:\/\/peoplesphere.be\/fr\/forte-augmentation-conge-parental-35-leffet-de-pandemie\/","title":{"rendered":"Forte augmentation du cong\u00e9 parental (+35%) sous l&rsquo;effet de la pand\u00e9mie."},"content":{"rendered":"<p>La prise du cong\u00e9 parental augmente fortement en p\u00e9riode de coronavirus. Depuis mai, le nombre de collaborateurs en cong\u00e9 parental a fortement progress\u00e9 : +21% en mai et encore +7% en juin par rapport au mois pr\u00e9c\u00e9dent. Fin juin, le prestataire de services RH SD Worx comptait pr\u00e8s de 35 % de parents en plus en cong\u00e9 parental (par rapport au m\u00eame mois l&rsquo;ann\u00e9e derni\u00e8re), m\u00eame s&rsquo;il y a des diff\u00e9rences r\u00e9gionales. La plus forte augmentation par rapport \u00e0 l&rsquo;ann\u00e9e derni\u00e8re se situe \u00e0 Namur, suivie par le Brabant wallon, Li\u00e8ge et Bruxelles. <!--more--><\/p>\n<p>Au mois de mai, l&rsquo;ONEM a d\u00e9j\u00e0 not\u00e9 un quart de personnes en cong\u00e9 parental (r\u00e9mun\u00e9r\u00e9) en plus, surtout dans le cadre de l&rsquo;utilisation du cong\u00e9 parental \u00e0 1\/5 et \u00bd. L&rsquo;augmentation est en grande partie due \u00e0 l&rsquo;introduction du cong\u00e9 parental coronavirus.<\/p>\n<p>Jean-Luc Vannieuwenhuyse du centre de connaissances de SD Worx : <em>\u00ab Depuis l&rsquo;introduction du cong\u00e9 parental coronavirus en mai, le cong\u00e9 parental r\u00e9mun\u00e9r\u00e9 fait un s\u00e9rieux bond en avant. Fin juin, le nombre d&rsquo;utilisateurs de cong\u00e9 parental a \u00e9t\u00e9 sup\u00e9rieur de plus de 30 % \u00e0 celui de juin de l&rsquo;ann\u00e9e derni\u00e8re. La diff\u00e9rence est due au cong\u00e9 parental coronavirus, qui est disponible depuis mai en tant qu&rsquo;interruption \u00e0 1\/5 et \u00e0 mi-temps. Entre-temps, une suspension compl\u00e8te est \u00e9galement possible, mais uniquement pour les parents d&rsquo;enfants handicap\u00e9s ou les parents isol\u00e9s. La condition selon laquelle l&#8217;employeur doit marquer son accord ne constitue clairement pas un frein. Les employeurs font preuve de compr\u00e9hension \u00e0 l&rsquo;\u00e9gard des travailleurs ayant de jeunes enfants et se montrent flexibles. \u00bb<\/em><\/p>\n<p><strong><em>Plus forte augmentation \u00e0 Namur<\/em><\/strong><\/p>\n<p>L&rsquo;augmentation se produit dans toutes les provinces depuis d\u00e9but 2020. La plus forte augmentation par rapport \u00e0 l&rsquo;ann\u00e9e derni\u00e8re se situe \u00e0 Namur, dans le Brabant wallon et \u00e0 Li\u00e8ge. Fin juin, ces trois premi\u00e8res provinces ont \u00e9t\u00e9, relativement parlant (par rapport \u00e0 la population de travailleurs), les plus grands utilisateurs de cong\u00e9 parental. En chiffres absolus, Bruxelles compte le plus grand nombre de parents en cong\u00e9 parental, mais Bruxelles compte \u00e9galement le plus grand nombre de travailleurs actifs (plus du double des chiffres enregistr\u00e9s p. ex. \u00e0 Namur ou dans le Brabant wallon).<\/p>\n<p><strong><em>Juillet et ao\u00fbt toujours des mois record pour le cong\u00e9 parental<\/em><\/strong><\/p>\n<p>En juillet et ao\u00fbt, il y a chaque ann\u00e9e un pic, en raison de la prise du cong\u00e9 parental complet : c&rsquo;est-\u00e0-dire lorsque le travailleur suspend compl\u00e8tement ses prestations. En 2018, la dur\u00e9e minimale de la prise du cong\u00e9 \u00e9tait encore d&rsquo;un mois ; maintenant, c&rsquo;est possible en semaines. Depuis le 1er juin 2019, il existe deux nouvelles possibilit\u00e9s (moyennant l&rsquo;accord de l&#8217;employeur):<\/p>\n<ul>\n<li>prendre \u00e9galement un cong\u00e9 parental \u00e0 1\/10 (p. ex. chaque mercredi apr\u00e8s-midi, ou un jour toutes les deux semaines en cas de coparentalit\u00e9) ;<\/li>\n<li>prendre un cong\u00e9 parental \u00e0 temps plein ou \u00e0 mi-temps \u00e0 plusieurs reprises, \u00e0 chaque fois sur une p\u00e9riode plus courte : jusqu&rsquo;en 2018, la dur\u00e9e minimale \u00e9tait respectivement d&rsquo;un mois (\u00e0 temps plein) ou de deux mois (\u00e0 mi-temps). Depuis 2019, elle est d&rsquo;une semaine ou d&rsquo;un mois.<\/li>\n<\/ul>\n<p>Depuis mai 2020, il existe en parall\u00e8le un cong\u00e9 parental coronavirus, assorti d&rsquo;une allocation f\u00e9d\u00e9rale sup\u00e9rieure de 25 % au cong\u00e9 parental ordinaire (50 % pour les parents isol\u00e9s ou les parents ayant un enfant handicap\u00e9). Les jours de cong\u00e9 parental coronavirus ne d\u00e9pendent pas de l&rsquo;enveloppe disponible pour le \u00ab cong\u00e9 parental ordinaire \u00bb ; ils viennent s&rsquo;y ajouter. Par contre, le cong\u00e9 parental coronavirus requiert l&rsquo;autorisation de l&#8217;employeur.<\/p>\n<p><strong><em>Le cong\u00e9 parental ordinaire pour ceux qui souhaitent une interruption compl\u00e8te<\/em><\/strong><\/p>\n<p><em>\u00ab\u00a0Quiconque opte pour le cong\u00e9 parental &lsquo;ordinaire&rsquo; peut interrompre ses prestations pendant un mois complet. Ce n&rsquo;est pas le cas pour le cong\u00e9 parental coronavirus. Le cong\u00e9 parental coronavirus \u00e0 temps plein n&rsquo;est possible que pour les parents d&rsquo;un enfant handicap\u00e9 ou les parents isol\u00e9s. Il est donc pr\u00e9f\u00e9rable que les travailleurs s&rsquo;informent correctement avant de faire un choix.\u00a0\u00bb<\/em><\/p>\n<p>La prise d&rsquo;un cong\u00e9 parental \u00e0 1\/5 remporte le plus de succ\u00e8s depuis des ann\u00e9es, sauf en juillet et ao\u00fbt (voir aussi communiqu\u00e9 de presse de 2019).<\/p>\n<p>&nbsp;<\/p>\n<p><em>Source: SD Worx a chiffr\u00e9 le succ\u00e8s des mesures \u00e0 l&rsquo;aide des derni\u00e8res donn\u00e9es salariales de 750.000 travailleurs aupr\u00e8s de 23.000 employeurs en moyenne dans l&rsquo;ensemble du pays. Pour calculer la part r\u00e9gionale des b\u00e9n\u00e9ficiaires du cong\u00e9 parental, nous avons tenu compte du nombre de salari\u00e9s dans chaque province en service depuis plus de 6 mois entre janvier 2019 et aujourd&rsquo;hui.<\/em><\/p>\n","protected":false},"excerpt":{"rendered":"<p>La prise du cong\u00e9 parental augmente fortement en p\u00e9riode de coronavirus. Depuis mai, le nombre de collaborateurs en cong\u00e9 parental a fortement progress\u00e9 : +21% en mai et encore +7% en juin par rapport au mois pr\u00e9c\u00e9dent. Fin juin, le [&hellip;]<\/p>\n","protected":false},"author":2,"featured_media":0,"comment_status":"closed","ping_status":"open","sticky":false,"template":"","format":"standard","meta":[],"categories":[65,10],"tags":[96,474,2947,787,671,39],"yoast_head":"<!-- This site is optimized with the Yoast SEO plugin v21.0 - https:\/\/yoast.com\/wordpress\/plugins\/seo\/ -->\n<title>Forte augmentation du cong\u00e9 parental (+35%) sous l&#039;effet de la pand\u00e9mie. - Peoplesphere<\/title>\n<meta name=\"robots\" content=\"index, follow, max-snippet:-1, max-image-preview:large, max-video-preview:-1\" \/>\n<link rel=\"canonical\" href=\"https:\/\/peoplesphere.be\/fr\/forte-augmentation-conge-parental-35-leffet-de-pandemie\/\" \/>\n<meta property=\"og:locale\" content=\"fr_FR\" \/>\n<meta property=\"og:type\" content=\"article\" \/>\n<meta property=\"og:title\" content=\"Forte augmentation du cong\u00e9 parental (+35%) sous l&#039;effet de la pand\u00e9mie. - Peoplesphere\" \/>\n<meta property=\"og:description\" content=\"La prise du cong\u00e9 parental augmente fortement en p\u00e9riode de coronavirus. Depuis mai, le nombre de collaborateurs en cong\u00e9 parental a fortement progress\u00e9 : +21% en mai et encore +7% en juin par rapport au mois pr\u00e9c\u00e9dent. Fin juin, le [&hellip;]\" \/>\n<meta property=\"og:url\" content=\"https:\/\/peoplesphere.be\/fr\/forte-augmentation-conge-parental-35-leffet-de-pandemie\/\" \/>\n<meta property=\"og:site_name\" content=\"Peoplesphere\" \/>\n<meta property=\"article:publisher\" content=\"https:\/\/www.facebook.com\/peoplesphere\" \/>\n<meta property=\"article:published_time\" content=\"2020-08-06T10:42:52+00:00\" \/>\n<meta property=\"og:image\" content=\"http:\/\/www.peoplesphere.be\/fr\/wp-content\/uploads\/2016\/07\/facebook-default-posting-1200x628px.jpg\" \/>\n<meta name=\"author\" content=\"Jean-Paul Erhard\" \/>\n<meta name=\"twitter:card\" content=\"summary_large_image\" \/>\n<meta name=\"twitter:creator\" content=\"@PeoplesphereMag\" \/>\n<meta name=\"twitter:site\" content=\"@PeoplesphereMag\" \/>\n<meta name=\"twitter:label1\" content=\"\u00c9crit par\" \/>\n\t<meta name=\"twitter:data1\" content=\"Jean-Paul Erhard\" \/>\n\t<meta name=\"twitter:label2\" content=\"Dur\u00e9e de lecture estim\u00e9e\" \/>\n\t<meta name=\"twitter:data2\" content=\"4 minutes\" \/>\n<script type=\"application\/ld+json\" class=\"yoast-schema-graph\">{\"@context\":\"https:\/\/schema.org\",\"@graph\":[{\"@type\":\"Article\",\"@id\":\"https:\/\/peoplesphere.be\/fr\/forte-augmentation-conge-parental-35-leffet-de-pandemie\/#article\",\"isPartOf\":{\"@id\":\"https:\/\/peoplesphere.be\/fr\/forte-augmentation-conge-parental-35-leffet-de-pandemie\/\"},\"author\":{\"name\":\"Jean-Paul Erhard\",\"@id\":\"https:\/\/peoplesphere.be\/fr\/#\/schema\/person\/7976225ff17988604334abb7b3536a7e\"},\"headline\":\"Forte augmentation du cong\u00e9 parental (+35%) sous l&rsquo;effet de la pand\u00e9mie.\",\"datePublished\":\"2020-08-06T10:42:52+00:00\",\"dateModified\":\"2020-08-06T10:42:52+00:00\",\"mainEntityOfPage\":{\"@id\":\"https:\/\/peoplesphere.be\/fr\/forte-augmentation-conge-parental-35-leffet-de-pandemie\/\"},\"wordCount\":751,\"publisher\":{\"@id\":\"https:\/\/peoplesphere.be\/fr\/#organization\"},\"keywords\":[\"bien-\u00eatre\",\"cong\u00e9 parental\",\"coronavirus\",\"gestion de carri\u00e8re\",\"SD Worx\",\"temps de travail\"],\"articleSection\":[\"Actualit\u00e9s\",\"Digital\"],\"inLanguage\":\"fr-FR\"},{\"@type\":\"WebPage\",\"@id\":\"https:\/\/peoplesphere.be\/fr\/forte-augmentation-conge-parental-35-leffet-de-pandemie\/\",\"url\":\"https:\/\/peoplesphere.be\/fr\/forte-augmentation-conge-parental-35-leffet-de-pandemie\/\",\"name\":\"Forte augmentation du cong\u00e9 parental (+35%) sous l'effet de la pand\u00e9mie. - Peoplesphere\",\"isPartOf\":{\"@id\":\"https:\/\/peoplesphere.be\/fr\/#website\"},\"datePublished\":\"2020-08-06T10:42:52+00:00\",\"dateModified\":\"2020-08-06T10:42:52+00:00\",\"breadcrumb\":{\"@id\":\"https:\/\/peoplesphere.be\/fr\/forte-augmentation-conge-parental-35-leffet-de-pandemie\/#breadcrumb\"},\"inLanguage\":\"fr-FR\",\"potentialAction\":[{\"@type\":\"ReadAction\",\"target\":[\"https:\/\/peoplesphere.be\/fr\/forte-augmentation-conge-parental-35-leffet-de-pandemie\/\"]}]},{\"@type\":\"BreadcrumbList\",\"@id\":\"https:\/\/peoplesphere.be\/fr\/forte-augmentation-conge-parental-35-leffet-de-pandemie\/#breadcrumb\",\"itemListElement\":[{\"@type\":\"ListItem\",\"position\":1,\"name\":\"Accueil\",\"item\":\"https:\/\/peoplesphere.be\/fr\/\"},{\"@type\":\"ListItem\",\"position\":2,\"name\":\"Forte augmentation du cong\u00e9 parental (+35%) sous l&rsquo;effet de la pand\u00e9mie.\"}]},{\"@type\":\"WebSite\",\"@id\":\"https:\/\/peoplesphere.be\/fr\/#website\",\"url\":\"https:\/\/peoplesphere.be\/fr\/\",\"name\":\"Peoplesphere\",\"description\":\"The People Managers Magazine\",\"publisher\":{\"@id\":\"https:\/\/peoplesphere.be\/fr\/#organization\"},\"potentialAction\":[{\"@type\":\"SearchAction\",\"target\":{\"@type\":\"EntryPoint\",\"urlTemplate\":\"https:\/\/peoplesphere.be\/fr\/?s={search_term_string}\"},\"query-input\":\"required name=search_term_string\"}],\"inLanguage\":\"fr-FR\"},{\"@type\":\"Organization\",\"@id\":\"https:\/\/peoplesphere.be\/fr\/#organization\",\"name\":\"Peoplesphere Company srl\",\"url\":\"https:\/\/peoplesphere.be\/fr\/\",\"logo\":{\"@type\":\"ImageObject\",\"inLanguage\":\"fr-FR\",\"@id\":\"https:\/\/peoplesphere.be\/fr\/#\/schema\/logo\/image\/\",\"url\":\"https:\/\/peoplesphere.be\/fr\/wp-content\/uploads\/2023\/07\/peoplesphere-lgo-new-generik.jpg\",\"contentUrl\":\"https:\/\/peoplesphere.be\/fr\/wp-content\/uploads\/2023\/07\/peoplesphere-lgo-new-generik.jpg\",\"width\":1031,\"height\":1479,\"caption\":\"Peoplesphere Company srl\"},\"image\":{\"@id\":\"https:\/\/peoplesphere.be\/fr\/#\/schema\/logo\/image\/\"},\"sameAs\":[\"https:\/\/www.facebook.com\/peoplesphere\",\"https:\/\/twitter.com\/PeoplesphereMag\",\"https:\/\/www.linkedin.com\/company\/7587361?trk\",\"http:\/\/youtube.com\/peoplesphere\"]},{\"@type\":\"Person\",\"@id\":\"https:\/\/peoplesphere.be\/fr\/#\/schema\/person\/7976225ff17988604334abb7b3536a7e\",\"name\":\"Jean-Paul Erhard\",\"image\":{\"@type\":\"ImageObject\",\"inLanguage\":\"fr-FR\",\"@id\":\"https:\/\/peoplesphere.be\/fr\/#\/schema\/person\/image\/\",\"url\":\"https:\/\/secure.gravatar.com\/avatar\/f941e681460179738071629a51574930?s=96&d=mm&r=g\",\"contentUrl\":\"https:\/\/secure.gravatar.com\/avatar\/f941e681460179738071629a51574930?s=96&d=mm&r=g\",\"caption\":\"Jean-Paul Erhard\"},\"url\":\"https:\/\/peoplesphere.be\/fr\/author\/jpe\/\"}]}<\/script>\n<!-- \/ Yoast SEO plugin. -->","yoast_head_json":{"title":"Forte augmentation du cong\u00e9 parental (+35%) sous l'effet de la pand\u00e9mie. - Peoplesphere","robots":{"index":"index","follow":"follow","max-snippet":"max-snippet:-1","max-image-preview":"max-image-preview:large","max-video-preview":"max-video-preview:-1"},"canonical":"https:\/\/peoplesphere.be\/fr\/forte-augmentation-conge-parental-35-leffet-de-pandemie\/","og_locale":"fr_FR","og_type":"article","og_title":"Forte augmentation du cong\u00e9 parental (+35%) sous l'effet de la pand\u00e9mie. - Peoplesphere","og_description":"La prise du cong\u00e9 parental augmente fortement en p\u00e9riode de coronavirus. Depuis mai, le nombre de collaborateurs en cong\u00e9 parental a fortement progress\u00e9 : +21% en mai et encore +7% en juin par rapport au mois pr\u00e9c\u00e9dent. Fin juin, le [&hellip;]","og_url":"https:\/\/peoplesphere.be\/fr\/forte-augmentation-conge-parental-35-leffet-de-pandemie\/","og_site_name":"Peoplesphere","article_publisher":"https:\/\/www.facebook.com\/peoplesphere","article_published_time":"2020-08-06T10:42:52+00:00","og_image":[{"url":"http:\/\/www.peoplesphere.be\/fr\/wp-content\/uploads\/2016\/07\/facebook-default-posting-1200x628px.jpg"}],"author":"Jean-Paul Erhard","twitter_card":"summary_large_image","twitter_creator":"@PeoplesphereMag","twitter_site":"@PeoplesphereMag","twitter_misc":{"\u00c9crit par":"Jean-Paul Erhard","Dur\u00e9e de lecture estim\u00e9e":"4 minutes"},"schema":{"@context":"https:\/\/schema.org","@graph":[{"@type":"Article","@id":"https:\/\/peoplesphere.be\/fr\/forte-augmentation-conge-parental-35-leffet-de-pandemie\/#article","isPartOf":{"@id":"https:\/\/peoplesphere.be\/fr\/forte-augmentation-conge-parental-35-leffet-de-pandemie\/"},"author":{"name":"Jean-Paul Erhard","@id":"https:\/\/peoplesphere.be\/fr\/#\/schema\/person\/7976225ff17988604334abb7b3536a7e"},"headline":"Forte augmentation du cong\u00e9 parental (+35%) sous l&rsquo;effet de la pand\u00e9mie.","datePublished":"2020-08-06T10:42:52+00:00","dateModified":"2020-08-06T10:42:52+00:00","mainEntityOfPage":{"@id":"https:\/\/peoplesphere.be\/fr\/forte-augmentation-conge-parental-35-leffet-de-pandemie\/"},"wordCount":751,"publisher":{"@id":"https:\/\/peoplesphere.be\/fr\/#organization"},"keywords":["bien-\u00eatre","cong\u00e9 parental","coronavirus","gestion de carri\u00e8re","SD Worx","temps de travail"],"articleSection":["Actualit\u00e9s","Digital"],"inLanguage":"fr-FR"},{"@type":"WebPage","@id":"https:\/\/peoplesphere.be\/fr\/forte-augmentation-conge-parental-35-leffet-de-pandemie\/","url":"https:\/\/peoplesphere.be\/fr\/forte-augmentation-conge-parental-35-leffet-de-pandemie\/","name":"Forte augmentation du cong\u00e9 parental (+35%) sous l'effet de la pand\u00e9mie. - Peoplesphere","isPartOf":{"@id":"https:\/\/peoplesphere.be\/fr\/#website"},"datePublished":"2020-08-06T10:42:52+00:00","dateModified":"2020-08-06T10:42:52+00:00","breadcrumb":{"@id":"https:\/\/peoplesphere.be\/fr\/forte-augmentation-conge-parental-35-leffet-de-pandemie\/#breadcrumb"},"inLanguage":"fr-FR","potentialAction":[{"@type":"ReadAction","target":["https:\/\/peoplesphere.be\/fr\/forte-augmentation-conge-parental-35-leffet-de-pandemie\/"]}]},{"@type":"BreadcrumbList","@id":"https:\/\/peoplesphere.be\/fr\/forte-augmentation-conge-parental-35-leffet-de-pandemie\/#breadcrumb","itemListElement":[{"@type":"ListItem","position":1,"name":"Accueil","item":"https:\/\/peoplesphere.be\/fr\/"},{"@type":"ListItem","position":2,"name":"Forte augmentation du cong\u00e9 parental (+35%) sous l&rsquo;effet de la pand\u00e9mie."}]},{"@type":"WebSite","@id":"https:\/\/peoplesphere.be\/fr\/#website","url":"https:\/\/peoplesphere.be\/fr\/","name":"Peoplesphere","description":"The People Managers Magazine","publisher":{"@id":"https:\/\/peoplesphere.be\/fr\/#organization"},"potentialAction":[{"@type":"SearchAction","target":{"@type":"EntryPoint","urlTemplate":"https:\/\/peoplesphere.be\/fr\/?s={search_term_string}"},"query-input":"required name=search_term_string"}],"inLanguage":"fr-FR"},{"@type":"Organization","@id":"https:\/\/peoplesphere.be\/fr\/#organization","name":"Peoplesphere Company srl","url":"https:\/\/peoplesphere.be\/fr\/","logo":{"@type":"ImageObject","inLanguage":"fr-FR","@id":"https:\/\/peoplesphere.be\/fr\/#\/schema\/logo\/image\/","url":"https:\/\/peoplesphere.be\/fr\/wp-content\/uploads\/2023\/07\/peoplesphere-lgo-new-generik.jpg","contentUrl":"https:\/\/peoplesphere.be\/fr\/wp-content\/uploads\/2023\/07\/peoplesphere-lgo-new-generik.jpg","width":1031,"height":1479,"caption":"Peoplesphere Company srl"},"image":{"@id":"https:\/\/peoplesphere.be\/fr\/#\/schema\/logo\/image\/"},"sameAs":["https:\/\/www.facebook.com\/peoplesphere","https:\/\/twitter.com\/PeoplesphereMag","https:\/\/www.linkedin.com\/company\/7587361?trk","http:\/\/youtube.com\/peoplesphere"]},{"@type":"Person","@id":"https:\/\/peoplesphere.be\/fr\/#\/schema\/person\/7976225ff17988604334abb7b3536a7e","name":"Jean-Paul Erhard","image":{"@type":"ImageObject","inLanguage":"fr-FR","@id":"https:\/\/peoplesphere.be\/fr\/#\/schema\/person\/image\/","url":"https:\/\/secure.gravatar.com\/avatar\/f941e681460179738071629a51574930?s=96&d=mm&r=g","contentUrl":"https:\/\/secure.gravatar.com\/avatar\/f941e681460179738071629a51574930?s=96&d=mm&r=g","caption":"Jean-Paul Erhard"},"url":"https:\/\/peoplesphere.be\/fr\/author\/jpe\/"}]}},"_links":{"self":[{"href":"https:\/\/peoplesphere.be\/fr\/wp-json\/wp\/v2\/posts\/9982"}],"collection":[{"href":"https:\/\/peoplesphere.be\/fr\/wp-json\/wp\/v2\/posts"}],"about":[{"href":"https:\/\/peoplesphere.be\/fr\/wp-json\/wp\/v2\/types\/post"}],"author":[{"embeddable":true,"href":"https:\/\/peoplesphere.be\/fr\/wp-json\/wp\/v2\/users\/2"}],"replies":[{"embeddable":true,"href":"https:\/\/peoplesphere.be\/fr\/wp-json\/wp\/v2\/comments?post=9982"}],"version-history":[{"count":1,"href":"https:\/\/peoplesphere.be\/fr\/wp-json\/wp\/v2\/posts\/9982\/revisions"}],"predecessor-version":[{"id":9983,"href":"https:\/\/peoplesphere.be\/fr\/wp-json\/wp\/v2\/posts\/9982\/revisions\/9983"}],"wp:attachment":[{"href":"https:\/\/peoplesphere.be\/fr\/wp-json\/wp\/v2\/media?parent=9982"}],"wp:term":[{"taxonomy":"category","embeddable":true,"href":"https:\/\/peoplesphere.be\/fr\/wp-json\/wp\/v2\/categories?post=9982"},{"taxonomy":"post_tag","embeddable":true,"href":"https:\/\/peoplesphere.be\/fr\/wp-json\/wp\/v2\/tags?post=9982"}],"curies":[{"name":"wp","href":"https:\/\/api.w.org\/{rel}","templated":true}]}}