









{"id":9989,"date":"2020-08-10T08:40:35","date_gmt":"2020-08-10T06:40:35","guid":{"rendered":"https:\/\/peoplesphere.be\/fr\/?p=9989"},"modified":"2020-08-10T08:40:35","modified_gmt":"2020-08-10T06:40:35","slug":"vague-de-chaleur-pics-dozone-pandemie-mesures-faut-prendre-garantir-securite-de-chacun-e","status":"publish","type":"post","link":"https:\/\/peoplesphere.be\/fr\/vague-de-chaleur-pics-dozone-pandemie-mesures-faut-prendre-garantir-securite-de-chacun-e\/","title":{"rendered":"Vague de chaleur + pics d&rsquo;ozone + pand\u00e9mie: quelles mesures faut-il prendre pour garantir la s\u00e9curit\u00e9 de chacun.e?"},"content":{"rendered":"<p>La phase d\u2019alerte activ\u00e9e ce samedi 8 ao\u00fbt suite \u00e0 la vague de chaleur que nous traversons implique des dispositions particuli\u00e8res. L\u2019IRM annonce encore des temp\u00e9ratures tr\u00e8s \u00e9lev\u00e9es pour les 4 \u00e0 5 jours prochains. Des concentrations moyennes d\u2019ozone sup\u00e9rieures \u00e0 180 \u00b5g\/m\u00b3 sont \u00e9galement attendues. Etant donn\u00e9 que la combinaison ozone et forte chaleur peut avoir des r\u00e9percussions sur la sant\u00e9, particuli\u00e8rement pour les personnes fragilis\u00e9es, et que nous vivons une p\u00e9riode particuli\u00e8re, du fait de l\u2019\u00e9pid\u00e9mie de Covid-19, les autorit\u00e9s ont activ\u00e9 la phase d\u2019alerte du plan Vague de chaleur et Pics d\u2019ozone. Cela signifie que les mesures d\u00e9j\u00e0 prises par les diff\u00e9rentes R\u00e9gions du pays seront renforc\u00e9es.<!--more--><\/p>\n<p>Vu les valeurs exceptionnelles de concentrations moyennes d\u2019ozone et de temp\u00e9ratures, le Risk Management Group, qui regroupe des experts issus des autorit\u00e9s f\u00e9d\u00e9rale et f\u00e9d\u00e9r\u00e9es, a d\u00e9cid\u00e9 d\u2019activer la phase d\u2019alerte du plan Vague de chaleur et Pics d\u2019ozone. C\u2019est la premi\u00e8re fois que cette phase est activ\u00e9e. Depuis dimanche dernier, nous \u00e9tions en phase d\u2019avertissement.<\/p>\n<p>Concr\u00e8tement, les mesures prises restent d\u2019application, mais des mesures compl\u00e9mentaires doivent \u00eatre impl\u00e9ment\u00e9es, avec une attention particuli\u00e8re pour les personnes \u00e2g\u00e9es, les malades chroniques, les jeunes enfants, les personnes isol\u00e9es socialement et les personnes qui doivent accomplir des efforts intenses en p\u00e9riode de forte chaleur.<\/p>\n<p>Un acc\u00e8s \u00e0 l\u2019eau potable doit \u00eatre garanti, particuli\u00e8rement dans les grandes villes. De ce fait, les fontaines d\u2019eau potable qui avaient \u00e9t\u00e9 ferm\u00e9es \u00e0 cause du Covid-19 peuvent \u00eatre rouvertes, mais les mesures d\u2019hygi\u00e8ne de base doivent \u00eatre respect\u00e9es.<br \/>\nConcernant les lieux qui engendrent des files d\u2019attente \u00e0 l\u2019ext\u00e9rieur (magasins, transports publics, etc), des mesures doivent \u00eatre prises pour \u00e9viter que les personnes attendent en plein soleil (comme pr\u00e9voir une zone d\u2019ombre).<\/p>\n<p>Dans les maisons de repos et de soins, les personnes qui sont isol\u00e9es \u00e0 cause du Covid-19 doivent disposer des chambres les plus fraiches de l\u2019\u00e9tablissement. Les visites aux r\u00e9sidents ne peuvent \u00eatre effectu\u00e9es \u00e0 l\u2019ext\u00e9rieur durant la phase d\u2019alerte, mais des solutions alternatives peuvent \u00eatre organis\u00e9es (ex : cafeteria de l\u2019\u00e9tablissement).<\/p>\n<p>Les \u00e9tablissements de soins (maisons de repos, h\u00f4pitaux\u2026) devront pr\u00e9voir du personnel en suffisance pour veiller \u00e0 ce que les r\u00e9sidents d&rsquo;hydratent suffisamment.<\/p>\n<p>Le plan Vague de chaleur et pics d\u2019ozone recommande de garder les portes et fen\u00eatres ferm\u00e9es, ce qui entre en contradiction avec les recommandations pour lutter contre le Covid-19. Il est donc ici recommand\u00e9 d\u2019ouvrir les portes et fen\u00eatres le soir et le matin, aux heures les moins chaudes de la journ\u00e9e et lorsque les pi\u00e8ces sont vides. Les ventilateurs et l\u2019air conditionn\u00e9 sont \u00e0 \u00e9viter, mais leur utilisation sera \u00e9valu\u00e9e au cas par cas. S\u2019ils sont n\u00e9cessaires, il faut alors respecter la distanciation sociale (remarque : le Conseil Sup\u00e9rieur de la Sant\u00e9 a \u00e9mis un avis \u00e0 ce sujet).<\/p>\n<p>Si des probl\u00e8mes importants impactent la vie des r\u00e9sidents d\u2019une collectivit\u00e9 ou des habitants d\u2019un endroit donn\u00e9, les plans d\u2019urgence communaux seront activ\u00e9s et les services d\u2019urgence (protection civile, pompiers\u2026) pourront \u00eatre mobilis\u00e9s.<\/p>\n<p>Ces mesures seront impl\u00e9ment\u00e9es par les autorit\u00e9s comp\u00e9tentes. Les mesures de base restent toujours les m\u00eames : buvez plus d\u2019eau que d\u2019habitude et sans attendre d\u2019avoir soif, pr\u00e9voyez des r\u00e9serves d\u2019eau suffisamment importantes lorsque vous \u00eates \u00e0 l\u2019ext\u00e9rieur restez le plus possible \u00e0 l\u2019int\u00e9rieur, \u00e9vitez de travailler pendant les p\u00e9riodes les plus chaudes, etc.<\/p>\n<p>En cette p\u00e9riode particuli\u00e8re d\u2019\u00e9pid\u00e9mie de Covid-19, les autorit\u00e9s rappellent que le port du masque reste obligatoire dans les lieux publics ferm\u00e9s ou les lieux \u00e0 forte concentration. Le masque ne peut pas \u00eatre mouill\u00e9 et doit donc \u00eatre chang\u00e9 plus souvent.<br \/>\n<em><br \/>\nSource: SPF Sant\u00e9 Publique<\/em><\/p>\n","protected":false},"excerpt":{"rendered":"<p>La phase d\u2019alerte activ\u00e9e ce samedi 8 ao\u00fbt suite \u00e0 la vague de chaleur que nous traversons implique des dispositions particuli\u00e8res. L\u2019IRM annonce encore des temp\u00e9ratures tr\u00e8s \u00e9lev\u00e9es pour les 4 \u00e0 5 jours prochains. Des concentrations moyennes d\u2019ozone sup\u00e9rieures [&hellip;]<\/p>\n","protected":false},"author":2,"featured_media":0,"comment_status":"closed","ping_status":"open","sticky":false,"template":"","format":"standard","meta":[],"categories":[65,10],"tags":[882,2998,3144,42,17],"yoast_head":"<!-- This site is optimized with the Yoast SEO plugin v21.0 - https:\/\/yoast.com\/wordpress\/plugins\/seo\/ -->\n<title>Vague de chaleur + pics d&#039;ozone + pand\u00e9mie: quelles mesures faut-il prendre pour garantir la s\u00e9curit\u00e9 de chacun.e? - Peoplesphere<\/title>\n<meta name=\"robots\" content=\"index, follow, max-snippet:-1, max-image-preview:large, max-video-preview:-1\" \/>\n<link rel=\"canonical\" href=\"https:\/\/peoplesphere.be\/fr\/vague-de-chaleur-pics-dozone-pandemie-mesures-faut-prendre-garantir-securite-de-chacun-e\/\" \/>\n<meta property=\"og:locale\" content=\"fr_FR\" \/>\n<meta property=\"og:type\" content=\"article\" \/>\n<meta property=\"og:title\" content=\"Vague de chaleur + pics d&#039;ozone + pand\u00e9mie: quelles mesures faut-il prendre pour garantir la s\u00e9curit\u00e9 de chacun.e? - Peoplesphere\" \/>\n<meta property=\"og:description\" content=\"La phase d\u2019alerte activ\u00e9e ce samedi 8 ao\u00fbt suite \u00e0 la vague de chaleur que nous traversons implique des dispositions particuli\u00e8res. L\u2019IRM annonce encore des temp\u00e9ratures tr\u00e8s \u00e9lev\u00e9es pour les 4 \u00e0 5 jours prochains. Des concentrations moyennes d\u2019ozone sup\u00e9rieures [&hellip;]\" \/>\n<meta property=\"og:url\" content=\"https:\/\/peoplesphere.be\/fr\/vague-de-chaleur-pics-dozone-pandemie-mesures-faut-prendre-garantir-securite-de-chacun-e\/\" \/>\n<meta property=\"og:site_name\" content=\"Peoplesphere\" \/>\n<meta property=\"article:publisher\" content=\"https:\/\/www.facebook.com\/peoplesphere\" \/>\n<meta property=\"article:published_time\" content=\"2020-08-10T06:40:35+00:00\" \/>\n<meta property=\"og:image\" content=\"http:\/\/www.peoplesphere.be\/fr\/wp-content\/uploads\/2016\/07\/facebook-default-posting-1200x628px.jpg\" \/>\n<meta name=\"author\" content=\"Jean-Paul Erhard\" \/>\n<meta name=\"twitter:card\" content=\"summary_large_image\" \/>\n<meta name=\"twitter:creator\" content=\"@PeoplesphereMag\" \/>\n<meta name=\"twitter:site\" content=\"@PeoplesphereMag\" \/>\n<meta name=\"twitter:label1\" content=\"\u00c9crit par\" \/>\n\t<meta name=\"twitter:data1\" content=\"Jean-Paul Erhard\" \/>\n\t<meta name=\"twitter:label2\" content=\"Dur\u00e9e de lecture estim\u00e9e\" \/>\n\t<meta name=\"twitter:data2\" content=\"3 minutes\" \/>\n<script type=\"application\/ld+json\" class=\"yoast-schema-graph\">{\"@context\":\"https:\/\/schema.org\",\"@graph\":[{\"@type\":\"Article\",\"@id\":\"https:\/\/peoplesphere.be\/fr\/vague-de-chaleur-pics-dozone-pandemie-mesures-faut-prendre-garantir-securite-de-chacun-e\/#article\",\"isPartOf\":{\"@id\":\"https:\/\/peoplesphere.be\/fr\/vague-de-chaleur-pics-dozone-pandemie-mesures-faut-prendre-garantir-securite-de-chacun-e\/\"},\"author\":{\"name\":\"Jean-Paul Erhard\",\"@id\":\"https:\/\/peoplesphere.be\/fr\/#\/schema\/person\/7976225ff17988604334abb7b3536a7e\"},\"headline\":\"Vague de chaleur + pics d&rsquo;ozone + pand\u00e9mie: quelles mesures faut-il prendre pour garantir la s\u00e9curit\u00e9 de chacun.e?\",\"datePublished\":\"2020-08-10T06:40:35+00:00\",\"dateModified\":\"2020-08-10T06:40:35+00:00\",\"mainEntityOfPage\":{\"@id\":\"https:\/\/peoplesphere.be\/fr\/vague-de-chaleur-pics-dozone-pandemie-mesures-faut-prendre-garantir-securite-de-chacun-e\/\"},\"wordCount\":707,\"publisher\":{\"@id\":\"https:\/\/peoplesphere.be\/fr\/#organization\"},\"keywords\":[\"chaleur\",\"covid-19\",\"ozone\",\"Pr\u00e9vention\",\"Sant\u00e9\"],\"articleSection\":[\"Actualit\u00e9s\",\"Digital\"],\"inLanguage\":\"fr-FR\"},{\"@type\":\"WebPage\",\"@id\":\"https:\/\/peoplesphere.be\/fr\/vague-de-chaleur-pics-dozone-pandemie-mesures-faut-prendre-garantir-securite-de-chacun-e\/\",\"url\":\"https:\/\/peoplesphere.be\/fr\/vague-de-chaleur-pics-dozone-pandemie-mesures-faut-prendre-garantir-securite-de-chacun-e\/\",\"name\":\"Vague de chaleur + pics d'ozone + pand\u00e9mie: quelles mesures faut-il prendre pour garantir la s\u00e9curit\u00e9 de chacun.e? - Peoplesphere\",\"isPartOf\":{\"@id\":\"https:\/\/peoplesphere.be\/fr\/#website\"},\"datePublished\":\"2020-08-10T06:40:35+00:00\",\"dateModified\":\"2020-08-10T06:40:35+00:00\",\"breadcrumb\":{\"@id\":\"https:\/\/peoplesphere.be\/fr\/vague-de-chaleur-pics-dozone-pandemie-mesures-faut-prendre-garantir-securite-de-chacun-e\/#breadcrumb\"},\"inLanguage\":\"fr-FR\",\"potentialAction\":[{\"@type\":\"ReadAction\",\"target\":[\"https:\/\/peoplesphere.be\/fr\/vague-de-chaleur-pics-dozone-pandemie-mesures-faut-prendre-garantir-securite-de-chacun-e\/\"]}]},{\"@type\":\"BreadcrumbList\",\"@id\":\"https:\/\/peoplesphere.be\/fr\/vague-de-chaleur-pics-dozone-pandemie-mesures-faut-prendre-garantir-securite-de-chacun-e\/#breadcrumb\",\"itemListElement\":[{\"@type\":\"ListItem\",\"position\":1,\"name\":\"Accueil\",\"item\":\"https:\/\/peoplesphere.be\/fr\/\"},{\"@type\":\"ListItem\",\"position\":2,\"name\":\"Vague de chaleur + pics d&rsquo;ozone + pand\u00e9mie: quelles mesures faut-il prendre pour garantir la s\u00e9curit\u00e9 de chacun.e?\"}]},{\"@type\":\"WebSite\",\"@id\":\"https:\/\/peoplesphere.be\/fr\/#website\",\"url\":\"https:\/\/peoplesphere.be\/fr\/\",\"name\":\"Peoplesphere\",\"description\":\"The People Managers Magazine\",\"publisher\":{\"@id\":\"https:\/\/peoplesphere.be\/fr\/#organization\"},\"potentialAction\":[{\"@type\":\"SearchAction\",\"target\":{\"@type\":\"EntryPoint\",\"urlTemplate\":\"https:\/\/peoplesphere.be\/fr\/?s={search_term_string}\"},\"query-input\":\"required name=search_term_string\"}],\"inLanguage\":\"fr-FR\"},{\"@type\":\"Organization\",\"@id\":\"https:\/\/peoplesphere.be\/fr\/#organization\",\"name\":\"Peoplesphere Company srl\",\"url\":\"https:\/\/peoplesphere.be\/fr\/\",\"logo\":{\"@type\":\"ImageObject\",\"inLanguage\":\"fr-FR\",\"@id\":\"https:\/\/peoplesphere.be\/fr\/#\/schema\/logo\/image\/\",\"url\":\"https:\/\/peoplesphere.be\/fr\/wp-content\/uploads\/2023\/07\/peoplesphere-lgo-new-generik.jpg\",\"contentUrl\":\"https:\/\/peoplesphere.be\/fr\/wp-content\/uploads\/2023\/07\/peoplesphere-lgo-new-generik.jpg\",\"width\":1031,\"height\":1479,\"caption\":\"Peoplesphere Company srl\"},\"image\":{\"@id\":\"https:\/\/peoplesphere.be\/fr\/#\/schema\/logo\/image\/\"},\"sameAs\":[\"https:\/\/www.facebook.com\/peoplesphere\",\"https:\/\/twitter.com\/PeoplesphereMag\",\"https:\/\/www.linkedin.com\/company\/7587361?trk\",\"http:\/\/youtube.com\/peoplesphere\"]},{\"@type\":\"Person\",\"@id\":\"https:\/\/peoplesphere.be\/fr\/#\/schema\/person\/7976225ff17988604334abb7b3536a7e\",\"name\":\"Jean-Paul Erhard\",\"image\":{\"@type\":\"ImageObject\",\"inLanguage\":\"fr-FR\",\"@id\":\"https:\/\/peoplesphere.be\/fr\/#\/schema\/person\/image\/\",\"url\":\"https:\/\/secure.gravatar.com\/avatar\/f941e681460179738071629a51574930?s=96&d=mm&r=g\",\"contentUrl\":\"https:\/\/secure.gravatar.com\/avatar\/f941e681460179738071629a51574930?s=96&d=mm&r=g\",\"caption\":\"Jean-Paul Erhard\"},\"url\":\"https:\/\/peoplesphere.be\/fr\/author\/jpe\/\"}]}<\/script>\n<!-- \/ Yoast SEO plugin. -->","yoast_head_json":{"title":"Vague de chaleur + pics d'ozone + pand\u00e9mie: quelles mesures faut-il prendre pour garantir la s\u00e9curit\u00e9 de chacun.e? - Peoplesphere","robots":{"index":"index","follow":"follow","max-snippet":"max-snippet:-1","max-image-preview":"max-image-preview:large","max-video-preview":"max-video-preview:-1"},"canonical":"https:\/\/peoplesphere.be\/fr\/vague-de-chaleur-pics-dozone-pandemie-mesures-faut-prendre-garantir-securite-de-chacun-e\/","og_locale":"fr_FR","og_type":"article","og_title":"Vague de chaleur + pics d'ozone + pand\u00e9mie: quelles mesures faut-il prendre pour garantir la s\u00e9curit\u00e9 de chacun.e? - Peoplesphere","og_description":"La phase d\u2019alerte activ\u00e9e ce samedi 8 ao\u00fbt suite \u00e0 la vague de chaleur que nous traversons implique des dispositions particuli\u00e8res. L\u2019IRM annonce encore des temp\u00e9ratures tr\u00e8s \u00e9lev\u00e9es pour les 4 \u00e0 5 jours prochains. Des concentrations moyennes d\u2019ozone sup\u00e9rieures [&hellip;]","og_url":"https:\/\/peoplesphere.be\/fr\/vague-de-chaleur-pics-dozone-pandemie-mesures-faut-prendre-garantir-securite-de-chacun-e\/","og_site_name":"Peoplesphere","article_publisher":"https:\/\/www.facebook.com\/peoplesphere","article_published_time":"2020-08-10T06:40:35+00:00","og_image":[{"url":"http:\/\/www.peoplesphere.be\/fr\/wp-content\/uploads\/2016\/07\/facebook-default-posting-1200x628px.jpg"}],"author":"Jean-Paul Erhard","twitter_card":"summary_large_image","twitter_creator":"@PeoplesphereMag","twitter_site":"@PeoplesphereMag","twitter_misc":{"\u00c9crit par":"Jean-Paul Erhard","Dur\u00e9e de lecture estim\u00e9e":"3 minutes"},"schema":{"@context":"https:\/\/schema.org","@graph":[{"@type":"Article","@id":"https:\/\/peoplesphere.be\/fr\/vague-de-chaleur-pics-dozone-pandemie-mesures-faut-prendre-garantir-securite-de-chacun-e\/#article","isPartOf":{"@id":"https:\/\/peoplesphere.be\/fr\/vague-de-chaleur-pics-dozone-pandemie-mesures-faut-prendre-garantir-securite-de-chacun-e\/"},"author":{"name":"Jean-Paul Erhard","@id":"https:\/\/peoplesphere.be\/fr\/#\/schema\/person\/7976225ff17988604334abb7b3536a7e"},"headline":"Vague de chaleur + pics d&rsquo;ozone + pand\u00e9mie: quelles mesures faut-il prendre pour garantir la s\u00e9curit\u00e9 de chacun.e?","datePublished":"2020-08-10T06:40:35+00:00","dateModified":"2020-08-10T06:40:35+00:00","mainEntityOfPage":{"@id":"https:\/\/peoplesphere.be\/fr\/vague-de-chaleur-pics-dozone-pandemie-mesures-faut-prendre-garantir-securite-de-chacun-e\/"},"wordCount":707,"publisher":{"@id":"https:\/\/peoplesphere.be\/fr\/#organization"},"keywords":["chaleur","covid-19","ozone","Pr\u00e9vention","Sant\u00e9"],"articleSection":["Actualit\u00e9s","Digital"],"inLanguage":"fr-FR"},{"@type":"WebPage","@id":"https:\/\/peoplesphere.be\/fr\/vague-de-chaleur-pics-dozone-pandemie-mesures-faut-prendre-garantir-securite-de-chacun-e\/","url":"https:\/\/peoplesphere.be\/fr\/vague-de-chaleur-pics-dozone-pandemie-mesures-faut-prendre-garantir-securite-de-chacun-e\/","name":"Vague de chaleur + pics d'ozone + pand\u00e9mie: quelles mesures faut-il prendre pour garantir la s\u00e9curit\u00e9 de chacun.e? - Peoplesphere","isPartOf":{"@id":"https:\/\/peoplesphere.be\/fr\/#website"},"datePublished":"2020-08-10T06:40:35+00:00","dateModified":"2020-08-10T06:40:35+00:00","breadcrumb":{"@id":"https:\/\/peoplesphere.be\/fr\/vague-de-chaleur-pics-dozone-pandemie-mesures-faut-prendre-garantir-securite-de-chacun-e\/#breadcrumb"},"inLanguage":"fr-FR","potentialAction":[{"@type":"ReadAction","target":["https:\/\/peoplesphere.be\/fr\/vague-de-chaleur-pics-dozone-pandemie-mesures-faut-prendre-garantir-securite-de-chacun-e\/"]}]},{"@type":"BreadcrumbList","@id":"https:\/\/peoplesphere.be\/fr\/vague-de-chaleur-pics-dozone-pandemie-mesures-faut-prendre-garantir-securite-de-chacun-e\/#breadcrumb","itemListElement":[{"@type":"ListItem","position":1,"name":"Accueil","item":"https:\/\/peoplesphere.be\/fr\/"},{"@type":"ListItem","position":2,"name":"Vague de chaleur + pics d&rsquo;ozone + pand\u00e9mie: quelles mesures faut-il prendre pour garantir la s\u00e9curit\u00e9 de chacun.e?"}]},{"@type":"WebSite","@id":"https:\/\/peoplesphere.be\/fr\/#website","url":"https:\/\/peoplesphere.be\/fr\/","name":"Peoplesphere","description":"The People Managers Magazine","publisher":{"@id":"https:\/\/peoplesphere.be\/fr\/#organization"},"potentialAction":[{"@type":"SearchAction","target":{"@type":"EntryPoint","urlTemplate":"https:\/\/peoplesphere.be\/fr\/?s={search_term_string}"},"query-input":"required name=search_term_string"}],"inLanguage":"fr-FR"},{"@type":"Organization","@id":"https:\/\/peoplesphere.be\/fr\/#organization","name":"Peoplesphere Company srl","url":"https:\/\/peoplesphere.be\/fr\/","logo":{"@type":"ImageObject","inLanguage":"fr-FR","@id":"https:\/\/peoplesphere.be\/fr\/#\/schema\/logo\/image\/","url":"https:\/\/peoplesphere.be\/fr\/wp-content\/uploads\/2023\/07\/peoplesphere-lgo-new-generik.jpg","contentUrl":"https:\/\/peoplesphere.be\/fr\/wp-content\/uploads\/2023\/07\/peoplesphere-lgo-new-generik.jpg","width":1031,"height":1479,"caption":"Peoplesphere Company srl"},"image":{"@id":"https:\/\/peoplesphere.be\/fr\/#\/schema\/logo\/image\/"},"sameAs":["https:\/\/www.facebook.com\/peoplesphere","https:\/\/twitter.com\/PeoplesphereMag","https:\/\/www.linkedin.com\/company\/7587361?trk","http:\/\/youtube.com\/peoplesphere"]},{"@type":"Person","@id":"https:\/\/peoplesphere.be\/fr\/#\/schema\/person\/7976225ff17988604334abb7b3536a7e","name":"Jean-Paul Erhard","image":{"@type":"ImageObject","inLanguage":"fr-FR","@id":"https:\/\/peoplesphere.be\/fr\/#\/schema\/person\/image\/","url":"https:\/\/secure.gravatar.com\/avatar\/f941e681460179738071629a51574930?s=96&d=mm&r=g","contentUrl":"https:\/\/secure.gravatar.com\/avatar\/f941e681460179738071629a51574930?s=96&d=mm&r=g","caption":"Jean-Paul Erhard"},"url":"https:\/\/peoplesphere.be\/fr\/author\/jpe\/"}]}},"_links":{"self":[{"href":"https:\/\/peoplesphere.be\/fr\/wp-json\/wp\/v2\/posts\/9989"}],"collection":[{"href":"https:\/\/peoplesphere.be\/fr\/wp-json\/wp\/v2\/posts"}],"about":[{"href":"https:\/\/peoplesphere.be\/fr\/wp-json\/wp\/v2\/types\/post"}],"author":[{"embeddable":true,"href":"https:\/\/peoplesphere.be\/fr\/wp-json\/wp\/v2\/users\/2"}],"replies":[{"embeddable":true,"href":"https:\/\/peoplesphere.be\/fr\/wp-json\/wp\/v2\/comments?post=9989"}],"version-history":[{"count":1,"href":"https:\/\/peoplesphere.be\/fr\/wp-json\/wp\/v2\/posts\/9989\/revisions"}],"predecessor-version":[{"id":9990,"href":"https:\/\/peoplesphere.be\/fr\/wp-json\/wp\/v2\/posts\/9989\/revisions\/9990"}],"wp:attachment":[{"href":"https:\/\/peoplesphere.be\/fr\/wp-json\/wp\/v2\/media?parent=9989"}],"wp:term":[{"taxonomy":"category","embeddable":true,"href":"https:\/\/peoplesphere.be\/fr\/wp-json\/wp\/v2\/categories?post=9989"},{"taxonomy":"post_tag","embeddable":true,"href":"https:\/\/peoplesphere.be\/fr\/wp-json\/wp\/v2\/tags?post=9989"}],"curies":[{"name":"wp","href":"https:\/\/api.w.org\/{rel}","templated":true}]}}