









{"id":9994,"date":"2020-08-11T11:21:17","date_gmt":"2020-08-11T09:21:17","guid":{"rendered":"https:\/\/peoplesphere.be\/fr\/?p=9994"},"modified":"2020-08-11T11:24:00","modified_gmt":"2020-08-11T09:24:00","slug":"investir-lutte-contre-pauvrete-enfants-cest-beneficier-meilleur-rendement-soit-lensemble-de-societe","status":"publish","type":"post","link":"https:\/\/peoplesphere.be\/fr\/investir-lutte-contre-pauvrete-enfants-cest-beneficier-meilleur-rendement-soit-lensemble-de-societe\/","title":{"rendered":"Investir dans la lutte contre la pauvret\u00e9 des enfants, c&rsquo;est b\u00e9n\u00e9ficier du meilleur rendement qui soit pour l&rsquo;ensemble de notre soci\u00e9t\u00e9."},"content":{"rendered":"<p>En Belgique, pr\u00e8s d&rsquo;un enfant sur quatre risque de se retrouver sous le seuil de la pauvret\u00e9, selon les chiffres d&rsquo;Eurostat de 2018.Situation intol\u00e9rable. Or, selon une \u00e9tude men\u00e9e par la Vlerick Business School, command\u00e9e par l&rsquo;organisation de lutte contre la pauvret\u00e9 infantile, la Fondation Pelicano, investir un euro dans la lutte contre la pauvret\u00e9 infantile rapporte, sur le long terme, entre cinq et neuf euros au gouvernement. Bref, investir dans la r\u00e9duction de la pr\u00e9carit\u00e9 infantile est avant tout primordial d&rsquo;un point de vue social, mais est \u00e9galement pr\u00e9f\u00e9rable au niveau \u00e9conomique.<!--more--><\/p>\n<p><em>\u00ab Avec un investissement minimum de 78 932 millions d&rsquo;euros pour 2000 enfants en situation de pauvret\u00e9, le gouvernement pourrait gagner \u00e0 l&rsquo;avenir au moins 372 730 millions d&rsquo;euros (donc 5 fois le montant investi) en recettes fiscales et en \u00e9conomies des co\u00fbts li\u00e9s \u00e0 la pauvret\u00e9, sur une vie enti\u00e8re jusqu&rsquo;\u00e0 la retraite \u00bb<\/em>, d\u00e9clare le professeur Dirk Buyens.<\/p>\n<p>Sortir les enfants de la pauvret\u00e9 est avant tout primordial pour l&rsquo;individu mais il s\u2019av\u00e8re que cela b\u00e9n\u00e9ficie \u00e9galement \u00e0 la soci\u00e9t\u00e9. En effet, investir dans les enfants et les jeunes d\u00e9favoris\u00e9s augmente leurs perspectives de carri\u00e8re et r\u00e9duit le risque de ch\u00f4mage. Cela signifie \u00e9galement qu\u2019ils contribueront \u00e0 la soci\u00e9t\u00e9 par le biais des recettes fiscales, ce qui n&rsquo;est pas le cas s\u2019ils restent dans une situation de pauvret\u00e9 \u00e0 l&rsquo;\u00e2ge adulte.<\/p>\n<p>L&rsquo;impact \u00e9conomique de la lutte contre la pauvret\u00e9 infantile est \u00e9norme : investir un euro dans un enfant en situation de pauvret\u00e9 rapporte entre cinq et neuf euros au gouvernement en recettes fiscales et en \u00e9conomies sur la pauvret\u00e9 (co\u00fbt de soins de sant\u00e9, allocations de ch\u00f4mage, co\u00fbts li\u00e9s \u00e0 la criminalit\u00e9, entre autres) sur le long terme (d\u00e8s l\u2019enfance jusqu&rsquo;\u00e0 la retraite). C&rsquo;est ce que r\u00e9v\u00e8le une \u00e9tude (\u00e9valuation co\u00fbt-b\u00e9n\u00e9fice) men\u00e9e par trois \u00e9tudiants de la Vlerick Business School : Amin Benhadda, Cuong Geerinck et Javier Mateos Garc\u00eda. Au nom de la Fondation Pelicano Child Poverty, ils ont calcul\u00e9 l&rsquo;ampleur \u00e9conomique de la lutte contre la pauvret\u00e9 infantile en Belgique.<\/p>\n<p><strong><em>Aider 2000 enfants \u00e0 sortir de la pauvret\u00e9 : 372 millions d&rsquo;euros gagn\u00e9s pour un investissement de 78 millions d&rsquo;euros<\/em><\/strong><\/p>\n<p>La Fondation Pelicano lutte depuis des ann\u00e9es contre la pr\u00e9carit\u00e9 infantile. Pour ce faire, elle apporte un soutien financier durable aux enfants et aux jeunes adolescents, via des fonds, jusqu&rsquo;\u00e0 ce qu&rsquo;ils obtiennent leur dipl\u00f4me et deviennent des membres actifs de la soci\u00e9t\u00e9. D&rsquo;ici 2025, la Fondation Pelicano veut sortir d\u00e9finitivement 2000 enfants de la pauvret\u00e9. Avec un investissement minimum de 78 932 millions d&rsquo;euros pour 2000 enfants de Pelicano, le gouvernement pourrait gagner au moins 372 730 millions d&rsquo;euros (5 fois le montant investi) en recettes fiscales (s\u00e9curit\u00e9 sociale, TVA et imp\u00f4ts sur le revenu) ainsi qu\u2019en \u00e9conomies sur la pauvret\u00e9 des enfants, tout au long de la vie et ce jusqu&rsquo;\u00e0 la retraite.<\/p>\n<p><em>\u00ab L&rsquo;investissement dans la pr\u00e9vention de la pauvret\u00e9 infantile est beaucoup moins cher que ce qu\u2019elle co\u00fbte en r\u00e9alit\u00e9. Investir durablement dans cette pr\u00e9vention est avant tout important pour les enfants et les jeunes eux-m\u00eames, mais le gouvernement et la soci\u00e9t\u00e9 peuvent aussi en b\u00e9n\u00e9ficier \u00bb<\/em>, d\u00e9clare Christiaan Hoorne, directeur g\u00e9n\u00e9ral de la Fondation Pelicano.<\/p>\n<p><strong><em>531 000 enfants et jeunes vivent actuellement dans une situation de pauvret\u00e9<\/em><\/strong><\/p>\n<p>Selon la Vlerick Business School et la Fondation Pelicano, il est important d&rsquo;augmenter ces chiffres impressionnants au niveau national \u00e9galement. <em>\u00ab Si les 531 000 enfants et jeunes en Belgique restent aujourd&rsquo;hui dans une situation de pr\u00e9carit\u00e9 \u00e0 l&rsquo;\u00e2ge adulte, cela signifie que nous nous dirigeons vers une perte de recettes fiscales pour l&rsquo;\u00c9tat d&rsquo;au moins 74 137 milliards d&rsquo;euros sur le long terme (pendant toute leur vie jusqu&rsquo;\u00e0 leur retraite) sans parler des co\u00fbts de la pauvret\u00e9 \u00e9conomis\u00e9s par le gouvernement \u00bb<\/em>, expliquent les \u00e9tudiants Amin Benhadda, Cuong Geerinck et Javier Mateos Garc\u00eda.<\/p>\n<p><em>\u00ab Sauver les enfants d\u00e9favoris\u00e9s leur permettra de contribuer pleinement \u00e0 la soci\u00e9t\u00e9 \u00e0 l&rsquo;avenir et donc d&rsquo;avoir un revenu imposable qui pourrait \u00eatre perdu si ces personnes restaient dans la pauvret\u00e9 \u00bb<\/em>, d\u00e9clare Dirk Buyens, professeur de ressources humaines strat\u00e9giques \u00e0 la Vlerick Business School, qui a dirig\u00e9 l&rsquo;\u00e9tude.<\/p>\n<p><em>\u00ab Il n\u2019est pas acceptable que, dans un pays prosp\u00e8re comme la Belgique, tant d&rsquo;enfants grandissent dans la pauvret\u00e9. De plus, nous constatons que la crise li\u00e9e au coronavirus touche plus durement les groupes vuln\u00e9rables tels que les personnes en pr\u00e9carit\u00e9. Avec une prime de 300 euros, nous apportons \u00e0 ces personnes un soutien suppl\u00e9mentaire \u00e0 court terme, mais une approche sur le long terme est n\u00e9cessaire. Dans leur int\u00e9r\u00eat et dans celui de la soci\u00e9t\u00e9, les enfants doivent avoir toutes les chances de se d\u00e9velopper au mieux d\u00e8s le d\u00e9part. Ce qui est int\u00e9ressant dans cette \u00e9tude, c&rsquo;est qu&rsquo;elle examine ce que le talent des enfants en situation de pr\u00e9carit\u00e9 peut apporter \u00e0 la soci\u00e9t\u00e9, s&rsquo;il est utilis\u00e9 \u00e0 son plein potentiel. \u00bb<\/em> d\u00e9clare Nathalie Muylle, Ministre f\u00e9d\u00e9rale de l&rsquo;Emploi, de l&rsquo;Economie et des Consommateurs, charg\u00e9e de la Lutte contre la pauvret\u00e9, de l\u2019Egalit\u00e9 des chances et des Personnes handicap\u00e9es.<\/p>\n<p><em>\u00ab La crise du coronavirus exerce une pression suppl\u00e9mentaire sur la situation actuelle des enfants issus de familles vuln\u00e9rables. Ce rapport montre qu&rsquo;il est socialement mais aussi \u00e9conomiquement n\u00e9cessaire d&rsquo;investir dans la lutte contre la pauvret\u00e9 infantile. Nous esp\u00e9rons que le gouvernement prendra bient\u00f4t des mesures concr\u00e8tes et structurelles pour lutter contre la pr\u00e9carit\u00e9 des enfants. Une politique structurelle qui investit dans la s\u00e9curit\u00e9 sociale, l&#8217;emploi, l&rsquo;\u00e9ducation et la politique du logement sont des cl\u00e9s indispensables \u00e0 cet effet \u00bb<\/em>, insiste Christiaan Hoorne.<\/p>\n<p><a href=\"https:\/\/www.pelicano.be\/fr\/actua\/quel-est-limpact-de-la-lutte-contre-la-pauvrete-infantile\/\">Le rapport complet sur l&rsquo;impact financier de la r\u00e9duction de la pauvret\u00e9 infantile est disponible sur le site de la Fondation Pelicano.<\/a><\/p>\n","protected":false},"excerpt":{"rendered":"<p>En Belgique, pr\u00e8s d&rsquo;un enfant sur quatre risque de se retrouver sous le seuil de la pauvret\u00e9, selon les chiffres d&rsquo;Eurostat de 2018.Situation intol\u00e9rable. Or, selon une \u00e9tude men\u00e9e par la Vlerick Business School, command\u00e9e par l&rsquo;organisation de lutte contre [&hellip;]<\/p>\n","protected":false},"author":2,"featured_media":9997,"comment_status":"closed","ping_status":"open","sticky":false,"template":"","format":"standard","meta":[],"categories":[65,10],"tags":[2237,1153,467,3147,48,352,3148,1543,1033],"yoast_head":"<!-- This site is optimized with the Yoast SEO plugin v21.0 - https:\/\/yoast.com\/wordpress\/plugins\/seo\/ -->\n<title>Investir dans la lutte contre la pauvret\u00e9 des enfants, c&#039;est b\u00e9n\u00e9ficier du meilleur rendement qui soit pour l&#039;ensemble de notre soci\u00e9t\u00e9. - Peoplesphere<\/title>\n<meta name=\"robots\" content=\"index, follow, max-snippet:-1, max-image-preview:large, max-video-preview:-1\" \/>\n<link rel=\"canonical\" href=\"https:\/\/peoplesphere.be\/fr\/investir-lutte-contre-pauvrete-enfants-cest-beneficier-meilleur-rendement-soit-lensemble-de-societe\/\" \/>\n<meta property=\"og:locale\" content=\"fr_FR\" \/>\n<meta property=\"og:type\" content=\"article\" \/>\n<meta property=\"og:title\" content=\"Investir dans la lutte contre la pauvret\u00e9 des enfants, c&#039;est b\u00e9n\u00e9ficier du meilleur rendement qui soit pour l&#039;ensemble de notre soci\u00e9t\u00e9. - Peoplesphere\" \/>\n<meta property=\"og:description\" content=\"En Belgique, pr\u00e8s d&rsquo;un enfant sur quatre risque de se retrouver sous le seuil de la pauvret\u00e9, selon les chiffres d&rsquo;Eurostat de 2018.Situation intol\u00e9rable. Or, selon une \u00e9tude men\u00e9e par la Vlerick Business School, command\u00e9e par l&rsquo;organisation de lutte contre [&hellip;]\" \/>\n<meta property=\"og:url\" content=\"https:\/\/peoplesphere.be\/fr\/investir-lutte-contre-pauvrete-enfants-cest-beneficier-meilleur-rendement-soit-lensemble-de-societe\/\" \/>\n<meta property=\"og:site_name\" content=\"Peoplesphere\" \/>\n<meta property=\"article:publisher\" content=\"https:\/\/www.facebook.com\/peoplesphere\" \/>\n<meta property=\"article:published_time\" content=\"2020-08-11T09:21:17+00:00\" \/>\n<meta property=\"article:modified_time\" content=\"2020-08-11T09:24:00+00:00\" \/>\n<meta property=\"og:image\" content=\"https:\/\/peoplesphere.be\/fr\/wp-content\/uploads\/2020\/08\/img5f2d3f81930e9.jpg\" \/>\n\t<meta property=\"og:image:width\" content=\"1417\" \/>\n\t<meta property=\"og:image:height\" content=\"941\" \/>\n\t<meta property=\"og:image:type\" content=\"image\/jpeg\" \/>\n<meta name=\"author\" content=\"Jean-Paul Erhard\" \/>\n<meta name=\"twitter:card\" content=\"summary_large_image\" \/>\n<meta name=\"twitter:creator\" content=\"@PeoplesphereMag\" \/>\n<meta name=\"twitter:site\" content=\"@PeoplesphereMag\" \/>\n<meta name=\"twitter:label1\" content=\"\u00c9crit par\" \/>\n\t<meta name=\"twitter:data1\" content=\"Jean-Paul Erhard\" \/>\n\t<meta name=\"twitter:label2\" content=\"Dur\u00e9e de lecture estim\u00e9e\" \/>\n\t<meta name=\"twitter:data2\" content=\"5 minutes\" \/>\n<script type=\"application\/ld+json\" class=\"yoast-schema-graph\">{\"@context\":\"https:\/\/schema.org\",\"@graph\":[{\"@type\":\"Article\",\"@id\":\"https:\/\/peoplesphere.be\/fr\/investir-lutte-contre-pauvrete-enfants-cest-beneficier-meilleur-rendement-soit-lensemble-de-societe\/#article\",\"isPartOf\":{\"@id\":\"https:\/\/peoplesphere.be\/fr\/investir-lutte-contre-pauvrete-enfants-cest-beneficier-meilleur-rendement-soit-lensemble-de-societe\/\"},\"author\":{\"name\":\"Jean-Paul Erhard\",\"@id\":\"https:\/\/peoplesphere.be\/fr\/#\/schema\/person\/7976225ff17988604334abb7b3536a7e\"},\"headline\":\"Investir dans la lutte contre la pauvret\u00e9 des enfants, c&rsquo;est b\u00e9n\u00e9ficier du meilleur rendement qui soit pour l&rsquo;ensemble de notre soci\u00e9t\u00e9.\",\"datePublished\":\"2020-08-11T09:21:17+00:00\",\"dateModified\":\"2020-08-11T09:24:00+00:00\",\"mainEntityOfPage\":{\"@id\":\"https:\/\/peoplesphere.be\/fr\/investir-lutte-contre-pauvrete-enfants-cest-beneficier-meilleur-rendement-soit-lensemble-de-societe\/\"},\"wordCount\":1013,\"publisher\":{\"@id\":\"https:\/\/peoplesphere.be\/fr\/#organization\"},\"keywords\":[\"Dirk Buyens\",\"engagement soci\u00e9tal\",\"enseignement\",\"Fondation Pelicano\",\"Formation\",\"investissement\",\"Nathalie Muylle\",\"seuil de pauvret\u00e9\",\"Vlerick\"],\"articleSection\":[\"Actualit\u00e9s\",\"Digital\"],\"inLanguage\":\"fr-FR\"},{\"@type\":\"WebPage\",\"@id\":\"https:\/\/peoplesphere.be\/fr\/investir-lutte-contre-pauvrete-enfants-cest-beneficier-meilleur-rendement-soit-lensemble-de-societe\/\",\"url\":\"https:\/\/peoplesphere.be\/fr\/investir-lutte-contre-pauvrete-enfants-cest-beneficier-meilleur-rendement-soit-lensemble-de-societe\/\",\"name\":\"Investir dans la lutte contre la pauvret\u00e9 des enfants, c'est b\u00e9n\u00e9ficier du meilleur rendement qui soit pour l'ensemble de notre soci\u00e9t\u00e9. - Peoplesphere\",\"isPartOf\":{\"@id\":\"https:\/\/peoplesphere.be\/fr\/#website\"},\"datePublished\":\"2020-08-11T09:21:17+00:00\",\"dateModified\":\"2020-08-11T09:24:00+00:00\",\"breadcrumb\":{\"@id\":\"https:\/\/peoplesphere.be\/fr\/investir-lutte-contre-pauvrete-enfants-cest-beneficier-meilleur-rendement-soit-lensemble-de-societe\/#breadcrumb\"},\"inLanguage\":\"fr-FR\",\"potentialAction\":[{\"@type\":\"ReadAction\",\"target\":[\"https:\/\/peoplesphere.be\/fr\/investir-lutte-contre-pauvrete-enfants-cest-beneficier-meilleur-rendement-soit-lensemble-de-societe\/\"]}]},{\"@type\":\"BreadcrumbList\",\"@id\":\"https:\/\/peoplesphere.be\/fr\/investir-lutte-contre-pauvrete-enfants-cest-beneficier-meilleur-rendement-soit-lensemble-de-societe\/#breadcrumb\",\"itemListElement\":[{\"@type\":\"ListItem\",\"position\":1,\"name\":\"Accueil\",\"item\":\"https:\/\/peoplesphere.be\/fr\/\"},{\"@type\":\"ListItem\",\"position\":2,\"name\":\"Investir dans la lutte contre la pauvret\u00e9 des enfants, c&rsquo;est b\u00e9n\u00e9ficier du meilleur rendement qui soit pour l&rsquo;ensemble de notre soci\u00e9t\u00e9.\"}]},{\"@type\":\"WebSite\",\"@id\":\"https:\/\/peoplesphere.be\/fr\/#website\",\"url\":\"https:\/\/peoplesphere.be\/fr\/\",\"name\":\"Peoplesphere\",\"description\":\"The People Managers Magazine\",\"publisher\":{\"@id\":\"https:\/\/peoplesphere.be\/fr\/#organization\"},\"potentialAction\":[{\"@type\":\"SearchAction\",\"target\":{\"@type\":\"EntryPoint\",\"urlTemplate\":\"https:\/\/peoplesphere.be\/fr\/?s={search_term_string}\"},\"query-input\":\"required name=search_term_string\"}],\"inLanguage\":\"fr-FR\"},{\"@type\":\"Organization\",\"@id\":\"https:\/\/peoplesphere.be\/fr\/#organization\",\"name\":\"Peoplesphere Company srl\",\"url\":\"https:\/\/peoplesphere.be\/fr\/\",\"logo\":{\"@type\":\"ImageObject\",\"inLanguage\":\"fr-FR\",\"@id\":\"https:\/\/peoplesphere.be\/fr\/#\/schema\/logo\/image\/\",\"url\":\"https:\/\/peoplesphere.be\/fr\/wp-content\/uploads\/2023\/07\/peoplesphere-lgo-new-generik.jpg\",\"contentUrl\":\"https:\/\/peoplesphere.be\/fr\/wp-content\/uploads\/2023\/07\/peoplesphere-lgo-new-generik.jpg\",\"width\":1031,\"height\":1479,\"caption\":\"Peoplesphere Company srl\"},\"image\":{\"@id\":\"https:\/\/peoplesphere.be\/fr\/#\/schema\/logo\/image\/\"},\"sameAs\":[\"https:\/\/www.facebook.com\/peoplesphere\",\"https:\/\/twitter.com\/PeoplesphereMag\",\"https:\/\/www.linkedin.com\/company\/7587361?trk\",\"http:\/\/youtube.com\/peoplesphere\"]},{\"@type\":\"Person\",\"@id\":\"https:\/\/peoplesphere.be\/fr\/#\/schema\/person\/7976225ff17988604334abb7b3536a7e\",\"name\":\"Jean-Paul Erhard\",\"image\":{\"@type\":\"ImageObject\",\"inLanguage\":\"fr-FR\",\"@id\":\"https:\/\/peoplesphere.be\/fr\/#\/schema\/person\/image\/\",\"url\":\"https:\/\/secure.gravatar.com\/avatar\/f941e681460179738071629a51574930?s=96&d=mm&r=g\",\"contentUrl\":\"https:\/\/secure.gravatar.com\/avatar\/f941e681460179738071629a51574930?s=96&d=mm&r=g\",\"caption\":\"Jean-Paul Erhard\"},\"url\":\"https:\/\/peoplesphere.be\/fr\/author\/jpe\/\"}]}<\/script>\n<!-- \/ Yoast SEO plugin. -->","yoast_head_json":{"title":"Investir dans la lutte contre la pauvret\u00e9 des enfants, c'est b\u00e9n\u00e9ficier du meilleur rendement qui soit pour l'ensemble de notre soci\u00e9t\u00e9. - Peoplesphere","robots":{"index":"index","follow":"follow","max-snippet":"max-snippet:-1","max-image-preview":"max-image-preview:large","max-video-preview":"max-video-preview:-1"},"canonical":"https:\/\/peoplesphere.be\/fr\/investir-lutte-contre-pauvrete-enfants-cest-beneficier-meilleur-rendement-soit-lensemble-de-societe\/","og_locale":"fr_FR","og_type":"article","og_title":"Investir dans la lutte contre la pauvret\u00e9 des enfants, c'est b\u00e9n\u00e9ficier du meilleur rendement qui soit pour l'ensemble de notre soci\u00e9t\u00e9. - Peoplesphere","og_description":"En Belgique, pr\u00e8s d&rsquo;un enfant sur quatre risque de se retrouver sous le seuil de la pauvret\u00e9, selon les chiffres d&rsquo;Eurostat de 2018.Situation intol\u00e9rable. Or, selon une \u00e9tude men\u00e9e par la Vlerick Business School, command\u00e9e par l&rsquo;organisation de lutte contre [&hellip;]","og_url":"https:\/\/peoplesphere.be\/fr\/investir-lutte-contre-pauvrete-enfants-cest-beneficier-meilleur-rendement-soit-lensemble-de-societe\/","og_site_name":"Peoplesphere","article_publisher":"https:\/\/www.facebook.com\/peoplesphere","article_published_time":"2020-08-11T09:21:17+00:00","article_modified_time":"2020-08-11T09:24:00+00:00","og_image":[{"width":1417,"height":941,"url":"https:\/\/peoplesphere.be\/fr\/wp-content\/uploads\/2020\/08\/img5f2d3f81930e9.jpg","type":"image\/jpeg"}],"author":"Jean-Paul Erhard","twitter_card":"summary_large_image","twitter_creator":"@PeoplesphereMag","twitter_site":"@PeoplesphereMag","twitter_misc":{"\u00c9crit par":"Jean-Paul Erhard","Dur\u00e9e de lecture estim\u00e9e":"5 minutes"},"schema":{"@context":"https:\/\/schema.org","@graph":[{"@type":"Article","@id":"https:\/\/peoplesphere.be\/fr\/investir-lutte-contre-pauvrete-enfants-cest-beneficier-meilleur-rendement-soit-lensemble-de-societe\/#article","isPartOf":{"@id":"https:\/\/peoplesphere.be\/fr\/investir-lutte-contre-pauvrete-enfants-cest-beneficier-meilleur-rendement-soit-lensemble-de-societe\/"},"author":{"name":"Jean-Paul Erhard","@id":"https:\/\/peoplesphere.be\/fr\/#\/schema\/person\/7976225ff17988604334abb7b3536a7e"},"headline":"Investir dans la lutte contre la pauvret\u00e9 des enfants, c&rsquo;est b\u00e9n\u00e9ficier du meilleur rendement qui soit pour l&rsquo;ensemble de notre soci\u00e9t\u00e9.","datePublished":"2020-08-11T09:21:17+00:00","dateModified":"2020-08-11T09:24:00+00:00","mainEntityOfPage":{"@id":"https:\/\/peoplesphere.be\/fr\/investir-lutte-contre-pauvrete-enfants-cest-beneficier-meilleur-rendement-soit-lensemble-de-societe\/"},"wordCount":1013,"publisher":{"@id":"https:\/\/peoplesphere.be\/fr\/#organization"},"keywords":["Dirk Buyens","engagement soci\u00e9tal","enseignement","Fondation Pelicano","Formation","investissement","Nathalie Muylle","seuil de pauvret\u00e9","Vlerick"],"articleSection":["Actualit\u00e9s","Digital"],"inLanguage":"fr-FR"},{"@type":"WebPage","@id":"https:\/\/peoplesphere.be\/fr\/investir-lutte-contre-pauvrete-enfants-cest-beneficier-meilleur-rendement-soit-lensemble-de-societe\/","url":"https:\/\/peoplesphere.be\/fr\/investir-lutte-contre-pauvrete-enfants-cest-beneficier-meilleur-rendement-soit-lensemble-de-societe\/","name":"Investir dans la lutte contre la pauvret\u00e9 des enfants, c'est b\u00e9n\u00e9ficier du meilleur rendement qui soit pour l'ensemble de notre soci\u00e9t\u00e9. - Peoplesphere","isPartOf":{"@id":"https:\/\/peoplesphere.be\/fr\/#website"},"datePublished":"2020-08-11T09:21:17+00:00","dateModified":"2020-08-11T09:24:00+00:00","breadcrumb":{"@id":"https:\/\/peoplesphere.be\/fr\/investir-lutte-contre-pauvrete-enfants-cest-beneficier-meilleur-rendement-soit-lensemble-de-societe\/#breadcrumb"},"inLanguage":"fr-FR","potentialAction":[{"@type":"ReadAction","target":["https:\/\/peoplesphere.be\/fr\/investir-lutte-contre-pauvrete-enfants-cest-beneficier-meilleur-rendement-soit-lensemble-de-societe\/"]}]},{"@type":"BreadcrumbList","@id":"https:\/\/peoplesphere.be\/fr\/investir-lutte-contre-pauvrete-enfants-cest-beneficier-meilleur-rendement-soit-lensemble-de-societe\/#breadcrumb","itemListElement":[{"@type":"ListItem","position":1,"name":"Accueil","item":"https:\/\/peoplesphere.be\/fr\/"},{"@type":"ListItem","position":2,"name":"Investir dans la lutte contre la pauvret\u00e9 des enfants, c&rsquo;est b\u00e9n\u00e9ficier du meilleur rendement qui soit pour l&rsquo;ensemble de notre soci\u00e9t\u00e9."}]},{"@type":"WebSite","@id":"https:\/\/peoplesphere.be\/fr\/#website","url":"https:\/\/peoplesphere.be\/fr\/","name":"Peoplesphere","description":"The People Managers Magazine","publisher":{"@id":"https:\/\/peoplesphere.be\/fr\/#organization"},"potentialAction":[{"@type":"SearchAction","target":{"@type":"EntryPoint","urlTemplate":"https:\/\/peoplesphere.be\/fr\/?s={search_term_string}"},"query-input":"required name=search_term_string"}],"inLanguage":"fr-FR"},{"@type":"Organization","@id":"https:\/\/peoplesphere.be\/fr\/#organization","name":"Peoplesphere Company srl","url":"https:\/\/peoplesphere.be\/fr\/","logo":{"@type":"ImageObject","inLanguage":"fr-FR","@id":"https:\/\/peoplesphere.be\/fr\/#\/schema\/logo\/image\/","url":"https:\/\/peoplesphere.be\/fr\/wp-content\/uploads\/2023\/07\/peoplesphere-lgo-new-generik.jpg","contentUrl":"https:\/\/peoplesphere.be\/fr\/wp-content\/uploads\/2023\/07\/peoplesphere-lgo-new-generik.jpg","width":1031,"height":1479,"caption":"Peoplesphere Company srl"},"image":{"@id":"https:\/\/peoplesphere.be\/fr\/#\/schema\/logo\/image\/"},"sameAs":["https:\/\/www.facebook.com\/peoplesphere","https:\/\/twitter.com\/PeoplesphereMag","https:\/\/www.linkedin.com\/company\/7587361?trk","http:\/\/youtube.com\/peoplesphere"]},{"@type":"Person","@id":"https:\/\/peoplesphere.be\/fr\/#\/schema\/person\/7976225ff17988604334abb7b3536a7e","name":"Jean-Paul Erhard","image":{"@type":"ImageObject","inLanguage":"fr-FR","@id":"https:\/\/peoplesphere.be\/fr\/#\/schema\/person\/image\/","url":"https:\/\/secure.gravatar.com\/avatar\/f941e681460179738071629a51574930?s=96&d=mm&r=g","contentUrl":"https:\/\/secure.gravatar.com\/avatar\/f941e681460179738071629a51574930?s=96&d=mm&r=g","caption":"Jean-Paul Erhard"},"url":"https:\/\/peoplesphere.be\/fr\/author\/jpe\/"}]}},"_links":{"self":[{"href":"https:\/\/peoplesphere.be\/fr\/wp-json\/wp\/v2\/posts\/9994"}],"collection":[{"href":"https:\/\/peoplesphere.be\/fr\/wp-json\/wp\/v2\/posts"}],"about":[{"href":"https:\/\/peoplesphere.be\/fr\/wp-json\/wp\/v2\/types\/post"}],"author":[{"embeddable":true,"href":"https:\/\/peoplesphere.be\/fr\/wp-json\/wp\/v2\/users\/2"}],"replies":[{"embeddable":true,"href":"https:\/\/peoplesphere.be\/fr\/wp-json\/wp\/v2\/comments?post=9994"}],"version-history":[{"count":1,"href":"https:\/\/peoplesphere.be\/fr\/wp-json\/wp\/v2\/posts\/9994\/revisions"}],"predecessor-version":[{"id":9995,"href":"https:\/\/peoplesphere.be\/fr\/wp-json\/wp\/v2\/posts\/9994\/revisions\/9995"}],"wp:featuredmedia":[{"embeddable":true,"href":"https:\/\/peoplesphere.be\/fr\/wp-json\/wp\/v2\/media\/9997"}],"wp:attachment":[{"href":"https:\/\/peoplesphere.be\/fr\/wp-json\/wp\/v2\/media?parent=9994"}],"wp:term":[{"taxonomy":"category","embeddable":true,"href":"https:\/\/peoplesphere.be\/fr\/wp-json\/wp\/v2\/categories?post=9994"},{"taxonomy":"post_tag","embeddable":true,"href":"https:\/\/peoplesphere.be\/fr\/wp-json\/wp\/v2\/tags?post=9994"}],"curies":[{"name":"wp","href":"https:\/\/api.w.org\/{rel}","templated":true}]}}