











{"id":10184,"date":"2023-04-30T08:47:00","date_gmt":"2023-04-30T07:47:00","guid":{"rendered":"https:\/\/peoplesphere.be\/nl\/?p=10184"},"modified":"2023-05-01T08:52:39","modified_gmt":"2023-05-01T07:52:39","slug":"langdurig-absenteisme-afwezigheden-psychische-problemen-stegen-laatste-drie-jaar-185","status":"publish","type":"post","link":"https:\/\/peoplesphere.be\/nl\/langdurig-absenteisme-afwezigheden-psychische-problemen-stegen-laatste-drie-jaar-185\/","title":{"rendered":"Langdurig absente\u00efsme: afwezigheden door psychische problemen stegen laatste drie jaar met 18,5%."},"content":{"rendered":"<p>Op de Belgische arbeidsmarkt blijft de langetermijntrend van langdurig absente\u00efsme stijgend. Hoewel er in 2022 een lichte daling was, was dagelijks 3,18% van de werknemers al langer dan een jaar ziek thuis, wat nog steeds hoger is dan de 3,01% in 2019. Uit een onderzoek van Securex op basis van salarisgegevens van ruim 200.000 werknemers in Belgi\u00eb, blijkt ook dat zowel het korte ziektepercentage als de ziektefrequentie historisch hoog zijn, met stijgingen van respectievelijk 21% en 16% sinds 2019 tot 2,70% en 1,31 keer in 2022. <!--more--><\/p>\n<p>Vooral psychische problemen zorgden voor de stijging van het middellang en langdurig absente\u00efsme. Het aandeel van ziektedagen door onder andere burn-out steeg ten opzichte van 2019 met 18,5%, tot 32,7% in 2022.<\/p>\n<p>Partner in tewerkstelling en ondernemerschap Securex onderzocht de situatie van langdurig, middellang en kort absente\u00efsme in 2022. Langdurig absente\u00efsme betreft werknemers die langer dan een jaar ziek of door een priv\u00e9-ongeval thuis zijn, middellang absente\u00efsme gaat over afwezigheid van het werk tussen een maand en een jaar wegens ziekte of priv\u00e9-ongeval, en kort absente\u00efsme omvat werknemers die minder dan een maand ziek of door een priv\u00e9-ongeval thuis zijn.<\/p>\n<p>Elisabeth Van Steendam, manager wellbeing bij Securex, legt uit: \u201cOndanks de stijgende inflatie in 2022 kregen werkgevers na de coronacrisis vermoedelijk opnieuw meer ruimte voor re-integratie-initiatieven. Er kwamen ook wetswijzigingen en de verplichte responsabiliseringsbijdrage voor werkgevers met te veel werknemers in invaliditeit (langer dan een jaar afwezig door ziekte) als stimulansen voor werkgevers om nog meer in te zetten op re-integratie. De focus dient eerst en vooral te liggen op preventie en re-integratie, in het belang van de werknemer en de werkgever die zo extra bijdragen kan vermijden.\u201d<\/p>\n<p><strong><em>Psychische problemen in de lift<\/em><\/strong><\/p>\n<p>Tussen 2019 en 2022 steeg het percentage afwezigheidsdagen dat medische controleartsen toewijzen aan psychische problemen aanzienlijk, van 27,6% naar 32,7% (+18,5%). Dit ligt in lijn met de resultaten van een eerder onderzoek van Securex en KU Leuven, waarin een scherpe toename van het burn-outrisico werd vastgesteld. Hieruit bleek ook dat vooral jonge werknemers een hoger risico lopen, terwijl het risico op burn-out afneemt naarmate men ouder wordt. Psychische aandoeningen leiden vaak tot langere afwezigheid van het werk, zoals bij burn-out. Ook de gevolgen van long-covid in de nasleep van de coronajaren 2020 en 2021 spelen hier een rol.<\/p>\n<p>Heidi Verlinden, Research Project Manager bij Securex, zegt: <em>\u201cTijdens de coronajaren hebben veel werknemers geproefd van meer autonomie dankzij het telewerken. Wanneer ze terugkeren naar de werkvloer, kan de motivatie aanzienlijk afnemen, vooral als ze opnieuw te maken krijgen met een toxische leider of -bedrijfscultuur. En dat verhoogt dan weer het risico op burn-out. Deze toename in afwezigheden door psychische problemen belooft weinig goeds voor langdurig absente\u00efsme op de lange termijn. Werknemers met dit soort klachten zijn vaak langer thuis, wat hun re-integratie des te uitdagender maakt.\u201d<\/em><\/p>\n<p><strong><em>Risicogroepen voor absente\u00efsme<\/em><\/strong><\/p>\n<p>Het percentage werknemers die langer dan een jaar ziek zijn, neemt toe met de leeftijd. Het aandeel niet gewerkte dagen stijgt van 0,09% bij jonge twintigers tot 2,32% bij jonge veertigers en zelfs 12,63% bij jonge zestigers. Dit is voornamelijk te wijten aan een groter fysiek risico, natuurlijke slijtage van het lichaam (botten, spieren en gewrichten) en medische problemen die vaker voorkomen op oudere leeftijd (kanker, hart- en vaatziekten). Arbeiders hebben door de fysieke aard van hun werk ook een meer dan dubbel zo hoog ziektepercentage in vergelijking met bedienden (4,71% vs. 2,12%). Een hoger risico op burn-out bij arbeiders dan bij kaderleden (als deel van de groep bedienden) speelt hierbij ook een rol.<\/p>\n<p>Daarnaast betekent meer anci\u00ebnniteit een hoger risico om langer dan een jaar uit te vallen door ziekte. Langer bij dezelfde werkgever werken is zelfs bepalender voor het risico dan leeftijd. Zo werkt een grote groep van de 55-plussers maximaal 2 jaar bij zijn werkgever (28%) met een lang ziektepercentage dat nauwelijks hoger ligt dan dat van een dertiger (1,70% vs 1,64%). Een 55-plusser die al 21 jaar of langer bij dezelfde werkgever werkt, heeft een ziektepercentage van 12,64%.<\/p>\n<p><strong><em>Belang van preventie<\/em><\/strong><\/p>\n<p>De kans op langdurige afwezigheid door ziekte op het werk neemt toe bij een combinatie van risicofactoren.<\/p>\n<p>Dit onderstreept het belang van preventieve maatregelen, volgens Elisabeth Van Steendam bij Securex: <em>\u201cHet is in ieders belang om preventief te werken. Dit kan door de voornaamste oorzaken van burn-out in de eigen organisatie aan te pakken, zoals emotionele werkbelasting, rolconflicten en werkintensiteit. Gezien de invloed van anci\u00ebnniteit op absente\u00efsme is het belangrijk om jobcrafting te bevorderen voor zowel oudere als jongere werknemers, want werkbaar werk moet er zijn op elke leeftijd. Voor sommige werknemers kan veranderen van job zelfs de beste oplossing zijn om de goesting opnieuw een boost te geven!\u201d<\/em><\/p>\n<p>&nbsp;<\/p>\n<p><em>Bron: de cijfers in dit onderzoek zijn gebaseerd op gegevens geregistreerd door werkgevers. Ze gelden voor een gemiddelde werknemer in ondernemingen tot 1000 werknemers in de Belgische priv\u00e9sector. In 2022 telde de steekproef 24.801 werkgevers en 208.176 werknemers. De werknemers in de steekproef hebben een contract van minstens 30 dagen waarvan minimaal \u00e9\u00e9n dag in de bestudeerde periode.<\/em><\/p>\n<p><em>Uit de vergelijking met de RSZ-populatiegegevens blijkt dat de steekproef van Securex de Belgische arbeidsmarkt weerspiegelt voor het statuut, het geslacht, de leeftijd van werknemers en voor de omvang van ondernemingen tot 1000 werknemers. Voor de regio\u2019s is ze minder representatief. Daarom corrigeert Securex de absente\u00efsmecijfers met een wegingsfactor die specifiek is voor elke provincie.<\/em><\/p>\n","protected":false},"excerpt":{"rendered":"<p>Op de Belgische arbeidsmarkt blijft de langetermijntrend van langdurig absente\u00efsme stijgend. Hoewel er in 2022 een lichte daling was, was dagelijks 3,18% van de werknemers al langer dan een jaar ziek thuis, wat nog steeds hoger is dan de 3,01% [&hellip;]<\/p>\n","protected":false},"author":3,"featured_media":0,"comment_status":"open","ping_status":"open","sticky":false,"template":"","format":"standard","meta":[],"categories":[3,4],"tags":[786,223,2382,3571,703],"yoast_head":"<!-- This site is optimized with the Yoast SEO plugin v20.12 - https:\/\/yoast.com\/wordpress\/plugins\/seo\/ -->\n<title>Langdurig absente\u00efsme: afwezigheden door psychische problemen stegen laatste drie jaar met 18,5%. - Peoplesphere<\/title>\n<meta name=\"robots\" content=\"index, follow, max-snippet:-1, max-image-preview:large, max-video-preview:-1\" \/>\n<link rel=\"canonical\" href=\"https:\/\/peoplesphere.be\/nl\/langdurig-absenteisme-afwezigheden-psychische-problemen-stegen-laatste-drie-jaar-185\/\" \/>\n<meta property=\"og:locale\" content=\"nl_NL\" \/>\n<meta property=\"og:type\" content=\"article\" \/>\n<meta property=\"og:title\" content=\"Langdurig absente\u00efsme: afwezigheden door psychische problemen stegen laatste drie jaar met 18,5%. - Peoplesphere\" \/>\n<meta property=\"og:description\" content=\"Op de Belgische arbeidsmarkt blijft de langetermijntrend van langdurig absente\u00efsme stijgend. Hoewel er in 2022 een lichte daling was, was dagelijks 3,18% van de werknemers al langer dan een jaar ziek thuis, wat nog steeds hoger is dan de 3,01% [&hellip;]\" \/>\n<meta property=\"og:url\" content=\"https:\/\/peoplesphere.be\/nl\/langdurig-absenteisme-afwezigheden-psychische-problemen-stegen-laatste-drie-jaar-185\/\" \/>\n<meta property=\"og:site_name\" content=\"Peoplesphere\" \/>\n<meta property=\"article:publisher\" content=\"https:\/\/www.facebook.com\/peoplesphere\" \/>\n<meta property=\"article:published_time\" content=\"2023-04-30T07:47:00+00:00\" \/>\n<meta property=\"article:modified_time\" content=\"2023-05-01T07:52:39+00:00\" \/>\n<meta property=\"og:image\" content=\"http:\/\/www.peoplesphere.be\/nl\/wp-content\/uploads\/2016\/07\/facebook-default-posting-1200x628px.jpg\" \/>\n<meta name=\"author\" content=\"Jean-Paul Erhard\" \/>\n<meta name=\"twitter:card\" content=\"summary_large_image\" \/>\n<meta name=\"twitter:creator\" content=\"@PeoplesphereMag\" \/>\n<meta name=\"twitter:site\" content=\"@PeoplesphereMag\" \/>\n<meta name=\"twitter:label1\" content=\"Geschreven door\" \/>\n\t<meta name=\"twitter:data1\" content=\"Jean-Paul Erhard\" \/>\n\t<meta name=\"twitter:label2\" content=\"Geschatte leestijd\" \/>\n\t<meta name=\"twitter:data2\" content=\"4 minuten\" \/>\n<script type=\"application\/ld+json\" class=\"yoast-schema-graph\">{\"@context\":\"https:\/\/schema.org\",\"@graph\":[{\"@type\":\"WebPage\",\"@id\":\"https:\/\/peoplesphere.be\/nl\/langdurig-absenteisme-afwezigheden-psychische-problemen-stegen-laatste-drie-jaar-185\/\",\"url\":\"https:\/\/peoplesphere.be\/nl\/langdurig-absenteisme-afwezigheden-psychische-problemen-stegen-laatste-drie-jaar-185\/\",\"name\":\"Langdurig absente\u00efsme: afwezigheden door psychische problemen stegen laatste drie jaar met 18,5%. - Peoplesphere\",\"isPartOf\":{\"@id\":\"https:\/\/peoplesphere.be\/nl\/#website\"},\"datePublished\":\"2023-04-30T07:47:00+00:00\",\"dateModified\":\"2023-05-01T07:52:39+00:00\",\"author\":{\"@id\":\"https:\/\/peoplesphere.be\/nl\/#\/schema\/person\/0a1c21d8893dd9b9a2cd6e068b4e8cf5\"},\"breadcrumb\":{\"@id\":\"https:\/\/peoplesphere.be\/nl\/langdurig-absenteisme-afwezigheden-psychische-problemen-stegen-laatste-drie-jaar-185\/#breadcrumb\"},\"inLanguage\":\"nl-NL\",\"potentialAction\":[{\"@type\":\"ReadAction\",\"target\":[\"https:\/\/peoplesphere.be\/nl\/langdurig-absenteisme-afwezigheden-psychische-problemen-stegen-laatste-drie-jaar-185\/\"]}]},{\"@type\":\"BreadcrumbList\",\"@id\":\"https:\/\/peoplesphere.be\/nl\/langdurig-absenteisme-afwezigheden-psychische-problemen-stegen-laatste-drie-jaar-185\/#breadcrumb\",\"itemListElement\":[{\"@type\":\"ListItem\",\"position\":1,\"name\":\"Accueil\",\"item\":\"https:\/\/peoplesphere.be\/nl\/\"},{\"@type\":\"ListItem\",\"position\":2,\"name\":\"Langdurig absente\u00efsme: afwezigheden door psychische problemen stegen laatste drie jaar met 18,5%.\"}]},{\"@type\":\"WebSite\",\"@id\":\"https:\/\/peoplesphere.be\/nl\/#website\",\"url\":\"https:\/\/peoplesphere.be\/nl\/\",\"name\":\"Peoplesphere\",\"description\":\"The People Managers Magazine\",\"potentialAction\":[{\"@type\":\"SearchAction\",\"target\":{\"@type\":\"EntryPoint\",\"urlTemplate\":\"https:\/\/peoplesphere.be\/nl\/?s={search_term_string}\"},\"query-input\":\"required name=search_term_string\"}],\"inLanguage\":\"nl-NL\"},{\"@type\":\"Person\",\"@id\":\"https:\/\/peoplesphere.be\/nl\/#\/schema\/person\/0a1c21d8893dd9b9a2cd6e068b4e8cf5\",\"name\":\"Jean-Paul Erhard\",\"image\":{\"@type\":\"ImageObject\",\"inLanguage\":\"nl-NL\",\"@id\":\"https:\/\/peoplesphere.be\/nl\/#\/schema\/person\/image\/\",\"url\":\"https:\/\/secure.gravatar.com\/avatar\/f941e681460179738071629a51574930?s=96&d=mm&r=g\",\"contentUrl\":\"https:\/\/secure.gravatar.com\/avatar\/f941e681460179738071629a51574930?s=96&d=mm&r=g\",\"caption\":\"Jean-Paul Erhard\"},\"url\":\"https:\/\/peoplesphere.be\/nl\/author\/jpe\/\"}]}<\/script>\n<!-- \/ Yoast SEO plugin. -->","yoast_head_json":{"title":"Langdurig absente\u00efsme: afwezigheden door psychische problemen stegen laatste drie jaar met 18,5%. - Peoplesphere","robots":{"index":"index","follow":"follow","max-snippet":"max-snippet:-1","max-image-preview":"max-image-preview:large","max-video-preview":"max-video-preview:-1"},"canonical":"https:\/\/peoplesphere.be\/nl\/langdurig-absenteisme-afwezigheden-psychische-problemen-stegen-laatste-drie-jaar-185\/","og_locale":"nl_NL","og_type":"article","og_title":"Langdurig absente\u00efsme: afwezigheden door psychische problemen stegen laatste drie jaar met 18,5%. - Peoplesphere","og_description":"Op de Belgische arbeidsmarkt blijft de langetermijntrend van langdurig absente\u00efsme stijgend. Hoewel er in 2022 een lichte daling was, was dagelijks 3,18% van de werknemers al langer dan een jaar ziek thuis, wat nog steeds hoger is dan de 3,01% [&hellip;]","og_url":"https:\/\/peoplesphere.be\/nl\/langdurig-absenteisme-afwezigheden-psychische-problemen-stegen-laatste-drie-jaar-185\/","og_site_name":"Peoplesphere","article_publisher":"https:\/\/www.facebook.com\/peoplesphere","article_published_time":"2023-04-30T07:47:00+00:00","article_modified_time":"2023-05-01T07:52:39+00:00","og_image":[{"url":"http:\/\/www.peoplesphere.be\/nl\/wp-content\/uploads\/2016\/07\/facebook-default-posting-1200x628px.jpg"}],"author":"Jean-Paul Erhard","twitter_card":"summary_large_image","twitter_creator":"@PeoplesphereMag","twitter_site":"@PeoplesphereMag","twitter_misc":{"Geschreven door":"Jean-Paul Erhard","Geschatte leestijd":"4 minuten"},"schema":{"@context":"https:\/\/schema.org","@graph":[{"@type":"WebPage","@id":"https:\/\/peoplesphere.be\/nl\/langdurig-absenteisme-afwezigheden-psychische-problemen-stegen-laatste-drie-jaar-185\/","url":"https:\/\/peoplesphere.be\/nl\/langdurig-absenteisme-afwezigheden-psychische-problemen-stegen-laatste-drie-jaar-185\/","name":"Langdurig absente\u00efsme: afwezigheden door psychische problemen stegen laatste drie jaar met 18,5%. - Peoplesphere","isPartOf":{"@id":"https:\/\/peoplesphere.be\/nl\/#website"},"datePublished":"2023-04-30T07:47:00+00:00","dateModified":"2023-05-01T07:52:39+00:00","author":{"@id":"https:\/\/peoplesphere.be\/nl\/#\/schema\/person\/0a1c21d8893dd9b9a2cd6e068b4e8cf5"},"breadcrumb":{"@id":"https:\/\/peoplesphere.be\/nl\/langdurig-absenteisme-afwezigheden-psychische-problemen-stegen-laatste-drie-jaar-185\/#breadcrumb"},"inLanguage":"nl-NL","potentialAction":[{"@type":"ReadAction","target":["https:\/\/peoplesphere.be\/nl\/langdurig-absenteisme-afwezigheden-psychische-problemen-stegen-laatste-drie-jaar-185\/"]}]},{"@type":"BreadcrumbList","@id":"https:\/\/peoplesphere.be\/nl\/langdurig-absenteisme-afwezigheden-psychische-problemen-stegen-laatste-drie-jaar-185\/#breadcrumb","itemListElement":[{"@type":"ListItem","position":1,"name":"Accueil","item":"https:\/\/peoplesphere.be\/nl\/"},{"@type":"ListItem","position":2,"name":"Langdurig absente\u00efsme: afwezigheden door psychische problemen stegen laatste drie jaar met 18,5%."}]},{"@type":"WebSite","@id":"https:\/\/peoplesphere.be\/nl\/#website","url":"https:\/\/peoplesphere.be\/nl\/","name":"Peoplesphere","description":"The People Managers Magazine","potentialAction":[{"@type":"SearchAction","target":{"@type":"EntryPoint","urlTemplate":"https:\/\/peoplesphere.be\/nl\/?s={search_term_string}"},"query-input":"required name=search_term_string"}],"inLanguage":"nl-NL"},{"@type":"Person","@id":"https:\/\/peoplesphere.be\/nl\/#\/schema\/person\/0a1c21d8893dd9b9a2cd6e068b4e8cf5","name":"Jean-Paul Erhard","image":{"@type":"ImageObject","inLanguage":"nl-NL","@id":"https:\/\/peoplesphere.be\/nl\/#\/schema\/person\/image\/","url":"https:\/\/secure.gravatar.com\/avatar\/f941e681460179738071629a51574930?s=96&d=mm&r=g","contentUrl":"https:\/\/secure.gravatar.com\/avatar\/f941e681460179738071629a51574930?s=96&d=mm&r=g","caption":"Jean-Paul Erhard"},"url":"https:\/\/peoplesphere.be\/nl\/author\/jpe\/"}]}},"_links":{"self":[{"href":"https:\/\/peoplesphere.be\/nl\/wp-json\/wp\/v2\/posts\/10184"}],"collection":[{"href":"https:\/\/peoplesphere.be\/nl\/wp-json\/wp\/v2\/posts"}],"about":[{"href":"https:\/\/peoplesphere.be\/nl\/wp-json\/wp\/v2\/types\/post"}],"author":[{"embeddable":true,"href":"https:\/\/peoplesphere.be\/nl\/wp-json\/wp\/v2\/users\/3"}],"replies":[{"embeddable":true,"href":"https:\/\/peoplesphere.be\/nl\/wp-json\/wp\/v2\/comments?post=10184"}],"version-history":[{"count":1,"href":"https:\/\/peoplesphere.be\/nl\/wp-json\/wp\/v2\/posts\/10184\/revisions"}],"predecessor-version":[{"id":10185,"href":"https:\/\/peoplesphere.be\/nl\/wp-json\/wp\/v2\/posts\/10184\/revisions\/10185"}],"wp:attachment":[{"href":"https:\/\/peoplesphere.be\/nl\/wp-json\/wp\/v2\/media?parent=10184"}],"wp:term":[{"taxonomy":"category","embeddable":true,"href":"https:\/\/peoplesphere.be\/nl\/wp-json\/wp\/v2\/categories?post=10184"},{"taxonomy":"post_tag","embeddable":true,"href":"https:\/\/peoplesphere.be\/nl\/wp-json\/wp\/v2\/tags?post=10184"}],"curies":[{"name":"wp","href":"https:\/\/api.w.org\/{rel}","templated":true}]}}