











{"id":10316,"date":"2023-06-14T12:29:50","date_gmt":"2023-06-14T11:29:50","guid":{"rendered":"https:\/\/peoplesphere.be\/nl\/?p=10316"},"modified":"2023-06-15T02:30:12","modified_gmt":"2023-06-15T01:30:12","slug":"onbeperkt-verlof-bijna-helft-belgische-werknemers-staat-positief-concept-realisme-overheerst","status":"publish","type":"post","link":"https:\/\/peoplesphere.be\/nl\/onbeperkt-verlof-bijna-helft-belgische-werknemers-staat-positief-concept-realisme-overheerst\/","title":{"rendered":"\u2018Onbeperkt verlof\u2019: bijna de helft van de Belgische werknemers staat positief over concept maar realisme overheerst."},"content":{"rendered":"<p>Niet iedereen is overtuigd van het concept van onbeperkte vakantie. Meer zelfs: de meeste tegenstand zien we in Belgi\u00eb en Ierland. Bijna de helft van de Belgen lijkt het idee van onbeperkte vakantie wel genegen, maar meer dan zeven op de tien werknemers zou gewoon bij hetzelfde aantal dagen blijven of slechts een beetje meer vakantie opnemen. Zowel werknemers als werkgevers kijken realistisch naar de mogelijkheid om ongelimiteerd vakantiedagen op te nemen. <!--more--><\/p>\n<p>Gemiddeld hebben we 14 aansluitende dagen vakantie nodig om de batterijen op te laden. Onverwacht mooi weer of een feestje? Ook de dag zelf een dagje vakantie vragen lukt bij \u00e9\u00e9n op drie Belgen.<\/p>\n<p><strong><em>Meeste tegenstanders in Belgi\u00eb en Ierland: ongeveer \u00e9\u00e9n op zes is geen fan<\/em><\/strong><\/p>\n<p>Niet iedereen is overtuigd van het concept van onbeperkte vakantie. Iets minder dan de helft van de Europese werknemers (48%) toont hiervoor interesse, terwijl een opvallende 40% eerder neutraal staat tegenover het aanbod. Twaalf procent is helemaal niet ge\u00efnteresseerd in zo\u2019n systeem. In Belgi\u00eb gaat het zelfs om 16% of \u00e9\u00e9n op zes Belgen, samen met Ierland (18%) de grootste tegenstand. Vooral Kroatische (66%), Poolse (60%) en Spaanse (56%) werknemers staan hier wel positief tegenover. Engelse (51%), Deense (49%) en Zweedse (46%) werknemers staan er eerder neutraal of onverschillig tegenover.<\/p>\n<p><strong><em>Helft zou wel meer vakantiedagen nemen<\/em><\/strong><\/p>\n<p>Bijna de helft van de werknemers, ook in Belgi\u00eb, staat positief over concept van ongelimiteerde vakantiedagen. Maar als medewerkers een ongelimiteerd aantal vakantiedagen zouden krijgen, zouden de meesten eerder gaan voor iets meer vakantiedagen (36%) of zouden ze gewoon evenveel vakantie nemen (36%). Dit betekent dus dat 72% gewoon bij hetzelfde aantal dagen blijven of slechts een beetje meer vakantie opnemen. In Belgi\u00eb zou een vijfde (21%) veel meer vakantie opnemen dan nu.<\/p>\n<p><strong><em>Geen zaligmakende oplossing, ook niet voor werkgevers<\/em><\/strong><\/p>\n<p>Het valt op dat de meerderheid van Belgische werkgevers ook niet staat te springen voor een onbeperkt aantal (betaalde) vakantiedagen. Het grootste deel (37%) is tegen; een op drie (33%) is neutraal en 30% vindt het een goed idee. Ook al zijn werknemers wat meer positief dan werkgevers, toch tonen de cijfers hoe beide kanten vrij gematigd staan tegenover het concept.<br \/>\n<em>\u201cHet is niet dat iedereen eindeloos vakantie wil. De meeste werknemers zijn hier zeer realistisch in\u201d<\/em>, stelt Bruce Fecheyr-Lippens Chief People Officer bij SD Worx. <em>\u201cZowel werknemers als werkgevers hebben eerder een gematigde kijk op onbeperkte vakantietijd. Juridisch zijn er zeker beperkingen omwille van wetgeving over bv. feestdagen, nachtarbeid en maximale arbeidsduur: je kan al het werk niet plots presteren op zes maanden of om het even wanneer. Mogelijk speelt ook een psychologisch effect mee: werken geeft mensen een zinvolle invulling, kansen om zich te ontwikkelen en bij te leren en het brengt mensen samen. Vakantie zorgt ervoor dat de batterijen terug zijn opgeladen.\u201d De verantwoordelijke vervolgt: \u201cHet varieert van persoon tot persoon, maar gemiddeld geven Belgen aan dat ze minimaal 14 aansluitende dagen vakantie nodig hebben om hun batterijen op te laden. Maar ook een snipperdag kan helpen voor een goed evenwicht.\u201d<\/em><\/p>\n<p><strong><em>Een op de drie kan nog de dag zelf vakantie aanvragen<\/em><\/strong><\/p>\n<p>In Belgische bedrijven kan \u00e9en op drie werknemers (34%) hun vakantie aanvragen op de dag zelf. Twee derde (67%) van de Belgische bevraagden kan binnen een week of minder vakantie aanvragen: dat is beter dan gemiddeld in Europa (55%). Voor 5% van de Belgische werknemers geldt dat ze vakantie 1 tot 2 weken op voorhand aanvragen. Iets meer dan een kwart (28%) moet het dan weer 2 weken tot een maand op voorhand aanvragen.<br \/>\n<em>\u201cEen goed zicht op de planning is een vereiste om een flexibele vakantieregeling te garanderen. Digitalisering helpt om snel en flexibel vakantiedagen toe te staan en de werkplanning en loonadministratie onder controle te houden\u201d,<\/em> besluit Bruce Fecheyr-Lippens, Chief People Officer bij SD Worx.<\/p>\n<p>&nbsp;<\/p>\n<p><em>Bron : In februari 2023 heeft SD Worx gegeven s verzameld uit 16 Europese landen, waaronder Oostenrijk, Belgi\u00eb, Kroati\u00eb, Denemarken, Finland, Frankrijk, Duitsland, Ierland, Itali\u00eb, Noorwegen, Polen, Spanje, Zweden, Zwitserland, Nederland en het Verenigd Koninkrijk. In totaal werden 16.011 werknemers en 4.833 werkgevers ondervraagd en werden de resultaten gewogen om een betrouwbare representatie van de arbeidsmarkt van elk land te garanderen.<\/em><\/p>\n","protected":false},"excerpt":{"rendered":"<p>Niet iedereen is overtuigd van het concept van onbeperkte vakantie. Meer zelfs: de meeste tegenstand zien we in Belgi\u00eb en Ierland. Bijna de helft van de Belgen lijkt het idee van onbeperkte vakantie wel genegen, maar meer dan zeven op [&hellip;]<\/p>\n","protected":false},"author":3,"featured_media":0,"comment_status":"open","ping_status":"open","sticky":false,"template":"","format":"standard","meta":[],"categories":[3,4],"tags":[14,3618,62,139],"yoast_head":"<!-- This site is optimized with the Yoast SEO plugin v20.12 - https:\/\/yoast.com\/wordpress\/plugins\/seo\/ -->\n<title>\u2018Onbeperkt verlof\u2019: bijna de helft van de Belgische werknemers staat positief over concept maar realisme overheerst. - Peoplesphere<\/title>\n<meta name=\"robots\" content=\"index, follow, max-snippet:-1, max-image-preview:large, max-video-preview:-1\" \/>\n<link rel=\"canonical\" href=\"https:\/\/peoplesphere.be\/nl\/onbeperkt-verlof-bijna-helft-belgische-werknemers-staat-positief-concept-realisme-overheerst\/\" \/>\n<meta property=\"og:locale\" content=\"nl_NL\" \/>\n<meta property=\"og:type\" content=\"article\" \/>\n<meta property=\"og:title\" content=\"\u2018Onbeperkt verlof\u2019: bijna de helft van de Belgische werknemers staat positief over concept maar realisme overheerst. - Peoplesphere\" \/>\n<meta property=\"og:description\" content=\"Niet iedereen is overtuigd van het concept van onbeperkte vakantie. Meer zelfs: de meeste tegenstand zien we in Belgi\u00eb en Ierland. Bijna de helft van de Belgen lijkt het idee van onbeperkte vakantie wel genegen, maar meer dan zeven op [&hellip;]\" \/>\n<meta property=\"og:url\" content=\"https:\/\/peoplesphere.be\/nl\/onbeperkt-verlof-bijna-helft-belgische-werknemers-staat-positief-concept-realisme-overheerst\/\" \/>\n<meta property=\"og:site_name\" content=\"Peoplesphere\" \/>\n<meta property=\"article:publisher\" content=\"https:\/\/www.facebook.com\/peoplesphere\" \/>\n<meta property=\"article:published_time\" content=\"2023-06-14T11:29:50+00:00\" \/>\n<meta property=\"article:modified_time\" content=\"2023-06-15T01:30:12+00:00\" \/>\n<meta property=\"og:image\" content=\"http:\/\/www.peoplesphere.be\/nl\/wp-content\/uploads\/2016\/07\/facebook-default-posting-1200x628px.jpg\" \/>\n<meta name=\"author\" content=\"Jean-Paul Erhard\" \/>\n<meta name=\"twitter:card\" content=\"summary_large_image\" \/>\n<meta name=\"twitter:creator\" content=\"@PeoplesphereMag\" \/>\n<meta name=\"twitter:site\" content=\"@PeoplesphereMag\" \/>\n<meta name=\"twitter:label1\" content=\"Geschreven door\" \/>\n\t<meta name=\"twitter:data1\" content=\"Jean-Paul Erhard\" \/>\n\t<meta name=\"twitter:label2\" content=\"Geschatte leestijd\" \/>\n\t<meta name=\"twitter:data2\" content=\"3 minuten\" \/>\n<script type=\"application\/ld+json\" class=\"yoast-schema-graph\">{\"@context\":\"https:\/\/schema.org\",\"@graph\":[{\"@type\":\"WebPage\",\"@id\":\"https:\/\/peoplesphere.be\/nl\/onbeperkt-verlof-bijna-helft-belgische-werknemers-staat-positief-concept-realisme-overheerst\/\",\"url\":\"https:\/\/peoplesphere.be\/nl\/onbeperkt-verlof-bijna-helft-belgische-werknemers-staat-positief-concept-realisme-overheerst\/\",\"name\":\"\u2018Onbeperkt verlof\u2019: bijna de helft van de Belgische werknemers staat positief over concept maar realisme overheerst. - Peoplesphere\",\"isPartOf\":{\"@id\":\"https:\/\/peoplesphere.be\/nl\/#website\"},\"datePublished\":\"2023-06-14T11:29:50+00:00\",\"dateModified\":\"2023-06-15T01:30:12+00:00\",\"author\":{\"@id\":\"https:\/\/peoplesphere.be\/nl\/#\/schema\/person\/0a1c21d8893dd9b9a2cd6e068b4e8cf5\"},\"breadcrumb\":{\"@id\":\"https:\/\/peoplesphere.be\/nl\/onbeperkt-verlof-bijna-helft-belgische-werknemers-staat-positief-concept-realisme-overheerst\/#breadcrumb\"},\"inLanguage\":\"nl-NL\",\"potentialAction\":[{\"@type\":\"ReadAction\",\"target\":[\"https:\/\/peoplesphere.be\/nl\/onbeperkt-verlof-bijna-helft-belgische-werknemers-staat-positief-concept-realisme-overheerst\/\"]}]},{\"@type\":\"BreadcrumbList\",\"@id\":\"https:\/\/peoplesphere.be\/nl\/onbeperkt-verlof-bijna-helft-belgische-werknemers-staat-positief-concept-realisme-overheerst\/#breadcrumb\",\"itemListElement\":[{\"@type\":\"ListItem\",\"position\":1,\"name\":\"Accueil\",\"item\":\"https:\/\/peoplesphere.be\/nl\/\"},{\"@type\":\"ListItem\",\"position\":2,\"name\":\"\u2018Onbeperkt verlof\u2019: bijna de helft van de Belgische werknemers staat positief over concept maar realisme overheerst.\"}]},{\"@type\":\"WebSite\",\"@id\":\"https:\/\/peoplesphere.be\/nl\/#website\",\"url\":\"https:\/\/peoplesphere.be\/nl\/\",\"name\":\"Peoplesphere\",\"description\":\"The People Managers Magazine\",\"potentialAction\":[{\"@type\":\"SearchAction\",\"target\":{\"@type\":\"EntryPoint\",\"urlTemplate\":\"https:\/\/peoplesphere.be\/nl\/?s={search_term_string}\"},\"query-input\":\"required name=search_term_string\"}],\"inLanguage\":\"nl-NL\"},{\"@type\":\"Person\",\"@id\":\"https:\/\/peoplesphere.be\/nl\/#\/schema\/person\/0a1c21d8893dd9b9a2cd6e068b4e8cf5\",\"name\":\"Jean-Paul Erhard\",\"image\":{\"@type\":\"ImageObject\",\"inLanguage\":\"nl-NL\",\"@id\":\"https:\/\/peoplesphere.be\/nl\/#\/schema\/person\/image\/\",\"url\":\"https:\/\/secure.gravatar.com\/avatar\/f941e681460179738071629a51574930?s=96&d=mm&r=g\",\"contentUrl\":\"https:\/\/secure.gravatar.com\/avatar\/f941e681460179738071629a51574930?s=96&d=mm&r=g\",\"caption\":\"Jean-Paul Erhard\"},\"url\":\"https:\/\/peoplesphere.be\/nl\/author\/jpe\/\"}]}<\/script>\n<!-- \/ Yoast SEO plugin. -->","yoast_head_json":{"title":"\u2018Onbeperkt verlof\u2019: bijna de helft van de Belgische werknemers staat positief over concept maar realisme overheerst. - Peoplesphere","robots":{"index":"index","follow":"follow","max-snippet":"max-snippet:-1","max-image-preview":"max-image-preview:large","max-video-preview":"max-video-preview:-1"},"canonical":"https:\/\/peoplesphere.be\/nl\/onbeperkt-verlof-bijna-helft-belgische-werknemers-staat-positief-concept-realisme-overheerst\/","og_locale":"nl_NL","og_type":"article","og_title":"\u2018Onbeperkt verlof\u2019: bijna de helft van de Belgische werknemers staat positief over concept maar realisme overheerst. - Peoplesphere","og_description":"Niet iedereen is overtuigd van het concept van onbeperkte vakantie. Meer zelfs: de meeste tegenstand zien we in Belgi\u00eb en Ierland. Bijna de helft van de Belgen lijkt het idee van onbeperkte vakantie wel genegen, maar meer dan zeven op [&hellip;]","og_url":"https:\/\/peoplesphere.be\/nl\/onbeperkt-verlof-bijna-helft-belgische-werknemers-staat-positief-concept-realisme-overheerst\/","og_site_name":"Peoplesphere","article_publisher":"https:\/\/www.facebook.com\/peoplesphere","article_published_time":"2023-06-14T11:29:50+00:00","article_modified_time":"2023-06-15T01:30:12+00:00","og_image":[{"url":"http:\/\/www.peoplesphere.be\/nl\/wp-content\/uploads\/2016\/07\/facebook-default-posting-1200x628px.jpg"}],"author":"Jean-Paul Erhard","twitter_card":"summary_large_image","twitter_creator":"@PeoplesphereMag","twitter_site":"@PeoplesphereMag","twitter_misc":{"Geschreven door":"Jean-Paul Erhard","Geschatte leestijd":"3 minuten"},"schema":{"@context":"https:\/\/schema.org","@graph":[{"@type":"WebPage","@id":"https:\/\/peoplesphere.be\/nl\/onbeperkt-verlof-bijna-helft-belgische-werknemers-staat-positief-concept-realisme-overheerst\/","url":"https:\/\/peoplesphere.be\/nl\/onbeperkt-verlof-bijna-helft-belgische-werknemers-staat-positief-concept-realisme-overheerst\/","name":"\u2018Onbeperkt verlof\u2019: bijna de helft van de Belgische werknemers staat positief over concept maar realisme overheerst. - Peoplesphere","isPartOf":{"@id":"https:\/\/peoplesphere.be\/nl\/#website"},"datePublished":"2023-06-14T11:29:50+00:00","dateModified":"2023-06-15T01:30:12+00:00","author":{"@id":"https:\/\/peoplesphere.be\/nl\/#\/schema\/person\/0a1c21d8893dd9b9a2cd6e068b4e8cf5"},"breadcrumb":{"@id":"https:\/\/peoplesphere.be\/nl\/onbeperkt-verlof-bijna-helft-belgische-werknemers-staat-positief-concept-realisme-overheerst\/#breadcrumb"},"inLanguage":"nl-NL","potentialAction":[{"@type":"ReadAction","target":["https:\/\/peoplesphere.be\/nl\/onbeperkt-verlof-bijna-helft-belgische-werknemers-staat-positief-concept-realisme-overheerst\/"]}]},{"@type":"BreadcrumbList","@id":"https:\/\/peoplesphere.be\/nl\/onbeperkt-verlof-bijna-helft-belgische-werknemers-staat-positief-concept-realisme-overheerst\/#breadcrumb","itemListElement":[{"@type":"ListItem","position":1,"name":"Accueil","item":"https:\/\/peoplesphere.be\/nl\/"},{"@type":"ListItem","position":2,"name":"\u2018Onbeperkt verlof\u2019: bijna de helft van de Belgische werknemers staat positief over concept maar realisme overheerst."}]},{"@type":"WebSite","@id":"https:\/\/peoplesphere.be\/nl\/#website","url":"https:\/\/peoplesphere.be\/nl\/","name":"Peoplesphere","description":"The People Managers Magazine","potentialAction":[{"@type":"SearchAction","target":{"@type":"EntryPoint","urlTemplate":"https:\/\/peoplesphere.be\/nl\/?s={search_term_string}"},"query-input":"required name=search_term_string"}],"inLanguage":"nl-NL"},{"@type":"Person","@id":"https:\/\/peoplesphere.be\/nl\/#\/schema\/person\/0a1c21d8893dd9b9a2cd6e068b4e8cf5","name":"Jean-Paul Erhard","image":{"@type":"ImageObject","inLanguage":"nl-NL","@id":"https:\/\/peoplesphere.be\/nl\/#\/schema\/person\/image\/","url":"https:\/\/secure.gravatar.com\/avatar\/f941e681460179738071629a51574930?s=96&d=mm&r=g","contentUrl":"https:\/\/secure.gravatar.com\/avatar\/f941e681460179738071629a51574930?s=96&d=mm&r=g","caption":"Jean-Paul Erhard"},"url":"https:\/\/peoplesphere.be\/nl\/author\/jpe\/"}]}},"_links":{"self":[{"href":"https:\/\/peoplesphere.be\/nl\/wp-json\/wp\/v2\/posts\/10316"}],"collection":[{"href":"https:\/\/peoplesphere.be\/nl\/wp-json\/wp\/v2\/posts"}],"about":[{"href":"https:\/\/peoplesphere.be\/nl\/wp-json\/wp\/v2\/types\/post"}],"author":[{"embeddable":true,"href":"https:\/\/peoplesphere.be\/nl\/wp-json\/wp\/v2\/users\/3"}],"replies":[{"embeddable":true,"href":"https:\/\/peoplesphere.be\/nl\/wp-json\/wp\/v2\/comments?post=10316"}],"version-history":[{"count":1,"href":"https:\/\/peoplesphere.be\/nl\/wp-json\/wp\/v2\/posts\/10316\/revisions"}],"predecessor-version":[{"id":10317,"href":"https:\/\/peoplesphere.be\/nl\/wp-json\/wp\/v2\/posts\/10316\/revisions\/10317"}],"wp:attachment":[{"href":"https:\/\/peoplesphere.be\/nl\/wp-json\/wp\/v2\/media?parent=10316"}],"wp:term":[{"taxonomy":"category","embeddable":true,"href":"https:\/\/peoplesphere.be\/nl\/wp-json\/wp\/v2\/categories?post=10316"},{"taxonomy":"post_tag","embeddable":true,"href":"https:\/\/peoplesphere.be\/nl\/wp-json\/wp\/v2\/tags?post=10316"}],"curies":[{"name":"wp","href":"https:\/\/api.w.org\/{rel}","templated":true}]}}