











{"id":10432,"date":"2023-07-14T10:25:26","date_gmt":"2023-07-14T09:25:26","guid":{"rendered":"https:\/\/peoplesphere.be\/nl\/?p=10432"},"modified":"2023-07-14T10:25:26","modified_gmt":"2023-07-14T09:25:26","slug":"38-meer-werknemers-aan-slag-belgische-bedrijven-dan-corona","status":"publish","type":"post","link":"https:\/\/peoplesphere.be\/nl\/38-meer-werknemers-aan-slag-belgische-bedrijven-dan-corona\/","title":{"rendered":"3,8% meer werknemers aan de slag in Belgische bedrijven dan v\u00f3\u00f3r corona."},"content":{"rendered":"<p>De algemene tewerkstelling in Belgi\u00eb blijkt eind juni 2023 3,8% hoger te liggen dan eind juni 2019, precorona. Door werkgevers meerdere jaren te volgen, kan hr-dienstenbedrijf Acerta een gestage groei vaststellen, die anno 2023 stabiliseert. Bijna alle sectoren maken dezelfde evolutie door, alleen de metaal- en maakindustrie hebben de opeenvolgende uitdagingen van de verschillende crisissen nog niet van zich kunnen afschudden.<!--more--><\/p>\n<p>Al snel na de coronacrisis van 2020 begon de algemene tewerkstelling zich in 2021 te herpakken. Die positieve groei is zich blijven doorzetten waardoor we nu (30 juni 2023) een tewerkstellingsgroei vaststellen van 3,8% tegenover 2019, toen er van corona nog geen sprake was. De afgelopen twaalf maanden, van juni 2022 naar juni 2023, bleef de algemene tewerkstelling &#8211; arbeidsplaatsen met een contract van bepaalde of onbepaalde duur &#8211; nagenoeg status quo (-0,6%).<\/p>\n<p>Annelies Baelus, director bij Acerta Consult: <em>\u201cWaarschijnlijk is het de combinatie van de Arbeidsdeal, initiatieven rond re-integratie van (langdurig) zieken, de opvolging van inactieven door de VDAB, aandacht voor welzijn op het werk en de initiatieven die het haalbaar moeten maken voor mensen om langer aan het werk te blijven &#8230; die hun vruchten beginnen af te werpen.\u201d<\/em><\/p>\n<p><strong><em>Laatste jaar toont vooral stabiliteit in de sectoren<\/em><\/strong><\/p>\n<p>Vergelijken we voor de verschillende sectoren de tewerkstelling nu versus pre-corona, dan zien we dat de groot- en kleinhandel (+12,6%), logistiek &amp; transport (+11,8%) en de horeca (+11,1%) de laatste vier jaar de grootste tewerkstellingsgroei mogen noteren. In de horeca was dat weliswaar nadat die sector het zwaarst onder de pandemie te lijden had gehad. Voor 2023 versus 2022 zien we vooral stabiliteit. Achterblijver is voorlopig de metaal- en maakindustrie, die blijft hangen op -26,8% van de tewerkstelling in 2019.<\/p>\n<p>Annelies Baelus: <em>\u201cDe metaalsector verwerkt de inslagen van meer dan \u00e9\u00e9n crisis nog: corona, de energiecrisis, de oorlog in Oekra\u00efne, de prijsstijgingen en toeleveringsproblemen van grondstoffen, &#8230; Telkens opnieuw werd de metaal- en maakindustrie geraakt. Het is niet onlogisch dat die tegenslagen zichtbaar zijn in het tewerkstellingspercentage in die sector.\u201d<\/em><\/p>\n<p>&nbsp;<\/p>\n<p><em>Bron: deze analyse is gebaseerd op de effectieve gegevens van een vaste dataset van meer dan 25.000 werkgevers uit de private sector, waartoe zowel kmo\u2019s als grote ondernemingen behoren. De analyse brengt de (evolutie van de) tewerkstelling in kaart op basis van metingen op 30 juni en heeft betrekking op contracten van bepaalde en onbepaalde duur.<\/em><\/p>\n","protected":false},"excerpt":{"rendered":"<p>De algemene tewerkstelling in Belgi\u00eb blijkt eind juni 2023 3,8% hoger te liggen dan eind juni 2019, precorona. Door werkgevers meerdere jaren te volgen, kan hr-dienstenbedrijf Acerta een gestage groei vaststellen, die anno 2023 stabiliseert. Bijna alle sectoren maken dezelfde [&hellip;]<\/p>\n","protected":false},"author":3,"featured_media":0,"comment_status":"open","ping_status":"open","sticky":false,"template":"","format":"standard","meta":[],"categories":[3,4],"tags":[1262,2988,664,20],"yoast_head":"<!-- This site is optimized with the Yoast SEO plugin v20.12 - https:\/\/yoast.com\/wordpress\/plugins\/seo\/ -->\n<title>3,8% meer werknemers aan de slag in Belgische bedrijven dan v\u00f3\u00f3r corona. - Peoplesphere<\/title>\n<meta name=\"robots\" content=\"index, follow, max-snippet:-1, max-image-preview:large, max-video-preview:-1\" \/>\n<link rel=\"canonical\" href=\"https:\/\/peoplesphere.be\/nl\/38-meer-werknemers-aan-slag-belgische-bedrijven-dan-corona\/\" \/>\n<meta property=\"og:locale\" content=\"nl_NL\" \/>\n<meta property=\"og:type\" content=\"article\" \/>\n<meta property=\"og:title\" content=\"3,8% meer werknemers aan de slag in Belgische bedrijven dan v\u00f3\u00f3r corona. - Peoplesphere\" \/>\n<meta property=\"og:description\" content=\"De algemene tewerkstelling in Belgi\u00eb blijkt eind juni 2023 3,8% hoger te liggen dan eind juni 2019, precorona. Door werkgevers meerdere jaren te volgen, kan hr-dienstenbedrijf Acerta een gestage groei vaststellen, die anno 2023 stabiliseert. Bijna alle sectoren maken dezelfde [&hellip;]\" \/>\n<meta property=\"og:url\" content=\"https:\/\/peoplesphere.be\/nl\/38-meer-werknemers-aan-slag-belgische-bedrijven-dan-corona\/\" \/>\n<meta property=\"og:site_name\" content=\"Peoplesphere\" \/>\n<meta property=\"article:publisher\" content=\"https:\/\/www.facebook.com\/peoplesphere\" \/>\n<meta property=\"article:published_time\" content=\"2023-07-14T09:25:26+00:00\" \/>\n<meta property=\"og:image\" content=\"http:\/\/www.peoplesphere.be\/nl\/wp-content\/uploads\/2016\/07\/facebook-default-posting-1200x628px.jpg\" \/>\n<meta name=\"author\" content=\"Jean-Paul Erhard\" \/>\n<meta name=\"twitter:card\" content=\"summary_large_image\" \/>\n<meta name=\"twitter:creator\" content=\"@PeoplesphereMag\" \/>\n<meta name=\"twitter:site\" content=\"@PeoplesphereMag\" \/>\n<meta name=\"twitter:label1\" content=\"Geschreven door\" \/>\n\t<meta name=\"twitter:data1\" content=\"Jean-Paul Erhard\" \/>\n\t<meta name=\"twitter:label2\" content=\"Geschatte leestijd\" \/>\n\t<meta name=\"twitter:data2\" content=\"2 minuten\" \/>\n<script type=\"application\/ld+json\" class=\"yoast-schema-graph\">{\"@context\":\"https:\/\/schema.org\",\"@graph\":[{\"@type\":\"WebPage\",\"@id\":\"https:\/\/peoplesphere.be\/nl\/38-meer-werknemers-aan-slag-belgische-bedrijven-dan-corona\/\",\"url\":\"https:\/\/peoplesphere.be\/nl\/38-meer-werknemers-aan-slag-belgische-bedrijven-dan-corona\/\",\"name\":\"3,8% meer werknemers aan de slag in Belgische bedrijven dan v\u00f3\u00f3r corona. - Peoplesphere\",\"isPartOf\":{\"@id\":\"https:\/\/peoplesphere.be\/nl\/#website\"},\"datePublished\":\"2023-07-14T09:25:26+00:00\",\"dateModified\":\"2023-07-14T09:25:26+00:00\",\"author\":{\"@id\":\"https:\/\/peoplesphere.be\/nl\/#\/schema\/person\/0a1c21d8893dd9b9a2cd6e068b4e8cf5\"},\"breadcrumb\":{\"@id\":\"https:\/\/peoplesphere.be\/nl\/38-meer-werknemers-aan-slag-belgische-bedrijven-dan-corona\/#breadcrumb\"},\"inLanguage\":\"nl-NL\",\"potentialAction\":[{\"@type\":\"ReadAction\",\"target\":[\"https:\/\/peoplesphere.be\/nl\/38-meer-werknemers-aan-slag-belgische-bedrijven-dan-corona\/\"]}]},{\"@type\":\"BreadcrumbList\",\"@id\":\"https:\/\/peoplesphere.be\/nl\/38-meer-werknemers-aan-slag-belgische-bedrijven-dan-corona\/#breadcrumb\",\"itemListElement\":[{\"@type\":\"ListItem\",\"position\":1,\"name\":\"Accueil\",\"item\":\"https:\/\/peoplesphere.be\/nl\/\"},{\"@type\":\"ListItem\",\"position\":2,\"name\":\"3,8% meer werknemers aan de slag in Belgische bedrijven dan v\u00f3\u00f3r corona.\"}]},{\"@type\":\"WebSite\",\"@id\":\"https:\/\/peoplesphere.be\/nl\/#website\",\"url\":\"https:\/\/peoplesphere.be\/nl\/\",\"name\":\"Peoplesphere\",\"description\":\"The People Managers Magazine\",\"potentialAction\":[{\"@type\":\"SearchAction\",\"target\":{\"@type\":\"EntryPoint\",\"urlTemplate\":\"https:\/\/peoplesphere.be\/nl\/?s={search_term_string}\"},\"query-input\":\"required name=search_term_string\"}],\"inLanguage\":\"nl-NL\"},{\"@type\":\"Person\",\"@id\":\"https:\/\/peoplesphere.be\/nl\/#\/schema\/person\/0a1c21d8893dd9b9a2cd6e068b4e8cf5\",\"name\":\"Jean-Paul Erhard\",\"image\":{\"@type\":\"ImageObject\",\"inLanguage\":\"nl-NL\",\"@id\":\"https:\/\/peoplesphere.be\/nl\/#\/schema\/person\/image\/\",\"url\":\"https:\/\/secure.gravatar.com\/avatar\/f941e681460179738071629a51574930?s=96&d=mm&r=g\",\"contentUrl\":\"https:\/\/secure.gravatar.com\/avatar\/f941e681460179738071629a51574930?s=96&d=mm&r=g\",\"caption\":\"Jean-Paul Erhard\"},\"url\":\"https:\/\/peoplesphere.be\/nl\/author\/jpe\/\"}]}<\/script>\n<!-- \/ Yoast SEO plugin. -->","yoast_head_json":{"title":"3,8% meer werknemers aan de slag in Belgische bedrijven dan v\u00f3\u00f3r corona. - Peoplesphere","robots":{"index":"index","follow":"follow","max-snippet":"max-snippet:-1","max-image-preview":"max-image-preview:large","max-video-preview":"max-video-preview:-1"},"canonical":"https:\/\/peoplesphere.be\/nl\/38-meer-werknemers-aan-slag-belgische-bedrijven-dan-corona\/","og_locale":"nl_NL","og_type":"article","og_title":"3,8% meer werknemers aan de slag in Belgische bedrijven dan v\u00f3\u00f3r corona. - Peoplesphere","og_description":"De algemene tewerkstelling in Belgi\u00eb blijkt eind juni 2023 3,8% hoger te liggen dan eind juni 2019, precorona. Door werkgevers meerdere jaren te volgen, kan hr-dienstenbedrijf Acerta een gestage groei vaststellen, die anno 2023 stabiliseert. Bijna alle sectoren maken dezelfde [&hellip;]","og_url":"https:\/\/peoplesphere.be\/nl\/38-meer-werknemers-aan-slag-belgische-bedrijven-dan-corona\/","og_site_name":"Peoplesphere","article_publisher":"https:\/\/www.facebook.com\/peoplesphere","article_published_time":"2023-07-14T09:25:26+00:00","og_image":[{"url":"http:\/\/www.peoplesphere.be\/nl\/wp-content\/uploads\/2016\/07\/facebook-default-posting-1200x628px.jpg"}],"author":"Jean-Paul Erhard","twitter_card":"summary_large_image","twitter_creator":"@PeoplesphereMag","twitter_site":"@PeoplesphereMag","twitter_misc":{"Geschreven door":"Jean-Paul Erhard","Geschatte leestijd":"2 minuten"},"schema":{"@context":"https:\/\/schema.org","@graph":[{"@type":"WebPage","@id":"https:\/\/peoplesphere.be\/nl\/38-meer-werknemers-aan-slag-belgische-bedrijven-dan-corona\/","url":"https:\/\/peoplesphere.be\/nl\/38-meer-werknemers-aan-slag-belgische-bedrijven-dan-corona\/","name":"3,8% meer werknemers aan de slag in Belgische bedrijven dan v\u00f3\u00f3r corona. - Peoplesphere","isPartOf":{"@id":"https:\/\/peoplesphere.be\/nl\/#website"},"datePublished":"2023-07-14T09:25:26+00:00","dateModified":"2023-07-14T09:25:26+00:00","author":{"@id":"https:\/\/peoplesphere.be\/nl\/#\/schema\/person\/0a1c21d8893dd9b9a2cd6e068b4e8cf5"},"breadcrumb":{"@id":"https:\/\/peoplesphere.be\/nl\/38-meer-werknemers-aan-slag-belgische-bedrijven-dan-corona\/#breadcrumb"},"inLanguage":"nl-NL","potentialAction":[{"@type":"ReadAction","target":["https:\/\/peoplesphere.be\/nl\/38-meer-werknemers-aan-slag-belgische-bedrijven-dan-corona\/"]}]},{"@type":"BreadcrumbList","@id":"https:\/\/peoplesphere.be\/nl\/38-meer-werknemers-aan-slag-belgische-bedrijven-dan-corona\/#breadcrumb","itemListElement":[{"@type":"ListItem","position":1,"name":"Accueil","item":"https:\/\/peoplesphere.be\/nl\/"},{"@type":"ListItem","position":2,"name":"3,8% meer werknemers aan de slag in Belgische bedrijven dan v\u00f3\u00f3r corona."}]},{"@type":"WebSite","@id":"https:\/\/peoplesphere.be\/nl\/#website","url":"https:\/\/peoplesphere.be\/nl\/","name":"Peoplesphere","description":"The People Managers Magazine","potentialAction":[{"@type":"SearchAction","target":{"@type":"EntryPoint","urlTemplate":"https:\/\/peoplesphere.be\/nl\/?s={search_term_string}"},"query-input":"required name=search_term_string"}],"inLanguage":"nl-NL"},{"@type":"Person","@id":"https:\/\/peoplesphere.be\/nl\/#\/schema\/person\/0a1c21d8893dd9b9a2cd6e068b4e8cf5","name":"Jean-Paul Erhard","image":{"@type":"ImageObject","inLanguage":"nl-NL","@id":"https:\/\/peoplesphere.be\/nl\/#\/schema\/person\/image\/","url":"https:\/\/secure.gravatar.com\/avatar\/f941e681460179738071629a51574930?s=96&d=mm&r=g","contentUrl":"https:\/\/secure.gravatar.com\/avatar\/f941e681460179738071629a51574930?s=96&d=mm&r=g","caption":"Jean-Paul Erhard"},"url":"https:\/\/peoplesphere.be\/nl\/author\/jpe\/"}]}},"_links":{"self":[{"href":"https:\/\/peoplesphere.be\/nl\/wp-json\/wp\/v2\/posts\/10432"}],"collection":[{"href":"https:\/\/peoplesphere.be\/nl\/wp-json\/wp\/v2\/posts"}],"about":[{"href":"https:\/\/peoplesphere.be\/nl\/wp-json\/wp\/v2\/types\/post"}],"author":[{"embeddable":true,"href":"https:\/\/peoplesphere.be\/nl\/wp-json\/wp\/v2\/users\/3"}],"replies":[{"embeddable":true,"href":"https:\/\/peoplesphere.be\/nl\/wp-json\/wp\/v2\/comments?post=10432"}],"version-history":[{"count":1,"href":"https:\/\/peoplesphere.be\/nl\/wp-json\/wp\/v2\/posts\/10432\/revisions"}],"predecessor-version":[{"id":10433,"href":"https:\/\/peoplesphere.be\/nl\/wp-json\/wp\/v2\/posts\/10432\/revisions\/10433"}],"wp:attachment":[{"href":"https:\/\/peoplesphere.be\/nl\/wp-json\/wp\/v2\/media?parent=10432"}],"wp:term":[{"taxonomy":"category","embeddable":true,"href":"https:\/\/peoplesphere.be\/nl\/wp-json\/wp\/v2\/categories?post=10432"},{"taxonomy":"post_tag","embeddable":true,"href":"https:\/\/peoplesphere.be\/nl\/wp-json\/wp\/v2\/tags?post=10432"}],"curies":[{"name":"wp","href":"https:\/\/api.w.org\/{rel}","templated":true}]}}