











{"id":10799,"date":"2023-10-27T08:07:19","date_gmt":"2023-10-27T07:07:19","guid":{"rendered":"https:\/\/peoplesphere.be\/nl\/?p=10799"},"modified":"2023-10-27T08:07:19","modified_gmt":"2023-10-27T07:07:19","slug":"belgie-telt-vandaag-een-half-miljoen-langdurig-zieken-en-dat-aantal-neemt-snel-toe","status":"publish","type":"post","link":"https:\/\/peoplesphere.be\/nl\/belgie-telt-vandaag-een-half-miljoen-langdurig-zieken-en-dat-aantal-neemt-snel-toe\/","title":{"rendered":"Belgi\u00eb telt vandaag een half miljoen langdurig zieken, en dat aantal neemt snel toe."},"content":{"rendered":"<p>Ook kleine kmo\u2019s ontsnappen niet aan die verontrustende evolutie. Bijna 30% van kmo\u2019s met minder dan twintig medewerkers heeft te kampen met medewerkers die langer dan een maand afwezig zijn door ziekte of een priv\u00e9-ongeval. Dat blijkt uit een onderzoek van Securex, partner in tewerkstelling en ondernemerschap. De bevindingen onderstrepen de noodzaak van gerichte preventie en actieve aanpak van re-integratie, ook in kleinere kmo\u2019s in een economisch landschap waar 90% van de bedrijven minder dan 20 werknemers telt.<!--more--><\/p>\n<p>90% van de Belgische bedrijven zijn kmo\u2019s tot twintig werknemers. Bij 27,8% van die kleine kmo\u2019s waren in 2022 werknemers in dienst die minstens een maand afwezig waren door ziekte of priv\u00e9-ongeval. Van wie langer dan een maand uit is door ziekte, gaat 42% niet binnen het jaar terug aan het werk bij dezelfde werkgever. Een op de tien kleine kmo\u2019s (9,7%) heeft minstens \u00e9\u00e9n werknemer die langer dan een jaar afwezig is door ziekte of priv\u00e9-ongeval. 16,8% van de bedrijven tot vier werknemers heeft minstens \u00e9\u00e9n werknemer die langer dan \u00e9\u00e9n maand afwezig is. In bedrijven met 5 tot 9 werknemers of 10 tot 19 werknemers loopt dit percentage op tot respectievelijk 56,1% en 77,6%.<\/p>\n<p>Gedurende die periode missen zij dus liefst minstens een kwart van hun normale bezetting. Bij bedrijven met vijf tot negen werknemers of tien tot negentien werknemers hebben respectievelijk 56,1% en 77,6% minstens \u00e9\u00e9n medewerker die langer dan een maand afwezig is door ziekte of priv\u00e9-ongeval.<\/p>\n<p><strong><em>Middellang absente\u00efsme leidt tot langdurig absente\u00efsme<\/em><\/strong><\/p>\n<p>Uit het onderzoek blijkt dat 42% van de werknemers die meer dan een maand afwezig zijn door ziekte niet binnen het jaar terug aan de slag gaat bij dezelfde werkgever. Globaal gezien heeft \u00e9\u00e9n op de tien kmo\u2019s met tot 20 werknemers in ons land (9,7%) minstens \u00e9\u00e9n werknemer die langer dan een jaar afwezig is. Eerder onderzoek van Securex toonde ook aan dat wanneer werknemers in kleine ondernemingen zich ziekmelden, dat gemiddeld gezien ook voor een langere periode is dan in grotere ondernemingen.<\/p>\n<p>Bij werkgevers met minder dan vijf medewerkers heeft een op de twintig (4,7%) een werknemer in dienst die langer dan een jaar afwezig is. Bij kmo\u2019s met vijf tot negen werknemers loopt dat op tot 20,8%. En bij bedrijven met tien tot negentien werknemers stijgt dat percentage zelfs tot 35,9%.<\/p>\n<p><strong><em>Preventief altijd beter dan reactief<\/em><\/strong><\/p>\n<p>Heidi Verlinden, Research Project Manager bij Securex: <em>\u201cIn deze cijfers zijn de afwezigheden wegens arbeidsongeval dan nog niet opgenomen. Meer dan een derde van middellange en lange ziekteafwezigheden wordt veroorzaakt door psychosociale problemen zoals stress, burn-out of grensoverschrijdend gedrag. Een ander derde komt er door problemen met spieren en gewrichten zoals rugpijn en nekpijn. Dat zijn oorzaken waarvoor ook kleine kmo\u2019s sterk kunnen inzetten op preventie van ziekteafwezigheid, op maat van hun bedrijfsomgeving en sectoractiviteit.\u201d<\/em><\/p>\n<p>Door maximaal in te zetten op preventie kunnen werkgevers mogelijke oorzaken van ziekteafwezigheid identificeren en aanpakken voordat ze zich voordoen. Werkgevers kunnen hulpbronnen voor hun medewerkers beschikbaar stellen en hierover intern communiceren. Kleine kmo\u2019s kunnen via een externe dienst voor preventie en bescherming op het werk contact met een arbeidsarts of een preventieadviseur mogelijk maken, en de werknemer en zijn leidinggevende kunnen er begeleid worden bij de terugkeer naar de werkvloer. De medewerker kan gecoacht worden om een goede balans te vinden, te blijven inzetten op gezondheid en herstel, stresshantering en communicatieve vaardigheden. Ook de leidinggevende en de zaakvoerder kunnen coaching of opleiding krijgen over hoe correct omgaan met afwezigheden en op de juiste manier contact te houden met medewerkers, hoe de terugkeer naar werk begeleiden en informeren over de mogelijke opties.<\/p>\n<p>En ook in kleinere kmo\u2019s kan er ruimte zijn om te investeren in werkbaar werk. Dat start met het bouwen aan een vertrouwenscultuur waarin de behoeftes en grenzen van medewerkers open en constructief bespreekbaar zijn. Vervolgens kan ingezet worden op het personaliseren van het werk, mogelijk op vlak van onder meer jobinhoud, werklocatie, werktijden en verloning op maat via een cafetariaplan. Daarnaast is het cruciaal om een prioriteit te maken van ondersteunend leiderschap binnen de organisatie, waar zowel aan- als afwezige medewerkers baat bij hebben.<\/p>\n<p><strong><em>Vertrouwen en dialoog zijn sleutels tot succesvolle re-integratie<\/em><\/strong><\/p>\n<p>Vertrouwen en dialoog zijn de sleutel tot een succesvolle re-integratie van de werknemer. En tijd speelt een belangrijke rol, aangezien de kans op een terugkeer afneemt naarmate de afwezigheid langer duurt. Op een gepaste manier het contact behouden met medewerkers die afwezig zijn, is cruciaal om de relatie te onderhouden en samen naar de toekomst te kijken. Maar dit moet altijd gebeuren met wederzijdse goedkeuring en zonder druk. Duidelijke en toegankelijke communicatie door de werkgever over de re-integratie maakt een belangrijk verschil. Eerder onderzoek van Securex4 toonde immers aan dat ook stress bij de werknemer over het administratieve luik van de re-integratie vaak een hindernis vormt voor een (snelle) terugkeer.<\/p>\n<p>Jacqueline Jost, expert psychosociaal welzijn bij Securex: <em>\u201cHet doel moet zijn om ook tijdens de ziekteafwezigheid een open dialoog te voeren met de werknemer en samen te bekijken welke aanpassingen mogelijk zijn binnen de werkomgeving. Dat kan de drempel voor een duurzame en snellere terugkeer aanzienlijk verlagen. Samen met de werknemer kan je kijken naar mogelijke al dan niet tijdelijke aanpassingen van de job, en\/of geleidelijke opbouw via een progressieve werkhervatting en flexibele uren. Hoewel die regelingen uitdagend kunnen zijn voor kleinere bedrijven, zijn ze cruciaal om werknemers in staat te stellen op een gezonde en productieve manier weer aan het werk te gaan.\u201d<\/em><\/p>\n<p>&nbsp;<\/p>\n<p><em>Bron: de cijfers in dit onderzoek zijn gebaseerd op afwezigheidsgegevens geregistreerd in het jaar 2022 door werkgevers in de klantenportefeuille van het sociaal secretariaat van Securex. De cijfers betreffen het aantal werkgevers met minstens \u00e9\u00e9n werknemer afwezig door ziekte of priv\u00e9-ongeval sinds minimum \u00e9\u00e9n maand gedurende het kalenderjaar 2022. De steekproef bestaat uit 20.171 werkgevers uit de Belgische priv\u00e9sector met minder dan 20 werknemers in het laatste kwartaal van 2022. De steekproef is representatief voor bedrijfsomvang. Dit betekent dat de verdeling van de steekproef over de drie categorie\u00ebn (1-4 werknemers, 5-9 werknemers en 10-19 werknemers) vergelijkbaar is met de verdeling in de Belgische arbeidsmarkt volgens de nationale RSZ-cijfers.<\/em><\/p>\n","protected":false},"excerpt":{"rendered":"<p>Ook kleine kmo\u2019s ontsnappen niet aan die verontrustende evolutie. Bijna 30% van kmo\u2019s met minder dan twintig medewerkers heeft te kampen met medewerkers die langer dan een maand afwezig zijn door ziekte of een priv\u00e9-ongeval. Dat blijkt uit een onderzoek [&hellip;]<\/p>\n","protected":false},"author":3,"featured_media":0,"comment_status":"open","ping_status":"open","sticky":false,"template":"","format":"standard","meta":[],"categories":[3,4],"tags":[34,223,1445,97,64],"yoast_head":"<!-- This site is optimized with the Yoast SEO plugin v20.12 - https:\/\/yoast.com\/wordpress\/plugins\/seo\/ -->\n<title>Belgi\u00eb telt vandaag een half miljoen langdurig zieken, en dat aantal neemt snel toe. - Peoplesphere<\/title>\n<meta name=\"robots\" content=\"index, follow, max-snippet:-1, max-image-preview:large, max-video-preview:-1\" \/>\n<link rel=\"canonical\" href=\"https:\/\/peoplesphere.be\/nl\/belgie-telt-vandaag-een-half-miljoen-langdurig-zieken-en-dat-aantal-neemt-snel-toe\/\" \/>\n<meta property=\"og:locale\" content=\"nl_NL\" \/>\n<meta property=\"og:type\" content=\"article\" \/>\n<meta property=\"og:title\" content=\"Belgi\u00eb telt vandaag een half miljoen langdurig zieken, en dat aantal neemt snel toe. - Peoplesphere\" \/>\n<meta property=\"og:description\" content=\"Ook kleine kmo\u2019s ontsnappen niet aan die verontrustende evolutie. Bijna 30% van kmo\u2019s met minder dan twintig medewerkers heeft te kampen met medewerkers die langer dan een maand afwezig zijn door ziekte of een priv\u00e9-ongeval. Dat blijkt uit een onderzoek [&hellip;]\" \/>\n<meta property=\"og:url\" content=\"https:\/\/peoplesphere.be\/nl\/belgie-telt-vandaag-een-half-miljoen-langdurig-zieken-en-dat-aantal-neemt-snel-toe\/\" \/>\n<meta property=\"og:site_name\" content=\"Peoplesphere\" \/>\n<meta property=\"article:publisher\" content=\"https:\/\/www.facebook.com\/peoplesphere\" \/>\n<meta property=\"article:published_time\" content=\"2023-10-27T07:07:19+00:00\" \/>\n<meta property=\"og:image\" content=\"http:\/\/www.peoplesphere.be\/nl\/wp-content\/uploads\/2016\/07\/facebook-default-posting-1200x628px.jpg\" \/>\n<meta name=\"author\" content=\"Jean-Paul Erhard\" \/>\n<meta name=\"twitter:card\" content=\"summary_large_image\" \/>\n<meta name=\"twitter:creator\" content=\"@PeoplesphereMag\" \/>\n<meta name=\"twitter:site\" content=\"@PeoplesphereMag\" \/>\n<meta name=\"twitter:label1\" content=\"Geschreven door\" \/>\n\t<meta name=\"twitter:data1\" content=\"Jean-Paul Erhard\" \/>\n\t<meta name=\"twitter:label2\" content=\"Geschatte leestijd\" \/>\n\t<meta name=\"twitter:data2\" content=\"5 minuten\" \/>\n<script type=\"application\/ld+json\" class=\"yoast-schema-graph\">{\"@context\":\"https:\/\/schema.org\",\"@graph\":[{\"@type\":\"WebPage\",\"@id\":\"https:\/\/peoplesphere.be\/nl\/belgie-telt-vandaag-een-half-miljoen-langdurig-zieken-en-dat-aantal-neemt-snel-toe\/\",\"url\":\"https:\/\/peoplesphere.be\/nl\/belgie-telt-vandaag-een-half-miljoen-langdurig-zieken-en-dat-aantal-neemt-snel-toe\/\",\"name\":\"Belgi\u00eb telt vandaag een half miljoen langdurig zieken, en dat aantal neemt snel toe. - Peoplesphere\",\"isPartOf\":{\"@id\":\"https:\/\/peoplesphere.be\/nl\/#website\"},\"datePublished\":\"2023-10-27T07:07:19+00:00\",\"dateModified\":\"2023-10-27T07:07:19+00:00\",\"author\":{\"@id\":\"https:\/\/peoplesphere.be\/nl\/#\/schema\/person\/0a1c21d8893dd9b9a2cd6e068b4e8cf5\"},\"breadcrumb\":{\"@id\":\"https:\/\/peoplesphere.be\/nl\/belgie-telt-vandaag-een-half-miljoen-langdurig-zieken-en-dat-aantal-neemt-snel-toe\/#breadcrumb\"},\"inLanguage\":\"nl-NL\",\"potentialAction\":[{\"@type\":\"ReadAction\",\"target\":[\"https:\/\/peoplesphere.be\/nl\/belgie-telt-vandaag-een-half-miljoen-langdurig-zieken-en-dat-aantal-neemt-snel-toe\/\"]}]},{\"@type\":\"BreadcrumbList\",\"@id\":\"https:\/\/peoplesphere.be\/nl\/belgie-telt-vandaag-een-half-miljoen-langdurig-zieken-en-dat-aantal-neemt-snel-toe\/#breadcrumb\",\"itemListElement\":[{\"@type\":\"ListItem\",\"position\":1,\"name\":\"Accueil\",\"item\":\"https:\/\/peoplesphere.be\/nl\/\"},{\"@type\":\"ListItem\",\"position\":2,\"name\":\"Belgi\u00eb telt vandaag een half miljoen langdurig zieken, en dat aantal neemt snel toe.\"}]},{\"@type\":\"WebSite\",\"@id\":\"https:\/\/peoplesphere.be\/nl\/#website\",\"url\":\"https:\/\/peoplesphere.be\/nl\/\",\"name\":\"Peoplesphere\",\"description\":\"The People Managers Magazine\",\"potentialAction\":[{\"@type\":\"SearchAction\",\"target\":{\"@type\":\"EntryPoint\",\"urlTemplate\":\"https:\/\/peoplesphere.be\/nl\/?s={search_term_string}\"},\"query-input\":\"required name=search_term_string\"}],\"inLanguage\":\"nl-NL\"},{\"@type\":\"Person\",\"@id\":\"https:\/\/peoplesphere.be\/nl\/#\/schema\/person\/0a1c21d8893dd9b9a2cd6e068b4e8cf5\",\"name\":\"Jean-Paul Erhard\",\"image\":{\"@type\":\"ImageObject\",\"inLanguage\":\"nl-NL\",\"@id\":\"https:\/\/peoplesphere.be\/nl\/#\/schema\/person\/image\/\",\"url\":\"https:\/\/secure.gravatar.com\/avatar\/f941e681460179738071629a51574930?s=96&d=mm&r=g\",\"contentUrl\":\"https:\/\/secure.gravatar.com\/avatar\/f941e681460179738071629a51574930?s=96&d=mm&r=g\",\"caption\":\"Jean-Paul Erhard\"},\"url\":\"https:\/\/peoplesphere.be\/nl\/author\/jpe\/\"}]}<\/script>\n<!-- \/ Yoast SEO plugin. -->","yoast_head_json":{"title":"Belgi\u00eb telt vandaag een half miljoen langdurig zieken, en dat aantal neemt snel toe. - Peoplesphere","robots":{"index":"index","follow":"follow","max-snippet":"max-snippet:-1","max-image-preview":"max-image-preview:large","max-video-preview":"max-video-preview:-1"},"canonical":"https:\/\/peoplesphere.be\/nl\/belgie-telt-vandaag-een-half-miljoen-langdurig-zieken-en-dat-aantal-neemt-snel-toe\/","og_locale":"nl_NL","og_type":"article","og_title":"Belgi\u00eb telt vandaag een half miljoen langdurig zieken, en dat aantal neemt snel toe. - Peoplesphere","og_description":"Ook kleine kmo\u2019s ontsnappen niet aan die verontrustende evolutie. Bijna 30% van kmo\u2019s met minder dan twintig medewerkers heeft te kampen met medewerkers die langer dan een maand afwezig zijn door ziekte of een priv\u00e9-ongeval. Dat blijkt uit een onderzoek [&hellip;]","og_url":"https:\/\/peoplesphere.be\/nl\/belgie-telt-vandaag-een-half-miljoen-langdurig-zieken-en-dat-aantal-neemt-snel-toe\/","og_site_name":"Peoplesphere","article_publisher":"https:\/\/www.facebook.com\/peoplesphere","article_published_time":"2023-10-27T07:07:19+00:00","og_image":[{"url":"http:\/\/www.peoplesphere.be\/nl\/wp-content\/uploads\/2016\/07\/facebook-default-posting-1200x628px.jpg"}],"author":"Jean-Paul Erhard","twitter_card":"summary_large_image","twitter_creator":"@PeoplesphereMag","twitter_site":"@PeoplesphereMag","twitter_misc":{"Geschreven door":"Jean-Paul Erhard","Geschatte leestijd":"5 minuten"},"schema":{"@context":"https:\/\/schema.org","@graph":[{"@type":"WebPage","@id":"https:\/\/peoplesphere.be\/nl\/belgie-telt-vandaag-een-half-miljoen-langdurig-zieken-en-dat-aantal-neemt-snel-toe\/","url":"https:\/\/peoplesphere.be\/nl\/belgie-telt-vandaag-een-half-miljoen-langdurig-zieken-en-dat-aantal-neemt-snel-toe\/","name":"Belgi\u00eb telt vandaag een half miljoen langdurig zieken, en dat aantal neemt snel toe. - Peoplesphere","isPartOf":{"@id":"https:\/\/peoplesphere.be\/nl\/#website"},"datePublished":"2023-10-27T07:07:19+00:00","dateModified":"2023-10-27T07:07:19+00:00","author":{"@id":"https:\/\/peoplesphere.be\/nl\/#\/schema\/person\/0a1c21d8893dd9b9a2cd6e068b4e8cf5"},"breadcrumb":{"@id":"https:\/\/peoplesphere.be\/nl\/belgie-telt-vandaag-een-half-miljoen-langdurig-zieken-en-dat-aantal-neemt-snel-toe\/#breadcrumb"},"inLanguage":"nl-NL","potentialAction":[{"@type":"ReadAction","target":["https:\/\/peoplesphere.be\/nl\/belgie-telt-vandaag-een-half-miljoen-langdurig-zieken-en-dat-aantal-neemt-snel-toe\/"]}]},{"@type":"BreadcrumbList","@id":"https:\/\/peoplesphere.be\/nl\/belgie-telt-vandaag-een-half-miljoen-langdurig-zieken-en-dat-aantal-neemt-snel-toe\/#breadcrumb","itemListElement":[{"@type":"ListItem","position":1,"name":"Accueil","item":"https:\/\/peoplesphere.be\/nl\/"},{"@type":"ListItem","position":2,"name":"Belgi\u00eb telt vandaag een half miljoen langdurig zieken, en dat aantal neemt snel toe."}]},{"@type":"WebSite","@id":"https:\/\/peoplesphere.be\/nl\/#website","url":"https:\/\/peoplesphere.be\/nl\/","name":"Peoplesphere","description":"The People Managers Magazine","potentialAction":[{"@type":"SearchAction","target":{"@type":"EntryPoint","urlTemplate":"https:\/\/peoplesphere.be\/nl\/?s={search_term_string}"},"query-input":"required name=search_term_string"}],"inLanguage":"nl-NL"},{"@type":"Person","@id":"https:\/\/peoplesphere.be\/nl\/#\/schema\/person\/0a1c21d8893dd9b9a2cd6e068b4e8cf5","name":"Jean-Paul Erhard","image":{"@type":"ImageObject","inLanguage":"nl-NL","@id":"https:\/\/peoplesphere.be\/nl\/#\/schema\/person\/image\/","url":"https:\/\/secure.gravatar.com\/avatar\/f941e681460179738071629a51574930?s=96&d=mm&r=g","contentUrl":"https:\/\/secure.gravatar.com\/avatar\/f941e681460179738071629a51574930?s=96&d=mm&r=g","caption":"Jean-Paul Erhard"},"url":"https:\/\/peoplesphere.be\/nl\/author\/jpe\/"}]}},"_links":{"self":[{"href":"https:\/\/peoplesphere.be\/nl\/wp-json\/wp\/v2\/posts\/10799"}],"collection":[{"href":"https:\/\/peoplesphere.be\/nl\/wp-json\/wp\/v2\/posts"}],"about":[{"href":"https:\/\/peoplesphere.be\/nl\/wp-json\/wp\/v2\/types\/post"}],"author":[{"embeddable":true,"href":"https:\/\/peoplesphere.be\/nl\/wp-json\/wp\/v2\/users\/3"}],"replies":[{"embeddable":true,"href":"https:\/\/peoplesphere.be\/nl\/wp-json\/wp\/v2\/comments?post=10799"}],"version-history":[{"count":1,"href":"https:\/\/peoplesphere.be\/nl\/wp-json\/wp\/v2\/posts\/10799\/revisions"}],"predecessor-version":[{"id":10800,"href":"https:\/\/peoplesphere.be\/nl\/wp-json\/wp\/v2\/posts\/10799\/revisions\/10800"}],"wp:attachment":[{"href":"https:\/\/peoplesphere.be\/nl\/wp-json\/wp\/v2\/media?parent=10799"}],"wp:term":[{"taxonomy":"category","embeddable":true,"href":"https:\/\/peoplesphere.be\/nl\/wp-json\/wp\/v2\/categories?post=10799"},{"taxonomy":"post_tag","embeddable":true,"href":"https:\/\/peoplesphere.be\/nl\/wp-json\/wp\/v2\/tags?post=10799"}],"curies":[{"name":"wp","href":"https:\/\/api.w.org\/{rel}","templated":true}]}}