











{"id":10952,"date":"2023-12-10T19:01:13","date_gmt":"2023-12-10T18:01:13","guid":{"rendered":"https:\/\/peoplesphere.be\/nl\/?p=10952"},"modified":"2023-12-10T19:01:13","modified_gmt":"2023-12-10T18:01:13","slug":"continuiteit-in-gevaar-in-onze-bedrijven-4-op-de-10-werknemers-hebben-nog-meer-dan-40-uur-op-te-nemen","status":"publish","type":"post","link":"https:\/\/peoplesphere.be\/nl\/continuiteit-in-gevaar-in-onze-bedrijven-4-op-de-10-werknemers-hebben-nog-meer-dan-40-uur-op-te-nemen\/","title":{"rendered":"Continu\u00efteit in gevaar in onze bedrijven? 4 op de 10 werknemers hebben nog meer dan 40 uur op te nemen."},"content":{"rendered":"<p>Ruim vier op de tien (43%) Belgische werknemers heeft nog een potje van meer dan 40 uur openstaan, zo blijkt uit een analyse van Acerta, die gegevens verzamelde van 260.000 werknemers bij meer dan 40.000 priv\u00e9-werkgevers. Bijna \u00e9\u00e9n op de vijf moet zelfs nog meer dan 80 uur (10 werkdagen) opnemen. En wettelijke vakantie worden pas vanaf 1 januari in bepaalde gevallen overdraagbaar naar volgend jaar.<!--more--><\/p>\n<p>Dat zijn er beduidend meer dan in dezelfde periode vorig jaar. Acerta waarschuwt dat de continu\u00efteit op deze manier onder druk kan komen te staan in sommige bedrijven.<\/p>\n<h3><strong><em>Ruim vier op de tien werknemers heeft nog meer dan 40 uur op te nemen<\/em><\/strong><\/h3>\n<p>De kerstvakantie komt dichterbij en 43,6% van de Belgische werknemers heeft nog meer dan 40 uur op te nemen.17,7% zelfs nog meer dan 80 uur, zo blijkt uit de cijfers van Acerta. Dat zijn er meer dan vorig jaar deze tijd.<\/p>\n<p>Marijke Beelen, Experte vakantie bij Acerta Consult:<em> \u201cWerknemers kunnen hun vakantie dit jaar nog niet overdragen naar volgend jaar. Dat is bedoeld als beschermregel: tijd nemen\/krijgen als werknemer om de batterijen op te laden komt iedereen ten goede. Dat werknemers nog een ruim openstaand aantal uren aan vakantie, ADV e.d., hebben, hoeft geen probleem te zijn, als bedrijven maar tijdig een degelijke planning maken. Want tenzij een bedrijf straks collectief sluit, zal de continu\u00efteit moeten worden geregeld.\u201d<\/em><\/p>\n<h3><strong><em>Regels opname wettelijke vakantie pas vanaf 1 januari 2024 gewijzigd<\/em><\/strong><\/h3>\n<p>Marijke Beelen: <em>\u201cDe regels rond wettelijke vakantie zijn jaren eerder stabiel gebleven, daar komt vanaf 1 januari 2024 verandering in. Wordt een medewerker ziek tijdens een vakantieperiode, dan worden de dagen van het ziektebriefje omgeboekt naar ziekte en wordt dat aantal dagen als \u2018nog te nemen vakantie\u2019 vrijgegeven. Dat kan een impact hebben op het overdragen van wettelijke vakantie. De regel blijft dat overdracht van vakantiedagen naar het volgend jaar niet kan. Maar zou een werknemer zijn laatste 3 vakantiedagen hebben vastgelegd op 27, 30 en 31 december 2024 en wordt hij op 27 december ziek, dan worden volgens de nieuwe regels die vakantiedagen dus terug vrijgegeven en daarmee in dit geval overdraagbaar gemaakt, want ze opnemen in 2024 is geen optie meer. Niet alleen ziekte is een omstandigheid die maakt dat wettelijke vakantie overdraagbaar wordt, dat geldt ook voor een arbeidsongeval, beroepsziekte, moederschaps-\/geboorteverlof, preventief (of profylactisch) verlof, adoptieverlof, geboorteverlof, pleegzorgverlof en pleegouderverlof, als die het opnemen van vakantie in het jaar zelf onmogelijk maken. Wat ook wordt aangepast zijn de regels rond het uitbetalen van vakantie bij vertrek. Voorheen werd dat in \u00e9\u00e9n keer geregeld, wat zowel door de werkgever als de werknemer werd ervaren als een lastig te slikken pil, voortaan zal dit in stappen gebeuren. \u201d<\/em><\/p>\n<p>&nbsp;<\/p>\n<p><em>Bron: de verzamelde gegevens zijn gebaseerd op de werkelijke gegevens innovember 2023 van een set van 260.000 werknemers in dienst bij meer dan 40.000 werkgevers uit de private sector, waartoe zowel kmo\u2019s als grote ondernemingen behoren. \u200b Gezien de mix van sectoren, regio\u2019s, geslacht, leeftijd, enz. kunnen we stellen dat de bestudeerde dataset representatief is voor de Belgische arbeidsmarkt. \u200b<\/em><\/p>\n","protected":false},"excerpt":{"rendered":"<p>Ruim vier op de tien (43%) Belgische werknemers heeft nog een potje van meer dan 40 uur openstaan, zo blijkt uit een analyse van Acerta, die gegevens verzamelde van 260.000 werknemers bij meer dan 40.000 priv\u00e9-werkgevers. Bijna \u00e9\u00e9n op de [&hellip;]<\/p>\n","protected":false},"author":3,"featured_media":0,"comment_status":"open","ping_status":"open","sticky":false,"template":"","format":"standard","meta":[],"categories":[3,4],"tags":[3119,1439,3795],"yoast_head":"<!-- This site is optimized with the Yoast SEO plugin v20.12 - https:\/\/yoast.com\/wordpress\/plugins\/seo\/ -->\n<title>Continu\u00efteit in gevaar in onze bedrijven? 4 op de 10 werknemers hebben nog meer dan 40 uur op te nemen. - Peoplesphere<\/title>\n<meta name=\"robots\" content=\"index, follow, max-snippet:-1, max-image-preview:large, max-video-preview:-1\" \/>\n<link rel=\"canonical\" href=\"https:\/\/peoplesphere.be\/nl\/continuiteit-in-gevaar-in-onze-bedrijven-4-op-de-10-werknemers-hebben-nog-meer-dan-40-uur-op-te-nemen\/\" \/>\n<meta property=\"og:locale\" content=\"nl_NL\" \/>\n<meta property=\"og:type\" content=\"article\" \/>\n<meta property=\"og:title\" content=\"Continu\u00efteit in gevaar in onze bedrijven? 4 op de 10 werknemers hebben nog meer dan 40 uur op te nemen. - Peoplesphere\" \/>\n<meta property=\"og:description\" content=\"Ruim vier op de tien (43%) Belgische werknemers heeft nog een potje van meer dan 40 uur openstaan, zo blijkt uit een analyse van Acerta, die gegevens verzamelde van 260.000 werknemers bij meer dan 40.000 priv\u00e9-werkgevers. Bijna \u00e9\u00e9n op de [&hellip;]\" \/>\n<meta property=\"og:url\" content=\"https:\/\/peoplesphere.be\/nl\/continuiteit-in-gevaar-in-onze-bedrijven-4-op-de-10-werknemers-hebben-nog-meer-dan-40-uur-op-te-nemen\/\" \/>\n<meta property=\"og:site_name\" content=\"Peoplesphere\" \/>\n<meta property=\"article:publisher\" content=\"https:\/\/www.facebook.com\/peoplesphere\" \/>\n<meta property=\"article:published_time\" content=\"2023-12-10T18:01:13+00:00\" \/>\n<meta property=\"og:image\" content=\"http:\/\/www.peoplesphere.be\/nl\/wp-content\/uploads\/2016\/07\/facebook-default-posting-1200x628px.jpg\" \/>\n<meta name=\"author\" content=\"Jean-Paul Erhard\" \/>\n<meta name=\"twitter:card\" content=\"summary_large_image\" \/>\n<meta name=\"twitter:creator\" content=\"@PeoplesphereMag\" \/>\n<meta name=\"twitter:site\" content=\"@PeoplesphereMag\" \/>\n<meta name=\"twitter:label1\" content=\"Geschreven door\" \/>\n\t<meta name=\"twitter:data1\" content=\"Jean-Paul Erhard\" \/>\n\t<meta name=\"twitter:label2\" content=\"Geschatte leestijd\" \/>\n\t<meta name=\"twitter:data2\" content=\"3 minuten\" \/>\n<script type=\"application\/ld+json\" class=\"yoast-schema-graph\">{\"@context\":\"https:\/\/schema.org\",\"@graph\":[{\"@type\":\"WebPage\",\"@id\":\"https:\/\/peoplesphere.be\/nl\/continuiteit-in-gevaar-in-onze-bedrijven-4-op-de-10-werknemers-hebben-nog-meer-dan-40-uur-op-te-nemen\/\",\"url\":\"https:\/\/peoplesphere.be\/nl\/continuiteit-in-gevaar-in-onze-bedrijven-4-op-de-10-werknemers-hebben-nog-meer-dan-40-uur-op-te-nemen\/\",\"name\":\"Continu\u00efteit in gevaar in onze bedrijven? 4 op de 10 werknemers hebben nog meer dan 40 uur op te nemen. - Peoplesphere\",\"isPartOf\":{\"@id\":\"https:\/\/peoplesphere.be\/nl\/#website\"},\"datePublished\":\"2023-12-10T18:01:13+00:00\",\"dateModified\":\"2023-12-10T18:01:13+00:00\",\"author\":{\"@id\":\"https:\/\/peoplesphere.be\/nl\/#\/schema\/person\/0a1c21d8893dd9b9a2cd6e068b4e8cf5\"},\"breadcrumb\":{\"@id\":\"https:\/\/peoplesphere.be\/nl\/continuiteit-in-gevaar-in-onze-bedrijven-4-op-de-10-werknemers-hebben-nog-meer-dan-40-uur-op-te-nemen\/#breadcrumb\"},\"inLanguage\":\"nl-NL\",\"potentialAction\":[{\"@type\":\"ReadAction\",\"target\":[\"https:\/\/peoplesphere.be\/nl\/continuiteit-in-gevaar-in-onze-bedrijven-4-op-de-10-werknemers-hebben-nog-meer-dan-40-uur-op-te-nemen\/\"]}]},{\"@type\":\"BreadcrumbList\",\"@id\":\"https:\/\/peoplesphere.be\/nl\/continuiteit-in-gevaar-in-onze-bedrijven-4-op-de-10-werknemers-hebben-nog-meer-dan-40-uur-op-te-nemen\/#breadcrumb\",\"itemListElement\":[{\"@type\":\"ListItem\",\"position\":1,\"name\":\"Accueil\",\"item\":\"https:\/\/peoplesphere.be\/nl\/\"},{\"@type\":\"ListItem\",\"position\":2,\"name\":\"Continu\u00efteit in gevaar in onze bedrijven? 4 op de 10 werknemers hebben nog meer dan 40 uur op te nemen.\"}]},{\"@type\":\"WebSite\",\"@id\":\"https:\/\/peoplesphere.be\/nl\/#website\",\"url\":\"https:\/\/peoplesphere.be\/nl\/\",\"name\":\"Peoplesphere\",\"description\":\"The People Managers Magazine\",\"potentialAction\":[{\"@type\":\"SearchAction\",\"target\":{\"@type\":\"EntryPoint\",\"urlTemplate\":\"https:\/\/peoplesphere.be\/nl\/?s={search_term_string}\"},\"query-input\":\"required name=search_term_string\"}],\"inLanguage\":\"nl-NL\"},{\"@type\":\"Person\",\"@id\":\"https:\/\/peoplesphere.be\/nl\/#\/schema\/person\/0a1c21d8893dd9b9a2cd6e068b4e8cf5\",\"name\":\"Jean-Paul Erhard\",\"image\":{\"@type\":\"ImageObject\",\"inLanguage\":\"nl-NL\",\"@id\":\"https:\/\/peoplesphere.be\/nl\/#\/schema\/person\/image\/\",\"url\":\"https:\/\/secure.gravatar.com\/avatar\/f941e681460179738071629a51574930?s=96&d=mm&r=g\",\"contentUrl\":\"https:\/\/secure.gravatar.com\/avatar\/f941e681460179738071629a51574930?s=96&d=mm&r=g\",\"caption\":\"Jean-Paul Erhard\"},\"url\":\"https:\/\/peoplesphere.be\/nl\/author\/jpe\/\"}]}<\/script>\n<!-- \/ Yoast SEO plugin. -->","yoast_head_json":{"title":"Continu\u00efteit in gevaar in onze bedrijven? 4 op de 10 werknemers hebben nog meer dan 40 uur op te nemen. - Peoplesphere","robots":{"index":"index","follow":"follow","max-snippet":"max-snippet:-1","max-image-preview":"max-image-preview:large","max-video-preview":"max-video-preview:-1"},"canonical":"https:\/\/peoplesphere.be\/nl\/continuiteit-in-gevaar-in-onze-bedrijven-4-op-de-10-werknemers-hebben-nog-meer-dan-40-uur-op-te-nemen\/","og_locale":"nl_NL","og_type":"article","og_title":"Continu\u00efteit in gevaar in onze bedrijven? 4 op de 10 werknemers hebben nog meer dan 40 uur op te nemen. - Peoplesphere","og_description":"Ruim vier op de tien (43%) Belgische werknemers heeft nog een potje van meer dan 40 uur openstaan, zo blijkt uit een analyse van Acerta, die gegevens verzamelde van 260.000 werknemers bij meer dan 40.000 priv\u00e9-werkgevers. Bijna \u00e9\u00e9n op de [&hellip;]","og_url":"https:\/\/peoplesphere.be\/nl\/continuiteit-in-gevaar-in-onze-bedrijven-4-op-de-10-werknemers-hebben-nog-meer-dan-40-uur-op-te-nemen\/","og_site_name":"Peoplesphere","article_publisher":"https:\/\/www.facebook.com\/peoplesphere","article_published_time":"2023-12-10T18:01:13+00:00","og_image":[{"url":"http:\/\/www.peoplesphere.be\/nl\/wp-content\/uploads\/2016\/07\/facebook-default-posting-1200x628px.jpg"}],"author":"Jean-Paul Erhard","twitter_card":"summary_large_image","twitter_creator":"@PeoplesphereMag","twitter_site":"@PeoplesphereMag","twitter_misc":{"Geschreven door":"Jean-Paul Erhard","Geschatte leestijd":"3 minuten"},"schema":{"@context":"https:\/\/schema.org","@graph":[{"@type":"WebPage","@id":"https:\/\/peoplesphere.be\/nl\/continuiteit-in-gevaar-in-onze-bedrijven-4-op-de-10-werknemers-hebben-nog-meer-dan-40-uur-op-te-nemen\/","url":"https:\/\/peoplesphere.be\/nl\/continuiteit-in-gevaar-in-onze-bedrijven-4-op-de-10-werknemers-hebben-nog-meer-dan-40-uur-op-te-nemen\/","name":"Continu\u00efteit in gevaar in onze bedrijven? 4 op de 10 werknemers hebben nog meer dan 40 uur op te nemen. - Peoplesphere","isPartOf":{"@id":"https:\/\/peoplesphere.be\/nl\/#website"},"datePublished":"2023-12-10T18:01:13+00:00","dateModified":"2023-12-10T18:01:13+00:00","author":{"@id":"https:\/\/peoplesphere.be\/nl\/#\/schema\/person\/0a1c21d8893dd9b9a2cd6e068b4e8cf5"},"breadcrumb":{"@id":"https:\/\/peoplesphere.be\/nl\/continuiteit-in-gevaar-in-onze-bedrijven-4-op-de-10-werknemers-hebben-nog-meer-dan-40-uur-op-te-nemen\/#breadcrumb"},"inLanguage":"nl-NL","potentialAction":[{"@type":"ReadAction","target":["https:\/\/peoplesphere.be\/nl\/continuiteit-in-gevaar-in-onze-bedrijven-4-op-de-10-werknemers-hebben-nog-meer-dan-40-uur-op-te-nemen\/"]}]},{"@type":"BreadcrumbList","@id":"https:\/\/peoplesphere.be\/nl\/continuiteit-in-gevaar-in-onze-bedrijven-4-op-de-10-werknemers-hebben-nog-meer-dan-40-uur-op-te-nemen\/#breadcrumb","itemListElement":[{"@type":"ListItem","position":1,"name":"Accueil","item":"https:\/\/peoplesphere.be\/nl\/"},{"@type":"ListItem","position":2,"name":"Continu\u00efteit in gevaar in onze bedrijven? 4 op de 10 werknemers hebben nog meer dan 40 uur op te nemen."}]},{"@type":"WebSite","@id":"https:\/\/peoplesphere.be\/nl\/#website","url":"https:\/\/peoplesphere.be\/nl\/","name":"Peoplesphere","description":"The People Managers Magazine","potentialAction":[{"@type":"SearchAction","target":{"@type":"EntryPoint","urlTemplate":"https:\/\/peoplesphere.be\/nl\/?s={search_term_string}"},"query-input":"required name=search_term_string"}],"inLanguage":"nl-NL"},{"@type":"Person","@id":"https:\/\/peoplesphere.be\/nl\/#\/schema\/person\/0a1c21d8893dd9b9a2cd6e068b4e8cf5","name":"Jean-Paul Erhard","image":{"@type":"ImageObject","inLanguage":"nl-NL","@id":"https:\/\/peoplesphere.be\/nl\/#\/schema\/person\/image\/","url":"https:\/\/secure.gravatar.com\/avatar\/f941e681460179738071629a51574930?s=96&d=mm&r=g","contentUrl":"https:\/\/secure.gravatar.com\/avatar\/f941e681460179738071629a51574930?s=96&d=mm&r=g","caption":"Jean-Paul Erhard"},"url":"https:\/\/peoplesphere.be\/nl\/author\/jpe\/"}]}},"_links":{"self":[{"href":"https:\/\/peoplesphere.be\/nl\/wp-json\/wp\/v2\/posts\/10952"}],"collection":[{"href":"https:\/\/peoplesphere.be\/nl\/wp-json\/wp\/v2\/posts"}],"about":[{"href":"https:\/\/peoplesphere.be\/nl\/wp-json\/wp\/v2\/types\/post"}],"author":[{"embeddable":true,"href":"https:\/\/peoplesphere.be\/nl\/wp-json\/wp\/v2\/users\/3"}],"replies":[{"embeddable":true,"href":"https:\/\/peoplesphere.be\/nl\/wp-json\/wp\/v2\/comments?post=10952"}],"version-history":[{"count":1,"href":"https:\/\/peoplesphere.be\/nl\/wp-json\/wp\/v2\/posts\/10952\/revisions"}],"predecessor-version":[{"id":10953,"href":"https:\/\/peoplesphere.be\/nl\/wp-json\/wp\/v2\/posts\/10952\/revisions\/10953"}],"wp:attachment":[{"href":"https:\/\/peoplesphere.be\/nl\/wp-json\/wp\/v2\/media?parent=10952"}],"wp:term":[{"taxonomy":"category","embeddable":true,"href":"https:\/\/peoplesphere.be\/nl\/wp-json\/wp\/v2\/categories?post=10952"},{"taxonomy":"post_tag","embeddable":true,"href":"https:\/\/peoplesphere.be\/nl\/wp-json\/wp\/v2\/tags?post=10952"}],"curies":[{"name":"wp","href":"https:\/\/api.w.org\/{rel}","templated":true}]}}