











{"id":10989,"date":"2023-12-15T16:40:20","date_gmt":"2023-12-15T15:40:20","guid":{"rendered":"https:\/\/peoplesphere.be\/nl\/?p=10989"},"modified":"2023-12-15T16:40:20","modified_gmt":"2023-12-15T15:40:20","slug":"bijna-twee-op-de-drie-werkende-belgen-werkenemers-en-zelfstandigen-maken-zich-zorgen-over-hun-financiele-situatie","status":"publish","type":"post","link":"https:\/\/peoplesphere.be\/nl\/bijna-twee-op-de-drie-werkende-belgen-werkenemers-en-zelfstandigen-maken-zich-zorgen-over-hun-financiele-situatie\/","title":{"rendered":"Bijna twee op de drie werkende Belgen (werkenemers en zelfstandigen) maken zich zorgen over hun financi\u00eble situatie."},"content":{"rendered":"<p>Uit een onderzoek bij 1.500 werknemers en zelfstandigen uitgevoerd door Securex, partner in ondernemerschap en tewerkstelling, blijkt dat maar liefst 65,1% van de werkende Belgen zich financi\u00eble zorgen maakt. Dat cijfer ligt nog hoger bij arbeiders en bij vrouwen. Ook jongere werknemers en zelfstandigen en zij met kinderen in huis maken zich vaker zorgen over hun financi\u00eble situatie. Opvallend: hoewel bijna twee op de drie zich financi\u00eble zorgen maakt, geeft 64,6% wel aan voldoende compensatie te ontvangen voor hun werk.<!--more--><\/p>\n<h3><strong><em>Zeven op de tien werkende vrouwen (70,2%) maken zich financi\u00eble zorgen<\/em><\/strong><\/h3>\n<p>Uit het onderzoek van Securex blijkt dat bijna zeven op de tien arbeiders (69,7%) zich zorgen maken over hun financi\u00eble situatie. Bij bedienden hebben ook meer dan zes op de tien financi\u00eble zorgen (62,6%). Tussen werknemers en zelfstandigen werd geen verschil vastgesteld in het onderzoek. Ook vrouwen (70,2%) geven vaker aan zich zorgen te maken over hun financi\u00eble situatie dan mannen (59,9%).<\/p>\n<p>Jongere werkenden, en dan met name -45-jarigen, maken zich meer financi\u00eble zorgen (70,2%) dan hun oudere collega&#8217;s (57,6%). Verder blijkt dat werknemers en zelfstandigen die kinderen in huis hebben zich meer zorgen maken over hun financi\u00eble situatie (69,7%) dan zij die geen kinderen in huis hebben (60,2%).<\/p>\n<p>Tot slot blijkt dat in Walloni\u00eb meer werknemers en zelfstandigen zich financi\u00eble zorgen maken dan in Vlaanderen, met respectievelijk 72,9% van de Walen en 66,9% van de Brusselaars tegenover 61% van de Vlamingen.<\/p>\n<h3><strong><em>Impact op welzijn, concentratie en productiviteit<\/em><\/strong><\/h3>\n<p>De financi\u00eble zorgen hebben ook hun weerslag op de werkvloer: werknemers en zelfstandigen in Belgi\u00eb die zich meer zorgen maken over hun financi\u00eble situatie ervaren een lager welzijnsniveau en scoren gemiddeld lager op welzijnsparameters.<\/p>\n<p>Dat is het geval voor zowel het algemene welzijn (6,4 op 10 voor wie zich financi\u00eble zorgen maakt vs. 6,6 op 10 voor wie zich geen financi\u00eble zorgen maakt), als het persoonlijk welzijn (6,8 vs. 7,2 op 10) en het professioneel welzijn (6,8 vs. 7 op 10).<\/p>\n<p>Frank Vander Sijpe, Director HR Trends &amp; Insights bij Securex: <em>\u201cWie werkt en zorgen heeft over zijn financi\u00eble situatie heeft ook vaak te kampen met verminderde concentratie en productiviteit. Het welzijn lijdt eronder en men valt vaker ziek uit. We zien verschillende parameters die gelinkt zijn aan zowel meer financi\u00eble zorgen als hoger burn-outrisico1, zoals jonge werknemers, alleenstaanden met jonge thuiswonende kinderen en werknemers in Walloni\u00eb.\u201d \u200b<\/em><\/p>\n<h3><strong><em>Werkgevers kunnen werken aan loonoptimalisatie en opleidingen<\/em><\/strong><\/h3>\n<p>Bijna twee op de drie (64,6%) werknemers en zelfstandigen in Belgi\u00eb vinden dat ze voldoende compensatie ontvangen voor het werk dat ze doen. Desondanks heeft 62,3% van deze \u201ctevredenen\u201d toch financi\u00eble zorgen. Hoewel er in de voorbije twee jaar in Belgi\u00eb verschillende indexeringen waren die de brutolonen deden stijgen, kwamen deze er omwille van de hoge inflatie. Indexeringen compenseren niet volledig de hoge inflatie, waardoor het leven desondanks overal duurder is geworden. Bovendien kunnen ook ingrijpende situaties zoals de inval van Rusland in Oekra\u00efne bij werknemers en werkgevers leiden tot zorgen over de mogelijke impact ervan op hun financi\u00eble situatie.<\/p>\n<p>Volgens Frank Vander Sijpe is het belangrijk dat werkgevers mogelijke signalen van financi\u00eble zorgen zoals de mate van loonbeslag en vragen om voorschot op loon of eindejaarspremie serieus nemen en met de betrokken werknemers de dialoog om samen te zoeken naar duurzame oplossingen: <em>\u201cWerknemers kunnen best tevreden zijn met de compensatie die ze krijgen voor hun werk, maar toch financi\u00eble zorgen hebben omdat ze alleenstaande zijn of omdat hun partner niet werkt. Leidinggevenden doen er goed aan om aandacht te schenken aan signalen van financi\u00eble zorgen of burn-outklachten. Daarnaast kan de werkgever financi\u00eble zorgen van medewerkers helpen voorkomen of verminderen door bijvoorbeeld via loonoptimalisatie het nettoloon te verhogen. De werkgever kan ook een cafetariaplan aanbieden waarin werknemers hun loon kunnen toewijzen aan specifieke componenten waaraan zij persoonlijk het meest belang hechten of nood aan hebben, zoals een hospitalisatieverzekering, terugbetaling van individueel pensioensparen, elektronische toestellen of fietsleasing.\u201d<\/em><\/p>\n<p>Om werknemers duurzaam te ondersteunen, kunnen werkgevers naast initiatieven voor loonoptimalisatie ook vrijblijvend workshops of opleiding in budgetbeheer aanbieden. Dat kan als onderdeel van het individueel opleidingsrecht of via een Employee Assistance Program. Dat type opleidingen zijn uiteraard niet in alle gevallen de oplossing, maar kunnen bepaalde medewerkers wel helpen hun financi\u00eble situatie te verbeteren en stress door financi\u00eble zorgen te verminderen<\/p>\n<p>&nbsp;<\/p>\n<p><em>Bron: de cijfers voor dit onderzoek zijn gebaseerd op een online bevraging door iVox bij 1000 werknemers en 500 zelfstandigen. De bevraging vond plaats in opdracht van Securex in december 2022. Wegingen garanderen dat de resultaten representatief zijn voor de populatie van werkende Belgen op vlak van geslacht, regio, leeftijd, statuut en etnische achtergrond. Bij de analyses hanteerden we een algemeen significantieniveau van 5%. De maximale foutenmarge voor deze steekproef bedraagt 2,43% bij een betrouwbaarheidsniveau van 95%.De items in deze survey werden beoordeeld op een schaal van 1 tot 10, gaande van \u2018helemaal niet akkoord\u2019 tot \u2018helemaal akkoord\u2019. Als we de vergelijking maken tussen respondenten zonder en met financi\u00eble zorgen, is dat gebaseerd op een score, respectievelijk, tussen 1 en 5 dan wel tussen 6 en 10.<\/em><\/p>\n","protected":false},"excerpt":{"rendered":"<p>Uit een onderzoek bij 1.500 werknemers en zelfstandigen uitgevoerd door Securex, partner in ondernemerschap en tewerkstelling, blijkt dat maar liefst 65,1% van de werkende Belgen zich financi\u00eble zorgen maakt. Dat cijfer ligt nog hoger bij arbeiders en bij vrouwen. Ook [&hellip;]<\/p>\n","protected":false},"author":3,"featured_media":0,"comment_status":"open","ping_status":"open","sticky":false,"template":"","format":"standard","meta":[],"categories":[3,4],"tags":[1257,2580,2647,1499,96,64],"yoast_head":"<!-- This site is optimized with the Yoast SEO plugin v20.12 - https:\/\/yoast.com\/wordpress\/plugins\/seo\/ -->\n<title>Bijna twee op de drie werkende Belgen (werkenemers en zelfstandigen) maken zich zorgen over hun financi\u00eble situatie. - Peoplesphere<\/title>\n<meta name=\"robots\" content=\"index, follow, max-snippet:-1, max-image-preview:large, max-video-preview:-1\" \/>\n<link rel=\"canonical\" href=\"https:\/\/peoplesphere.be\/nl\/bijna-twee-op-de-drie-werkende-belgen-werkenemers-en-zelfstandigen-maken-zich-zorgen-over-hun-financiele-situatie\/\" \/>\n<meta property=\"og:locale\" content=\"nl_NL\" \/>\n<meta property=\"og:type\" content=\"article\" \/>\n<meta property=\"og:title\" content=\"Bijna twee op de drie werkende Belgen (werkenemers en zelfstandigen) maken zich zorgen over hun financi\u00eble situatie. - Peoplesphere\" \/>\n<meta property=\"og:description\" content=\"Uit een onderzoek bij 1.500 werknemers en zelfstandigen uitgevoerd door Securex, partner in ondernemerschap en tewerkstelling, blijkt dat maar liefst 65,1% van de werkende Belgen zich financi\u00eble zorgen maakt. Dat cijfer ligt nog hoger bij arbeiders en bij vrouwen. Ook [&hellip;]\" \/>\n<meta property=\"og:url\" content=\"https:\/\/peoplesphere.be\/nl\/bijna-twee-op-de-drie-werkende-belgen-werkenemers-en-zelfstandigen-maken-zich-zorgen-over-hun-financiele-situatie\/\" \/>\n<meta property=\"og:site_name\" content=\"Peoplesphere\" \/>\n<meta property=\"article:publisher\" content=\"https:\/\/www.facebook.com\/peoplesphere\" \/>\n<meta property=\"article:published_time\" content=\"2023-12-15T15:40:20+00:00\" \/>\n<meta property=\"og:image\" content=\"http:\/\/www.peoplesphere.be\/nl\/wp-content\/uploads\/2016\/07\/facebook-default-posting-1200x628px.jpg\" \/>\n<meta name=\"author\" content=\"Jean-Paul Erhard\" \/>\n<meta name=\"twitter:card\" content=\"summary_large_image\" \/>\n<meta name=\"twitter:creator\" content=\"@PeoplesphereMag\" \/>\n<meta name=\"twitter:site\" content=\"@PeoplesphereMag\" \/>\n<meta name=\"twitter:label1\" content=\"Geschreven door\" \/>\n\t<meta name=\"twitter:data1\" content=\"Jean-Paul Erhard\" \/>\n\t<meta name=\"twitter:label2\" content=\"Geschatte leestijd\" \/>\n\t<meta name=\"twitter:data2\" content=\"5 minuten\" \/>\n<script type=\"application\/ld+json\" class=\"yoast-schema-graph\">{\"@context\":\"https:\/\/schema.org\",\"@graph\":[{\"@type\":\"WebPage\",\"@id\":\"https:\/\/peoplesphere.be\/nl\/bijna-twee-op-de-drie-werkende-belgen-werkenemers-en-zelfstandigen-maken-zich-zorgen-over-hun-financiele-situatie\/\",\"url\":\"https:\/\/peoplesphere.be\/nl\/bijna-twee-op-de-drie-werkende-belgen-werkenemers-en-zelfstandigen-maken-zich-zorgen-over-hun-financiele-situatie\/\",\"name\":\"Bijna twee op de drie werkende Belgen (werkenemers en zelfstandigen) maken zich zorgen over hun financi\u00eble situatie. - Peoplesphere\",\"isPartOf\":{\"@id\":\"https:\/\/peoplesphere.be\/nl\/#website\"},\"datePublished\":\"2023-12-15T15:40:20+00:00\",\"dateModified\":\"2023-12-15T15:40:20+00:00\",\"author\":{\"@id\":\"https:\/\/peoplesphere.be\/nl\/#\/schema\/person\/0a1c21d8893dd9b9a2cd6e068b4e8cf5\"},\"breadcrumb\":{\"@id\":\"https:\/\/peoplesphere.be\/nl\/bijna-twee-op-de-drie-werkende-belgen-werkenemers-en-zelfstandigen-maken-zich-zorgen-over-hun-financiele-situatie\/#breadcrumb\"},\"inLanguage\":\"nl-NL\",\"potentialAction\":[{\"@type\":\"ReadAction\",\"target\":[\"https:\/\/peoplesphere.be\/nl\/bijna-twee-op-de-drie-werkende-belgen-werkenemers-en-zelfstandigen-maken-zich-zorgen-over-hun-financiele-situatie\/\"]}]},{\"@type\":\"BreadcrumbList\",\"@id\":\"https:\/\/peoplesphere.be\/nl\/bijna-twee-op-de-drie-werkende-belgen-werkenemers-en-zelfstandigen-maken-zich-zorgen-over-hun-financiele-situatie\/#breadcrumb\",\"itemListElement\":[{\"@type\":\"ListItem\",\"position\":1,\"name\":\"Accueil\",\"item\":\"https:\/\/peoplesphere.be\/nl\/\"},{\"@type\":\"ListItem\",\"position\":2,\"name\":\"Bijna twee op de drie werkende Belgen (werkenemers en zelfstandigen) maken zich zorgen over hun financi\u00eble situatie.\"}]},{\"@type\":\"WebSite\",\"@id\":\"https:\/\/peoplesphere.be\/nl\/#website\",\"url\":\"https:\/\/peoplesphere.be\/nl\/\",\"name\":\"Peoplesphere\",\"description\":\"The People Managers Magazine\",\"potentialAction\":[{\"@type\":\"SearchAction\",\"target\":{\"@type\":\"EntryPoint\",\"urlTemplate\":\"https:\/\/peoplesphere.be\/nl\/?s={search_term_string}\"},\"query-input\":\"required name=search_term_string\"}],\"inLanguage\":\"nl-NL\"},{\"@type\":\"Person\",\"@id\":\"https:\/\/peoplesphere.be\/nl\/#\/schema\/person\/0a1c21d8893dd9b9a2cd6e068b4e8cf5\",\"name\":\"Jean-Paul Erhard\",\"image\":{\"@type\":\"ImageObject\",\"inLanguage\":\"nl-NL\",\"@id\":\"https:\/\/peoplesphere.be\/nl\/#\/schema\/person\/image\/\",\"url\":\"https:\/\/secure.gravatar.com\/avatar\/f941e681460179738071629a51574930?s=96&d=mm&r=g\",\"contentUrl\":\"https:\/\/secure.gravatar.com\/avatar\/f941e681460179738071629a51574930?s=96&d=mm&r=g\",\"caption\":\"Jean-Paul Erhard\"},\"url\":\"https:\/\/peoplesphere.be\/nl\/author\/jpe\/\"}]}<\/script>\n<!-- \/ Yoast SEO plugin. -->","yoast_head_json":{"title":"Bijna twee op de drie werkende Belgen (werkenemers en zelfstandigen) maken zich zorgen over hun financi\u00eble situatie. - Peoplesphere","robots":{"index":"index","follow":"follow","max-snippet":"max-snippet:-1","max-image-preview":"max-image-preview:large","max-video-preview":"max-video-preview:-1"},"canonical":"https:\/\/peoplesphere.be\/nl\/bijna-twee-op-de-drie-werkende-belgen-werkenemers-en-zelfstandigen-maken-zich-zorgen-over-hun-financiele-situatie\/","og_locale":"nl_NL","og_type":"article","og_title":"Bijna twee op de drie werkende Belgen (werkenemers en zelfstandigen) maken zich zorgen over hun financi\u00eble situatie. - Peoplesphere","og_description":"Uit een onderzoek bij 1.500 werknemers en zelfstandigen uitgevoerd door Securex, partner in ondernemerschap en tewerkstelling, blijkt dat maar liefst 65,1% van de werkende Belgen zich financi\u00eble zorgen maakt. Dat cijfer ligt nog hoger bij arbeiders en bij vrouwen. Ook [&hellip;]","og_url":"https:\/\/peoplesphere.be\/nl\/bijna-twee-op-de-drie-werkende-belgen-werkenemers-en-zelfstandigen-maken-zich-zorgen-over-hun-financiele-situatie\/","og_site_name":"Peoplesphere","article_publisher":"https:\/\/www.facebook.com\/peoplesphere","article_published_time":"2023-12-15T15:40:20+00:00","og_image":[{"url":"http:\/\/www.peoplesphere.be\/nl\/wp-content\/uploads\/2016\/07\/facebook-default-posting-1200x628px.jpg"}],"author":"Jean-Paul Erhard","twitter_card":"summary_large_image","twitter_creator":"@PeoplesphereMag","twitter_site":"@PeoplesphereMag","twitter_misc":{"Geschreven door":"Jean-Paul Erhard","Geschatte leestijd":"5 minuten"},"schema":{"@context":"https:\/\/schema.org","@graph":[{"@type":"WebPage","@id":"https:\/\/peoplesphere.be\/nl\/bijna-twee-op-de-drie-werkende-belgen-werkenemers-en-zelfstandigen-maken-zich-zorgen-over-hun-financiele-situatie\/","url":"https:\/\/peoplesphere.be\/nl\/bijna-twee-op-de-drie-werkende-belgen-werkenemers-en-zelfstandigen-maken-zich-zorgen-over-hun-financiele-situatie\/","name":"Bijna twee op de drie werkende Belgen (werkenemers en zelfstandigen) maken zich zorgen over hun financi\u00eble situatie. - Peoplesphere","isPartOf":{"@id":"https:\/\/peoplesphere.be\/nl\/#website"},"datePublished":"2023-12-15T15:40:20+00:00","dateModified":"2023-12-15T15:40:20+00:00","author":{"@id":"https:\/\/peoplesphere.be\/nl\/#\/schema\/person\/0a1c21d8893dd9b9a2cd6e068b4e8cf5"},"breadcrumb":{"@id":"https:\/\/peoplesphere.be\/nl\/bijna-twee-op-de-drie-werkende-belgen-werkenemers-en-zelfstandigen-maken-zich-zorgen-over-hun-financiele-situatie\/#breadcrumb"},"inLanguage":"nl-NL","potentialAction":[{"@type":"ReadAction","target":["https:\/\/peoplesphere.be\/nl\/bijna-twee-op-de-drie-werkende-belgen-werkenemers-en-zelfstandigen-maken-zich-zorgen-over-hun-financiele-situatie\/"]}]},{"@type":"BreadcrumbList","@id":"https:\/\/peoplesphere.be\/nl\/bijna-twee-op-de-drie-werkende-belgen-werkenemers-en-zelfstandigen-maken-zich-zorgen-over-hun-financiele-situatie\/#breadcrumb","itemListElement":[{"@type":"ListItem","position":1,"name":"Accueil","item":"https:\/\/peoplesphere.be\/nl\/"},{"@type":"ListItem","position":2,"name":"Bijna twee op de drie werkende Belgen (werkenemers en zelfstandigen) maken zich zorgen over hun financi\u00eble situatie."}]},{"@type":"WebSite","@id":"https:\/\/peoplesphere.be\/nl\/#website","url":"https:\/\/peoplesphere.be\/nl\/","name":"Peoplesphere","description":"The People Managers Magazine","potentialAction":[{"@type":"SearchAction","target":{"@type":"EntryPoint","urlTemplate":"https:\/\/peoplesphere.be\/nl\/?s={search_term_string}"},"query-input":"required name=search_term_string"}],"inLanguage":"nl-NL"},{"@type":"Person","@id":"https:\/\/peoplesphere.be\/nl\/#\/schema\/person\/0a1c21d8893dd9b9a2cd6e068b4e8cf5","name":"Jean-Paul Erhard","image":{"@type":"ImageObject","inLanguage":"nl-NL","@id":"https:\/\/peoplesphere.be\/nl\/#\/schema\/person\/image\/","url":"https:\/\/secure.gravatar.com\/avatar\/f941e681460179738071629a51574930?s=96&d=mm&r=g","contentUrl":"https:\/\/secure.gravatar.com\/avatar\/f941e681460179738071629a51574930?s=96&d=mm&r=g","caption":"Jean-Paul Erhard"},"url":"https:\/\/peoplesphere.be\/nl\/author\/jpe\/"}]}},"_links":{"self":[{"href":"https:\/\/peoplesphere.be\/nl\/wp-json\/wp\/v2\/posts\/10989"}],"collection":[{"href":"https:\/\/peoplesphere.be\/nl\/wp-json\/wp\/v2\/posts"}],"about":[{"href":"https:\/\/peoplesphere.be\/nl\/wp-json\/wp\/v2\/types\/post"}],"author":[{"embeddable":true,"href":"https:\/\/peoplesphere.be\/nl\/wp-json\/wp\/v2\/users\/3"}],"replies":[{"embeddable":true,"href":"https:\/\/peoplesphere.be\/nl\/wp-json\/wp\/v2\/comments?post=10989"}],"version-history":[{"count":1,"href":"https:\/\/peoplesphere.be\/nl\/wp-json\/wp\/v2\/posts\/10989\/revisions"}],"predecessor-version":[{"id":10990,"href":"https:\/\/peoplesphere.be\/nl\/wp-json\/wp\/v2\/posts\/10989\/revisions\/10990"}],"wp:attachment":[{"href":"https:\/\/peoplesphere.be\/nl\/wp-json\/wp\/v2\/media?parent=10989"}],"wp:term":[{"taxonomy":"category","embeddable":true,"href":"https:\/\/peoplesphere.be\/nl\/wp-json\/wp\/v2\/categories?post=10989"},{"taxonomy":"post_tag","embeddable":true,"href":"https:\/\/peoplesphere.be\/nl\/wp-json\/wp\/v2\/tags?post=10989"}],"curies":[{"name":"wp","href":"https:\/\/api.w.org\/{rel}","templated":true}]}}