











{"id":11262,"date":"2024-02-27T07:25:32","date_gmt":"2024-02-27T06:25:32","guid":{"rendered":"https:\/\/peoplesphere.be\/nl\/?p=11262"},"modified":"2024-02-27T07:25:32","modified_gmt":"2024-02-27T06:25:32","slug":"vaste-overtuigingen-rond-langdurig-zieken-inclusiviteit-en-flexibiliteit-moeten-tijdens-dit-verkiezingsjaar-aangepakt-worden","status":"publish","type":"post","link":"https:\/\/peoplesphere.be\/nl\/vaste-overtuigingen-rond-langdurig-zieken-inclusiviteit-en-flexibiliteit-moeten-tijdens-dit-verkiezingsjaar-aangepakt-worden\/","title":{"rendered":"\u201cVaste overtuigingen rond langdurig zieken, inclusiviteit en flexibiliteit moeten tijdens dit verkiezingsjaar aangepakt worden\u201d."},"content":{"rendered":"<p>Anouk Lagae, uittredend CEO van Accent kruipt nog een laatste keer in haar pen om het te hebben over de polarisatie op de arbeidsmarkt. Volgens Lagae moeten we vastgeroeste overtuigingen over langdurig zieken, flexibele arbeid, veranderingen op de arbeidsmarkt en inclusie leren loslaten. Alleen zo kunnen we het hoofd bieden aan de blijvende krapte op de arbeidsmarkt.<!--more--><\/p>\n<h3><strong><em>Arbeidsongeschiktheid is een stigmatiserend begrip<\/em><\/strong><\/h3>\n<p>Bedrijven blijven moeilijkheden hebben om hun vacatures in te vullen, de War for Talent is nog niet voorbij. Niet de werkloosheidsgraad is het probleem, w\u00e9l de ziektegraad. De werkloosheidsgraad is de afgelopen jaren niet per se gestegen, de ziektegraad wel. Steeds meer mensen zijn langdurig ziek, en krijgen daarom het label arbeidsongeschikt. In Belg\u00eb wekt dat label polarisatie op. Het doet vermoeden dat mensen helemaal niet meer kunnen werken, maar dat beeld strookt niet met de realiteit.<\/p>\n<p>Langdurig zieken kunnen wellicht niet meer aan de slag in dezelfde rol als voordien, maar dat wil niet zeggen dat ze daarom ook niet in staat zijn om een andere job uit te oefenen, eventueel met een aanvullende uitkering of loonsbehoud. Er is dringend nood aan een nieuw statuut om mensen die langdurig ziek zijn makkelijker terug aan het werk te helpen zodat ze niet langer als slachtoffer of incompetent worden gezien en de stigma\u2019s rond hun statuut afnemen. Ook deze mensen zitten nog vol talenten die (anders) ingezet kunnen worden.<\/p>\n<p>Op dit moment zijn er echter nog te veel barri\u00e8res in de wetgeving om zo\u2019n nieuw statuut mogelijk te maken. Belangrijke partijen wijzen met de vinger naar elkaar, maar de grondige hervormingen, die nodig zijn om veranderingen te realiseren, blijven veel te lang uit. Niemand pakt de situatie echt aan. Accent wil meedenken, vanuit de expertise over de arbeidsmarkt die we hebben opgebouwd. Blijven toekijken, zonder meer, is niet langer een optie. Het is belangrijk dat bedrijven, mutualiteiten, artsen en preventiediensten de handen in elkaar slaan om actie te ondernemen. Iedereen kan zijn steentje bijdragen, maar een aangepast wettelijk kader vanuit de overheid dat meer mogelijk maakt, is broodnodig.<\/p>\n<h3><strong><em>Flexibiliteit moet gefaciliteerd en omarmd worden<\/em><\/strong><\/h3>\n<p>Er is een grotere fragmentatie van contracttypes op de arbeidsmarkt. Het tijdperk van een lange vaste carri\u00e8re bij eenzelfde bedrijf is voorbij. De jongere generaties willen niet meer vasthangen aan \u00e9\u00e9n werkgever. Ze zijn minder op zoek naar een carri\u00e8re, maar willen flexibiliteit en ervaringen.<br \/>\nFlexibelere manieren van werken, zoals flexijobs of uitzendarbeid, kunnen een antwoord bieden op hun vraag. Zo kunnen zij bepaalde dagen van de week de ene job doen, en op andere dagen een job die meer bij hun passie aansluit. Zo kunnen ze bijvoorbeeld vier dagen per week werken als boekhouder en \u00e9\u00e9n dag bijklussen als fotograaf. Ze worden slashees genoemd.<br \/>\nBedrijven moeten deze vraag naar meer flexibiliteit omarmen, en de overheden moeten dit meer faciliteren. Op dit moment is er veel onduidelijkheid over flexibele werkvormen. Hoe zit met een loonplafond bij flexijobs? Kan je halftijds werken en flexijobben? Kan je in elke job deeltijds gaan werken en moeten werkgevers dit sowieso toestaan als medewerkers ernaar vragen? Deze onduidelijkheden zorgen ervoor dat we flexibele arbeidsvormen nog niet voldoende durven omarmen en daar moet verandering in komen.<\/p>\n<h3><strong><em>De jobs van vandaag zijn niet de jobs van morgen<\/em><\/strong><\/h3>\n<p>Niet enkel flexibiliteit moet meer omarmd worden, bedrijven moeten ook inzien dat onze arbeidsmarkt aan een razendsnel tempo verandert qua jobinhoud en soorten jobs. De jobs van vandaag zijn niet per se meer de jobs van morgen. Door innovaties die vandaag plaatsvinden, zullen er morgen jobs nodig zijn om met deze innovaties aan de slag te gaan. Neem het voorbeeld van laadpaalinstallateur. Een aantal jaar geleden bestond deze job misschien nog niet, maar met de opkomst van de elektrische auto zijn deze profielen steeds meer nodig.<br \/>\nVanuit Accent willen we erop inzetten om mensen vandaag klaar te stomen om de jobs van morgen uit te oefenen. Met onze omscholingstrajecten geven we mensen de kans om hun skills aan te passen om zo andere soorten jobs te kunnen uitoefenen. Wij komen zelf met oplossingen voor onze klanten, want we kunnen niet wachten tot de educatieve tanker zich aanpast aan de snelevoluerende markt. En kandidaten zullen zich moeten realiseren dat je nooit meer echt &#8216;afgestudeerd&#8217; bent. Continu (bij)leren zal noodzakelijk zijn in de toekomst.<\/p>\n<h3><strong><em>Inclusiviteit gaat hand in hand met een productieve werkvloer<\/em><\/strong><\/h3>\n<p>Werkvloeren moeten inclusiever mensen aannemen. Bij Accent merken we dat bedrijven minder polariserend willen zijn en willen openstaan voor diversere profielen. Bedrijven moeten niet enkel op zoek gaan naar de profielen die bij hun openstaande functies passen, maar moeten meer zoeken naar de cultural fit. Wij geloven enorm in \u201chire the will, train the skill.\u201d Als iemands kennis of achtergrond niet aansluit bij het gezochte profiel, kunnen ze die mensen opleiden.<\/p>\n<p>Accent lanceerde eind 2022 open-minded hiring, een principe om bedrijven te inspireren om, zonder vooroordelen, meer diversere profielen aan te nemen. Open-minded hiring is een manier om de werkvloer inclusiever te maken opdat die een weerspiegeling wordt van de samenleving. Er zijn in ons land een heleboel knelpuntberoepen die mensen niet kunnen of willen doen. Een deel van de oplossing om die beroepen toch in te vullen is om arbeidsmigratie toe te laten. Arbeidsmigratie wordt echter nog te hard als een bedreiging gezien en de wetgeving, zeker voor arbeidsmigranten van buiten Europa, is log en niet flexibel. Bovendien maken nog te veel zaken Belgi\u00eb onaantrekkelijk voor arbeidsmigranten. Denk maar aan het woningdecreet dat volledig achterhaald is en het volstrekt onmogelijk maakt om meer flexibele vormen van co-housing toe te laten die erg interessant zouden zijn voor arbeidsmigranten.<br \/>\nAlleen wanneer we op een meer flexibele manier met deze zaken omgaan, kunnen we het hoofd bieden aan de krapte op de arbeidsmarkt. Er is zoveel talent aanwezig, waarom laten we het verloren gaan?<\/p>\n<p>&nbsp;<\/p>\n<p><em>Anouk Lagae, CEO van Accent<\/em><\/p>\n<p><em>Picture \u00a9Accent Jobs &#8211; MomentsByBram<\/em><\/p>\n","protected":false},"excerpt":{"rendered":"<p>Anouk Lagae, uittredend CEO van Accent kruipt nog een laatste keer in haar pen om het te hebben over de polarisatie op de arbeidsmarkt. Volgens Lagae moeten we vastgeroeste overtuigingen over langdurig zieken, flexibele arbeid, veranderingen op de arbeidsmarkt en [&hellip;]<\/p>\n","protected":false},"author":3,"featured_media":11263,"comment_status":"open","ping_status":"open","sticky":false,"template":"","format":"standard","meta":[],"categories":[9,3,7,4],"tags":[40,14,3057,35],"yoast_head":"<!-- This site is optimized with the Yoast SEO plugin v20.12 - https:\/\/yoast.com\/wordpress\/plugins\/seo\/ -->\n<title>\u201cVaste overtuigingen rond langdurig zieken, inclusiviteit en flexibiliteit moeten tijdens dit verkiezingsjaar aangepakt worden\u201d. - Peoplesphere<\/title>\n<meta name=\"robots\" content=\"index, follow, max-snippet:-1, max-image-preview:large, max-video-preview:-1\" \/>\n<link rel=\"canonical\" href=\"https:\/\/peoplesphere.be\/nl\/vaste-overtuigingen-rond-langdurig-zieken-inclusiviteit-en-flexibiliteit-moeten-tijdens-dit-verkiezingsjaar-aangepakt-worden\/\" \/>\n<meta property=\"og:locale\" content=\"nl_NL\" \/>\n<meta property=\"og:type\" content=\"article\" \/>\n<meta property=\"og:title\" content=\"\u201cVaste overtuigingen rond langdurig zieken, inclusiviteit en flexibiliteit moeten tijdens dit verkiezingsjaar aangepakt worden\u201d. - Peoplesphere\" \/>\n<meta property=\"og:description\" content=\"Anouk Lagae, uittredend CEO van Accent kruipt nog een laatste keer in haar pen om het te hebben over de polarisatie op de arbeidsmarkt. Volgens Lagae moeten we vastgeroeste overtuigingen over langdurig zieken, flexibele arbeid, veranderingen op de arbeidsmarkt en [&hellip;]\" \/>\n<meta property=\"og:url\" content=\"https:\/\/peoplesphere.be\/nl\/vaste-overtuigingen-rond-langdurig-zieken-inclusiviteit-en-flexibiliteit-moeten-tijdens-dit-verkiezingsjaar-aangepakt-worden\/\" \/>\n<meta property=\"og:site_name\" content=\"Peoplesphere\" \/>\n<meta property=\"article:publisher\" content=\"https:\/\/www.facebook.com\/peoplesphere\" \/>\n<meta property=\"article:published_time\" content=\"2024-02-27T06:25:32+00:00\" \/>\n<meta property=\"og:image\" content=\"https:\/\/peoplesphere.be\/nl\/wp-content\/uploads\/2024\/02\/20240227anouklagae.jpg\" \/>\n\t<meta property=\"og:image:width\" content=\"787\" \/>\n\t<meta property=\"og:image:height\" content=\"406\" \/>\n\t<meta property=\"og:image:type\" content=\"image\/jpeg\" \/>\n<meta name=\"author\" content=\"Jean-Paul Erhard\" \/>\n<meta name=\"twitter:card\" content=\"summary_large_image\" \/>\n<meta name=\"twitter:creator\" content=\"@PeoplesphereMag\" \/>\n<meta name=\"twitter:site\" content=\"@PeoplesphereMag\" \/>\n<meta name=\"twitter:label1\" content=\"Geschreven door\" \/>\n\t<meta name=\"twitter:data1\" content=\"Jean-Paul Erhard\" \/>\n\t<meta name=\"twitter:label2\" content=\"Geschatte leestijd\" \/>\n\t<meta name=\"twitter:data2\" content=\"5 minuten\" \/>\n<script type=\"application\/ld+json\" class=\"yoast-schema-graph\">{\"@context\":\"https:\/\/schema.org\",\"@graph\":[{\"@type\":\"WebPage\",\"@id\":\"https:\/\/peoplesphere.be\/nl\/vaste-overtuigingen-rond-langdurig-zieken-inclusiviteit-en-flexibiliteit-moeten-tijdens-dit-verkiezingsjaar-aangepakt-worden\/\",\"url\":\"https:\/\/peoplesphere.be\/nl\/vaste-overtuigingen-rond-langdurig-zieken-inclusiviteit-en-flexibiliteit-moeten-tijdens-dit-verkiezingsjaar-aangepakt-worden\/\",\"name\":\"\u201cVaste overtuigingen rond langdurig zieken, inclusiviteit en flexibiliteit moeten tijdens dit verkiezingsjaar aangepakt worden\u201d. - Peoplesphere\",\"isPartOf\":{\"@id\":\"https:\/\/peoplesphere.be\/nl\/#website\"},\"datePublished\":\"2024-02-27T06:25:32+00:00\",\"dateModified\":\"2024-02-27T06:25:32+00:00\",\"author\":{\"@id\":\"https:\/\/peoplesphere.be\/nl\/#\/schema\/person\/0a1c21d8893dd9b9a2cd6e068b4e8cf5\"},\"breadcrumb\":{\"@id\":\"https:\/\/peoplesphere.be\/nl\/vaste-overtuigingen-rond-langdurig-zieken-inclusiviteit-en-flexibiliteit-moeten-tijdens-dit-verkiezingsjaar-aangepakt-worden\/#breadcrumb\"},\"inLanguage\":\"nl-NL\",\"potentialAction\":[{\"@type\":\"ReadAction\",\"target\":[\"https:\/\/peoplesphere.be\/nl\/vaste-overtuigingen-rond-langdurig-zieken-inclusiviteit-en-flexibiliteit-moeten-tijdens-dit-verkiezingsjaar-aangepakt-worden\/\"]}]},{\"@type\":\"BreadcrumbList\",\"@id\":\"https:\/\/peoplesphere.be\/nl\/vaste-overtuigingen-rond-langdurig-zieken-inclusiviteit-en-flexibiliteit-moeten-tijdens-dit-verkiezingsjaar-aangepakt-worden\/#breadcrumb\",\"itemListElement\":[{\"@type\":\"ListItem\",\"position\":1,\"name\":\"Accueil\",\"item\":\"https:\/\/peoplesphere.be\/nl\/\"},{\"@type\":\"ListItem\",\"position\":2,\"name\":\"\u201cVaste overtuigingen rond langdurig zieken, inclusiviteit en flexibiliteit moeten tijdens dit verkiezingsjaar aangepakt worden\u201d.\"}]},{\"@type\":\"WebSite\",\"@id\":\"https:\/\/peoplesphere.be\/nl\/#website\",\"url\":\"https:\/\/peoplesphere.be\/nl\/\",\"name\":\"Peoplesphere\",\"description\":\"The People Managers Magazine\",\"potentialAction\":[{\"@type\":\"SearchAction\",\"target\":{\"@type\":\"EntryPoint\",\"urlTemplate\":\"https:\/\/peoplesphere.be\/nl\/?s={search_term_string}\"},\"query-input\":\"required name=search_term_string\"}],\"inLanguage\":\"nl-NL\"},{\"@type\":\"Person\",\"@id\":\"https:\/\/peoplesphere.be\/nl\/#\/schema\/person\/0a1c21d8893dd9b9a2cd6e068b4e8cf5\",\"name\":\"Jean-Paul Erhard\",\"image\":{\"@type\":\"ImageObject\",\"inLanguage\":\"nl-NL\",\"@id\":\"https:\/\/peoplesphere.be\/nl\/#\/schema\/person\/image\/\",\"url\":\"https:\/\/secure.gravatar.com\/avatar\/f941e681460179738071629a51574930?s=96&d=mm&r=g\",\"contentUrl\":\"https:\/\/secure.gravatar.com\/avatar\/f941e681460179738071629a51574930?s=96&d=mm&r=g\",\"caption\":\"Jean-Paul Erhard\"},\"url\":\"https:\/\/peoplesphere.be\/nl\/author\/jpe\/\"}]}<\/script>\n<!-- \/ Yoast SEO plugin. -->","yoast_head_json":{"title":"\u201cVaste overtuigingen rond langdurig zieken, inclusiviteit en flexibiliteit moeten tijdens dit verkiezingsjaar aangepakt worden\u201d. - Peoplesphere","robots":{"index":"index","follow":"follow","max-snippet":"max-snippet:-1","max-image-preview":"max-image-preview:large","max-video-preview":"max-video-preview:-1"},"canonical":"https:\/\/peoplesphere.be\/nl\/vaste-overtuigingen-rond-langdurig-zieken-inclusiviteit-en-flexibiliteit-moeten-tijdens-dit-verkiezingsjaar-aangepakt-worden\/","og_locale":"nl_NL","og_type":"article","og_title":"\u201cVaste overtuigingen rond langdurig zieken, inclusiviteit en flexibiliteit moeten tijdens dit verkiezingsjaar aangepakt worden\u201d. - Peoplesphere","og_description":"Anouk Lagae, uittredend CEO van Accent kruipt nog een laatste keer in haar pen om het te hebben over de polarisatie op de arbeidsmarkt. Volgens Lagae moeten we vastgeroeste overtuigingen over langdurig zieken, flexibele arbeid, veranderingen op de arbeidsmarkt en [&hellip;]","og_url":"https:\/\/peoplesphere.be\/nl\/vaste-overtuigingen-rond-langdurig-zieken-inclusiviteit-en-flexibiliteit-moeten-tijdens-dit-verkiezingsjaar-aangepakt-worden\/","og_site_name":"Peoplesphere","article_publisher":"https:\/\/www.facebook.com\/peoplesphere","article_published_time":"2024-02-27T06:25:32+00:00","og_image":[{"width":787,"height":406,"url":"https:\/\/peoplesphere.be\/nl\/wp-content\/uploads\/2024\/02\/20240227anouklagae.jpg","type":"image\/jpeg"}],"author":"Jean-Paul Erhard","twitter_card":"summary_large_image","twitter_creator":"@PeoplesphereMag","twitter_site":"@PeoplesphereMag","twitter_misc":{"Geschreven door":"Jean-Paul Erhard","Geschatte leestijd":"5 minuten"},"schema":{"@context":"https:\/\/schema.org","@graph":[{"@type":"WebPage","@id":"https:\/\/peoplesphere.be\/nl\/vaste-overtuigingen-rond-langdurig-zieken-inclusiviteit-en-flexibiliteit-moeten-tijdens-dit-verkiezingsjaar-aangepakt-worden\/","url":"https:\/\/peoplesphere.be\/nl\/vaste-overtuigingen-rond-langdurig-zieken-inclusiviteit-en-flexibiliteit-moeten-tijdens-dit-verkiezingsjaar-aangepakt-worden\/","name":"\u201cVaste overtuigingen rond langdurig zieken, inclusiviteit en flexibiliteit moeten tijdens dit verkiezingsjaar aangepakt worden\u201d. - Peoplesphere","isPartOf":{"@id":"https:\/\/peoplesphere.be\/nl\/#website"},"datePublished":"2024-02-27T06:25:32+00:00","dateModified":"2024-02-27T06:25:32+00:00","author":{"@id":"https:\/\/peoplesphere.be\/nl\/#\/schema\/person\/0a1c21d8893dd9b9a2cd6e068b4e8cf5"},"breadcrumb":{"@id":"https:\/\/peoplesphere.be\/nl\/vaste-overtuigingen-rond-langdurig-zieken-inclusiviteit-en-flexibiliteit-moeten-tijdens-dit-verkiezingsjaar-aangepakt-worden\/#breadcrumb"},"inLanguage":"nl-NL","potentialAction":[{"@type":"ReadAction","target":["https:\/\/peoplesphere.be\/nl\/vaste-overtuigingen-rond-langdurig-zieken-inclusiviteit-en-flexibiliteit-moeten-tijdens-dit-verkiezingsjaar-aangepakt-worden\/"]}]},{"@type":"BreadcrumbList","@id":"https:\/\/peoplesphere.be\/nl\/vaste-overtuigingen-rond-langdurig-zieken-inclusiviteit-en-flexibiliteit-moeten-tijdens-dit-verkiezingsjaar-aangepakt-worden\/#breadcrumb","itemListElement":[{"@type":"ListItem","position":1,"name":"Accueil","item":"https:\/\/peoplesphere.be\/nl\/"},{"@type":"ListItem","position":2,"name":"\u201cVaste overtuigingen rond langdurig zieken, inclusiviteit en flexibiliteit moeten tijdens dit verkiezingsjaar aangepakt worden\u201d."}]},{"@type":"WebSite","@id":"https:\/\/peoplesphere.be\/nl\/#website","url":"https:\/\/peoplesphere.be\/nl\/","name":"Peoplesphere","description":"The People Managers Magazine","potentialAction":[{"@type":"SearchAction","target":{"@type":"EntryPoint","urlTemplate":"https:\/\/peoplesphere.be\/nl\/?s={search_term_string}"},"query-input":"required name=search_term_string"}],"inLanguage":"nl-NL"},{"@type":"Person","@id":"https:\/\/peoplesphere.be\/nl\/#\/schema\/person\/0a1c21d8893dd9b9a2cd6e068b4e8cf5","name":"Jean-Paul Erhard","image":{"@type":"ImageObject","inLanguage":"nl-NL","@id":"https:\/\/peoplesphere.be\/nl\/#\/schema\/person\/image\/","url":"https:\/\/secure.gravatar.com\/avatar\/f941e681460179738071629a51574930?s=96&d=mm&r=g","contentUrl":"https:\/\/secure.gravatar.com\/avatar\/f941e681460179738071629a51574930?s=96&d=mm&r=g","caption":"Jean-Paul Erhard"},"url":"https:\/\/peoplesphere.be\/nl\/author\/jpe\/"}]}},"_links":{"self":[{"href":"https:\/\/peoplesphere.be\/nl\/wp-json\/wp\/v2\/posts\/11262"}],"collection":[{"href":"https:\/\/peoplesphere.be\/nl\/wp-json\/wp\/v2\/posts"}],"about":[{"href":"https:\/\/peoplesphere.be\/nl\/wp-json\/wp\/v2\/types\/post"}],"author":[{"embeddable":true,"href":"https:\/\/peoplesphere.be\/nl\/wp-json\/wp\/v2\/users\/3"}],"replies":[{"embeddable":true,"href":"https:\/\/peoplesphere.be\/nl\/wp-json\/wp\/v2\/comments?post=11262"}],"version-history":[{"count":1,"href":"https:\/\/peoplesphere.be\/nl\/wp-json\/wp\/v2\/posts\/11262\/revisions"}],"predecessor-version":[{"id":11264,"href":"https:\/\/peoplesphere.be\/nl\/wp-json\/wp\/v2\/posts\/11262\/revisions\/11264"}],"wp:featuredmedia":[{"embeddable":true,"href":"https:\/\/peoplesphere.be\/nl\/wp-json\/wp\/v2\/media\/11263"}],"wp:attachment":[{"href":"https:\/\/peoplesphere.be\/nl\/wp-json\/wp\/v2\/media?parent=11262"}],"wp:term":[{"taxonomy":"category","embeddable":true,"href":"https:\/\/peoplesphere.be\/nl\/wp-json\/wp\/v2\/categories?post=11262"},{"taxonomy":"post_tag","embeddable":true,"href":"https:\/\/peoplesphere.be\/nl\/wp-json\/wp\/v2\/tags?post=11262"}],"curies":[{"name":"wp","href":"https:\/\/api.w.org\/{rel}","templated":true}]}}