











{"id":11659,"date":"2024-05-27T06:28:29","date_gmt":"2024-05-27T05:28:29","guid":{"rendered":"https:\/\/peoplesphere.be\/nl\/?p=11659"},"modified":"2024-05-27T06:28:29","modified_gmt":"2024-05-27T05:28:29","slug":"het-totale-ziektepercentage-in-de-dienstenchequesector-steeg-in-2023-tot-202-een-op-vijf-werkers-uit-door-ziekte","status":"publish","type":"post","link":"https:\/\/peoplesphere.be\/nl\/het-totale-ziektepercentage-in-de-dienstenchequesector-steeg-in-2023-tot-202-een-op-vijf-werkers-uit-door-ziekte\/","title":{"rendered":"Het totale ziektepercentage in de dienstenchequesector steeg in 2023 tot 20,2%: een op vijf werkers uit door ziekte."},"content":{"rendered":"<p>Het ziektepercentage in de dienstenchequesector (PC 322.01) bereikte in 2023 een recordhoogte van 20,2%. Vooral opvallend is het langdurig ziekteverzuim onder dienstenchequewerkers: 10,4% van hen was op een gemiddelde werkdag al langer dan een jaar ziek afwezig van het werk. Dit betekent een stijging met 13,6% ten opzichte van 2022. Deze cijfers liggen gevoelig hoger dan het algemene ziektepercentage in Belgi\u00eb (8,2% in 2023) en het algemene langdurig ziektepercentage (3,3% in 2023).<!--more--><\/p>\n<p>Op een gemiddelde werkdag in 2023 was 4,4% van de dienstenchequewerkers minder dan een maand afwezig door ziekte; 5,4% tussen een maand en een jaar.<\/p>\n<p>De langdurige ziektecijfers in de dienstenchequesector pieken opnieuw, na een eerder hoogtepunt in 2020 toen het algemene ziektepercentage ook sterk steeg.<\/p>\n<p>Heidi Verlinden, research project manager bij Securex, verklaart: <em>\u201cOok toen gingen de cijfers in de dienstenchequesector veel hoger. Zo lag de focus van werkgevers vooral op hun bedrijf te laten overleven in volle coronacrisis en in orde te zijn met alle coronamaatregelen, en dus minder op de werkhervatting van zieke werknemers. Bovendien hadden afwezige werknemers in de dienstenchequesector omwille van het besmettingsgevaar minder de neiging om terug te keren naar het werk, wat in hun geval vaak de woning is van klanten die toen massaal thuiswerkten.\u201d<\/em><\/p>\n<h3><strong><em>Ziekte bij dienstenchequewerkers vs. arbeiders<\/em><\/strong><\/h3>\n<p>In 2023 bedroeg het totale ziektepercentage over alle sectoren heen 8,2%; dat van enkel arbeiders 11,3%: vrijwel de helft van het percentage in de dienstenchequesector. Het langdurig absente\u00efsmepercentage (langer dan een jaar ziek) over alle sectoren heen was 3,3% in 2023 en specifiek voor arbeiders 4,9%: minder dan de helft in vergelijking met de dienstenchequesector.<\/p>\n<p>In 2013 lag het lange ziektepercentage in de dienstenchequesector (3,1%) nog even hoog dan bij arbeiders in alle sectoren samen: in de voorbije tien jaar is dit cijfer in de dienstenchequesector meer dan verdrievoudigd (x3,4), terwijl de stijging in andere sectoren x1,6 was.<\/p>\n<h3><strong><em>Verklaringen en oplossingen<\/em><\/strong><\/h3>\n<p>Volgens Elisabeth Van Steendam, Talent &amp; Wellbeing Manager bij Securex, zijn er meerdere verklaringen voor de hoge ziektecijfers in de dienstenchequesector: <em>\u201cHet gaat doorgaans om fysiek zware jobs en het is moeilijk om aangepast werk te organiseren dat beter aansluit op de capaciteiten van iemand. Ook omdat er vaker een taalbarri\u00e8re is. Daarnaast zijn er ook mentale aspecten. Dienstenchequewerkers werken meestal alleen, zonder contact met collega\u2019s of bij klanten waarvan ze niet altijd erkenning krijgen.\u201d<\/em><\/p>\n<p>Elisabeth Van Steendam merkt bij dienstenchequewerkgevers wel stijgende aandacht en inspanningen voor hun medewerkers: <em>\u201cHet klopt niet dat het een sector is waar sprake is van uitbuiting. Wel is het gemiddeld aantal werknemers per dienstenchequebedrijf in onze portefeuille meer dan verdrievoudigd tussen 2010 en 2023.\u201d Ze geeft alvast een aantal tips om uitval te vermijden. \u201cHet belangrijkste is om aanwezigheid bespreekbaar te maken vanaf het begin, en niet enkel in te grijpen na meerdere afwezigheden. Verder is het waardevol op lange termijn om advies te geven over ergonomisch werken. Ook zorgt een flexibel uurrooster voor meer autonomie en flexibiliteit, en leiden regelmatige teammomenten tot meer verbinding.\u201d<\/em><\/p>\n<p>&nbsp;<\/p>\n<p><em>Bron: de steekproef van Securex i.v.m. absente\u00efsme in de dienstenchequesector in 2023 is gebaseerd op de gegevens van 7.087 werknemers waarvan de werkgever in die periode actief was binnen het paritair comit\u00e9 322.01 en klant was bij het sociaal secretariaat van Securex. We beperkten ons tot bedrijven in de Belgische priv\u00e9sector met minder dan 1000 werknemers. De steekproef van Securex i.v.m. absente\u00efsme op de Belgische arbeidsmarkt in 2023 is gebaseerd op de gegevens van 197.477 werknemers van 23.688 firma\u2019s die in die periode klant waren bij het sociaal secretariaat van Securex. We beperkten ons tot bedrijven in de Belgische priv\u00e9sector met minder dan 1000 werknemers.<\/em><\/p>\n","protected":false},"excerpt":{"rendered":"<p>Het ziektepercentage in de dienstenchequesector (PC 322.01) bereikte in 2023 een recordhoogte van 20,2%. Vooral opvallend is het langdurig ziekteverzuim onder dienstenchequewerkers: 10,4% van hen was op een gemiddelde werkdag al langer dan een jaar ziek afwezig van het werk. [&hellip;]<\/p>\n","protected":false},"author":3,"featured_media":11660,"comment_status":"open","ping_status":"open","sticky":false,"template":"","format":"standard","meta":[],"categories":[3,4],"tags":[34,583,2097,3978,703,408],"yoast_head":"<!-- This site is optimized with the Yoast SEO plugin v20.12 - https:\/\/yoast.com\/wordpress\/plugins\/seo\/ -->\n<title>Het totale ziektepercentage in de dienstenchequesector steeg in 2023 tot 20,2%: een op vijf werkers uit door ziekte. - Peoplesphere<\/title>\n<meta name=\"description\" content=\"Het totale ziektepercentage in de dienstenchequesector steeg in 2023 tot 20,2%: een op vijf werkers uit door ziekte.\" \/>\n<meta name=\"robots\" content=\"index, follow, max-snippet:-1, max-image-preview:large, max-video-preview:-1\" \/>\n<link rel=\"canonical\" href=\"https:\/\/peoplesphere.be\/nl\/het-totale-ziektepercentage-in-de-dienstenchequesector-steeg-in-2023-tot-202-een-op-vijf-werkers-uit-door-ziekte\/\" \/>\n<meta property=\"og:locale\" content=\"nl_NL\" \/>\n<meta property=\"og:type\" content=\"article\" \/>\n<meta property=\"og:title\" content=\"Het totale ziektepercentage in de dienstenchequesector steeg in 2023 tot 20,2%: een op vijf werkers uit door ziekte. - Peoplesphere\" \/>\n<meta property=\"og:description\" content=\"Het totale ziektepercentage in de dienstenchequesector steeg in 2023 tot 20,2%: een op vijf werkers uit door ziekte.\" \/>\n<meta property=\"og:url\" content=\"https:\/\/peoplesphere.be\/nl\/het-totale-ziektepercentage-in-de-dienstenchequesector-steeg-in-2023-tot-202-een-op-vijf-werkers-uit-door-ziekte\/\" \/>\n<meta property=\"og:site_name\" content=\"Peoplesphere\" \/>\n<meta property=\"article:publisher\" content=\"https:\/\/www.facebook.com\/peoplesphere\" \/>\n<meta property=\"article:published_time\" content=\"2024-05-27T05:28:29+00:00\" \/>\n<meta property=\"og:image\" content=\"https:\/\/peoplesphere.be\/nl\/wp-content\/uploads\/2024\/05\/20240527titresservices.jpg\" \/>\n\t<meta property=\"og:image:width\" content=\"1152\" \/>\n\t<meta property=\"og:image:height\" content=\"629\" \/>\n\t<meta property=\"og:image:type\" content=\"image\/jpeg\" \/>\n<meta name=\"author\" content=\"Jean-Paul Erhard\" \/>\n<meta name=\"twitter:card\" content=\"summary_large_image\" \/>\n<meta name=\"twitter:creator\" content=\"@PeoplesphereMag\" \/>\n<meta name=\"twitter:site\" content=\"@PeoplesphereMag\" \/>\n<meta name=\"twitter:label1\" content=\"Geschreven door\" \/>\n\t<meta name=\"twitter:data1\" content=\"Jean-Paul Erhard\" \/>\n\t<meta name=\"twitter:label2\" content=\"Geschatte leestijd\" \/>\n\t<meta name=\"twitter:data2\" content=\"3 minuten\" \/>\n<script type=\"application\/ld+json\" class=\"yoast-schema-graph\">{\"@context\":\"https:\/\/schema.org\",\"@graph\":[{\"@type\":\"WebPage\",\"@id\":\"https:\/\/peoplesphere.be\/nl\/het-totale-ziektepercentage-in-de-dienstenchequesector-steeg-in-2023-tot-202-een-op-vijf-werkers-uit-door-ziekte\/\",\"url\":\"https:\/\/peoplesphere.be\/nl\/het-totale-ziektepercentage-in-de-dienstenchequesector-steeg-in-2023-tot-202-een-op-vijf-werkers-uit-door-ziekte\/\",\"name\":\"Het totale ziektepercentage in de dienstenchequesector steeg in 2023 tot 20,2%: een op vijf werkers uit door ziekte. - Peoplesphere\",\"isPartOf\":{\"@id\":\"https:\/\/peoplesphere.be\/nl\/#website\"},\"datePublished\":\"2024-05-27T05:28:29+00:00\",\"dateModified\":\"2024-05-27T05:28:29+00:00\",\"author\":{\"@id\":\"https:\/\/peoplesphere.be\/nl\/#\/schema\/person\/0a1c21d8893dd9b9a2cd6e068b4e8cf5\"},\"description\":\"Het totale ziektepercentage in de dienstenchequesector steeg in 2023 tot 20,2%: een op vijf werkers uit door ziekte.\",\"breadcrumb\":{\"@id\":\"https:\/\/peoplesphere.be\/nl\/het-totale-ziektepercentage-in-de-dienstenchequesector-steeg-in-2023-tot-202-een-op-vijf-werkers-uit-door-ziekte\/#breadcrumb\"},\"inLanguage\":\"nl-NL\",\"potentialAction\":[{\"@type\":\"ReadAction\",\"target\":[\"https:\/\/peoplesphere.be\/nl\/het-totale-ziektepercentage-in-de-dienstenchequesector-steeg-in-2023-tot-202-een-op-vijf-werkers-uit-door-ziekte\/\"]}]},{\"@type\":\"BreadcrumbList\",\"@id\":\"https:\/\/peoplesphere.be\/nl\/het-totale-ziektepercentage-in-de-dienstenchequesector-steeg-in-2023-tot-202-een-op-vijf-werkers-uit-door-ziekte\/#breadcrumb\",\"itemListElement\":[{\"@type\":\"ListItem\",\"position\":1,\"name\":\"Accueil\",\"item\":\"https:\/\/peoplesphere.be\/nl\/\"},{\"@type\":\"ListItem\",\"position\":2,\"name\":\"Het totale ziektepercentage in de dienstenchequesector steeg in 2023 tot 20,2%: een op vijf werkers uit door ziekte.\"}]},{\"@type\":\"WebSite\",\"@id\":\"https:\/\/peoplesphere.be\/nl\/#website\",\"url\":\"https:\/\/peoplesphere.be\/nl\/\",\"name\":\"Peoplesphere\",\"description\":\"The People Managers Magazine\",\"potentialAction\":[{\"@type\":\"SearchAction\",\"target\":{\"@type\":\"EntryPoint\",\"urlTemplate\":\"https:\/\/peoplesphere.be\/nl\/?s={search_term_string}\"},\"query-input\":\"required name=search_term_string\"}],\"inLanguage\":\"nl-NL\"},{\"@type\":\"Person\",\"@id\":\"https:\/\/peoplesphere.be\/nl\/#\/schema\/person\/0a1c21d8893dd9b9a2cd6e068b4e8cf5\",\"name\":\"Jean-Paul Erhard\",\"image\":{\"@type\":\"ImageObject\",\"inLanguage\":\"nl-NL\",\"@id\":\"https:\/\/peoplesphere.be\/nl\/#\/schema\/person\/image\/\",\"url\":\"https:\/\/secure.gravatar.com\/avatar\/f941e681460179738071629a51574930?s=96&d=mm&r=g\",\"contentUrl\":\"https:\/\/secure.gravatar.com\/avatar\/f941e681460179738071629a51574930?s=96&d=mm&r=g\",\"caption\":\"Jean-Paul Erhard\"},\"url\":\"https:\/\/peoplesphere.be\/nl\/author\/jpe\/\"}]}<\/script>\n<!-- \/ Yoast SEO plugin. -->","yoast_head_json":{"title":"Het totale ziektepercentage in de dienstenchequesector steeg in 2023 tot 20,2%: een op vijf werkers uit door ziekte. - Peoplesphere","description":"Het totale ziektepercentage in de dienstenchequesector steeg in 2023 tot 20,2%: een op vijf werkers uit door ziekte.","robots":{"index":"index","follow":"follow","max-snippet":"max-snippet:-1","max-image-preview":"max-image-preview:large","max-video-preview":"max-video-preview:-1"},"canonical":"https:\/\/peoplesphere.be\/nl\/het-totale-ziektepercentage-in-de-dienstenchequesector-steeg-in-2023-tot-202-een-op-vijf-werkers-uit-door-ziekte\/","og_locale":"nl_NL","og_type":"article","og_title":"Het totale ziektepercentage in de dienstenchequesector steeg in 2023 tot 20,2%: een op vijf werkers uit door ziekte. - Peoplesphere","og_description":"Het totale ziektepercentage in de dienstenchequesector steeg in 2023 tot 20,2%: een op vijf werkers uit door ziekte.","og_url":"https:\/\/peoplesphere.be\/nl\/het-totale-ziektepercentage-in-de-dienstenchequesector-steeg-in-2023-tot-202-een-op-vijf-werkers-uit-door-ziekte\/","og_site_name":"Peoplesphere","article_publisher":"https:\/\/www.facebook.com\/peoplesphere","article_published_time":"2024-05-27T05:28:29+00:00","og_image":[{"width":1152,"height":629,"url":"https:\/\/peoplesphere.be\/nl\/wp-content\/uploads\/2024\/05\/20240527titresservices.jpg","type":"image\/jpeg"}],"author":"Jean-Paul Erhard","twitter_card":"summary_large_image","twitter_creator":"@PeoplesphereMag","twitter_site":"@PeoplesphereMag","twitter_misc":{"Geschreven door":"Jean-Paul Erhard","Geschatte leestijd":"3 minuten"},"schema":{"@context":"https:\/\/schema.org","@graph":[{"@type":"WebPage","@id":"https:\/\/peoplesphere.be\/nl\/het-totale-ziektepercentage-in-de-dienstenchequesector-steeg-in-2023-tot-202-een-op-vijf-werkers-uit-door-ziekte\/","url":"https:\/\/peoplesphere.be\/nl\/het-totale-ziektepercentage-in-de-dienstenchequesector-steeg-in-2023-tot-202-een-op-vijf-werkers-uit-door-ziekte\/","name":"Het totale ziektepercentage in de dienstenchequesector steeg in 2023 tot 20,2%: een op vijf werkers uit door ziekte. - Peoplesphere","isPartOf":{"@id":"https:\/\/peoplesphere.be\/nl\/#website"},"datePublished":"2024-05-27T05:28:29+00:00","dateModified":"2024-05-27T05:28:29+00:00","author":{"@id":"https:\/\/peoplesphere.be\/nl\/#\/schema\/person\/0a1c21d8893dd9b9a2cd6e068b4e8cf5"},"description":"Het totale ziektepercentage in de dienstenchequesector steeg in 2023 tot 20,2%: een op vijf werkers uit door ziekte.","breadcrumb":{"@id":"https:\/\/peoplesphere.be\/nl\/het-totale-ziektepercentage-in-de-dienstenchequesector-steeg-in-2023-tot-202-een-op-vijf-werkers-uit-door-ziekte\/#breadcrumb"},"inLanguage":"nl-NL","potentialAction":[{"@type":"ReadAction","target":["https:\/\/peoplesphere.be\/nl\/het-totale-ziektepercentage-in-de-dienstenchequesector-steeg-in-2023-tot-202-een-op-vijf-werkers-uit-door-ziekte\/"]}]},{"@type":"BreadcrumbList","@id":"https:\/\/peoplesphere.be\/nl\/het-totale-ziektepercentage-in-de-dienstenchequesector-steeg-in-2023-tot-202-een-op-vijf-werkers-uit-door-ziekte\/#breadcrumb","itemListElement":[{"@type":"ListItem","position":1,"name":"Accueil","item":"https:\/\/peoplesphere.be\/nl\/"},{"@type":"ListItem","position":2,"name":"Het totale ziektepercentage in de dienstenchequesector steeg in 2023 tot 20,2%: een op vijf werkers uit door ziekte."}]},{"@type":"WebSite","@id":"https:\/\/peoplesphere.be\/nl\/#website","url":"https:\/\/peoplesphere.be\/nl\/","name":"Peoplesphere","description":"The People Managers Magazine","potentialAction":[{"@type":"SearchAction","target":{"@type":"EntryPoint","urlTemplate":"https:\/\/peoplesphere.be\/nl\/?s={search_term_string}"},"query-input":"required name=search_term_string"}],"inLanguage":"nl-NL"},{"@type":"Person","@id":"https:\/\/peoplesphere.be\/nl\/#\/schema\/person\/0a1c21d8893dd9b9a2cd6e068b4e8cf5","name":"Jean-Paul Erhard","image":{"@type":"ImageObject","inLanguage":"nl-NL","@id":"https:\/\/peoplesphere.be\/nl\/#\/schema\/person\/image\/","url":"https:\/\/secure.gravatar.com\/avatar\/f941e681460179738071629a51574930?s=96&d=mm&r=g","contentUrl":"https:\/\/secure.gravatar.com\/avatar\/f941e681460179738071629a51574930?s=96&d=mm&r=g","caption":"Jean-Paul Erhard"},"url":"https:\/\/peoplesphere.be\/nl\/author\/jpe\/"}]}},"_links":{"self":[{"href":"https:\/\/peoplesphere.be\/nl\/wp-json\/wp\/v2\/posts\/11659"}],"collection":[{"href":"https:\/\/peoplesphere.be\/nl\/wp-json\/wp\/v2\/posts"}],"about":[{"href":"https:\/\/peoplesphere.be\/nl\/wp-json\/wp\/v2\/types\/post"}],"author":[{"embeddable":true,"href":"https:\/\/peoplesphere.be\/nl\/wp-json\/wp\/v2\/users\/3"}],"replies":[{"embeddable":true,"href":"https:\/\/peoplesphere.be\/nl\/wp-json\/wp\/v2\/comments?post=11659"}],"version-history":[{"count":1,"href":"https:\/\/peoplesphere.be\/nl\/wp-json\/wp\/v2\/posts\/11659\/revisions"}],"predecessor-version":[{"id":11661,"href":"https:\/\/peoplesphere.be\/nl\/wp-json\/wp\/v2\/posts\/11659\/revisions\/11661"}],"wp:featuredmedia":[{"embeddable":true,"href":"https:\/\/peoplesphere.be\/nl\/wp-json\/wp\/v2\/media\/11660"}],"wp:attachment":[{"href":"https:\/\/peoplesphere.be\/nl\/wp-json\/wp\/v2\/media?parent=11659"}],"wp:term":[{"taxonomy":"category","embeddable":true,"href":"https:\/\/peoplesphere.be\/nl\/wp-json\/wp\/v2\/categories?post=11659"},{"taxonomy":"post_tag","embeddable":true,"href":"https:\/\/peoplesphere.be\/nl\/wp-json\/wp\/v2\/tags?post=11659"}],"curies":[{"name":"wp","href":"https:\/\/api.w.org\/{rel}","templated":true}]}}