











{"id":12120,"date":"2024-09-12T08:06:52","date_gmt":"2024-09-12T07:06:52","guid":{"rendered":"https:\/\/peoplesphere.be\/nl\/?p=12120"},"modified":"2024-09-12T08:06:52","modified_gmt":"2024-09-12T07:06:52","slug":"mobiliteitsbudget-interesse-en-tevredenheid-zijn-hoog-toch-is-marge-voor-groei-beperkt","status":"publish","type":"post","link":"https:\/\/peoplesphere.be\/nl\/mobiliteitsbudget-interesse-en-tevredenheid-zijn-hoog-toch-is-marge-voor-groei-beperkt\/","title":{"rendered":"Mobiliteitsbudget: interesse en tevredenheid zijn hoog, toch is marge voor groei beperkt."},"content":{"rendered":"<p>Bijna \u00e9\u00e9n op de vijf Belgische werknemers in de priv\u00e9sector heeft z\u2019n bedrijfswagen met verbrandingsmotor ingeruild voor een mobiliteitsbudget. Dat blijkt uit een recente bevraging van HR- en Wellbeingexpert Attentia bij 1.000 werknemers. Van de werknemers die (nog) geen gebruik maken van het mobiliteitsbudget, geven twee op de drie aan dat ze het wel interessant zouden vinden.<!--more--><\/p>\n<p>De interesse is het grootst bij de jongste groep werknemers. Bovendien zijn zij die de switch wel hebben gemaakt, daar over het algemeen tevreden over. Toch lijkt de marge voor groei eerder beperkt.<\/p>\n<h3><strong><em>Brusselse ondernemingen bieden mobiliteitsbudget vaakst aan<\/em><\/strong><\/h3>\n<p>Sinds maart 2019 kan een werkgever beslissen om het federaal of wettelijk mobiliteitsbudget aan te bieden aan werknemers die recht hebben op een bedrijfswagen. In de plaats van een wagen krijgen die werknemers dan een budget waarmee ze vrij kunnen kiezen tussen een milieuvriendelijkere bedrijfswagen en\/of duurzame vervoersmiddelen, maar ook de terugbetaling van huisvestingskosten. Het eventueel resterende budget wordt cash uitbetaald.<\/p>\n<p>Ruim vijf jaar na de invoering, blijkt dat bijna \u00e9\u00e9n op de drie werknemers (31%) in de priv\u00e9sector, in een onderneming werkt die het mobiliteitsbudget aanbiedt. Dat is vaker het geval bij werknemers die in Brussel werken (36%), dan in het Waals (31%) of Vlaams Gewest (29%).<\/p>\n<h3><strong><em>Mobiliteitsbudget populairst bij jongeren<\/em><\/strong><\/h3>\n<p>Bijna \u00e9\u00e9n op de vijf werknemers (17%) maakt ook effectief gebruik van het mobiliteitsbudget. Bovendien blijkt het mobiliteitsbudget vooral bij de jongste groep werknemers aan te slaan: 18-34-jarigen kiezen maar liefst drie keer zo vaak (28%) voor het mobiliteitsbudget als oudere generaties (gemiddeld 11%). Inwoners van stedelijk gebied maken bijna dubbel zo vaak (21%) gebruik van het mobiliteitsbudget als inwoners van landelijk gebied (12%).<\/p>\n<p>Eefje Dulsster, Manager Flexible Reward bij Attentia: <em>\u201cMet de invoering van het mobiliteitsbudget wilde de overheid de transitie naar duurzame mobiliteit binnen de Belgische arbeidsmarkt versnellen. Ons onderzoek toont aan dat de maatregel \u00f3\u00f3k tegemoetkomt aan de vraag van meer en meer medewerkers om z\u00e9lf te kiezen hoe ze verloond worden. Het mobiliteitsbudget spreekt dan ook nog eens specifiek twintigers en jonge dertigers aan, die veelal in de stad wonen. Een wagen is voor hen niet praktisch. Of zelfs onnodig, omdat ze makkelijk toegang hebben tot openbaar vervoer of netwerken van deelauto\u2019s en -fietsen. Er wordt ook vaak thuisgewerkt en er zijn veelal nog geen kinderen die van en naar school en allerlei activiteiten gebracht moeten worden. Het feit dat de jongere generaties zich meer bewust zijn van de impact van hun gedrag op de klimaatverandering, speelt zeker ook mee.\u201d<\/em><\/p>\n<h3><strong><em>Populairste keuzes: openbaar vervoer, fietsvergoeding en uitbetaling in cash<\/em><\/strong><\/h3>\n<p>Over alle gebruikers heen, zijn abonnementen of tickets voor het openbaar vervoer, een fietsvergoeding en een uitbetaling in cash de meest gekozen voordelen. In Vlaanderen wordt vaker voor een fietsvergoeding gekozen dan in Brussel en Walloni\u00eb. Omgekeerd is het openbaar vervoer een populairdere optie in Brussel en Walloni\u00eb dan in Vlaanderen. In Walloni\u00eb wordt er wel vaker gekozen om de woonlening of huishuur te financieren met het mobiliteitsbudget. De uitbetaling in cash is veel minder populair in Brussel dan in de andere regio\u2019s.<\/p>\n<p>Hoe ouder men wordt, hoe vaker men kiest voor het openbaar vervoer. 55-plussers spenderen hun mobiliteitsbudget ook vaker dan jongere werknemers aan de aankoop, huur of leasing van een (elektrische) fiets. Ook een fietsvergoeding doet het goed bij die oudste groep, maar ook bij 35-44-jarigen. 18-34-jarigen kiezen vaker dan andere generaties voor een kleinere, duurzamere wagen. Ook deelfietsen of deelauto\u2019s slaan veel beter aan in die leeftijdsgroep.<\/p>\n<p>Eefje Dulsster: <em>\u201cEigenlijk zien we dat geen enkel voordeel echt spectaculair ver boven de andere uitstijgt. De conclusie is dat elk individu met het mobiliteitsbudget die keuzes maakt, die op dat moment voor zijn of haar persoonlijke situatie, de meest handige zijn. En zeker binnen pijler 2, waartoe onder meer het openbaar vervoer of deelsystemen behoren, kan er ook nog eens makkelijk van de ene naar de andere oplossing geswitcht worden.\u201d<\/em><\/p>\n<h3><strong><em>Grote tevredenheid en hoge interesse<\/em><\/strong><\/h3>\n<p>Van de werknemers die momenteel gebruik maken van het mobiliteitsbudget, geeft maar liefst 92% aan daar tevreden tot zeer tevreden over te zijn. Met een nog iets hogere tevredenheid onder werknemers in Brusselse ondernemingen (98%). Hoewel oudere werknemers minder kiezen voor het mobiliteitsbudget, zijn zij die er wel voor kiezen er duidelijk tevreden over. Alle respondenten met een mobiliteitsbudget van 55 jaar of ouder, geven aan tevreden tot zeer tevreden te zijn.<\/p>\n<p>Bovendien geven twee op de drie werknemers (64%) die momenteel geen gebruik maken van het mobiliteitsbudget aan dat ze dit eerder tot zeer interessant zouden vinden voor hen persoonlijk. Hoe jonger men is, hoe meer interesse men heeft in het mobiliteitsbudget.<\/p>\n<p>Werknemers zonder (recht op) een bedrijfswagen en werknemers die wel recht hebben op een bedrijfswagen, maar dat recht niet uitoefenen, hebben meer interesse in het mobiliteitsbudget (respectievelijk 64,44% en 78,40%) dan werknemers met een bedrijfswagen (46%).<\/p>\n<h3><strong><em>Marge tot groei is wettelijk beperkt<\/em><\/strong><\/h3>\n<p>De grote interesse en hoge tevredenheid wijzen erop dat er in theorie nog ruimte is voor uitbreiding van het mobiliteitsbudget. In werkelijkheid is die marge tot groei echter eerder beperkt, zegt Eefje Dulsster: <em>\u201cWettelijk is immers bepaald dat enkel medewerkers die al een bedrijfswagen hebben, of zij die er vanwege hun functie recht op hebben, in aanmerking komen voor het mobiliteitsbudget. Een groot deel van de Belgische werknemers, wordt dus al uitgesloten. Ook al is de interesse vanuit die doelgroep duidelijk groot. Anderzijds is er de groep van medewerkers die wel m\u00e1g switchen naar het mobiliteitsbudget, maar daar geen interesse in heeft. Dat blijken vooral de medewerkers met bedrijfswagen te zijn; 87% van hen geeft aan dat ze die wagen willen behouden.\u201d<\/em><\/p>\n<p>&nbsp;<\/p>\n<p><em>Bron: de cijfers van dit onderzoek komen uit een online bevraging die Attentia liet uitvoeren door marktonderzoeksbureau Profacts. De bevraging liep in juli 2024. De steekproef telt 1.002 werknemers werkzaam als bediende of arbeider in de priv\u00e9sector in Belgi\u00eb, in ondernemingen van 5 werknemers of meer. De steekproef is representatief op het vlak van gender, leeftijd, regio, statuut en sector.<\/em><\/p>\n","protected":false},"excerpt":{"rendered":"<p>Bijna \u00e9\u00e9n op de vijf Belgische werknemers in de priv\u00e9sector heeft z\u2019n bedrijfswagen met verbrandingsmotor ingeruild voor een mobiliteitsbudget. Dat blijkt uit een recente bevraging van HR- en Wellbeingexpert Attentia bij 1.000 werknemers. Van de werknemers die (nog) geen gebruik [&hellip;]<\/p>\n","protected":false},"author":3,"featured_media":12121,"comment_status":"open","ping_status":"open","sticky":false,"template":"","format":"standard","meta":[],"categories":[3,4],"tags":[117,642,22,116,25],"yoast_head":"<!-- This site is optimized with the Yoast SEO plugin v20.12 - https:\/\/yoast.com\/wordpress\/plugins\/seo\/ -->\n<title>Mobiliteitsbudget: interesse en tevredenheid zijn hoog, toch is marge voor groei beperkt. - Peoplesphere<\/title>\n<meta name=\"description\" content=\"Mobiliteitsbudget: interesse en tevredenheid zijn hoog, toch is marge voor groei beperkt.\" \/>\n<meta name=\"robots\" content=\"index, follow, max-snippet:-1, max-image-preview:large, max-video-preview:-1\" \/>\n<link rel=\"canonical\" href=\"https:\/\/peoplesphere.be\/nl\/mobiliteitsbudget-interesse-en-tevredenheid-zijn-hoog-toch-is-marge-voor-groei-beperkt\/\" \/>\n<meta property=\"og:locale\" content=\"nl_NL\" \/>\n<meta property=\"og:type\" content=\"article\" \/>\n<meta property=\"og:title\" content=\"Mobiliteitsbudget: interesse en tevredenheid zijn hoog, toch is marge voor groei beperkt. - Peoplesphere\" \/>\n<meta property=\"og:description\" content=\"Mobiliteitsbudget: interesse en tevredenheid zijn hoog, toch is marge voor groei beperkt.\" \/>\n<meta property=\"og:url\" content=\"https:\/\/peoplesphere.be\/nl\/mobiliteitsbudget-interesse-en-tevredenheid-zijn-hoog-toch-is-marge-voor-groei-beperkt\/\" \/>\n<meta property=\"og:site_name\" content=\"Peoplesphere\" \/>\n<meta property=\"article:publisher\" content=\"https:\/\/www.facebook.com\/peoplesphere\" \/>\n<meta property=\"article:published_time\" content=\"2024-09-12T07:06:52+00:00\" \/>\n<meta property=\"og:image\" content=\"https:\/\/peoplesphere.be\/nl\/wp-content\/uploads\/2024\/09\/20240912attentiamobilite.jpg\" \/>\n\t<meta property=\"og:image:width\" content=\"1111\" \/>\n\t<meta property=\"og:image:height\" content=\"623\" \/>\n\t<meta property=\"og:image:type\" content=\"image\/jpeg\" \/>\n<meta name=\"author\" content=\"Jean-Paul Erhard\" \/>\n<meta name=\"twitter:card\" content=\"summary_large_image\" \/>\n<meta name=\"twitter:creator\" content=\"@PeoplesphereMag\" \/>\n<meta name=\"twitter:site\" content=\"@PeoplesphereMag\" \/>\n<meta name=\"twitter:label1\" content=\"Geschreven door\" \/>\n\t<meta name=\"twitter:data1\" content=\"Jean-Paul Erhard\" \/>\n\t<meta name=\"twitter:label2\" content=\"Geschatte leestijd\" \/>\n\t<meta name=\"twitter:data2\" content=\"5 minuten\" \/>\n<script type=\"application\/ld+json\" class=\"yoast-schema-graph\">{\"@context\":\"https:\/\/schema.org\",\"@graph\":[{\"@type\":\"WebPage\",\"@id\":\"https:\/\/peoplesphere.be\/nl\/mobiliteitsbudget-interesse-en-tevredenheid-zijn-hoog-toch-is-marge-voor-groei-beperkt\/\",\"url\":\"https:\/\/peoplesphere.be\/nl\/mobiliteitsbudget-interesse-en-tevredenheid-zijn-hoog-toch-is-marge-voor-groei-beperkt\/\",\"name\":\"Mobiliteitsbudget: interesse en tevredenheid zijn hoog, toch is marge voor groei beperkt. - Peoplesphere\",\"isPartOf\":{\"@id\":\"https:\/\/peoplesphere.be\/nl\/#website\"},\"datePublished\":\"2024-09-12T07:06:52+00:00\",\"dateModified\":\"2024-09-12T07:06:52+00:00\",\"author\":{\"@id\":\"https:\/\/peoplesphere.be\/nl\/#\/schema\/person\/0a1c21d8893dd9b9a2cd6e068b4e8cf5\"},\"description\":\"Mobiliteitsbudget: interesse en tevredenheid zijn hoog, toch is marge voor groei beperkt.\",\"breadcrumb\":{\"@id\":\"https:\/\/peoplesphere.be\/nl\/mobiliteitsbudget-interesse-en-tevredenheid-zijn-hoog-toch-is-marge-voor-groei-beperkt\/#breadcrumb\"},\"inLanguage\":\"nl-NL\",\"potentialAction\":[{\"@type\":\"ReadAction\",\"target\":[\"https:\/\/peoplesphere.be\/nl\/mobiliteitsbudget-interesse-en-tevredenheid-zijn-hoog-toch-is-marge-voor-groei-beperkt\/\"]}]},{\"@type\":\"BreadcrumbList\",\"@id\":\"https:\/\/peoplesphere.be\/nl\/mobiliteitsbudget-interesse-en-tevredenheid-zijn-hoog-toch-is-marge-voor-groei-beperkt\/#breadcrumb\",\"itemListElement\":[{\"@type\":\"ListItem\",\"position\":1,\"name\":\"Accueil\",\"item\":\"https:\/\/peoplesphere.be\/nl\/\"},{\"@type\":\"ListItem\",\"position\":2,\"name\":\"Mobiliteitsbudget: interesse en tevredenheid zijn hoog, toch is marge voor groei beperkt.\"}]},{\"@type\":\"WebSite\",\"@id\":\"https:\/\/peoplesphere.be\/nl\/#website\",\"url\":\"https:\/\/peoplesphere.be\/nl\/\",\"name\":\"Peoplesphere\",\"description\":\"The People Managers Magazine\",\"potentialAction\":[{\"@type\":\"SearchAction\",\"target\":{\"@type\":\"EntryPoint\",\"urlTemplate\":\"https:\/\/peoplesphere.be\/nl\/?s={search_term_string}\"},\"query-input\":\"required name=search_term_string\"}],\"inLanguage\":\"nl-NL\"},{\"@type\":\"Person\",\"@id\":\"https:\/\/peoplesphere.be\/nl\/#\/schema\/person\/0a1c21d8893dd9b9a2cd6e068b4e8cf5\",\"name\":\"Jean-Paul Erhard\",\"image\":{\"@type\":\"ImageObject\",\"inLanguage\":\"nl-NL\",\"@id\":\"https:\/\/peoplesphere.be\/nl\/#\/schema\/person\/image\/\",\"url\":\"https:\/\/secure.gravatar.com\/avatar\/f941e681460179738071629a51574930?s=96&d=mm&r=g\",\"contentUrl\":\"https:\/\/secure.gravatar.com\/avatar\/f941e681460179738071629a51574930?s=96&d=mm&r=g\",\"caption\":\"Jean-Paul Erhard\"},\"url\":\"https:\/\/peoplesphere.be\/nl\/author\/jpe\/\"}]}<\/script>\n<!-- \/ Yoast SEO plugin. -->","yoast_head_json":{"title":"Mobiliteitsbudget: interesse en tevredenheid zijn hoog, toch is marge voor groei beperkt. - Peoplesphere","description":"Mobiliteitsbudget: interesse en tevredenheid zijn hoog, toch is marge voor groei beperkt.","robots":{"index":"index","follow":"follow","max-snippet":"max-snippet:-1","max-image-preview":"max-image-preview:large","max-video-preview":"max-video-preview:-1"},"canonical":"https:\/\/peoplesphere.be\/nl\/mobiliteitsbudget-interesse-en-tevredenheid-zijn-hoog-toch-is-marge-voor-groei-beperkt\/","og_locale":"nl_NL","og_type":"article","og_title":"Mobiliteitsbudget: interesse en tevredenheid zijn hoog, toch is marge voor groei beperkt. - Peoplesphere","og_description":"Mobiliteitsbudget: interesse en tevredenheid zijn hoog, toch is marge voor groei beperkt.","og_url":"https:\/\/peoplesphere.be\/nl\/mobiliteitsbudget-interesse-en-tevredenheid-zijn-hoog-toch-is-marge-voor-groei-beperkt\/","og_site_name":"Peoplesphere","article_publisher":"https:\/\/www.facebook.com\/peoplesphere","article_published_time":"2024-09-12T07:06:52+00:00","og_image":[{"width":1111,"height":623,"url":"https:\/\/peoplesphere.be\/nl\/wp-content\/uploads\/2024\/09\/20240912attentiamobilite.jpg","type":"image\/jpeg"}],"author":"Jean-Paul Erhard","twitter_card":"summary_large_image","twitter_creator":"@PeoplesphereMag","twitter_site":"@PeoplesphereMag","twitter_misc":{"Geschreven door":"Jean-Paul Erhard","Geschatte leestijd":"5 minuten"},"schema":{"@context":"https:\/\/schema.org","@graph":[{"@type":"WebPage","@id":"https:\/\/peoplesphere.be\/nl\/mobiliteitsbudget-interesse-en-tevredenheid-zijn-hoog-toch-is-marge-voor-groei-beperkt\/","url":"https:\/\/peoplesphere.be\/nl\/mobiliteitsbudget-interesse-en-tevredenheid-zijn-hoog-toch-is-marge-voor-groei-beperkt\/","name":"Mobiliteitsbudget: interesse en tevredenheid zijn hoog, toch is marge voor groei beperkt. - Peoplesphere","isPartOf":{"@id":"https:\/\/peoplesphere.be\/nl\/#website"},"datePublished":"2024-09-12T07:06:52+00:00","dateModified":"2024-09-12T07:06:52+00:00","author":{"@id":"https:\/\/peoplesphere.be\/nl\/#\/schema\/person\/0a1c21d8893dd9b9a2cd6e068b4e8cf5"},"description":"Mobiliteitsbudget: interesse en tevredenheid zijn hoog, toch is marge voor groei beperkt.","breadcrumb":{"@id":"https:\/\/peoplesphere.be\/nl\/mobiliteitsbudget-interesse-en-tevredenheid-zijn-hoog-toch-is-marge-voor-groei-beperkt\/#breadcrumb"},"inLanguage":"nl-NL","potentialAction":[{"@type":"ReadAction","target":["https:\/\/peoplesphere.be\/nl\/mobiliteitsbudget-interesse-en-tevredenheid-zijn-hoog-toch-is-marge-voor-groei-beperkt\/"]}]},{"@type":"BreadcrumbList","@id":"https:\/\/peoplesphere.be\/nl\/mobiliteitsbudget-interesse-en-tevredenheid-zijn-hoog-toch-is-marge-voor-groei-beperkt\/#breadcrumb","itemListElement":[{"@type":"ListItem","position":1,"name":"Accueil","item":"https:\/\/peoplesphere.be\/nl\/"},{"@type":"ListItem","position":2,"name":"Mobiliteitsbudget: interesse en tevredenheid zijn hoog, toch is marge voor groei beperkt."}]},{"@type":"WebSite","@id":"https:\/\/peoplesphere.be\/nl\/#website","url":"https:\/\/peoplesphere.be\/nl\/","name":"Peoplesphere","description":"The People Managers Magazine","potentialAction":[{"@type":"SearchAction","target":{"@type":"EntryPoint","urlTemplate":"https:\/\/peoplesphere.be\/nl\/?s={search_term_string}"},"query-input":"required name=search_term_string"}],"inLanguage":"nl-NL"},{"@type":"Person","@id":"https:\/\/peoplesphere.be\/nl\/#\/schema\/person\/0a1c21d8893dd9b9a2cd6e068b4e8cf5","name":"Jean-Paul Erhard","image":{"@type":"ImageObject","inLanguage":"nl-NL","@id":"https:\/\/peoplesphere.be\/nl\/#\/schema\/person\/image\/","url":"https:\/\/secure.gravatar.com\/avatar\/f941e681460179738071629a51574930?s=96&d=mm&r=g","contentUrl":"https:\/\/secure.gravatar.com\/avatar\/f941e681460179738071629a51574930?s=96&d=mm&r=g","caption":"Jean-Paul Erhard"},"url":"https:\/\/peoplesphere.be\/nl\/author\/jpe\/"}]}},"_links":{"self":[{"href":"https:\/\/peoplesphere.be\/nl\/wp-json\/wp\/v2\/posts\/12120"}],"collection":[{"href":"https:\/\/peoplesphere.be\/nl\/wp-json\/wp\/v2\/posts"}],"about":[{"href":"https:\/\/peoplesphere.be\/nl\/wp-json\/wp\/v2\/types\/post"}],"author":[{"embeddable":true,"href":"https:\/\/peoplesphere.be\/nl\/wp-json\/wp\/v2\/users\/3"}],"replies":[{"embeddable":true,"href":"https:\/\/peoplesphere.be\/nl\/wp-json\/wp\/v2\/comments?post=12120"}],"version-history":[{"count":1,"href":"https:\/\/peoplesphere.be\/nl\/wp-json\/wp\/v2\/posts\/12120\/revisions"}],"predecessor-version":[{"id":12122,"href":"https:\/\/peoplesphere.be\/nl\/wp-json\/wp\/v2\/posts\/12120\/revisions\/12122"}],"wp:featuredmedia":[{"embeddable":true,"href":"https:\/\/peoplesphere.be\/nl\/wp-json\/wp\/v2\/media\/12121"}],"wp:attachment":[{"href":"https:\/\/peoplesphere.be\/nl\/wp-json\/wp\/v2\/media?parent=12120"}],"wp:term":[{"taxonomy":"category","embeddable":true,"href":"https:\/\/peoplesphere.be\/nl\/wp-json\/wp\/v2\/categories?post=12120"},{"taxonomy":"post_tag","embeddable":true,"href":"https:\/\/peoplesphere.be\/nl\/wp-json\/wp\/v2\/tags?post=12120"}],"curies":[{"name":"wp","href":"https:\/\/api.w.org\/{rel}","templated":true}]}}