











{"id":12125,"date":"2024-09-12T17:29:09","date_gmt":"2024-09-12T16:29:09","guid":{"rendered":"https:\/\/peoplesphere.be\/nl\/?p=12125"},"modified":"2024-09-12T17:29:09","modified_gmt":"2024-09-12T16:29:09","slug":"stijging-van-het-aantal-afwezigheden-van-een-dag-bij-de-federale-ambtenaren","status":"publish","type":"post","link":"https:\/\/peoplesphere.be\/nl\/stijging-van-het-aantal-afwezigheden-van-een-dag-bij-de-federale-ambtenaren\/","title":{"rendered":"Stijging van het aantal afwezigheden van \u00e9\u00e9n dag bij de federale ambtenaren."},"content":{"rendered":"<p>Het algemene afwezigheidspercentage wegens ziekte steeg licht in 2023 en bedroeg 6,71%. Dit betekent concreet dat 6,71 werkdagen op 100 niet gepresteerd werden omwille van ziekte. In 2022 bedroeg dit percentage 6,63%. Deze stijging is voornamelijk te wijten aan een toename van de afwezigheden van middellange (&gt;1 maand) en lange duur (&gt; 1jaar). Het percentage van de afwezigheden tot en met 1 maand nam daarentegen af met 0,12%. Het totale aantal afwezigheden nam toe, maar de duur was gemiddeld korter.<!--more--><\/p>\n<h3><strong><em>Afwezigheden van \u00e9\u00e9n dag<\/em><\/strong><\/h3>\n<p>Sinds 1 januari 2023 kunnen federale ambtenaren drie keer per jaar \u00e9\u00e9n dag afwezig zijn wegens ziekte zonder een medisch attest voor te leggen. Voordien was dit slechts twee keer per jaar mogelijk. Deze wetgeving geldt sinds eind november 2022 ook in de priv\u00e9sector voor grote bedrijven (&gt;50 werknemers). Daar zag men ook al een duidelijke invloed van deze nieuwe wetgeving: het aantal werknemers met \u00e9\u00e9ndagsafwezigheden lag in deze bedrijven drie keer hoger dan in bedrijven met minder dan 50 werknemers. Ook bij de federale ambtenaren was de impact zichtbaar: het aantal \u00e9\u00e9ndagsafwezigheden nam met 30,4% toe ten opzichte van 2022. Bij 8 op de 10 \u00e9\u00e9ndagsafwezigheden werd bovendien geen medisch attest afgeleverd.<\/p>\n<p>Een belangrijke kanttekening hierbij is dat het totale percentage voor afwezigheden tot en met 1 maand wel daalde met 0,12% in 2023. Federale ambtenaren meldden zich in 2023 vaker ziek voor \u00e9\u00e9n dag zonder een arts te raadplegen. Daardoor kon een arts ook geen attest voor meerdere dagen afgeven wat, ondanks de stijging van de \u00e9\u00e9ndagsafwezigheden, toch de algemene daling van het aantal afwezigheden van minder dan 1 maand kan verklaren.<\/p>\n<h3><strong><em>Medische oorzaken<\/em><\/strong><\/h3>\n<p>Wat betreft de medische oorzaken, hadden ook in 2023 de stressgerelateerde psychische aandoeningen de grootste impact op de ziekteafwezigheid: meer dan 4 op 10 ziektedagen waren hieraan te wijten. Het aantal ziektedagen door stressgerelateerde psychische aandoeningen nam met 10,7% toe ten opzichte van 2022.<\/p>\n<h3><strong><em>Langdurig afwezigen wegens ziekte<\/em><\/strong><\/h3>\n<p>Het aantal ambtenaren dat langer dan 30 dagen ziek was, steeg in de periode 2019-2023 met 23,7%. De studie bespreekt gedetailleerd de opvolging van langdurig zieken en de evaluatie van de arbeidsgeschiktheid van zieke ambtenaren die hun kapitaal aan ziektedagen hebben opgebruikt (\u201cin disponibiliteit\u201d). De Commissie voor vervroegde pensionering om medische redenen kende bij slechts 3 op 10 ambtenaren in disponibiliteit, een definitief vroegtijdig pensioen toe. Er wordt dus volop ingezet op re-integratie en aangepast werk. Met de komende wetswijziging rond het ziektepensioen, zal de impact hiervan ook in toekomstige analyses in detail bestudeerd worden.<\/p>\n<p>&nbsp;<\/p>\n<p><em>Bron: de studie \u201cZiekteafwezigheid bij federale ambtenaren 2023&#8243;: Publicatie \u201cZiekteafwezigheid bij federale ambtenaren in 2023\u201d | FOD Volksgezondheid (belgium.be)<\/em><\/p>\n","protected":false},"excerpt":{"rendered":"<p>Het algemene afwezigheidspercentage wegens ziekte steeg licht in 2023 en bedroeg 6,71%. Dit betekent concreet dat 6,71 werkdagen op 100 niet gepresteerd werden omwille van ziekte. In 2022 bedroeg dit percentage 6,63%. Deze stijging is voornamelijk te wijten aan een [&hellip;]<\/p>\n","protected":false},"author":3,"featured_media":12127,"comment_status":"open","ping_status":"open","sticky":false,"template":"","format":"standard","meta":[],"categories":[3,4],"tags":[786,497,3004,4114,408],"yoast_head":"<!-- This site is optimized with the Yoast SEO plugin v20.12 - https:\/\/yoast.com\/wordpress\/plugins\/seo\/ -->\n<title>Stijging van het aantal afwezigheden van \u00e9\u00e9n dag bij de federale ambtenaren. - Peoplesphere<\/title>\n<meta name=\"description\" content=\"Stijging van het aantal afwezigheden van \u00e9\u00e9n dag bij de federale ambtenaren.\" \/>\n<meta name=\"robots\" content=\"index, follow, max-snippet:-1, max-image-preview:large, max-video-preview:-1\" \/>\n<link rel=\"canonical\" href=\"https:\/\/peoplesphere.be\/nl\/stijging-van-het-aantal-afwezigheden-van-een-dag-bij-de-federale-ambtenaren\/\" \/>\n<meta property=\"og:locale\" content=\"nl_NL\" \/>\n<meta property=\"og:type\" content=\"article\" \/>\n<meta property=\"og:title\" content=\"Stijging van het aantal afwezigheden van \u00e9\u00e9n dag bij de federale ambtenaren. - Peoplesphere\" \/>\n<meta property=\"og:description\" content=\"Stijging van het aantal afwezigheden van \u00e9\u00e9n dag bij de federale ambtenaren.\" \/>\n<meta property=\"og:url\" content=\"https:\/\/peoplesphere.be\/nl\/stijging-van-het-aantal-afwezigheden-van-een-dag-bij-de-federale-ambtenaren\/\" \/>\n<meta property=\"og:site_name\" content=\"Peoplesphere\" \/>\n<meta property=\"article:publisher\" content=\"https:\/\/www.facebook.com\/peoplesphere\" \/>\n<meta property=\"article:published_time\" content=\"2024-09-12T16:29:09+00:00\" \/>\n<meta property=\"og:image\" content=\"https:\/\/peoplesphere.be\/nl\/wp-content\/uploads\/2024\/09\/20231025burnout.jpg\" \/>\n\t<meta property=\"og:image:width\" content=\"1200\" \/>\n\t<meta property=\"og:image:height\" content=\"515\" \/>\n\t<meta property=\"og:image:type\" content=\"image\/jpeg\" \/>\n<meta name=\"author\" content=\"Jean-Paul Erhard\" \/>\n<meta name=\"twitter:card\" content=\"summary_large_image\" \/>\n<meta name=\"twitter:creator\" content=\"@PeoplesphereMag\" \/>\n<meta name=\"twitter:site\" content=\"@PeoplesphereMag\" \/>\n<meta name=\"twitter:label1\" content=\"Geschreven door\" \/>\n\t<meta name=\"twitter:data1\" content=\"Jean-Paul Erhard\" \/>\n\t<meta name=\"twitter:label2\" content=\"Geschatte leestijd\" \/>\n\t<meta name=\"twitter:data2\" content=\"3 minuten\" \/>\n<script type=\"application\/ld+json\" class=\"yoast-schema-graph\">{\"@context\":\"https:\/\/schema.org\",\"@graph\":[{\"@type\":\"WebPage\",\"@id\":\"https:\/\/peoplesphere.be\/nl\/stijging-van-het-aantal-afwezigheden-van-een-dag-bij-de-federale-ambtenaren\/\",\"url\":\"https:\/\/peoplesphere.be\/nl\/stijging-van-het-aantal-afwezigheden-van-een-dag-bij-de-federale-ambtenaren\/\",\"name\":\"Stijging van het aantal afwezigheden van \u00e9\u00e9n dag bij de federale ambtenaren. - Peoplesphere\",\"isPartOf\":{\"@id\":\"https:\/\/peoplesphere.be\/nl\/#website\"},\"datePublished\":\"2024-09-12T16:29:09+00:00\",\"dateModified\":\"2024-09-12T16:29:09+00:00\",\"author\":{\"@id\":\"https:\/\/peoplesphere.be\/nl\/#\/schema\/person\/0a1c21d8893dd9b9a2cd6e068b4e8cf5\"},\"description\":\"Stijging van het aantal afwezigheden van \u00e9\u00e9n dag bij de federale ambtenaren.\",\"breadcrumb\":{\"@id\":\"https:\/\/peoplesphere.be\/nl\/stijging-van-het-aantal-afwezigheden-van-een-dag-bij-de-federale-ambtenaren\/#breadcrumb\"},\"inLanguage\":\"nl-NL\",\"potentialAction\":[{\"@type\":\"ReadAction\",\"target\":[\"https:\/\/peoplesphere.be\/nl\/stijging-van-het-aantal-afwezigheden-van-een-dag-bij-de-federale-ambtenaren\/\"]}]},{\"@type\":\"BreadcrumbList\",\"@id\":\"https:\/\/peoplesphere.be\/nl\/stijging-van-het-aantal-afwezigheden-van-een-dag-bij-de-federale-ambtenaren\/#breadcrumb\",\"itemListElement\":[{\"@type\":\"ListItem\",\"position\":1,\"name\":\"Accueil\",\"item\":\"https:\/\/peoplesphere.be\/nl\/\"},{\"@type\":\"ListItem\",\"position\":2,\"name\":\"Stijging van het aantal afwezigheden van \u00e9\u00e9n dag bij de federale ambtenaren.\"}]},{\"@type\":\"WebSite\",\"@id\":\"https:\/\/peoplesphere.be\/nl\/#website\",\"url\":\"https:\/\/peoplesphere.be\/nl\/\",\"name\":\"Peoplesphere\",\"description\":\"The People Managers Magazine\",\"potentialAction\":[{\"@type\":\"SearchAction\",\"target\":{\"@type\":\"EntryPoint\",\"urlTemplate\":\"https:\/\/peoplesphere.be\/nl\/?s={search_term_string}\"},\"query-input\":\"required name=search_term_string\"}],\"inLanguage\":\"nl-NL\"},{\"@type\":\"Person\",\"@id\":\"https:\/\/peoplesphere.be\/nl\/#\/schema\/person\/0a1c21d8893dd9b9a2cd6e068b4e8cf5\",\"name\":\"Jean-Paul Erhard\",\"image\":{\"@type\":\"ImageObject\",\"inLanguage\":\"nl-NL\",\"@id\":\"https:\/\/peoplesphere.be\/nl\/#\/schema\/person\/image\/\",\"url\":\"https:\/\/secure.gravatar.com\/avatar\/f941e681460179738071629a51574930?s=96&d=mm&r=g\",\"contentUrl\":\"https:\/\/secure.gravatar.com\/avatar\/f941e681460179738071629a51574930?s=96&d=mm&r=g\",\"caption\":\"Jean-Paul Erhard\"},\"url\":\"https:\/\/peoplesphere.be\/nl\/author\/jpe\/\"}]}<\/script>\n<!-- \/ Yoast SEO plugin. -->","yoast_head_json":{"title":"Stijging van het aantal afwezigheden van \u00e9\u00e9n dag bij de federale ambtenaren. - Peoplesphere","description":"Stijging van het aantal afwezigheden van \u00e9\u00e9n dag bij de federale ambtenaren.","robots":{"index":"index","follow":"follow","max-snippet":"max-snippet:-1","max-image-preview":"max-image-preview:large","max-video-preview":"max-video-preview:-1"},"canonical":"https:\/\/peoplesphere.be\/nl\/stijging-van-het-aantal-afwezigheden-van-een-dag-bij-de-federale-ambtenaren\/","og_locale":"nl_NL","og_type":"article","og_title":"Stijging van het aantal afwezigheden van \u00e9\u00e9n dag bij de federale ambtenaren. - Peoplesphere","og_description":"Stijging van het aantal afwezigheden van \u00e9\u00e9n dag bij de federale ambtenaren.","og_url":"https:\/\/peoplesphere.be\/nl\/stijging-van-het-aantal-afwezigheden-van-een-dag-bij-de-federale-ambtenaren\/","og_site_name":"Peoplesphere","article_publisher":"https:\/\/www.facebook.com\/peoplesphere","article_published_time":"2024-09-12T16:29:09+00:00","og_image":[{"width":1200,"height":515,"url":"https:\/\/peoplesphere.be\/nl\/wp-content\/uploads\/2024\/09\/20231025burnout.jpg","type":"image\/jpeg"}],"author":"Jean-Paul Erhard","twitter_card":"summary_large_image","twitter_creator":"@PeoplesphereMag","twitter_site":"@PeoplesphereMag","twitter_misc":{"Geschreven door":"Jean-Paul Erhard","Geschatte leestijd":"3 minuten"},"schema":{"@context":"https:\/\/schema.org","@graph":[{"@type":"WebPage","@id":"https:\/\/peoplesphere.be\/nl\/stijging-van-het-aantal-afwezigheden-van-een-dag-bij-de-federale-ambtenaren\/","url":"https:\/\/peoplesphere.be\/nl\/stijging-van-het-aantal-afwezigheden-van-een-dag-bij-de-federale-ambtenaren\/","name":"Stijging van het aantal afwezigheden van \u00e9\u00e9n dag bij de federale ambtenaren. - Peoplesphere","isPartOf":{"@id":"https:\/\/peoplesphere.be\/nl\/#website"},"datePublished":"2024-09-12T16:29:09+00:00","dateModified":"2024-09-12T16:29:09+00:00","author":{"@id":"https:\/\/peoplesphere.be\/nl\/#\/schema\/person\/0a1c21d8893dd9b9a2cd6e068b4e8cf5"},"description":"Stijging van het aantal afwezigheden van \u00e9\u00e9n dag bij de federale ambtenaren.","breadcrumb":{"@id":"https:\/\/peoplesphere.be\/nl\/stijging-van-het-aantal-afwezigheden-van-een-dag-bij-de-federale-ambtenaren\/#breadcrumb"},"inLanguage":"nl-NL","potentialAction":[{"@type":"ReadAction","target":["https:\/\/peoplesphere.be\/nl\/stijging-van-het-aantal-afwezigheden-van-een-dag-bij-de-federale-ambtenaren\/"]}]},{"@type":"BreadcrumbList","@id":"https:\/\/peoplesphere.be\/nl\/stijging-van-het-aantal-afwezigheden-van-een-dag-bij-de-federale-ambtenaren\/#breadcrumb","itemListElement":[{"@type":"ListItem","position":1,"name":"Accueil","item":"https:\/\/peoplesphere.be\/nl\/"},{"@type":"ListItem","position":2,"name":"Stijging van het aantal afwezigheden van \u00e9\u00e9n dag bij de federale ambtenaren."}]},{"@type":"WebSite","@id":"https:\/\/peoplesphere.be\/nl\/#website","url":"https:\/\/peoplesphere.be\/nl\/","name":"Peoplesphere","description":"The People Managers Magazine","potentialAction":[{"@type":"SearchAction","target":{"@type":"EntryPoint","urlTemplate":"https:\/\/peoplesphere.be\/nl\/?s={search_term_string}"},"query-input":"required name=search_term_string"}],"inLanguage":"nl-NL"},{"@type":"Person","@id":"https:\/\/peoplesphere.be\/nl\/#\/schema\/person\/0a1c21d8893dd9b9a2cd6e068b4e8cf5","name":"Jean-Paul Erhard","image":{"@type":"ImageObject","inLanguage":"nl-NL","@id":"https:\/\/peoplesphere.be\/nl\/#\/schema\/person\/image\/","url":"https:\/\/secure.gravatar.com\/avatar\/f941e681460179738071629a51574930?s=96&d=mm&r=g","contentUrl":"https:\/\/secure.gravatar.com\/avatar\/f941e681460179738071629a51574930?s=96&d=mm&r=g","caption":"Jean-Paul Erhard"},"url":"https:\/\/peoplesphere.be\/nl\/author\/jpe\/"}]}},"_links":{"self":[{"href":"https:\/\/peoplesphere.be\/nl\/wp-json\/wp\/v2\/posts\/12125"}],"collection":[{"href":"https:\/\/peoplesphere.be\/nl\/wp-json\/wp\/v2\/posts"}],"about":[{"href":"https:\/\/peoplesphere.be\/nl\/wp-json\/wp\/v2\/types\/post"}],"author":[{"embeddable":true,"href":"https:\/\/peoplesphere.be\/nl\/wp-json\/wp\/v2\/users\/3"}],"replies":[{"embeddable":true,"href":"https:\/\/peoplesphere.be\/nl\/wp-json\/wp\/v2\/comments?post=12125"}],"version-history":[{"count":1,"href":"https:\/\/peoplesphere.be\/nl\/wp-json\/wp\/v2\/posts\/12125\/revisions"}],"predecessor-version":[{"id":12126,"href":"https:\/\/peoplesphere.be\/nl\/wp-json\/wp\/v2\/posts\/12125\/revisions\/12126"}],"wp:featuredmedia":[{"embeddable":true,"href":"https:\/\/peoplesphere.be\/nl\/wp-json\/wp\/v2\/media\/12127"}],"wp:attachment":[{"href":"https:\/\/peoplesphere.be\/nl\/wp-json\/wp\/v2\/media?parent=12125"}],"wp:term":[{"taxonomy":"category","embeddable":true,"href":"https:\/\/peoplesphere.be\/nl\/wp-json\/wp\/v2\/categories?post=12125"},{"taxonomy":"post_tag","embeddable":true,"href":"https:\/\/peoplesphere.be\/nl\/wp-json\/wp\/v2\/tags?post=12125"}],"curies":[{"name":"wp","href":"https:\/\/api.w.org\/{rel}","templated":true}]}}