











{"id":12708,"date":"2025-02-03T13:43:29","date_gmt":"2025-02-03T12:43:29","guid":{"rendered":"https:\/\/peoplesphere.be\/nl\/?p=12708"},"modified":"2025-02-03T13:43:29","modified_gmt":"2025-02-03T12:43:29","slug":"vlaamse-overheid-zet-week-van-de-gastleraar-in-de-kijker-met-vier-studio-brussel-gezichten-die-voor-de-klas-staan","status":"publish","type":"post","link":"https:\/\/peoplesphere.be\/nl\/vlaamse-overheid-zet-week-van-de-gastleraar-in-de-kijker-met-vier-studio-brussel-gezichten-die-voor-de-klas-staan\/","title":{"rendered":"Vlaamse overheid zet Week van de Gastleraar in de kijker met vier Studio Brussel-gezichten die voor de klas staan."},"content":{"rendered":"<p>De Vlaamse overheid en Acerta Consult zetten, samen met Studio Brussel-presentatoren Amber Broos, Mich\u00e8le Cuvelier, Thibault Christiaensen en Dries Lenaerts, van 3 tot 7 februari een week lang hun schouders onder de allereerste Week van de Gastleraar. Het initiatief maakt werknemers, werkgevers en zelfstandigen, maar ook gepensioneerden en studenten, warm om enkele uren per week les te geven. Ze doen dat in het kleuter-, lager- of secundair onderwijs via het bestaande statuut van gastleraar.<!--more--><\/p>\n<p>Het doel is eenvoudig: meer leerkrachten voor de klas krijgen. Uit nieuw onderzoek van Acerta Consult blijkt dat ruim 1 op de 3 zelfstandigen en ruim 4 op de 10 werkgevers en werknemers interesse hebben om via het flexibele statuut tijdelijk voor de klas te staan. <em>\u201cGastleraren brengen unieke kennis mee vanuit de praktijk naar het klaslokaal. Dat is een verrijking voor de leerlingen en een boost voor de onderwijskwaliteit. We willen mensen die de stap overwegen, aanmoedigen en hen een warm onthaal geven in de school\u201d<\/em>, zegt Vlaams minister van Onderwijs Zuhal Demir (N-VA).<\/p>\n<p>Op maandag 3 februari 2025 geven de Vlaamse overheid en Acerta Consult samen met Studio Brussel-presentatoren het startschot van de allereerste \u2018Week van de Gastleraar\u2019. Gastleraar worden, dat is de mogelijkheid die sinds vorig schooljaar bestaat voor mensen van buiten het onderwijs om aan de slag te gaan op de klasvloer. Scholen en kandidaat-gastleraars kunnen zich aanmelden op de website <a href=\"http:\/\/www.gastleraar.be\">www.gastleraar.be<\/a>. Het platform combineert vragen van scholen met het aanbod aan kandidaten. \u200b<\/p>\n<p>Mich\u00e8le Cuvelier, presentatrice bij Studio Brussel, zet tijdens de Week van de Gastleraar mee haar schouders onder het project: <em>\u201cToen ik de vraag kreeg om les te geven, samen met andere Studio Brussel-presentatoren, zei ik meteen verrukt \u2018ja\u2019. Ik heb altijd gehouden van leren. School betekent voor mij snoepen van allerlei onderwerpen en van nieuwe werelden. Sommige leraren blijven me dan ook mijn leven lang bij omdat ze je z\u00f3 goed in die onderwerpen en werelden kunnen meenemen. Ze prikkelen, ze vragen iets van je, maar ze geven evenveel terug. Dat is van onschatbare waarde in het pad dat je later aflegt tijdens het leven. Engels was altijd \u00e9\u00e9n van mijn lievelingsvakken, want een andere taal opent \u00e9cht een nieuwe wereld! Dat vak nu eens mogen geven op de school waar ik zelf voor het eerst Engelse les kreeg, voelt als een prachtig full circle moment.\u201d<\/em><\/p>\n<h3><strong><em>Vlaming heeft interesse<\/em><\/strong><\/h3>\n<p>Iets meer dan een derde van de zelfstandigen blijkt ge\u00efnteresseerd te zijn om gastleraar te worden, zo blijkt uit een bevraging van Acerta Consult. Onder werkgevers\/werknemers gaat het zelfs over ruim 4 op de 10 die er positief tegenover staan, waarbij werkgevers nog iets enthousiaster zijn dan de werknemers. Dat alles blijkt uit een enqu\u00eate van hr-expert Acerta Consult bij ruim 2.000 werknemers en meer dan 500 werkgevers in Belgi\u00eb. \u200b<\/p>\n<p>Sabine Goossens, projectverantwoordelijke Gastleraar van Acerta Consult:<em> \u201cEen gastleraar blijft actief als werknemer, zelfstandige en vrije beroeper en reserveert een beperkte tijd om bij te springen in een school. Uiteraard zitten zij met vragen, maar we zien toch een duidelijke interesse. Om het allemaal praktisch in goede banen te leiden voor scholen en kandidaat-gastleraars is er www.gastleraar.be. Daar worden vraag en aanbod gecombineerd en staan zes hogescholen mee in voor de begeleiding.\u201d<\/em><\/p>\n<h3><strong><em>Enkele uren per week voor de klas staan is het populairst \u200b<\/em><\/strong><\/h3>\n<p>Zelfstandigen die het idee van gastleraar genegen zijn, zijn het meest gewonnen voor een invulling met enkele uren lesgeven per week. Ook bij de werknemers en werkgevers scoort die optie het best. E\u00e9n of twee vaste dagen per week lesgeven vinden zij eveneens een optie. Deeltijds gastleraar zijn krijgt meer bijval dan een korte periode fulltime voor de klas staan.<\/p>\n<p>Kijken we naar het enthousiasme onder de verschillende werknemersstatuten, dan zien we dat ambtenaren het meest enthousiast blijken. Ruim 1 op 4 onder hen is zeer ge\u00efnteresseerd in het gastleraarschap. Bij arbeiders en bedienden gaat het om 17% met een grote interesse.<\/p>\n<h3><strong><em>Jongeren inspireren en maatschappelijke bijdrage leveren<\/em><\/strong><\/h3>\n<p>Waarom mensen zo positief staan tegenover het idee van gastleraar, is bij werknemers en zelfstandigen gelijk. Zij willen vooral jongeren inspireren, een maatschappelijke bijdrage leveren, een extra uitdaging aangaan. Werkgevers zien hierin een kans om reclame te maken voor hun vakgebied of voor zichzelf als werkgever. Een kans ook om de competenties van hun medewerkers te versterken, en ook werkgevers hopen via die weg jongeren te inspireren. \u200b<\/p>\n<h3><strong><em>Financi\u00eble zekerheid \u200b<\/em><\/strong><\/h3>\n<p>Maar er zijn ook praktische drijfveren voor kandidaat-gastleraars: ze willen financi\u00eble zekerheid, een school in hun nabijheid, een lessenrooster dat afgestemd is op de vaste job. \u200b<\/p>\n<p>Sabine Goossens, projectverantwoordelijke Gastleraar van Acerta Consult: <em>\u201cDe winst voor de scholen is evident, maar ook langs de kant van de gastleraar is het voordeel van de kruisbestuiving tussen onderwijs en praktijk niet te onderschatten. Eigenlijk doen beide partijen elkaar een plezier, omdat ze elkaar inspireren, elkaar extra zuurstof geven.\u201d<\/em><\/p>\n<h3><strong><em>Potentieel verzilveren<\/em><\/strong><\/h3>\n<p>Ook Vlaams minister van Onderwijs Zuhal Demir wil het potentieel van de gastleraar graag verzilverd zien het komende jaar: \u200b <em>\u201dMensen zoeken vaak zin en betekenis in het werk dat ze doen. Lesgeven is een ideale weg om die impact en betekenis te ervaren: je geeft letterlijk je kennis door aan de volgende generaties. Toch kan de stap naar het onderwijs groot zijn, en daarom bestaat dus het flexibele statuut van gastleraar. Als gastleraar kun je je carri\u00e8re combineren met het mooie beroep van leraar. Gastleraren brengen unieke kennis mee vanuit de praktijk naar het klaslokaal. Dat is een verrijking voor de leerlingen en een boost voor de onderwijskwaliteit. We willen mensen die de stap overwegen, aanmoedigen en hen een warm onthaal geven in de school.\u201d<\/em><\/p>\n<p><em>Bron: de gegevens voor werknemers en werkgevers zijn afkomstig van de meest recente Spiegelbevraging, uitgevoerd door Acerta Consult in samenwerking met onderzoeksbureau Indiville begin 2025. In totaal werden 2002 werknemers en 515 werkgevers in Belgi\u00eb bevraagd. De resultaten voor de werkgevers zijn gewogen om representatief te zijn voor Belgi\u00eb op basis van het aantal werknemers in actieve ondernemingen met minstens 5 werknemers. De data voor werknemers zijn gewogen om representatief te zijn voor de werkende Belgische bevolking, met inachtneming van geslacht, leeftijd, taal en statuut. De gegevens voor zelfstandigen zijn afkomstig uit een aparte bevraging, uitgevoerd door Acerta waarbij 648 zelfstandigen in Belgi\u00eb deelnamen.<\/em><\/p>\n","protected":false},"excerpt":{"rendered":"<p>De Vlaamse overheid en Acerta Consult zetten, samen met Studio Brussel-presentatoren Amber Broos, Mich\u00e8le Cuvelier, Thibault Christiaensen en Dries Lenaerts, van 3 tot 7 februari een week lang hun schouders onder de allereerste Week van de Gastleraar. Het initiatief maakt [&hellip;]<\/p>\n","protected":false},"author":3,"featured_media":0,"comment_status":"open","ping_status":"open","sticky":false,"template":"","format":"standard","meta":[],"categories":[3,4],"tags":[380,1726,4244],"yoast_head":"<!-- This site is optimized with the Yoast SEO plugin v20.12 - https:\/\/yoast.com\/wordpress\/plugins\/seo\/ -->\n<title>Vlaamse overheid zet Week van de Gastleraar in de kijker met vier Studio Brussel-gezichten die voor de klas staan. - Peoplesphere<\/title>\n<meta name=\"robots\" content=\"index, follow, max-snippet:-1, max-image-preview:large, max-video-preview:-1\" \/>\n<link rel=\"canonical\" href=\"https:\/\/peoplesphere.be\/nl\/vlaamse-overheid-zet-week-van-de-gastleraar-in-de-kijker-met-vier-studio-brussel-gezichten-die-voor-de-klas-staan\/\" \/>\n<meta property=\"og:locale\" content=\"nl_NL\" \/>\n<meta property=\"og:type\" content=\"article\" \/>\n<meta property=\"og:title\" content=\"Vlaamse overheid zet Week van de Gastleraar in de kijker met vier Studio Brussel-gezichten die voor de klas staan. - Peoplesphere\" \/>\n<meta property=\"og:description\" content=\"De Vlaamse overheid en Acerta Consult zetten, samen met Studio Brussel-presentatoren Amber Broos, Mich\u00e8le Cuvelier, Thibault Christiaensen en Dries Lenaerts, van 3 tot 7 februari een week lang hun schouders onder de allereerste Week van de Gastleraar. Het initiatief maakt [&hellip;]\" \/>\n<meta property=\"og:url\" content=\"https:\/\/peoplesphere.be\/nl\/vlaamse-overheid-zet-week-van-de-gastleraar-in-de-kijker-met-vier-studio-brussel-gezichten-die-voor-de-klas-staan\/\" \/>\n<meta property=\"og:site_name\" content=\"Peoplesphere\" \/>\n<meta property=\"article:publisher\" content=\"https:\/\/www.facebook.com\/peoplesphere\" \/>\n<meta property=\"article:published_time\" content=\"2025-02-03T12:43:29+00:00\" \/>\n<meta property=\"og:image\" content=\"http:\/\/www.peoplesphere.be\/nl\/wp-content\/uploads\/2016\/07\/facebook-default-posting-1200x628px.jpg\" \/>\n<meta name=\"author\" content=\"Jean-Paul Erhard\" \/>\n<meta name=\"twitter:card\" content=\"summary_large_image\" \/>\n<meta name=\"twitter:creator\" content=\"@PeoplesphereMag\" \/>\n<meta name=\"twitter:site\" content=\"@PeoplesphereMag\" \/>\n<meta name=\"twitter:label1\" content=\"Geschreven door\" \/>\n\t<meta name=\"twitter:data1\" content=\"Jean-Paul Erhard\" \/>\n\t<meta name=\"twitter:label2\" content=\"Geschatte leestijd\" \/>\n\t<meta name=\"twitter:data2\" content=\"6 minuten\" \/>\n<script type=\"application\/ld+json\" class=\"yoast-schema-graph\">{\"@context\":\"https:\/\/schema.org\",\"@graph\":[{\"@type\":\"WebPage\",\"@id\":\"https:\/\/peoplesphere.be\/nl\/vlaamse-overheid-zet-week-van-de-gastleraar-in-de-kijker-met-vier-studio-brussel-gezichten-die-voor-de-klas-staan\/\",\"url\":\"https:\/\/peoplesphere.be\/nl\/vlaamse-overheid-zet-week-van-de-gastleraar-in-de-kijker-met-vier-studio-brussel-gezichten-die-voor-de-klas-staan\/\",\"name\":\"Vlaamse overheid zet Week van de Gastleraar in de kijker met vier Studio Brussel-gezichten die voor de klas staan. - Peoplesphere\",\"isPartOf\":{\"@id\":\"https:\/\/peoplesphere.be\/nl\/#website\"},\"datePublished\":\"2025-02-03T12:43:29+00:00\",\"dateModified\":\"2025-02-03T12:43:29+00:00\",\"author\":{\"@id\":\"https:\/\/peoplesphere.be\/nl\/#\/schema\/person\/0a1c21d8893dd9b9a2cd6e068b4e8cf5\"},\"breadcrumb\":{\"@id\":\"https:\/\/peoplesphere.be\/nl\/vlaamse-overheid-zet-week-van-de-gastleraar-in-de-kijker-met-vier-studio-brussel-gezichten-die-voor-de-klas-staan\/#breadcrumb\"},\"inLanguage\":\"nl-NL\",\"potentialAction\":[{\"@type\":\"ReadAction\",\"target\":[\"https:\/\/peoplesphere.be\/nl\/vlaamse-overheid-zet-week-van-de-gastleraar-in-de-kijker-met-vier-studio-brussel-gezichten-die-voor-de-klas-staan\/\"]}]},{\"@type\":\"BreadcrumbList\",\"@id\":\"https:\/\/peoplesphere.be\/nl\/vlaamse-overheid-zet-week-van-de-gastleraar-in-de-kijker-met-vier-studio-brussel-gezichten-die-voor-de-klas-staan\/#breadcrumb\",\"itemListElement\":[{\"@type\":\"ListItem\",\"position\":1,\"name\":\"Accueil\",\"item\":\"https:\/\/peoplesphere.be\/nl\/\"},{\"@type\":\"ListItem\",\"position\":2,\"name\":\"Vlaamse overheid zet Week van de Gastleraar in de kijker met vier Studio Brussel-gezichten die voor de klas staan.\"}]},{\"@type\":\"WebSite\",\"@id\":\"https:\/\/peoplesphere.be\/nl\/#website\",\"url\":\"https:\/\/peoplesphere.be\/nl\/\",\"name\":\"Peoplesphere\",\"description\":\"The People Managers Magazine\",\"potentialAction\":[{\"@type\":\"SearchAction\",\"target\":{\"@type\":\"EntryPoint\",\"urlTemplate\":\"https:\/\/peoplesphere.be\/nl\/?s={search_term_string}\"},\"query-input\":\"required name=search_term_string\"}],\"inLanguage\":\"nl-NL\"},{\"@type\":\"Person\",\"@id\":\"https:\/\/peoplesphere.be\/nl\/#\/schema\/person\/0a1c21d8893dd9b9a2cd6e068b4e8cf5\",\"name\":\"Jean-Paul Erhard\",\"image\":{\"@type\":\"ImageObject\",\"inLanguage\":\"nl-NL\",\"@id\":\"https:\/\/peoplesphere.be\/nl\/#\/schema\/person\/image\/\",\"url\":\"https:\/\/secure.gravatar.com\/avatar\/f941e681460179738071629a51574930?s=96&d=mm&r=g\",\"contentUrl\":\"https:\/\/secure.gravatar.com\/avatar\/f941e681460179738071629a51574930?s=96&d=mm&r=g\",\"caption\":\"Jean-Paul Erhard\"},\"url\":\"https:\/\/peoplesphere.be\/nl\/author\/jpe\/\"}]}<\/script>\n<!-- \/ Yoast SEO plugin. -->","yoast_head_json":{"title":"Vlaamse overheid zet Week van de Gastleraar in de kijker met vier Studio Brussel-gezichten die voor de klas staan. - Peoplesphere","robots":{"index":"index","follow":"follow","max-snippet":"max-snippet:-1","max-image-preview":"max-image-preview:large","max-video-preview":"max-video-preview:-1"},"canonical":"https:\/\/peoplesphere.be\/nl\/vlaamse-overheid-zet-week-van-de-gastleraar-in-de-kijker-met-vier-studio-brussel-gezichten-die-voor-de-klas-staan\/","og_locale":"nl_NL","og_type":"article","og_title":"Vlaamse overheid zet Week van de Gastleraar in de kijker met vier Studio Brussel-gezichten die voor de klas staan. - Peoplesphere","og_description":"De Vlaamse overheid en Acerta Consult zetten, samen met Studio Brussel-presentatoren Amber Broos, Mich\u00e8le Cuvelier, Thibault Christiaensen en Dries Lenaerts, van 3 tot 7 februari een week lang hun schouders onder de allereerste Week van de Gastleraar. Het initiatief maakt [&hellip;]","og_url":"https:\/\/peoplesphere.be\/nl\/vlaamse-overheid-zet-week-van-de-gastleraar-in-de-kijker-met-vier-studio-brussel-gezichten-die-voor-de-klas-staan\/","og_site_name":"Peoplesphere","article_publisher":"https:\/\/www.facebook.com\/peoplesphere","article_published_time":"2025-02-03T12:43:29+00:00","og_image":[{"url":"http:\/\/www.peoplesphere.be\/nl\/wp-content\/uploads\/2016\/07\/facebook-default-posting-1200x628px.jpg"}],"author":"Jean-Paul Erhard","twitter_card":"summary_large_image","twitter_creator":"@PeoplesphereMag","twitter_site":"@PeoplesphereMag","twitter_misc":{"Geschreven door":"Jean-Paul Erhard","Geschatte leestijd":"6 minuten"},"schema":{"@context":"https:\/\/schema.org","@graph":[{"@type":"WebPage","@id":"https:\/\/peoplesphere.be\/nl\/vlaamse-overheid-zet-week-van-de-gastleraar-in-de-kijker-met-vier-studio-brussel-gezichten-die-voor-de-klas-staan\/","url":"https:\/\/peoplesphere.be\/nl\/vlaamse-overheid-zet-week-van-de-gastleraar-in-de-kijker-met-vier-studio-brussel-gezichten-die-voor-de-klas-staan\/","name":"Vlaamse overheid zet Week van de Gastleraar in de kijker met vier Studio Brussel-gezichten die voor de klas staan. - Peoplesphere","isPartOf":{"@id":"https:\/\/peoplesphere.be\/nl\/#website"},"datePublished":"2025-02-03T12:43:29+00:00","dateModified":"2025-02-03T12:43:29+00:00","author":{"@id":"https:\/\/peoplesphere.be\/nl\/#\/schema\/person\/0a1c21d8893dd9b9a2cd6e068b4e8cf5"},"breadcrumb":{"@id":"https:\/\/peoplesphere.be\/nl\/vlaamse-overheid-zet-week-van-de-gastleraar-in-de-kijker-met-vier-studio-brussel-gezichten-die-voor-de-klas-staan\/#breadcrumb"},"inLanguage":"nl-NL","potentialAction":[{"@type":"ReadAction","target":["https:\/\/peoplesphere.be\/nl\/vlaamse-overheid-zet-week-van-de-gastleraar-in-de-kijker-met-vier-studio-brussel-gezichten-die-voor-de-klas-staan\/"]}]},{"@type":"BreadcrumbList","@id":"https:\/\/peoplesphere.be\/nl\/vlaamse-overheid-zet-week-van-de-gastleraar-in-de-kijker-met-vier-studio-brussel-gezichten-die-voor-de-klas-staan\/#breadcrumb","itemListElement":[{"@type":"ListItem","position":1,"name":"Accueil","item":"https:\/\/peoplesphere.be\/nl\/"},{"@type":"ListItem","position":2,"name":"Vlaamse overheid zet Week van de Gastleraar in de kijker met vier Studio Brussel-gezichten die voor de klas staan."}]},{"@type":"WebSite","@id":"https:\/\/peoplesphere.be\/nl\/#website","url":"https:\/\/peoplesphere.be\/nl\/","name":"Peoplesphere","description":"The People Managers Magazine","potentialAction":[{"@type":"SearchAction","target":{"@type":"EntryPoint","urlTemplate":"https:\/\/peoplesphere.be\/nl\/?s={search_term_string}"},"query-input":"required name=search_term_string"}],"inLanguage":"nl-NL"},{"@type":"Person","@id":"https:\/\/peoplesphere.be\/nl\/#\/schema\/person\/0a1c21d8893dd9b9a2cd6e068b4e8cf5","name":"Jean-Paul Erhard","image":{"@type":"ImageObject","inLanguage":"nl-NL","@id":"https:\/\/peoplesphere.be\/nl\/#\/schema\/person\/image\/","url":"https:\/\/secure.gravatar.com\/avatar\/f941e681460179738071629a51574930?s=96&d=mm&r=g","contentUrl":"https:\/\/secure.gravatar.com\/avatar\/f941e681460179738071629a51574930?s=96&d=mm&r=g","caption":"Jean-Paul Erhard"},"url":"https:\/\/peoplesphere.be\/nl\/author\/jpe\/"}]}},"_links":{"self":[{"href":"https:\/\/peoplesphere.be\/nl\/wp-json\/wp\/v2\/posts\/12708"}],"collection":[{"href":"https:\/\/peoplesphere.be\/nl\/wp-json\/wp\/v2\/posts"}],"about":[{"href":"https:\/\/peoplesphere.be\/nl\/wp-json\/wp\/v2\/types\/post"}],"author":[{"embeddable":true,"href":"https:\/\/peoplesphere.be\/nl\/wp-json\/wp\/v2\/users\/3"}],"replies":[{"embeddable":true,"href":"https:\/\/peoplesphere.be\/nl\/wp-json\/wp\/v2\/comments?post=12708"}],"version-history":[{"count":1,"href":"https:\/\/peoplesphere.be\/nl\/wp-json\/wp\/v2\/posts\/12708\/revisions"}],"predecessor-version":[{"id":12709,"href":"https:\/\/peoplesphere.be\/nl\/wp-json\/wp\/v2\/posts\/12708\/revisions\/12709"}],"wp:attachment":[{"href":"https:\/\/peoplesphere.be\/nl\/wp-json\/wp\/v2\/media?parent=12708"}],"wp:term":[{"taxonomy":"category","embeddable":true,"href":"https:\/\/peoplesphere.be\/nl\/wp-json\/wp\/v2\/categories?post=12708"},{"taxonomy":"post_tag","embeddable":true,"href":"https:\/\/peoplesphere.be\/nl\/wp-json\/wp\/v2\/tags?post=12708"}],"curies":[{"name":"wp","href":"https:\/\/api.w.org\/{rel}","templated":true}]}}