











{"id":12779,"date":"2025-02-18T08:55:54","date_gmt":"2025-02-18T07:55:54","guid":{"rendered":"https:\/\/peoplesphere.be\/nl\/?p=12779"},"modified":"2025-02-18T08:55:54","modified_gmt":"2025-02-18T07:55:54","slug":"10-werkdagen-verloren-door-ziekte-afwezigheden-van-meer-dan-een-maand-stijgen-het-meest","status":"publish","type":"post","link":"https:\/\/peoplesphere.be\/nl\/10-werkdagen-verloren-door-ziekte-afwezigheden-van-meer-dan-een-maand-stijgen-het-meest\/","title":{"rendered":"10% werkdagen verloren door ziekte: afwezigheden van meer dan een maand stijgen het meest."},"content":{"rendered":"<p>Ondanks de grieppiek, liggen in januari 2025 de kortdurende afwezigheden niet boven het niveau van 2024 (nl. op 3,35%). De stijgende trend kortverzuim is nu al zes maand onderbroken. In totaal gingen er 2024 meer dan 10% van alle werkdagen in de priv\u00e9sector verloren door ziekte: ofwel door kortdurende ziekte (minder dan een maand), ofwel door middellang (tussen 1 maand en 1 jaar) of lang verzuim (langer dan 1 jaar). Dit is een stijging t.o.v. 2023.<!--more--><\/p>\n<p>Het verlies door middellang verzuim is het meest gestegen: het bedraagt nu 3,25%, t.o.v. 3,04% in 2023. Het langverzuim (&gt; 1 jaar) is wel hoger en bedraagt 3,75% (t.o.v. 2023 toen het 3,63% bedroeg). Het verlies door kortdurende ziekte bedraagt 3,29%, wat gelijkaardig is met 2023 toen het 3,24% bedroeg. De regering kondigt een reeks maatregelen aan om het verzuim terug te dringen.<\/p>\n<p>Het middellang verzuim bedraagt nu 3,25%, t.o.v. 3,04% in 2023 (een relatieve stijging van bijna 7%). De afwezigheden van langer dan een maand (maar korter dan een jaar) bleven het hele jaar door hoger dan in 2023.<br \/>\nMiddellang verzuim is het meest gestegen bij de wie jonger is dan 40 jaar (relatief bekeken: plus 15% bij de min 25-jarigen, +10% bij de 25-40-jarigen), al kent deze leeftijdsgroep nog steeds de laagste cijfers: het varieert tussen de 2,15% (-25jaar) en 4,64% (+60 jaar).<\/p>\n<p>Brussel kent het laagste cijfer middellang verzuim met afgerond 2,90% (het bleef ook stabiel); het hoogste cijfer situeert zich in Walloni\u00eb met 3,7% (relatief gezien met 6%, want in 2023 was dit nog 3,5%) en Vlaanderen zit daartussen met 3,25%, maar dit is meteen ook de grootste stijger; een relatieve stijging van 9% komende van 3,0% in 2023.<br \/>\nGemiddeld ligt het verlies aan werkdagen bij de arbeidersberoepen op 4,70%. De stijging is er het grootst (relatief gezien bijna +9%), maar ook het cijfer van de bedienden stijgt tot 2,63% (een relatieve stijging van meer dan 6%).<\/p>\n<p>Katleen Jacobs, Business Manager Legal consultancy van SD Worx geeft duiding: <em>\u201cEr zijn meer mensen langer dan een maand afwezig: \u00e9\u00e9n op zeven werknemers (of 13,34%) in de priv\u00e9. De stijging is het grootst in Vlaanderen en bij de arbeidersberoepen: arbeiders zijn gemiddeld iets vaker en ook langer afwezig.\u201d<\/em><\/p>\n<h3><strong><em>Stijgende trend kortverzuim nu al zes maand onderbroken<\/em><\/strong><\/h3>\n<p>De afwezigheden van minder dan 1 maand wegens ziekte (het kortverzuim) is de laatste zes maand niet verder gestegen: het ligt in die maanden lager dan vorig jaar. Ondanks de grieppiek liggen in januari 2025 de kortdurende afwezigheden onder het niveau van 2024 (nl. op 3,35%).<\/p>\n<p>Op jaarbasis is het verlies door kortdurend verzuim wel licht gestegen. Het verlies door kortdurende ziekte bedraagt 3,29% (wat een relatieve stijging van 1,5% betekent t.o.v. 2023 toen het 3,24% bedroeg).<\/p>\n<p>De jongeren -25 jaar kennen als enige groep geen verdere stijging qua kortdurende ziektes; deze leeftijdsgroep kent wel het hoogste cijfer nl. 3,80%. De 30-35-jarigen kennen de grootste toename tot 3,45% (een relatieve stijging van 2,68%).<br \/>\nVlaanderen en Brussel zijn aan elkaar gewaagd met een kortdurend ziekteverzuim van 3,30%; Walloni\u00eb scoort iets lager met 3,25%, maar is het meest gestegen (relatief met +2,85%), al ligt dit niet ver uit de buurt van de stijging in Vlaanderen (relatief met +2,79%). Zo komen deze twee regio\u2019s op gelijke hoogte met Brussel (slechts een relatieve stijging van 1,23%). Het laatste jaar is het verzuim van minder dan een jaar in Brussel het minst toegenomen (zowel kort als middellang).<\/p>\n<p>Zowel bij arbeiders als bij bedienden zien we een gelijkaardige stijging; gemiddeld is er een verzuim van 4,20% bij arbeiders en 2,90% bij bedienden door kortdurende afwezigheden.<br \/>\n<em>\u201cTwee op de drie werknemers was minstens 1 dag kortdurend afwezig op het werk. 30% was geen enkele dag afwezig in 2024\u201d<\/em>, zegt Katleen Jacobs van SD Worx.<\/p>\n<h3><strong><em>Langer dan een jaar afwezig op de werkvloer<\/em><\/strong><\/h3>\n<p>Het grootst aantal dagen gaat verloren door afwezigheden langer dan 1 jaar: het langverzuim (&gt; 1 jaar) bedraagt 3,75% (een relatieve stijging van 3,3%).<br \/>\nHet gaat gemiddeld om 3% van de werknemers die langer dan een jaar afwezig is. Al verschilt dit ook erg van sector tot sector: zo loopt dit op tot 12% in de gezins-en bejaardenzorg, maar ook de middelgrote winkels (10%) en bv. de vleesproductie is het erg hoog (9%).<\/p>\n<p><em>\u201cHoe groter de organisatie, hoe groter het risico. Op zes jaar tijd zien wij het totale verzuim in de priv\u00e9sector stijgen van 8,40% tot 10,30%: relatief gezien is dit een stijging van 23%. De kost is aanzienlijk. Het gaat om miljoenen verloren werkdagen en dat is in het nadeel van zowel de individuele werknemer, de werkgever en de ganse maatschappij: het is een gedeelde verantwoordelijkheid.\u201d<\/em><\/p>\n","protected":false},"excerpt":{"rendered":"<p>Ondanks de grieppiek, liggen in januari 2025 de kortdurende afwezigheden niet boven het niveau van 2024 (nl. op 3,35%). De stijgende trend kortverzuim is nu al zes maand onderbroken. In totaal gingen er 2024 meer dan 10% van alle werkdagen [&hellip;]<\/p>\n","protected":false},"author":3,"featured_media":0,"comment_status":"open","ping_status":"open","sticky":false,"template":"","format":"standard","meta":[],"categories":[3,4],"tags":[786,703,408],"yoast_head":"<!-- This site is optimized with the Yoast SEO plugin v20.12 - https:\/\/yoast.com\/wordpress\/plugins\/seo\/ -->\n<title>10% werkdagen verloren door ziekte: afwezigheden van meer dan een maand stijgen het meest. - Peoplesphere<\/title>\n<meta name=\"robots\" content=\"index, follow, max-snippet:-1, max-image-preview:large, max-video-preview:-1\" \/>\n<link rel=\"canonical\" href=\"https:\/\/peoplesphere.be\/nl\/10-werkdagen-verloren-door-ziekte-afwezigheden-van-meer-dan-een-maand-stijgen-het-meest\/\" \/>\n<meta property=\"og:locale\" content=\"nl_NL\" \/>\n<meta property=\"og:type\" content=\"article\" \/>\n<meta property=\"og:title\" content=\"10% werkdagen verloren door ziekte: afwezigheden van meer dan een maand stijgen het meest. - Peoplesphere\" \/>\n<meta property=\"og:description\" content=\"Ondanks de grieppiek, liggen in januari 2025 de kortdurende afwezigheden niet boven het niveau van 2024 (nl. op 3,35%). De stijgende trend kortverzuim is nu al zes maand onderbroken. In totaal gingen er 2024 meer dan 10% van alle werkdagen [&hellip;]\" \/>\n<meta property=\"og:url\" content=\"https:\/\/peoplesphere.be\/nl\/10-werkdagen-verloren-door-ziekte-afwezigheden-van-meer-dan-een-maand-stijgen-het-meest\/\" \/>\n<meta property=\"og:site_name\" content=\"Peoplesphere\" \/>\n<meta property=\"article:publisher\" content=\"https:\/\/www.facebook.com\/peoplesphere\" \/>\n<meta property=\"article:published_time\" content=\"2025-02-18T07:55:54+00:00\" \/>\n<meta property=\"og:image\" content=\"http:\/\/www.peoplesphere.be\/nl\/wp-content\/uploads\/2016\/07\/facebook-default-posting-1200x628px.jpg\" \/>\n<meta name=\"author\" content=\"Jean-Paul Erhard\" \/>\n<meta name=\"twitter:card\" content=\"summary_large_image\" \/>\n<meta name=\"twitter:creator\" content=\"@PeoplesphereMag\" \/>\n<meta name=\"twitter:site\" content=\"@PeoplesphereMag\" \/>\n<meta name=\"twitter:label1\" content=\"Geschreven door\" \/>\n\t<meta name=\"twitter:data1\" content=\"Jean-Paul Erhard\" \/>\n\t<meta name=\"twitter:label2\" content=\"Geschatte leestijd\" \/>\n\t<meta name=\"twitter:data2\" content=\"4 minuten\" \/>\n<script type=\"application\/ld+json\" class=\"yoast-schema-graph\">{\"@context\":\"https:\/\/schema.org\",\"@graph\":[{\"@type\":\"WebPage\",\"@id\":\"https:\/\/peoplesphere.be\/nl\/10-werkdagen-verloren-door-ziekte-afwezigheden-van-meer-dan-een-maand-stijgen-het-meest\/\",\"url\":\"https:\/\/peoplesphere.be\/nl\/10-werkdagen-verloren-door-ziekte-afwezigheden-van-meer-dan-een-maand-stijgen-het-meest\/\",\"name\":\"10% werkdagen verloren door ziekte: afwezigheden van meer dan een maand stijgen het meest. - Peoplesphere\",\"isPartOf\":{\"@id\":\"https:\/\/peoplesphere.be\/nl\/#website\"},\"datePublished\":\"2025-02-18T07:55:54+00:00\",\"dateModified\":\"2025-02-18T07:55:54+00:00\",\"author\":{\"@id\":\"https:\/\/peoplesphere.be\/nl\/#\/schema\/person\/0a1c21d8893dd9b9a2cd6e068b4e8cf5\"},\"breadcrumb\":{\"@id\":\"https:\/\/peoplesphere.be\/nl\/10-werkdagen-verloren-door-ziekte-afwezigheden-van-meer-dan-een-maand-stijgen-het-meest\/#breadcrumb\"},\"inLanguage\":\"nl-NL\",\"potentialAction\":[{\"@type\":\"ReadAction\",\"target\":[\"https:\/\/peoplesphere.be\/nl\/10-werkdagen-verloren-door-ziekte-afwezigheden-van-meer-dan-een-maand-stijgen-het-meest\/\"]}]},{\"@type\":\"BreadcrumbList\",\"@id\":\"https:\/\/peoplesphere.be\/nl\/10-werkdagen-verloren-door-ziekte-afwezigheden-van-meer-dan-een-maand-stijgen-het-meest\/#breadcrumb\",\"itemListElement\":[{\"@type\":\"ListItem\",\"position\":1,\"name\":\"Accueil\",\"item\":\"https:\/\/peoplesphere.be\/nl\/\"},{\"@type\":\"ListItem\",\"position\":2,\"name\":\"10% werkdagen verloren door ziekte: afwezigheden van meer dan een maand stijgen het meest.\"}]},{\"@type\":\"WebSite\",\"@id\":\"https:\/\/peoplesphere.be\/nl\/#website\",\"url\":\"https:\/\/peoplesphere.be\/nl\/\",\"name\":\"Peoplesphere\",\"description\":\"The People Managers Magazine\",\"potentialAction\":[{\"@type\":\"SearchAction\",\"target\":{\"@type\":\"EntryPoint\",\"urlTemplate\":\"https:\/\/peoplesphere.be\/nl\/?s={search_term_string}\"},\"query-input\":\"required name=search_term_string\"}],\"inLanguage\":\"nl-NL\"},{\"@type\":\"Person\",\"@id\":\"https:\/\/peoplesphere.be\/nl\/#\/schema\/person\/0a1c21d8893dd9b9a2cd6e068b4e8cf5\",\"name\":\"Jean-Paul Erhard\",\"image\":{\"@type\":\"ImageObject\",\"inLanguage\":\"nl-NL\",\"@id\":\"https:\/\/peoplesphere.be\/nl\/#\/schema\/person\/image\/\",\"url\":\"https:\/\/secure.gravatar.com\/avatar\/f941e681460179738071629a51574930?s=96&d=mm&r=g\",\"contentUrl\":\"https:\/\/secure.gravatar.com\/avatar\/f941e681460179738071629a51574930?s=96&d=mm&r=g\",\"caption\":\"Jean-Paul Erhard\"},\"url\":\"https:\/\/peoplesphere.be\/nl\/author\/jpe\/\"}]}<\/script>\n<!-- \/ Yoast SEO plugin. -->","yoast_head_json":{"title":"10% werkdagen verloren door ziekte: afwezigheden van meer dan een maand stijgen het meest. - Peoplesphere","robots":{"index":"index","follow":"follow","max-snippet":"max-snippet:-1","max-image-preview":"max-image-preview:large","max-video-preview":"max-video-preview:-1"},"canonical":"https:\/\/peoplesphere.be\/nl\/10-werkdagen-verloren-door-ziekte-afwezigheden-van-meer-dan-een-maand-stijgen-het-meest\/","og_locale":"nl_NL","og_type":"article","og_title":"10% werkdagen verloren door ziekte: afwezigheden van meer dan een maand stijgen het meest. - Peoplesphere","og_description":"Ondanks de grieppiek, liggen in januari 2025 de kortdurende afwezigheden niet boven het niveau van 2024 (nl. op 3,35%). De stijgende trend kortverzuim is nu al zes maand onderbroken. In totaal gingen er 2024 meer dan 10% van alle werkdagen [&hellip;]","og_url":"https:\/\/peoplesphere.be\/nl\/10-werkdagen-verloren-door-ziekte-afwezigheden-van-meer-dan-een-maand-stijgen-het-meest\/","og_site_name":"Peoplesphere","article_publisher":"https:\/\/www.facebook.com\/peoplesphere","article_published_time":"2025-02-18T07:55:54+00:00","og_image":[{"url":"http:\/\/www.peoplesphere.be\/nl\/wp-content\/uploads\/2016\/07\/facebook-default-posting-1200x628px.jpg"}],"author":"Jean-Paul Erhard","twitter_card":"summary_large_image","twitter_creator":"@PeoplesphereMag","twitter_site":"@PeoplesphereMag","twitter_misc":{"Geschreven door":"Jean-Paul Erhard","Geschatte leestijd":"4 minuten"},"schema":{"@context":"https:\/\/schema.org","@graph":[{"@type":"WebPage","@id":"https:\/\/peoplesphere.be\/nl\/10-werkdagen-verloren-door-ziekte-afwezigheden-van-meer-dan-een-maand-stijgen-het-meest\/","url":"https:\/\/peoplesphere.be\/nl\/10-werkdagen-verloren-door-ziekte-afwezigheden-van-meer-dan-een-maand-stijgen-het-meest\/","name":"10% werkdagen verloren door ziekte: afwezigheden van meer dan een maand stijgen het meest. - Peoplesphere","isPartOf":{"@id":"https:\/\/peoplesphere.be\/nl\/#website"},"datePublished":"2025-02-18T07:55:54+00:00","dateModified":"2025-02-18T07:55:54+00:00","author":{"@id":"https:\/\/peoplesphere.be\/nl\/#\/schema\/person\/0a1c21d8893dd9b9a2cd6e068b4e8cf5"},"breadcrumb":{"@id":"https:\/\/peoplesphere.be\/nl\/10-werkdagen-verloren-door-ziekte-afwezigheden-van-meer-dan-een-maand-stijgen-het-meest\/#breadcrumb"},"inLanguage":"nl-NL","potentialAction":[{"@type":"ReadAction","target":["https:\/\/peoplesphere.be\/nl\/10-werkdagen-verloren-door-ziekte-afwezigheden-van-meer-dan-een-maand-stijgen-het-meest\/"]}]},{"@type":"BreadcrumbList","@id":"https:\/\/peoplesphere.be\/nl\/10-werkdagen-verloren-door-ziekte-afwezigheden-van-meer-dan-een-maand-stijgen-het-meest\/#breadcrumb","itemListElement":[{"@type":"ListItem","position":1,"name":"Accueil","item":"https:\/\/peoplesphere.be\/nl\/"},{"@type":"ListItem","position":2,"name":"10% werkdagen verloren door ziekte: afwezigheden van meer dan een maand stijgen het meest."}]},{"@type":"WebSite","@id":"https:\/\/peoplesphere.be\/nl\/#website","url":"https:\/\/peoplesphere.be\/nl\/","name":"Peoplesphere","description":"The People Managers Magazine","potentialAction":[{"@type":"SearchAction","target":{"@type":"EntryPoint","urlTemplate":"https:\/\/peoplesphere.be\/nl\/?s={search_term_string}"},"query-input":"required name=search_term_string"}],"inLanguage":"nl-NL"},{"@type":"Person","@id":"https:\/\/peoplesphere.be\/nl\/#\/schema\/person\/0a1c21d8893dd9b9a2cd6e068b4e8cf5","name":"Jean-Paul Erhard","image":{"@type":"ImageObject","inLanguage":"nl-NL","@id":"https:\/\/peoplesphere.be\/nl\/#\/schema\/person\/image\/","url":"https:\/\/secure.gravatar.com\/avatar\/f941e681460179738071629a51574930?s=96&d=mm&r=g","contentUrl":"https:\/\/secure.gravatar.com\/avatar\/f941e681460179738071629a51574930?s=96&d=mm&r=g","caption":"Jean-Paul Erhard"},"url":"https:\/\/peoplesphere.be\/nl\/author\/jpe\/"}]}},"_links":{"self":[{"href":"https:\/\/peoplesphere.be\/nl\/wp-json\/wp\/v2\/posts\/12779"}],"collection":[{"href":"https:\/\/peoplesphere.be\/nl\/wp-json\/wp\/v2\/posts"}],"about":[{"href":"https:\/\/peoplesphere.be\/nl\/wp-json\/wp\/v2\/types\/post"}],"author":[{"embeddable":true,"href":"https:\/\/peoplesphere.be\/nl\/wp-json\/wp\/v2\/users\/3"}],"replies":[{"embeddable":true,"href":"https:\/\/peoplesphere.be\/nl\/wp-json\/wp\/v2\/comments?post=12779"}],"version-history":[{"count":1,"href":"https:\/\/peoplesphere.be\/nl\/wp-json\/wp\/v2\/posts\/12779\/revisions"}],"predecessor-version":[{"id":12780,"href":"https:\/\/peoplesphere.be\/nl\/wp-json\/wp\/v2\/posts\/12779\/revisions\/12780"}],"wp:attachment":[{"href":"https:\/\/peoplesphere.be\/nl\/wp-json\/wp\/v2\/media?parent=12779"}],"wp:term":[{"taxonomy":"category","embeddable":true,"href":"https:\/\/peoplesphere.be\/nl\/wp-json\/wp\/v2\/categories?post=12779"},{"taxonomy":"post_tag","embeddable":true,"href":"https:\/\/peoplesphere.be\/nl\/wp-json\/wp\/v2\/tags?post=12779"}],"curies":[{"name":"wp","href":"https:\/\/api.w.org\/{rel}","templated":true}]}}