











{"id":12885,"date":"2025-03-14T10:25:55","date_gmt":"2025-03-14T09:25:55","guid":{"rendered":"https:\/\/peoplesphere.be\/nl\/?p=12885"},"modified":"2025-03-14T10:25:55","modified_gmt":"2025-03-14T09:25:55","slug":"aclvb-beslist-om-niet-deel-te-nemen-aan-de-nationale-staking-van-31-maart-en-roept-regering-en-werkgevers-op-tot-verantwoordelijkheid","status":"publish","type":"post","link":"https:\/\/peoplesphere.be\/nl\/aclvb-beslist-om-niet-deel-te-nemen-aan-de-nationale-staking-van-31-maart-en-roept-regering-en-werkgevers-op-tot-verantwoordelijkheid\/","title":{"rendered":"ACLVB beslist om niet deel te nemen aan de nationale staking van 31 maart en roept regering en werkgevers op tot verantwoordelijkheid."},"content":{"rendered":"<p>ACLVB richt zich in een open brief tot de federale regering en werkgeversorganisaties met een duidelijke oproep: het is tijd voor verantwoordelijkheid en modern en proactief sociaal overleg. De vakbond heeft beslist om niet deel te nemen aan de nationale staking van 31 maart en pleit voor concrete oplossingen en een sociaal overleg dat niet vastloopt in stilstand. Lees de volledige open brief hieronder.<!--more--><\/p>\n<p><em>Geachte Eerste Minister,<\/em><br \/>\n<em>Geachte leden van de federale regering,<\/em><br \/>\n<em>Geachte werkgevers,<\/em><\/p>\n<p>Ons land bevindt zich op een kantelpunt. Werknemers voelen de druk van stijgende kosten, toenemende werkbelasting en een onzekere toekomst. De koopkracht daalt, de werk-priv\u00e9balans staat onder druk en de zekerheid over een waardig pensioen wankelt. Ondertussen stapelen de faillissementen en herstructureringen zich op, waardoor de onzekerheid bij mensen alleen maar toeneemt.<\/p>\n<p>In deze moeilijke tijden moeten sociale partners en beleidsmakers samen verantwoordelijkheid nemen. Niet door verdeeldheid te zaaien, maar door structurele oplossingen te realiseren.<\/p>\n<p>Daarom heeft ACLVB beslist om niet deel te nemen aan de nationale staking van 31 maart.<\/p>\n<p>Niet omdat we de problemen niet zien \u2013 integendeel! Werknemers in dit land worden overspoeld door financi\u00eble onzekerheid en toenemende werkdruk. Wij kiezen bewust voor een andere aanpak, omdat we ervan overtuigd zijn dat oplossingen aan de onderhandelingstafel worden afgedwongen. Onze prioriteit is om overleg te versterken en te zorgen dat de stem van werknemers gehoord wordt. In bedrijven en sectoren waar de situatie het meest nijpend is, zullen we gerichte acties ondersteunen en werknemers begeleiden.<\/p>\n<h3><strong><em>Geen breuk in vakbondsfront<\/em><\/strong><\/h3>\n<p>Velen zullen zich afvragen of dit een breuk is in het vakbondsfront. Ons antwoord is duidelijk: nee!<br \/>\nDe bezorgdheden van werknemers zijn re\u00ebel en worden door alle vakbonden gedeeld. Een verschil in aanpak betekent geen verdeeldheid. De echte breuklijn ligt niet binnen het vakbondsfront, maar tussen zij die verantwoordelijkheid nemen en zij die de sociale crisis op haar beloop laten.<\/p>\n<p>Het opzetten van groepen tegen elkaar &#8211; werknemers tegen werkgevers, vakbonden tegen elkaar &#8211; brengt ons geen stap dichter bij structurele oplossingen. Polarisatie is een politiek spelletje dat werknemers niet helpt. We laten ons dus niet uit elkaar spelen.<\/p>\n<h3><strong><em>De kracht van een sociaal akkoord<\/em><\/strong><\/h3>\n<p>Wij beseffen dat er enorme uitdagingen op ons afkomen. Niemand zegt dat het makkelijk wordt. Maar dat mag geen excuus zijn om het overleg tot een ritueel te herleiden en alleen nog maar opgelegde maatregelen door te voeren.<\/p>\n<p>Want wie zal die maatregelen moeten uitleggen aan de mensen op de werkvloer? Wij!<br \/>\nVakbonden staan elke dag met beide voeten in de realiteit. Wij spreken met werknemers, met bedrijven, met sectoren. Wij kunnen oplossingen niet alleen mee onderhandelen, maar ze ook helpen realiseren. D\u00e1t is de kracht van een sociaal akkoord.<\/p>\n<h3><strong><em>Toon dezelfde verantwoordelijkheidszin<\/em><\/strong><\/h3>\n<p>Vandaag nemen we niet de makkelijkste beslissing, maar nemen we onze verantwoordelijkheid omdat we geloven dat deze weg de meeste kans op slagen biedt.<\/p>\n<p>Als politiek onafhankelijke vakbond roepen we de regering en werkgeversorganisaties op om diezelfde zin voor verantwoordelijkheid te tonen en het vastgeroeste overlegmodel te moderniseren. Of waren \u201cRespect werkt\u201d, \u201cDe kracht van verandering\u201d en \u201cHet is vooruit of achteruit\u201d gewoon loze slogans?<\/p>\n<p>Mensen verwachten tastbare resultaten. Voor ons betekent dat samenwerken waar het kan, druk zetten waar het moet en altijd blijven bouwen aan oplossingen. Dat is wat wij verstaan onder \u2018Vakbond 2.0\u2019: een doeltreffende aanpak die inzet op modern overleg, gerichte druk en mobilisatie van werknemers &#8211; zonder vast te lopen in polarisatie.<\/p>\n<h3><strong><em>Kortom, wat verwachten we?<\/em><\/strong><\/h3>\n<p>&#x27a1;&#xfe0f;Een modern en proactief sociaal overleg<br \/>\nSociaal overleg moet daadkrachtiger en toekomstgerichter. Het mag geen verouderd model zijn waarin vragen als ruilmiddel worden ingezet en structurele beslissingen worden uitgesteld. Proactieve samenwerking met werkgevers en beleidsmakers moet anticiperen op de uitdagingen van morgen en die vandaag al aanpakken.<\/p>\n<p>&#x27a1;&#xfe0f;De bredere geopolitieke &amp; socio-economische realiteit erkennen<br \/>\nWerknemers liggen niet alleen wakker van koopkracht en pensioenen, maar ook van de veranderende geopolitieke context en de impact op onze economie. Met andere woorden: er is geen tijd voor vertragingsspelletjes.<\/p>\n<p>&#x27a1;&#xfe0f; Werk maken van koopkracht en duurzame loopbanen<br \/>\nOp www.boostjetoekomst.be mobiliseren we constructief en positief rond 10 concrete voorstellen voor meer koopkracht en duurzame loopbanen. We zetten alles op alles om deze voorstellen &#8211; die iedereen ten goede komen &#8211; te realiseren.<\/p>\n<p>Samen met de andere vakbonden vertegenwoordigen we meer leden dan alle politieke partijen samen. Leden die elke maand opnieuw voor ons kiezen, niet \u00e9\u00e9n keer om de vier, vijf of zes jaar. Het wordt tijd dat daar \u00e9cht naar geluisterd wordt.<\/p>\n<p>De vraag is dan ook duidelijk: nemen we samen onze verantwoordelijkheid om \u00e9chte oplossingen te realiseren? Of blijft het bij woorden? Wij hopen op en gaan 100% voor het eerste!<\/p>\n<p>Wie volgt?<\/p>\n<p>Hoogachtend,<\/p>\n<p><em>Gert Truyens &amp; het voltallig Nationaal Bestuur van ACLVB<\/em><\/p>\n","protected":false},"excerpt":{"rendered":"<p>ACLVB richt zich in een open brief tot de federale regering en werkgeversorganisaties met een duidelijke oproep: het is tijd voor verantwoordelijkheid en modern en proactief sociaal overleg. De vakbond heeft beslist om niet deel te nemen aan de nationale [&hellip;]<\/p>\n","protected":false},"author":3,"featured_media":12886,"comment_status":"open","ping_status":"open","sticky":false,"template":"","format":"standard","meta":[],"categories":[3,4],"tags":[4275,2188,4278,157],"yoast_head":"<!-- This site is optimized with the Yoast SEO plugin v20.12 - https:\/\/yoast.com\/wordpress\/plugins\/seo\/ -->\n<title>ACLVB beslist om niet deel te nemen aan de nationale staking van 31 maart en roept regering en werkgevers op tot verantwoordelijkheid. - Peoplesphere<\/title>\n<meta name=\"robots\" content=\"index, follow, max-snippet:-1, max-image-preview:large, max-video-preview:-1\" \/>\n<link rel=\"canonical\" href=\"https:\/\/peoplesphere.be\/nl\/aclvb-beslist-om-niet-deel-te-nemen-aan-de-nationale-staking-van-31-maart-en-roept-regering-en-werkgevers-op-tot-verantwoordelijkheid\/\" \/>\n<meta property=\"og:locale\" content=\"nl_NL\" \/>\n<meta property=\"og:type\" content=\"article\" \/>\n<meta property=\"og:title\" content=\"ACLVB beslist om niet deel te nemen aan de nationale staking van 31 maart en roept regering en werkgevers op tot verantwoordelijkheid. - Peoplesphere\" \/>\n<meta property=\"og:description\" content=\"ACLVB richt zich in een open brief tot de federale regering en werkgeversorganisaties met een duidelijke oproep: het is tijd voor verantwoordelijkheid en modern en proactief sociaal overleg. De vakbond heeft beslist om niet deel te nemen aan de nationale [&hellip;]\" \/>\n<meta property=\"og:url\" content=\"https:\/\/peoplesphere.be\/nl\/aclvb-beslist-om-niet-deel-te-nemen-aan-de-nationale-staking-van-31-maart-en-roept-regering-en-werkgevers-op-tot-verantwoordelijkheid\/\" \/>\n<meta property=\"og:site_name\" content=\"Peoplesphere\" \/>\n<meta property=\"article:publisher\" content=\"https:\/\/www.facebook.com\/peoplesphere\" \/>\n<meta property=\"article:published_time\" content=\"2025-03-14T09:25:55+00:00\" \/>\n<meta property=\"og:image\" content=\"https:\/\/peoplesphere.be\/nl\/wp-content\/uploads\/2025\/03\/20250314cgslbnostrike.jpg\" \/>\n\t<meta property=\"og:image:width\" content=\"724\" \/>\n\t<meta property=\"og:image:height\" content=\"407\" \/>\n\t<meta property=\"og:image:type\" content=\"image\/jpeg\" \/>\n<meta name=\"author\" content=\"Jean-Paul Erhard\" \/>\n<meta name=\"twitter:card\" content=\"summary_large_image\" \/>\n<meta name=\"twitter:creator\" content=\"@PeoplesphereMag\" \/>\n<meta name=\"twitter:site\" content=\"@PeoplesphereMag\" \/>\n<meta name=\"twitter:label1\" content=\"Geschreven door\" \/>\n\t<meta name=\"twitter:data1\" content=\"Jean-Paul Erhard\" \/>\n\t<meta name=\"twitter:label2\" content=\"Geschatte leestijd\" \/>\n\t<meta name=\"twitter:data2\" content=\"4 minuten\" \/>\n<script type=\"application\/ld+json\" class=\"yoast-schema-graph\">{\"@context\":\"https:\/\/schema.org\",\"@graph\":[{\"@type\":\"WebPage\",\"@id\":\"https:\/\/peoplesphere.be\/nl\/aclvb-beslist-om-niet-deel-te-nemen-aan-de-nationale-staking-van-31-maart-en-roept-regering-en-werkgevers-op-tot-verantwoordelijkheid\/\",\"url\":\"https:\/\/peoplesphere.be\/nl\/aclvb-beslist-om-niet-deel-te-nemen-aan-de-nationale-staking-van-31-maart-en-roept-regering-en-werkgevers-op-tot-verantwoordelijkheid\/\",\"name\":\"ACLVB beslist om niet deel te nemen aan de nationale staking van 31 maart en roept regering en werkgevers op tot verantwoordelijkheid. - Peoplesphere\",\"isPartOf\":{\"@id\":\"https:\/\/peoplesphere.be\/nl\/#website\"},\"datePublished\":\"2025-03-14T09:25:55+00:00\",\"dateModified\":\"2025-03-14T09:25:55+00:00\",\"author\":{\"@id\":\"https:\/\/peoplesphere.be\/nl\/#\/schema\/person\/0a1c21d8893dd9b9a2cd6e068b4e8cf5\"},\"breadcrumb\":{\"@id\":\"https:\/\/peoplesphere.be\/nl\/aclvb-beslist-om-niet-deel-te-nemen-aan-de-nationale-staking-van-31-maart-en-roept-regering-en-werkgevers-op-tot-verantwoordelijkheid\/#breadcrumb\"},\"inLanguage\":\"nl-NL\",\"potentialAction\":[{\"@type\":\"ReadAction\",\"target\":[\"https:\/\/peoplesphere.be\/nl\/aclvb-beslist-om-niet-deel-te-nemen-aan-de-nationale-staking-van-31-maart-en-roept-regering-en-werkgevers-op-tot-verantwoordelijkheid\/\"]}]},{\"@type\":\"BreadcrumbList\",\"@id\":\"https:\/\/peoplesphere.be\/nl\/aclvb-beslist-om-niet-deel-te-nemen-aan-de-nationale-staking-van-31-maart-en-roept-regering-en-werkgevers-op-tot-verantwoordelijkheid\/#breadcrumb\",\"itemListElement\":[{\"@type\":\"ListItem\",\"position\":1,\"name\":\"Accueil\",\"item\":\"https:\/\/peoplesphere.be\/nl\/\"},{\"@type\":\"ListItem\",\"position\":2,\"name\":\"ACLVB beslist om niet deel te nemen aan de nationale staking van 31 maart en roept regering en werkgevers op tot verantwoordelijkheid.\"}]},{\"@type\":\"WebSite\",\"@id\":\"https:\/\/peoplesphere.be\/nl\/#website\",\"url\":\"https:\/\/peoplesphere.be\/nl\/\",\"name\":\"Peoplesphere\",\"description\":\"The People Managers Magazine\",\"potentialAction\":[{\"@type\":\"SearchAction\",\"target\":{\"@type\":\"EntryPoint\",\"urlTemplate\":\"https:\/\/peoplesphere.be\/nl\/?s={search_term_string}\"},\"query-input\":\"required name=search_term_string\"}],\"inLanguage\":\"nl-NL\"},{\"@type\":\"Person\",\"@id\":\"https:\/\/peoplesphere.be\/nl\/#\/schema\/person\/0a1c21d8893dd9b9a2cd6e068b4e8cf5\",\"name\":\"Jean-Paul Erhard\",\"image\":{\"@type\":\"ImageObject\",\"inLanguage\":\"nl-NL\",\"@id\":\"https:\/\/peoplesphere.be\/nl\/#\/schema\/person\/image\/\",\"url\":\"https:\/\/secure.gravatar.com\/avatar\/f941e681460179738071629a51574930?s=96&d=mm&r=g\",\"contentUrl\":\"https:\/\/secure.gravatar.com\/avatar\/f941e681460179738071629a51574930?s=96&d=mm&r=g\",\"caption\":\"Jean-Paul Erhard\"},\"url\":\"https:\/\/peoplesphere.be\/nl\/author\/jpe\/\"}]}<\/script>\n<!-- \/ Yoast SEO plugin. -->","yoast_head_json":{"title":"ACLVB beslist om niet deel te nemen aan de nationale staking van 31 maart en roept regering en werkgevers op tot verantwoordelijkheid. - Peoplesphere","robots":{"index":"index","follow":"follow","max-snippet":"max-snippet:-1","max-image-preview":"max-image-preview:large","max-video-preview":"max-video-preview:-1"},"canonical":"https:\/\/peoplesphere.be\/nl\/aclvb-beslist-om-niet-deel-te-nemen-aan-de-nationale-staking-van-31-maart-en-roept-regering-en-werkgevers-op-tot-verantwoordelijkheid\/","og_locale":"nl_NL","og_type":"article","og_title":"ACLVB beslist om niet deel te nemen aan de nationale staking van 31 maart en roept regering en werkgevers op tot verantwoordelijkheid. - Peoplesphere","og_description":"ACLVB richt zich in een open brief tot de federale regering en werkgeversorganisaties met een duidelijke oproep: het is tijd voor verantwoordelijkheid en modern en proactief sociaal overleg. De vakbond heeft beslist om niet deel te nemen aan de nationale [&hellip;]","og_url":"https:\/\/peoplesphere.be\/nl\/aclvb-beslist-om-niet-deel-te-nemen-aan-de-nationale-staking-van-31-maart-en-roept-regering-en-werkgevers-op-tot-verantwoordelijkheid\/","og_site_name":"Peoplesphere","article_publisher":"https:\/\/www.facebook.com\/peoplesphere","article_published_time":"2025-03-14T09:25:55+00:00","og_image":[{"width":724,"height":407,"url":"https:\/\/peoplesphere.be\/nl\/wp-content\/uploads\/2025\/03\/20250314cgslbnostrike.jpg","type":"image\/jpeg"}],"author":"Jean-Paul Erhard","twitter_card":"summary_large_image","twitter_creator":"@PeoplesphereMag","twitter_site":"@PeoplesphereMag","twitter_misc":{"Geschreven door":"Jean-Paul Erhard","Geschatte leestijd":"4 minuten"},"schema":{"@context":"https:\/\/schema.org","@graph":[{"@type":"WebPage","@id":"https:\/\/peoplesphere.be\/nl\/aclvb-beslist-om-niet-deel-te-nemen-aan-de-nationale-staking-van-31-maart-en-roept-regering-en-werkgevers-op-tot-verantwoordelijkheid\/","url":"https:\/\/peoplesphere.be\/nl\/aclvb-beslist-om-niet-deel-te-nemen-aan-de-nationale-staking-van-31-maart-en-roept-regering-en-werkgevers-op-tot-verantwoordelijkheid\/","name":"ACLVB beslist om niet deel te nemen aan de nationale staking van 31 maart en roept regering en werkgevers op tot verantwoordelijkheid. - Peoplesphere","isPartOf":{"@id":"https:\/\/peoplesphere.be\/nl\/#website"},"datePublished":"2025-03-14T09:25:55+00:00","dateModified":"2025-03-14T09:25:55+00:00","author":{"@id":"https:\/\/peoplesphere.be\/nl\/#\/schema\/person\/0a1c21d8893dd9b9a2cd6e068b4e8cf5"},"breadcrumb":{"@id":"https:\/\/peoplesphere.be\/nl\/aclvb-beslist-om-niet-deel-te-nemen-aan-de-nationale-staking-van-31-maart-en-roept-regering-en-werkgevers-op-tot-verantwoordelijkheid\/#breadcrumb"},"inLanguage":"nl-NL","potentialAction":[{"@type":"ReadAction","target":["https:\/\/peoplesphere.be\/nl\/aclvb-beslist-om-niet-deel-te-nemen-aan-de-nationale-staking-van-31-maart-en-roept-regering-en-werkgevers-op-tot-verantwoordelijkheid\/"]}]},{"@type":"BreadcrumbList","@id":"https:\/\/peoplesphere.be\/nl\/aclvb-beslist-om-niet-deel-te-nemen-aan-de-nationale-staking-van-31-maart-en-roept-regering-en-werkgevers-op-tot-verantwoordelijkheid\/#breadcrumb","itemListElement":[{"@type":"ListItem","position":1,"name":"Accueil","item":"https:\/\/peoplesphere.be\/nl\/"},{"@type":"ListItem","position":2,"name":"ACLVB beslist om niet deel te nemen aan de nationale staking van 31 maart en roept regering en werkgevers op tot verantwoordelijkheid."}]},{"@type":"WebSite","@id":"https:\/\/peoplesphere.be\/nl\/#website","url":"https:\/\/peoplesphere.be\/nl\/","name":"Peoplesphere","description":"The People Managers Magazine","potentialAction":[{"@type":"SearchAction","target":{"@type":"EntryPoint","urlTemplate":"https:\/\/peoplesphere.be\/nl\/?s={search_term_string}"},"query-input":"required name=search_term_string"}],"inLanguage":"nl-NL"},{"@type":"Person","@id":"https:\/\/peoplesphere.be\/nl\/#\/schema\/person\/0a1c21d8893dd9b9a2cd6e068b4e8cf5","name":"Jean-Paul Erhard","image":{"@type":"ImageObject","inLanguage":"nl-NL","@id":"https:\/\/peoplesphere.be\/nl\/#\/schema\/person\/image\/","url":"https:\/\/secure.gravatar.com\/avatar\/f941e681460179738071629a51574930?s=96&d=mm&r=g","contentUrl":"https:\/\/secure.gravatar.com\/avatar\/f941e681460179738071629a51574930?s=96&d=mm&r=g","caption":"Jean-Paul Erhard"},"url":"https:\/\/peoplesphere.be\/nl\/author\/jpe\/"}]}},"_links":{"self":[{"href":"https:\/\/peoplesphere.be\/nl\/wp-json\/wp\/v2\/posts\/12885"}],"collection":[{"href":"https:\/\/peoplesphere.be\/nl\/wp-json\/wp\/v2\/posts"}],"about":[{"href":"https:\/\/peoplesphere.be\/nl\/wp-json\/wp\/v2\/types\/post"}],"author":[{"embeddable":true,"href":"https:\/\/peoplesphere.be\/nl\/wp-json\/wp\/v2\/users\/3"}],"replies":[{"embeddable":true,"href":"https:\/\/peoplesphere.be\/nl\/wp-json\/wp\/v2\/comments?post=12885"}],"version-history":[{"count":1,"href":"https:\/\/peoplesphere.be\/nl\/wp-json\/wp\/v2\/posts\/12885\/revisions"}],"predecessor-version":[{"id":12887,"href":"https:\/\/peoplesphere.be\/nl\/wp-json\/wp\/v2\/posts\/12885\/revisions\/12887"}],"wp:featuredmedia":[{"embeddable":true,"href":"https:\/\/peoplesphere.be\/nl\/wp-json\/wp\/v2\/media\/12886"}],"wp:attachment":[{"href":"https:\/\/peoplesphere.be\/nl\/wp-json\/wp\/v2\/media?parent=12885"}],"wp:term":[{"taxonomy":"category","embeddable":true,"href":"https:\/\/peoplesphere.be\/nl\/wp-json\/wp\/v2\/categories?post=12885"},{"taxonomy":"post_tag","embeddable":true,"href":"https:\/\/peoplesphere.be\/nl\/wp-json\/wp\/v2\/tags?post=12885"}],"curies":[{"name":"wp","href":"https:\/\/api.w.org\/{rel}","templated":true}]}}