











{"id":13067,"date":"2025-04-29T08:38:41","date_gmt":"2025-04-29T07:38:41","guid":{"rendered":"https:\/\/peoplesphere.be\/nl\/?p=13067"},"modified":"2025-04-29T08:38:41","modified_gmt":"2025-04-29T07:38:41","slug":"73-van-de-belgen-is-tevreden-met-het-werk-quiet-quitting-niet-in-opmars","status":"publish","type":"post","link":"https:\/\/peoplesphere.be\/nl\/73-van-de-belgen-is-tevreden-met-het-werk-quiet-quitting-niet-in-opmars\/","title":{"rendered":"73% van de Belgen is tevreden met het werk \u2013 \u2018quiet quitting\u2019 niet in opmars."},"content":{"rendered":"<p>Ter gelegenheid van de internationale dag van de Arbeid (1 mei) publiceert SD Worx de inzichten van de internationale werknemers bevraging in 16 landen bij 16.000 werknemers in maart 2025, waaronder 1.000 Belgen. Wat blijkt: Belgi\u00eb is een erg goede werkplek, als we kijken naar de medewerkerstevredenheid. Bijna drie kwart van de Belgen (73%) zijn tevreden met het werk. Daarmee scoren we qua medewerkerstevredenheid in de top vijf van Europa.<!--more--><\/p>\n<p>Ook qua passie van de job en motivatie zijn de Belgen uitgesproken positief: met 66% staan we in de Europese top drie. Minder dan een op drie Belgen doet enkel het strikt noodzakelijke.<\/p>\n<h3><strong><em>Met 66% Belgen staan we in de Europese top drie qua gemotiveerde medewerkers<\/em><\/strong><\/h3>\n<p>Net zoals in Ierland stelt 73% van de Belgen tevreden te zijn over het werk. Enkel Nederland, Roemeni\u00eb en Noorwegen scoren beter: daar zijn resp. 77% en 76% van de medewerkers tevreden met hun job. In elf landen zijn de medewerkers minder tevreden. In Itali\u00eb zijn het minst mensen tevreden met hun job (61%).<\/p>\n<p>Maar er is meer: bijna zeven op tien Belgen (66%) zegt gemotiveerd en gepassioneerd aan het werk te zijn. Enkel de Nederlanders en Roemenen scoren zichzelf hoger. Daarmee zetten de Belgen zich in de top drie van meest gemotiveerde en gepassioneerde werknemers. Toch zijn er verschillen: van de 66% is 19% zeer gemotiveerd. Daarnaast zegt ook 14% niet gemotiveerd te zijn: dat is een op zeven werknemers.<\/p>\n<h3><strong><em>\u2018Quiet quitting\u2019 niet in opmars in Belgi\u00eb<\/em><\/strong><\/h3>\n<p>Zo zijn er ook medewerkers die zich enkel focussen op het \u2018strikt noodzakelijke\u2019: minder dan een op drie Belgen staat zo in zijn job. Hiermee zitten we in de groep landen die laag scoren qua \u2018quiet quitting\u2019, een term die uit de Verenigde Staten komt overgewaaid en verwijst naar werknemers die geen extra inspanningen doen voor de job; enkel het strikt noodzakelijke. Werknemers in Noorwegen scoren hierop het laagst met 28%, samen met Duitsland (29%). In Belgi\u00eb en Nederland blijft deze attitude beperkt tot minder dan \u00e9\u00e9n op drie (30%) bij werknemers, net zoals vorig jaar. Twaalf landen kennen een hoger percentage.<\/p>\n<p>Jan Vanthournout, expert sociaal overleg SD Worx: <em>\u201cWe hebben in Belgi\u00eb een positieve werknemersmentaliteit. De meerderheid doet zijn job graag: 66% zegt gemotiveerd en gepassioneerd te zijn. Bovendien zijn Belgen ook loyaal aan hun werkgever. Slechts een op drie Belgen geeft een strikte grens aan en focust op het noodzakelijke. In Belgi\u00eb merken we geen opmars van \u2018quiet quitting\u2019. Dit neemt niet weg dat werkgevers en werknemers best het gesprek over zinvol werk en werkbelasting blijven aangaan.\u201d<\/em><\/p>\n<p><em>\u201cUiteindelijk besteden we een groot deel van ons leven aan werk en idealiter krijg je via je werk ook het gevoel dat je kan groeien en actief bijdragen. Werk hoeft geen last te zijn: het kan een bron van trots, verbinding en persoonlijke groei zijn\u201d<\/em>, besluit Jan Vanthournout SD Worx.<\/p>\n<p>&nbsp;<\/p>\n<p><em>Bron: SD Worx<\/em><\/p>\n","protected":false},"excerpt":{"rendered":"<p>Ter gelegenheid van de internationale dag van de Arbeid (1 mei) publiceert SD Worx de inzichten van de internationale werknemers bevraging in 16 landen bij 16.000 werknemers in maart 2025, waaronder 1.000 Belgen. Wat blijkt: Belgi\u00eb is een erg goede [&hellip;]<\/p>\n","protected":false},"author":3,"featured_media":13068,"comment_status":"open","ping_status":"open","sticky":false,"template":"","format":"standard","meta":[],"categories":[3,4],"tags":[72,3374,52],"yoast_head":"<!-- This site is optimized with the Yoast SEO plugin v20.12 - https:\/\/yoast.com\/wordpress\/plugins\/seo\/ -->\n<title>73% van de Belgen is tevreden met het werk \u2013 \u2018quiet quitting\u2019 niet in opmars. - Peoplesphere<\/title>\n<meta name=\"robots\" content=\"index, follow, max-snippet:-1, max-image-preview:large, max-video-preview:-1\" \/>\n<link rel=\"canonical\" href=\"https:\/\/peoplesphere.be\/nl\/73-van-de-belgen-is-tevreden-met-het-werk-quiet-quitting-niet-in-opmars\/\" \/>\n<meta property=\"og:locale\" content=\"nl_NL\" \/>\n<meta property=\"og:type\" content=\"article\" \/>\n<meta property=\"og:title\" content=\"73% van de Belgen is tevreden met het werk \u2013 \u2018quiet quitting\u2019 niet in opmars. - Peoplesphere\" \/>\n<meta property=\"og:description\" content=\"Ter gelegenheid van de internationale dag van de Arbeid (1 mei) publiceert SD Worx de inzichten van de internationale werknemers bevraging in 16 landen bij 16.000 werknemers in maart 2025, waaronder 1.000 Belgen. Wat blijkt: Belgi\u00eb is een erg goede [&hellip;]\" \/>\n<meta property=\"og:url\" content=\"https:\/\/peoplesphere.be\/nl\/73-van-de-belgen-is-tevreden-met-het-werk-quiet-quitting-niet-in-opmars\/\" \/>\n<meta property=\"og:site_name\" content=\"Peoplesphere\" \/>\n<meta property=\"article:publisher\" content=\"https:\/\/www.facebook.com\/peoplesphere\" \/>\n<meta property=\"article:published_time\" content=\"2025-04-29T07:38:41+00:00\" \/>\n<meta property=\"og:image\" content=\"https:\/\/peoplesphere.be\/nl\/wp-content\/uploads\/2025\/04\/20250429happyatwork.jpg\" \/>\n\t<meta property=\"og:image:width\" content=\"800\" \/>\n\t<meta property=\"og:image:height\" content=\"533\" \/>\n\t<meta property=\"og:image:type\" content=\"image\/jpeg\" \/>\n<meta name=\"author\" content=\"Jean-Paul Erhard\" \/>\n<meta name=\"twitter:card\" content=\"summary_large_image\" \/>\n<meta name=\"twitter:creator\" content=\"@PeoplesphereMag\" \/>\n<meta name=\"twitter:site\" content=\"@PeoplesphereMag\" \/>\n<meta name=\"twitter:label1\" content=\"Geschreven door\" \/>\n\t<meta name=\"twitter:data1\" content=\"Jean-Paul Erhard\" \/>\n\t<meta name=\"twitter:label2\" content=\"Geschatte leestijd\" \/>\n\t<meta name=\"twitter:data2\" content=\"3 minuten\" \/>\n<script type=\"application\/ld+json\" class=\"yoast-schema-graph\">{\"@context\":\"https:\/\/schema.org\",\"@graph\":[{\"@type\":\"WebPage\",\"@id\":\"https:\/\/peoplesphere.be\/nl\/73-van-de-belgen-is-tevreden-met-het-werk-quiet-quitting-niet-in-opmars\/\",\"url\":\"https:\/\/peoplesphere.be\/nl\/73-van-de-belgen-is-tevreden-met-het-werk-quiet-quitting-niet-in-opmars\/\",\"name\":\"73% van de Belgen is tevreden met het werk \u2013 \u2018quiet quitting\u2019 niet in opmars. - Peoplesphere\",\"isPartOf\":{\"@id\":\"https:\/\/peoplesphere.be\/nl\/#website\"},\"datePublished\":\"2025-04-29T07:38:41+00:00\",\"dateModified\":\"2025-04-29T07:38:41+00:00\",\"author\":{\"@id\":\"https:\/\/peoplesphere.be\/nl\/#\/schema\/person\/0a1c21d8893dd9b9a2cd6e068b4e8cf5\"},\"breadcrumb\":{\"@id\":\"https:\/\/peoplesphere.be\/nl\/73-van-de-belgen-is-tevreden-met-het-werk-quiet-quitting-niet-in-opmars\/#breadcrumb\"},\"inLanguage\":\"nl-NL\",\"potentialAction\":[{\"@type\":\"ReadAction\",\"target\":[\"https:\/\/peoplesphere.be\/nl\/73-van-de-belgen-is-tevreden-met-het-werk-quiet-quitting-niet-in-opmars\/\"]}]},{\"@type\":\"BreadcrumbList\",\"@id\":\"https:\/\/peoplesphere.be\/nl\/73-van-de-belgen-is-tevreden-met-het-werk-quiet-quitting-niet-in-opmars\/#breadcrumb\",\"itemListElement\":[{\"@type\":\"ListItem\",\"position\":1,\"name\":\"Accueil\",\"item\":\"https:\/\/peoplesphere.be\/nl\/\"},{\"@type\":\"ListItem\",\"position\":2,\"name\":\"73% van de Belgen is tevreden met het werk \u2013 \u2018quiet quitting\u2019 niet in opmars.\"}]},{\"@type\":\"WebSite\",\"@id\":\"https:\/\/peoplesphere.be\/nl\/#website\",\"url\":\"https:\/\/peoplesphere.be\/nl\/\",\"name\":\"Peoplesphere\",\"description\":\"The People Managers Magazine\",\"potentialAction\":[{\"@type\":\"SearchAction\",\"target\":{\"@type\":\"EntryPoint\",\"urlTemplate\":\"https:\/\/peoplesphere.be\/nl\/?s={search_term_string}\"},\"query-input\":\"required name=search_term_string\"}],\"inLanguage\":\"nl-NL\"},{\"@type\":\"Person\",\"@id\":\"https:\/\/peoplesphere.be\/nl\/#\/schema\/person\/0a1c21d8893dd9b9a2cd6e068b4e8cf5\",\"name\":\"Jean-Paul Erhard\",\"image\":{\"@type\":\"ImageObject\",\"inLanguage\":\"nl-NL\",\"@id\":\"https:\/\/peoplesphere.be\/nl\/#\/schema\/person\/image\/\",\"url\":\"https:\/\/secure.gravatar.com\/avatar\/f941e681460179738071629a51574930?s=96&d=mm&r=g\",\"contentUrl\":\"https:\/\/secure.gravatar.com\/avatar\/f941e681460179738071629a51574930?s=96&d=mm&r=g\",\"caption\":\"Jean-Paul Erhard\"},\"url\":\"https:\/\/peoplesphere.be\/nl\/author\/jpe\/\"}]}<\/script>\n<!-- \/ Yoast SEO plugin. -->","yoast_head_json":{"title":"73% van de Belgen is tevreden met het werk \u2013 \u2018quiet quitting\u2019 niet in opmars. - Peoplesphere","robots":{"index":"index","follow":"follow","max-snippet":"max-snippet:-1","max-image-preview":"max-image-preview:large","max-video-preview":"max-video-preview:-1"},"canonical":"https:\/\/peoplesphere.be\/nl\/73-van-de-belgen-is-tevreden-met-het-werk-quiet-quitting-niet-in-opmars\/","og_locale":"nl_NL","og_type":"article","og_title":"73% van de Belgen is tevreden met het werk \u2013 \u2018quiet quitting\u2019 niet in opmars. - Peoplesphere","og_description":"Ter gelegenheid van de internationale dag van de Arbeid (1 mei) publiceert SD Worx de inzichten van de internationale werknemers bevraging in 16 landen bij 16.000 werknemers in maart 2025, waaronder 1.000 Belgen. Wat blijkt: Belgi\u00eb is een erg goede [&hellip;]","og_url":"https:\/\/peoplesphere.be\/nl\/73-van-de-belgen-is-tevreden-met-het-werk-quiet-quitting-niet-in-opmars\/","og_site_name":"Peoplesphere","article_publisher":"https:\/\/www.facebook.com\/peoplesphere","article_published_time":"2025-04-29T07:38:41+00:00","og_image":[{"width":800,"height":533,"url":"https:\/\/peoplesphere.be\/nl\/wp-content\/uploads\/2025\/04\/20250429happyatwork.jpg","type":"image\/jpeg"}],"author":"Jean-Paul Erhard","twitter_card":"summary_large_image","twitter_creator":"@PeoplesphereMag","twitter_site":"@PeoplesphereMag","twitter_misc":{"Geschreven door":"Jean-Paul Erhard","Geschatte leestijd":"3 minuten"},"schema":{"@context":"https:\/\/schema.org","@graph":[{"@type":"WebPage","@id":"https:\/\/peoplesphere.be\/nl\/73-van-de-belgen-is-tevreden-met-het-werk-quiet-quitting-niet-in-opmars\/","url":"https:\/\/peoplesphere.be\/nl\/73-van-de-belgen-is-tevreden-met-het-werk-quiet-quitting-niet-in-opmars\/","name":"73% van de Belgen is tevreden met het werk \u2013 \u2018quiet quitting\u2019 niet in opmars. - Peoplesphere","isPartOf":{"@id":"https:\/\/peoplesphere.be\/nl\/#website"},"datePublished":"2025-04-29T07:38:41+00:00","dateModified":"2025-04-29T07:38:41+00:00","author":{"@id":"https:\/\/peoplesphere.be\/nl\/#\/schema\/person\/0a1c21d8893dd9b9a2cd6e068b4e8cf5"},"breadcrumb":{"@id":"https:\/\/peoplesphere.be\/nl\/73-van-de-belgen-is-tevreden-met-het-werk-quiet-quitting-niet-in-opmars\/#breadcrumb"},"inLanguage":"nl-NL","potentialAction":[{"@type":"ReadAction","target":["https:\/\/peoplesphere.be\/nl\/73-van-de-belgen-is-tevreden-met-het-werk-quiet-quitting-niet-in-opmars\/"]}]},{"@type":"BreadcrumbList","@id":"https:\/\/peoplesphere.be\/nl\/73-van-de-belgen-is-tevreden-met-het-werk-quiet-quitting-niet-in-opmars\/#breadcrumb","itemListElement":[{"@type":"ListItem","position":1,"name":"Accueil","item":"https:\/\/peoplesphere.be\/nl\/"},{"@type":"ListItem","position":2,"name":"73% van de Belgen is tevreden met het werk \u2013 \u2018quiet quitting\u2019 niet in opmars."}]},{"@type":"WebSite","@id":"https:\/\/peoplesphere.be\/nl\/#website","url":"https:\/\/peoplesphere.be\/nl\/","name":"Peoplesphere","description":"The People Managers Magazine","potentialAction":[{"@type":"SearchAction","target":{"@type":"EntryPoint","urlTemplate":"https:\/\/peoplesphere.be\/nl\/?s={search_term_string}"},"query-input":"required name=search_term_string"}],"inLanguage":"nl-NL"},{"@type":"Person","@id":"https:\/\/peoplesphere.be\/nl\/#\/schema\/person\/0a1c21d8893dd9b9a2cd6e068b4e8cf5","name":"Jean-Paul Erhard","image":{"@type":"ImageObject","inLanguage":"nl-NL","@id":"https:\/\/peoplesphere.be\/nl\/#\/schema\/person\/image\/","url":"https:\/\/secure.gravatar.com\/avatar\/f941e681460179738071629a51574930?s=96&d=mm&r=g","contentUrl":"https:\/\/secure.gravatar.com\/avatar\/f941e681460179738071629a51574930?s=96&d=mm&r=g","caption":"Jean-Paul Erhard"},"url":"https:\/\/peoplesphere.be\/nl\/author\/jpe\/"}]}},"_links":{"self":[{"href":"https:\/\/peoplesphere.be\/nl\/wp-json\/wp\/v2\/posts\/13067"}],"collection":[{"href":"https:\/\/peoplesphere.be\/nl\/wp-json\/wp\/v2\/posts"}],"about":[{"href":"https:\/\/peoplesphere.be\/nl\/wp-json\/wp\/v2\/types\/post"}],"author":[{"embeddable":true,"href":"https:\/\/peoplesphere.be\/nl\/wp-json\/wp\/v2\/users\/3"}],"replies":[{"embeddable":true,"href":"https:\/\/peoplesphere.be\/nl\/wp-json\/wp\/v2\/comments?post=13067"}],"version-history":[{"count":1,"href":"https:\/\/peoplesphere.be\/nl\/wp-json\/wp\/v2\/posts\/13067\/revisions"}],"predecessor-version":[{"id":13069,"href":"https:\/\/peoplesphere.be\/nl\/wp-json\/wp\/v2\/posts\/13067\/revisions\/13069"}],"wp:featuredmedia":[{"embeddable":true,"href":"https:\/\/peoplesphere.be\/nl\/wp-json\/wp\/v2\/media\/13068"}],"wp:attachment":[{"href":"https:\/\/peoplesphere.be\/nl\/wp-json\/wp\/v2\/media?parent=13067"}],"wp:term":[{"taxonomy":"category","embeddable":true,"href":"https:\/\/peoplesphere.be\/nl\/wp-json\/wp\/v2\/categories?post=13067"},{"taxonomy":"post_tag","embeddable":true,"href":"https:\/\/peoplesphere.be\/nl\/wp-json\/wp\/v2\/tags?post=13067"}],"curies":[{"name":"wp","href":"https:\/\/api.w.org\/{rel}","templated":true}]}}