











{"id":13166,"date":"2025-05-23T04:32:17","date_gmt":"2025-05-23T03:32:17","guid":{"rendered":"https:\/\/peoplesphere.be\/nl\/?p=13166"},"modified":"2025-05-23T04:32:17","modified_gmt":"2025-05-23T03:32:17","slug":"het-aantal-eendagsafwezigen-steeg-in-grote-bedrijven-met-62-sinds-de-afschaffing-van-het-ziektebriefje-voor-een-dag","status":"publish","type":"post","link":"https:\/\/peoplesphere.be\/nl\/het-aantal-eendagsafwezigen-steeg-in-grote-bedrijven-met-62-sinds-de-afschaffing-van-het-ziektebriefje-voor-een-dag\/","title":{"rendered":"Het aantal \u00e9\u00e9ndagsafwezigen steeg in grote bedrijven met 62% sinds de afschaffing van het ziektebriefje voor \u00e9\u00e9n dag."},"content":{"rendered":"<p>Meer dan de helft (53,2%) van de werknemers in Belgi\u00eb heeft zich in 2024 minstens \u00e9\u00e9n keer afwezig gemeld. Sinds 2023 ziet de HR-dienstverlener Securex een sterke toename van frequent absente\u00efsme (min. 3 keer) en van het aantal werknemers dat \u00e9\u00e9n dag afwezig was, vooral in grotere bedrijven.<!--more--><\/p>\n<p>Minder dan de helft (46,8%) van de werknemers in Belgi\u00eb meldde zich in 2024 nooit ziek. In 2024 waren werknemers gemiddeld 1,36 keer afwezig, een stijging van 20% vergeleken met de pre-Covid periode.<\/p>\n<p>Daarnaast toont het onderzoek van Securex een opvallende stijging van het aantal werknemers dat zich vaak afwezig meldde. In 2024 meldde zich een recordaantal werknemers drie keer of meer afwezig (17,4%). Dat is een stijging van 8,55% sinds 2023 en een stijging van 36% sinds voor de coronapandemie.<\/p>\n<p>Stephanie Heurterre, Senior HR consultant bij Securex, legt uit: <em>\u201cWe zien een sterke stijging van (middel)lange afwezigheden, maar de laatste jaren ook een toename van korte, meer frequente afwezigheden. Net zoals voor langdurig absente\u00efsme is het belangrijk dat bedrijven inzetten op een structureel absente\u00efsmebeleid waarin eerst en vooral wordt ingezet op preventie en een constructieve, ondersteunende dialoog. Daarnaast is het belangrijk dat bedrijven een duidelijk kader met heldere afspraken over ziektemelding, ziektebriefjes en opvolging vastleggen. En daarbij gericht bepalen en communiceren over de plaats en meerwaarde van andere aanvullende acties, zoals medische controle.\u201d<\/em><\/p>\n<h3><strong><em>Afschaffing ziektebriefje zorgt vooral in grotere bedrijven voor meer \u00e9\u00e9ndagsafwezigen<\/em><\/strong><\/h3>\n<p>Sinds de afschaffing van het ziektebriefje in november 2022 hoeven werknemers niet meer verplicht een ziektebriefje te tonen als ze \u00e9\u00e9n dag ziek afwezig zijn of voor hun eerste ziektedag, tot maximaal drie keer per jaar1. Ook dat lijkt een directe impact te hebben op de frequentie van afwezigheden: het aantal \u00e9\u00e9ndagsafwezigen steeg sindsdien met 44% (van 6,12% naar 8,82%).<\/p>\n<p>In grotere bedrijven (vanaf 50 werknemers) was een op de tien werknemers \u00e9\u00e9n dag ziek afwezig in 2024, een stijging van 62% in vergelijking met 2022. Maar ook in kleinere bedrijven, waar de afschaffing van het ziektebriefje niet verplicht was, steeg dit cijfer met bijna 30% in twee jaar tijd.<\/p>\n<p>Stephanie Heurterre: <em>\u201cMet de afschaffing van het ziektebriefje wordt het voor werknemers gemakkelijker om zelf te bepalen wanneer ze een dag niet in staat zijn om te werken. Dat heeft als gevolg dat meer medewerkers voor een korte periode afwezig zijn. Bedrijven worden dus vaker geconfronteerd met onverwachte ziektemeldingen, wat natuurlijk een impact heeft op de personeelsplanning en druk zet op collega\u2019s die werk moeten overnemen.\u201d<\/em><\/p>\n<p>\u200bProf. Philip Verwimp, Onderzoeksleider aan HIVA \u2013 KU Leuven: <em>\u201cWe observeren inderdaad een stijging van het aantal \u00e9\u00e9ndagsafwezigheden bij grote bedrijven sinds de afschaffing. Nu moeten we bekijken of er eventueel sprake is van een daling in de afwezigheden van twee, drie of meer dagen.\u201d<\/em><\/p>\n<h3><strong><em>Afwezigheid voorkomen dankzij een uitgewerkt beleid<\/em><\/strong><\/h3>\n<p>Zoals ook opgenomen in het regeerakkoord, is preventie van langdurige afwezigheden cruciaal. Daarnaast is het echter belangrijk dat initiatieven rond frequent (kort) absente\u00efsme als onderdeel van dit kader worden gezien. In reactie op de stijgende cijfers is het essentieel om, naast heldere afspraken over complementaire acties zoals medische controle, een proactief welzijns- en preventiebeleid binnen organisaties te ontwikkelen. Investeren in leiderschap en een open cultuur waarin het welzijn van werknemers centraal staat, helpt om absente\u00efsme te beperken.<\/p>\n<p><em>\u201cHet is cruciaal dat leidinggevenden, dankzij de juiste opleidingen, constructieve gesprekken hierover leren aangaan met hun medewerkers,\u201d<\/em> benadrukt Stephanie Heurterre. <em>\u201cDoor constructieve dialogen te bevorderen en absente\u00efsme objectief en zonder oordeel tijdens overlegmomenten te bespreken, kunnen organisaties op maat gemaakte actieplannen ontwikkelen. Een ge\u00efntegreerd beleid dat frequente afwezigheden monitort, stelt hen in staat om de juiste acties te nemen die zowel medewerkers als teams ondersteunen. Dat bevordert een gezondere en productievere organisatie.\u201d<\/em><\/p>\n<p>&nbsp;<\/p>\n<p><em>Bron: Securex<\/em><\/p>\n","protected":false},"excerpt":{"rendered":"<p>Meer dan de helft (53,2%) van de werknemers in Belgi\u00eb heeft zich in 2024 minstens \u00e9\u00e9n keer afwezig gemeld. Sinds 2023 ziet de HR-dienstverlener Securex een sterke toename van frequent absente\u00efsme (min. 3 keer) en van het aantal werknemers dat [&hellip;]<\/p>\n","protected":false},"author":3,"featured_media":13167,"comment_status":"open","ping_status":"open","sticky":false,"template":"","format":"standard","meta":[],"categories":[3,4],"tags":[851,223,703,64,408],"yoast_head":"<!-- This site is optimized with the Yoast SEO plugin v20.12 - https:\/\/yoast.com\/wordpress\/plugins\/seo\/ -->\n<title>Het aantal \u00e9\u00e9ndagsafwezigen steeg in grote bedrijven met 62% sinds de afschaffing van het ziektebriefje voor \u00e9\u00e9n dag. - Peoplesphere<\/title>\n<meta name=\"robots\" content=\"index, follow, max-snippet:-1, max-image-preview:large, max-video-preview:-1\" \/>\n<link rel=\"canonical\" href=\"https:\/\/peoplesphere.be\/nl\/het-aantal-eendagsafwezigen-steeg-in-grote-bedrijven-met-62-sinds-de-afschaffing-van-het-ziektebriefje-voor-een-dag\/\" \/>\n<meta property=\"og:locale\" content=\"nl_NL\" \/>\n<meta property=\"og:type\" content=\"article\" \/>\n<meta property=\"og:title\" content=\"Het aantal \u00e9\u00e9ndagsafwezigen steeg in grote bedrijven met 62% sinds de afschaffing van het ziektebriefje voor \u00e9\u00e9n dag. - Peoplesphere\" \/>\n<meta property=\"og:description\" content=\"Meer dan de helft (53,2%) van de werknemers in Belgi\u00eb heeft zich in 2024 minstens \u00e9\u00e9n keer afwezig gemeld. Sinds 2023 ziet de HR-dienstverlener Securex een sterke toename van frequent absente\u00efsme (min. 3 keer) en van het aantal werknemers dat [&hellip;]\" \/>\n<meta property=\"og:url\" content=\"https:\/\/peoplesphere.be\/nl\/het-aantal-eendagsafwezigen-steeg-in-grote-bedrijven-met-62-sinds-de-afschaffing-van-het-ziektebriefje-voor-een-dag\/\" \/>\n<meta property=\"og:site_name\" content=\"Peoplesphere\" \/>\n<meta property=\"article:publisher\" content=\"https:\/\/www.facebook.com\/peoplesphere\" \/>\n<meta property=\"article:published_time\" content=\"2025-05-23T03:32:17+00:00\" \/>\n<meta property=\"og:image\" content=\"https:\/\/peoplesphere.be\/nl\/wp-content\/uploads\/2025\/05\/20250523securexabsenteisme.jpg\" \/>\n\t<meta property=\"og:image:width\" content=\"1114\" \/>\n\t<meta property=\"og:image:height\" content=\"611\" \/>\n\t<meta property=\"og:image:type\" content=\"image\/jpeg\" \/>\n<meta name=\"author\" content=\"Jean-Paul Erhard\" \/>\n<meta name=\"twitter:card\" content=\"summary_large_image\" \/>\n<meta name=\"twitter:creator\" content=\"@PeoplesphereMag\" \/>\n<meta name=\"twitter:site\" content=\"@PeoplesphereMag\" \/>\n<meta name=\"twitter:label1\" content=\"Geschreven door\" \/>\n\t<meta name=\"twitter:data1\" content=\"Jean-Paul Erhard\" \/>\n\t<meta name=\"twitter:label2\" content=\"Geschatte leestijd\" \/>\n\t<meta name=\"twitter:data2\" content=\"4 minuten\" \/>\n<script type=\"application\/ld+json\" class=\"yoast-schema-graph\">{\"@context\":\"https:\/\/schema.org\",\"@graph\":[{\"@type\":\"WebPage\",\"@id\":\"https:\/\/peoplesphere.be\/nl\/het-aantal-eendagsafwezigen-steeg-in-grote-bedrijven-met-62-sinds-de-afschaffing-van-het-ziektebriefje-voor-een-dag\/\",\"url\":\"https:\/\/peoplesphere.be\/nl\/het-aantal-eendagsafwezigen-steeg-in-grote-bedrijven-met-62-sinds-de-afschaffing-van-het-ziektebriefje-voor-een-dag\/\",\"name\":\"Het aantal \u00e9\u00e9ndagsafwezigen steeg in grote bedrijven met 62% sinds de afschaffing van het ziektebriefje voor \u00e9\u00e9n dag. - Peoplesphere\",\"isPartOf\":{\"@id\":\"https:\/\/peoplesphere.be\/nl\/#website\"},\"datePublished\":\"2025-05-23T03:32:17+00:00\",\"dateModified\":\"2025-05-23T03:32:17+00:00\",\"author\":{\"@id\":\"https:\/\/peoplesphere.be\/nl\/#\/schema\/person\/0a1c21d8893dd9b9a2cd6e068b4e8cf5\"},\"breadcrumb\":{\"@id\":\"https:\/\/peoplesphere.be\/nl\/het-aantal-eendagsafwezigen-steeg-in-grote-bedrijven-met-62-sinds-de-afschaffing-van-het-ziektebriefje-voor-een-dag\/#breadcrumb\"},\"inLanguage\":\"nl-NL\",\"potentialAction\":[{\"@type\":\"ReadAction\",\"target\":[\"https:\/\/peoplesphere.be\/nl\/het-aantal-eendagsafwezigen-steeg-in-grote-bedrijven-met-62-sinds-de-afschaffing-van-het-ziektebriefje-voor-een-dag\/\"]}]},{\"@type\":\"BreadcrumbList\",\"@id\":\"https:\/\/peoplesphere.be\/nl\/het-aantal-eendagsafwezigen-steeg-in-grote-bedrijven-met-62-sinds-de-afschaffing-van-het-ziektebriefje-voor-een-dag\/#breadcrumb\",\"itemListElement\":[{\"@type\":\"ListItem\",\"position\":1,\"name\":\"Accueil\",\"item\":\"https:\/\/peoplesphere.be\/nl\/\"},{\"@type\":\"ListItem\",\"position\":2,\"name\":\"Het aantal \u00e9\u00e9ndagsafwezigen steeg in grote bedrijven met 62% sinds de afschaffing van het ziektebriefje voor \u00e9\u00e9n dag.\"}]},{\"@type\":\"WebSite\",\"@id\":\"https:\/\/peoplesphere.be\/nl\/#website\",\"url\":\"https:\/\/peoplesphere.be\/nl\/\",\"name\":\"Peoplesphere\",\"description\":\"The People Managers Magazine\",\"potentialAction\":[{\"@type\":\"SearchAction\",\"target\":{\"@type\":\"EntryPoint\",\"urlTemplate\":\"https:\/\/peoplesphere.be\/nl\/?s={search_term_string}\"},\"query-input\":\"required name=search_term_string\"}],\"inLanguage\":\"nl-NL\"},{\"@type\":\"Person\",\"@id\":\"https:\/\/peoplesphere.be\/nl\/#\/schema\/person\/0a1c21d8893dd9b9a2cd6e068b4e8cf5\",\"name\":\"Jean-Paul Erhard\",\"image\":{\"@type\":\"ImageObject\",\"inLanguage\":\"nl-NL\",\"@id\":\"https:\/\/peoplesphere.be\/nl\/#\/schema\/person\/image\/\",\"url\":\"https:\/\/secure.gravatar.com\/avatar\/f941e681460179738071629a51574930?s=96&d=mm&r=g\",\"contentUrl\":\"https:\/\/secure.gravatar.com\/avatar\/f941e681460179738071629a51574930?s=96&d=mm&r=g\",\"caption\":\"Jean-Paul Erhard\"},\"url\":\"https:\/\/peoplesphere.be\/nl\/author\/jpe\/\"}]}<\/script>\n<!-- \/ Yoast SEO plugin. -->","yoast_head_json":{"title":"Het aantal \u00e9\u00e9ndagsafwezigen steeg in grote bedrijven met 62% sinds de afschaffing van het ziektebriefje voor \u00e9\u00e9n dag. - Peoplesphere","robots":{"index":"index","follow":"follow","max-snippet":"max-snippet:-1","max-image-preview":"max-image-preview:large","max-video-preview":"max-video-preview:-1"},"canonical":"https:\/\/peoplesphere.be\/nl\/het-aantal-eendagsafwezigen-steeg-in-grote-bedrijven-met-62-sinds-de-afschaffing-van-het-ziektebriefje-voor-een-dag\/","og_locale":"nl_NL","og_type":"article","og_title":"Het aantal \u00e9\u00e9ndagsafwezigen steeg in grote bedrijven met 62% sinds de afschaffing van het ziektebriefje voor \u00e9\u00e9n dag. - Peoplesphere","og_description":"Meer dan de helft (53,2%) van de werknemers in Belgi\u00eb heeft zich in 2024 minstens \u00e9\u00e9n keer afwezig gemeld. Sinds 2023 ziet de HR-dienstverlener Securex een sterke toename van frequent absente\u00efsme (min. 3 keer) en van het aantal werknemers dat [&hellip;]","og_url":"https:\/\/peoplesphere.be\/nl\/het-aantal-eendagsafwezigen-steeg-in-grote-bedrijven-met-62-sinds-de-afschaffing-van-het-ziektebriefje-voor-een-dag\/","og_site_name":"Peoplesphere","article_publisher":"https:\/\/www.facebook.com\/peoplesphere","article_published_time":"2025-05-23T03:32:17+00:00","og_image":[{"width":1114,"height":611,"url":"https:\/\/peoplesphere.be\/nl\/wp-content\/uploads\/2025\/05\/20250523securexabsenteisme.jpg","type":"image\/jpeg"}],"author":"Jean-Paul Erhard","twitter_card":"summary_large_image","twitter_creator":"@PeoplesphereMag","twitter_site":"@PeoplesphereMag","twitter_misc":{"Geschreven door":"Jean-Paul Erhard","Geschatte leestijd":"4 minuten"},"schema":{"@context":"https:\/\/schema.org","@graph":[{"@type":"WebPage","@id":"https:\/\/peoplesphere.be\/nl\/het-aantal-eendagsafwezigen-steeg-in-grote-bedrijven-met-62-sinds-de-afschaffing-van-het-ziektebriefje-voor-een-dag\/","url":"https:\/\/peoplesphere.be\/nl\/het-aantal-eendagsafwezigen-steeg-in-grote-bedrijven-met-62-sinds-de-afschaffing-van-het-ziektebriefje-voor-een-dag\/","name":"Het aantal \u00e9\u00e9ndagsafwezigen steeg in grote bedrijven met 62% sinds de afschaffing van het ziektebriefje voor \u00e9\u00e9n dag. - Peoplesphere","isPartOf":{"@id":"https:\/\/peoplesphere.be\/nl\/#website"},"datePublished":"2025-05-23T03:32:17+00:00","dateModified":"2025-05-23T03:32:17+00:00","author":{"@id":"https:\/\/peoplesphere.be\/nl\/#\/schema\/person\/0a1c21d8893dd9b9a2cd6e068b4e8cf5"},"breadcrumb":{"@id":"https:\/\/peoplesphere.be\/nl\/het-aantal-eendagsafwezigen-steeg-in-grote-bedrijven-met-62-sinds-de-afschaffing-van-het-ziektebriefje-voor-een-dag\/#breadcrumb"},"inLanguage":"nl-NL","potentialAction":[{"@type":"ReadAction","target":["https:\/\/peoplesphere.be\/nl\/het-aantal-eendagsafwezigen-steeg-in-grote-bedrijven-met-62-sinds-de-afschaffing-van-het-ziektebriefje-voor-een-dag\/"]}]},{"@type":"BreadcrumbList","@id":"https:\/\/peoplesphere.be\/nl\/het-aantal-eendagsafwezigen-steeg-in-grote-bedrijven-met-62-sinds-de-afschaffing-van-het-ziektebriefje-voor-een-dag\/#breadcrumb","itemListElement":[{"@type":"ListItem","position":1,"name":"Accueil","item":"https:\/\/peoplesphere.be\/nl\/"},{"@type":"ListItem","position":2,"name":"Het aantal \u00e9\u00e9ndagsafwezigen steeg in grote bedrijven met 62% sinds de afschaffing van het ziektebriefje voor \u00e9\u00e9n dag."}]},{"@type":"WebSite","@id":"https:\/\/peoplesphere.be\/nl\/#website","url":"https:\/\/peoplesphere.be\/nl\/","name":"Peoplesphere","description":"The People Managers Magazine","potentialAction":[{"@type":"SearchAction","target":{"@type":"EntryPoint","urlTemplate":"https:\/\/peoplesphere.be\/nl\/?s={search_term_string}"},"query-input":"required name=search_term_string"}],"inLanguage":"nl-NL"},{"@type":"Person","@id":"https:\/\/peoplesphere.be\/nl\/#\/schema\/person\/0a1c21d8893dd9b9a2cd6e068b4e8cf5","name":"Jean-Paul Erhard","image":{"@type":"ImageObject","inLanguage":"nl-NL","@id":"https:\/\/peoplesphere.be\/nl\/#\/schema\/person\/image\/","url":"https:\/\/secure.gravatar.com\/avatar\/f941e681460179738071629a51574930?s=96&d=mm&r=g","contentUrl":"https:\/\/secure.gravatar.com\/avatar\/f941e681460179738071629a51574930?s=96&d=mm&r=g","caption":"Jean-Paul Erhard"},"url":"https:\/\/peoplesphere.be\/nl\/author\/jpe\/"}]}},"_links":{"self":[{"href":"https:\/\/peoplesphere.be\/nl\/wp-json\/wp\/v2\/posts\/13166"}],"collection":[{"href":"https:\/\/peoplesphere.be\/nl\/wp-json\/wp\/v2\/posts"}],"about":[{"href":"https:\/\/peoplesphere.be\/nl\/wp-json\/wp\/v2\/types\/post"}],"author":[{"embeddable":true,"href":"https:\/\/peoplesphere.be\/nl\/wp-json\/wp\/v2\/users\/3"}],"replies":[{"embeddable":true,"href":"https:\/\/peoplesphere.be\/nl\/wp-json\/wp\/v2\/comments?post=13166"}],"version-history":[{"count":1,"href":"https:\/\/peoplesphere.be\/nl\/wp-json\/wp\/v2\/posts\/13166\/revisions"}],"predecessor-version":[{"id":13168,"href":"https:\/\/peoplesphere.be\/nl\/wp-json\/wp\/v2\/posts\/13166\/revisions\/13168"}],"wp:featuredmedia":[{"embeddable":true,"href":"https:\/\/peoplesphere.be\/nl\/wp-json\/wp\/v2\/media\/13167"}],"wp:attachment":[{"href":"https:\/\/peoplesphere.be\/nl\/wp-json\/wp\/v2\/media?parent=13166"}],"wp:term":[{"taxonomy":"category","embeddable":true,"href":"https:\/\/peoplesphere.be\/nl\/wp-json\/wp\/v2\/categories?post=13166"},{"taxonomy":"post_tag","embeddable":true,"href":"https:\/\/peoplesphere.be\/nl\/wp-json\/wp\/v2\/tags?post=13166"}],"curies":[{"name":"wp","href":"https:\/\/api.w.org\/{rel}","templated":true}]}}