











{"id":13844,"date":"2025-11-19T17:10:05","date_gmt":"2025-11-19T16:10:05","guid":{"rendered":"https:\/\/peoplesphere.be\/nl\/?p=13844"},"modified":"2025-11-19T20:12:57","modified_gmt":"2025-11-19T19:12:57","slug":"ruim-4-op-de-10-bedienden-hebben-vakantiedagen-over-op-het-eind-van-het-jaar","status":"publish","type":"post","link":"https:\/\/peoplesphere.be\/nl\/ruim-4-op-de-10-bedienden-hebben-vakantiedagen-over-op-het-eind-van-het-jaar\/","title":{"rendered":"Ruim 4 op de 10 bedienden hebben vakantiedagen over op het eind van het jaar."},"content":{"rendered":"<p>Meer dan 4 op de 10 Vlaamse bedienden (43,5%) krijgen hun wettelijke vakantiedagen meestal niet opgebruikt. E\u00e9n op de acht (12,4%) komt er dan weer te kort op het einde van het jaar. Dat blijkt uit een onderzoek van Protime, marktleider in onder meer tijdregistratie, bij 1.000 Vlaamse bedienden. Het opsparen voor onvoorziene omstandigheden (27,9%) en een te hoge werkdruk (24,4%) \u200b worden het vaakst genoemd als reden om vakantiedagen niet op te nemen.<!--more--><\/p>\n<p>Volgens Jan Van Autreve, CEO van Protime is dat niet zonder risico. <em>\u201cVakantie nemen is geen luxe; maar gewoon nodig. Ons hoofd en lichaam hebben op geregelde tijdstippen nood aan een pauze. Die \u2018pauzes\u2019 helpen je om mentaal los te koppelen van het werk, op adem te komen, om daarna weer met volle energie aan het werk te gaan.\u201d<\/em><\/p>\n<p>In elk team heb je ze: de collega\u2019s die hun vakantiedagen oppotten tot december, en zij die er tegen het einde van het jaar nog amper overhouden. Ruim 4 op de 10 bedienden (43,5%) behoren tot de \u2018spaarders\u2019 terwijl zo\u2019n achtste (12,4%) zicht tot de \u2018niet-spaarders\u2019 rekenen. Opvallend is dat vrouwen vaker vakantiedagen tekortkomen (15% tegenover 10% bij mannen), terwijl mannen er tegen het jaareinde vaker over hebben (47% tegenover 41% bij vrouwen).<\/p>\n<p>Dat verbaast Lode Godderis, professor arbeidsgeneeskunde aan de KU Leuven, niet: <em>\u201cVrouwen dragen in de meeste gevallen meer dan hun aandeel van de zorg- en huishoudelijke taken, zoals de opvang van hun kinderen als ze ziek zijn. Daardoor zetten ze hun verlof vaker in voor gezinsverplichtingen, met als gevolg dat er op het einde van het jaar minder vakantiedagen overblijven.\u201d<\/em><\/p>\n<p>Ook leeftijd speelt een rol; hoe ouder de werknemers, hoe groter de kans dat ze nog wettelijke vakantiedagen over hebben op het einde van het jaar. Dit is het geval bij 47,6% van de 55-plussers, tegenover 44,6% van de 35- tot 54-jarigen en 40,8% van de -34-jarigen. Gemiddeld gaat het om vijf dagen.<\/p>\n<h3><strong><em>Werkdruk en bedrijfscultuur zorgen dat verlof blijft liggen<\/em><\/strong><\/h3>\n<p>De meestgenoemde reden om vakantiedagen niet op te nemen, is het \u2018oppoten\u2019, voor onvoorziene omstandigheden (27,9%), waarbij men zich later realiseert dat de dagen niet meer kunnen worden opgenomen. Daarnaast geeft zo\u2019n kwart (24,4%) aan dat een hoge werkdruk of een onderbezetting ervoor zorgde dat ze zich verplicht voelden om hun verlof niet op te nemen.<\/p>\n<p><strong><em>Waarom had je vakantiedagen over op het einde van het jaar?<\/em><\/strong><\/p>\n<ul>\n<li>Ik spaarde vakantiedagen op voor onvoorziene omstandigheden (27,9%)<\/li>\n<li>Door een hoge werkdruk of onderbezetting voelde ik me verplicht om ze niet op te nemen (24,4%)<\/li>\n<li>Ik voelde geen behoefte om vakantiedagen op te nemen (20,3%)<\/li>\n<li>Ik voelde een grote verantwoordelijkheid voor mijn werk en wou ze niet opnemen om mijn productiviteit niet te be\u00efnvloeden (18,2%)<\/li>\n<li>In mijn organisatie wordt verlof nemen niet altijd aangemoedigd (6,8%)<\/li>\n<li>Ik wou ze wel opnemen, maar wist niet hoeveel er nog beschikbaar waren (5,1%)<\/li>\n<\/ul>\n<p>Opvallend; \u00e9\u00e9n op de vijf voelde geen behoefte om alle vakantiedagen op te nemen, terwijl 5% ze w\u00e9l wou opnemen, maar niet wist hoeveel dagen ze nog over hadden.<\/p>\n<h3><strong><em>Te weinig vakantie nemen is nefast voor onze mentale gezondheid<\/em><\/strong><\/h3>\n<p>Lode Godderis, professor arbeidsgeneeskunde aan de KU Leuven: <em>\u201cOngebruikte vakantiedagen zijn niet alleen een individueel probleem. Ze weerspiegelen ook de cultuur en werkdruk binnen organisaties. Zo sparen sommige werknemers dagen op om gezondheids- of zorgtaken te kunnen opvangen, terwijl anderen verlof niet volledig opnemen uit angst voor achterstand of kritiek. Door rust en balans actief te stimuleren, kunnen organisaties het welzijn van hun werknemers verbeteren \u00e9n de productiviteit verhogen.\u201d<\/em><\/p>\n<p>Jan Van Autreve van Protime, vult aan: <em>\u201cTe weinig vakantie nemen heeft een negatieve impact op onze mentale gezondheid. Daarom is het belangrijk dat we al onze vakantiedagen effectief kunnen opnemen. Tijdregistratietools kunnen daarbij helpen. Ze maken inzichtelijk hoeveel vakantiedagen je nog over hebt, zodat je ze niet vergeet of last-minute moet inplannen.\u201d<\/em><\/p>\n<h3><strong><em>Wettelijke vakantiedagen overdragen naar volgende twee jaren: \u00e9\u00e9n op de drie laat het liggen<\/em><\/strong><\/h3>\n<p>Wie zijn vakantiedagen vorig jaar niet kon opnemen, is ze niet automatisch kwijt. Sinds 1 januari 2024 kunnen werknemers hun ongebruikte wettelijke vakantiedagen in bepaalde omstandigheden overdragen naar de volgende twee kalenderjaren. Dit geldt wanneer ze door moederschaps-, geboorte-, pleegouder- of adoptieverlof, verlof voor pleegzorg, een ongeval, beroepsziekte of ziekte, hun wettelijke vakantiedagen niet konden opnemen.<\/p>\n<p>Uit de bevraging van Protime blijkt dat 14% van de werknemers hiervoor in aanmerking kwam. Van hen maakte 6 op de 10 effectief gebruik van de mogelijkheid om hun wettelijke vakantiedagen over te dragen, terwijl ongeveer een derde ze liet liggen. De overige 8% had zijn wettelijk verlof volledig opgebruikt.<\/p>\n<p>&nbsp;<\/p>\n<p><em>Bron &amp; Methodologie: het online onderzoek werd uitgevoerd door onderzoeksbureau iVOX in opdracht van Protime, tussen 18 februari en 10 maart 2025 bij 1.000 Nederlandstalige bedienden. Het onderzoek is representatief op taal, geslacht, leeftijd en diploma. De maximale foutenmarge bij 1.000 Vlamingen bedraagt 3,02%.<\/em><\/p>\n","protected":false},"excerpt":{"rendered":"<p>Meer dan 4 op de 10 Vlaamse bedienden (43,5%) krijgen hun wettelijke vakantiedagen meestal niet opgebruikt. E\u00e9n op de acht (12,4%) komt er dan weer te kort op het einde van het jaar. Dat blijkt uit een onderzoek van Protime, [&hellip;]<\/p>\n","protected":false},"author":3,"featured_media":0,"comment_status":"open","ping_status":"open","sticky":false,"template":"","format":"standard","meta":[],"categories":[3,4],"tags":[303,62,64,66],"yoast_head":"<!-- This site is optimized with the Yoast SEO plugin v20.12 - https:\/\/yoast.com\/wordpress\/plugins\/seo\/ -->\n<title>Ruim 4 op de 10 bedienden hebben vakantiedagen over op het eind van het jaar. - Peoplesphere<\/title>\n<meta name=\"robots\" content=\"index, follow, max-snippet:-1, max-image-preview:large, max-video-preview:-1\" \/>\n<link rel=\"canonical\" href=\"https:\/\/peoplesphere.be\/nl\/ruim-4-op-de-10-bedienden-hebben-vakantiedagen-over-op-het-eind-van-het-jaar\/\" \/>\n<meta property=\"og:locale\" content=\"nl_NL\" \/>\n<meta property=\"og:type\" content=\"article\" \/>\n<meta property=\"og:title\" content=\"Ruim 4 op de 10 bedienden hebben vakantiedagen over op het eind van het jaar. - Peoplesphere\" \/>\n<meta property=\"og:description\" content=\"Meer dan 4 op de 10 Vlaamse bedienden (43,5%) krijgen hun wettelijke vakantiedagen meestal niet opgebruikt. E\u00e9n op de acht (12,4%) komt er dan weer te kort op het einde van het jaar. Dat blijkt uit een onderzoek van Protime, [&hellip;]\" \/>\n<meta property=\"og:url\" content=\"https:\/\/peoplesphere.be\/nl\/ruim-4-op-de-10-bedienden-hebben-vakantiedagen-over-op-het-eind-van-het-jaar\/\" \/>\n<meta property=\"og:site_name\" content=\"Peoplesphere\" \/>\n<meta property=\"article:publisher\" content=\"https:\/\/www.facebook.com\/peoplesphere\" \/>\n<meta property=\"article:published_time\" content=\"2025-11-19T16:10:05+00:00\" \/>\n<meta property=\"article:modified_time\" content=\"2025-11-19T19:12:57+00:00\" \/>\n<meta property=\"og:image\" content=\"http:\/\/www.peoplesphere.be\/nl\/wp-content\/uploads\/2016\/07\/facebook-default-posting-1200x628px.jpg\" \/>\n<meta name=\"author\" content=\"Jean-Paul Erhard\" \/>\n<meta name=\"twitter:card\" content=\"summary_large_image\" \/>\n<meta name=\"twitter:creator\" content=\"@PeoplesphereMag\" \/>\n<meta name=\"twitter:site\" content=\"@PeoplesphereMag\" \/>\n<meta name=\"twitter:label1\" content=\"Geschreven door\" \/>\n\t<meta name=\"twitter:data1\" content=\"Jean-Paul Erhard\" \/>\n\t<meta name=\"twitter:label2\" content=\"Geschatte leestijd\" \/>\n\t<meta name=\"twitter:data2\" content=\"4 minuten\" \/>\n<script type=\"application\/ld+json\" class=\"yoast-schema-graph\">{\"@context\":\"https:\/\/schema.org\",\"@graph\":[{\"@type\":\"WebPage\",\"@id\":\"https:\/\/peoplesphere.be\/nl\/ruim-4-op-de-10-bedienden-hebben-vakantiedagen-over-op-het-eind-van-het-jaar\/\",\"url\":\"https:\/\/peoplesphere.be\/nl\/ruim-4-op-de-10-bedienden-hebben-vakantiedagen-over-op-het-eind-van-het-jaar\/\",\"name\":\"Ruim 4 op de 10 bedienden hebben vakantiedagen over op het eind van het jaar. - Peoplesphere\",\"isPartOf\":{\"@id\":\"https:\/\/peoplesphere.be\/nl\/#website\"},\"datePublished\":\"2025-11-19T16:10:05+00:00\",\"dateModified\":\"2025-11-19T19:12:57+00:00\",\"author\":{\"@id\":\"https:\/\/peoplesphere.be\/nl\/#\/schema\/person\/0a1c21d8893dd9b9a2cd6e068b4e8cf5\"},\"breadcrumb\":{\"@id\":\"https:\/\/peoplesphere.be\/nl\/ruim-4-op-de-10-bedienden-hebben-vakantiedagen-over-op-het-eind-van-het-jaar\/#breadcrumb\"},\"inLanguage\":\"nl-NL\",\"potentialAction\":[{\"@type\":\"ReadAction\",\"target\":[\"https:\/\/peoplesphere.be\/nl\/ruim-4-op-de-10-bedienden-hebben-vakantiedagen-over-op-het-eind-van-het-jaar\/\"]}]},{\"@type\":\"BreadcrumbList\",\"@id\":\"https:\/\/peoplesphere.be\/nl\/ruim-4-op-de-10-bedienden-hebben-vakantiedagen-over-op-het-eind-van-het-jaar\/#breadcrumb\",\"itemListElement\":[{\"@type\":\"ListItem\",\"position\":1,\"name\":\"Accueil\",\"item\":\"https:\/\/peoplesphere.be\/nl\/\"},{\"@type\":\"ListItem\",\"position\":2,\"name\":\"Ruim 4 op de 10 bedienden hebben vakantiedagen over op het eind van het jaar.\"}]},{\"@type\":\"WebSite\",\"@id\":\"https:\/\/peoplesphere.be\/nl\/#website\",\"url\":\"https:\/\/peoplesphere.be\/nl\/\",\"name\":\"Peoplesphere\",\"description\":\"The People Managers Magazine\",\"potentialAction\":[{\"@type\":\"SearchAction\",\"target\":{\"@type\":\"EntryPoint\",\"urlTemplate\":\"https:\/\/peoplesphere.be\/nl\/?s={search_term_string}\"},\"query-input\":\"required name=search_term_string\"}],\"inLanguage\":\"nl-NL\"},{\"@type\":\"Person\",\"@id\":\"https:\/\/peoplesphere.be\/nl\/#\/schema\/person\/0a1c21d8893dd9b9a2cd6e068b4e8cf5\",\"name\":\"Jean-Paul Erhard\",\"image\":{\"@type\":\"ImageObject\",\"inLanguage\":\"nl-NL\",\"@id\":\"https:\/\/peoplesphere.be\/nl\/#\/schema\/person\/image\/\",\"url\":\"https:\/\/secure.gravatar.com\/avatar\/f941e681460179738071629a51574930?s=96&d=mm&r=g\",\"contentUrl\":\"https:\/\/secure.gravatar.com\/avatar\/f941e681460179738071629a51574930?s=96&d=mm&r=g\",\"caption\":\"Jean-Paul Erhard\"},\"url\":\"https:\/\/peoplesphere.be\/nl\/author\/jpe\/\"}]}<\/script>\n<!-- \/ Yoast SEO plugin. -->","yoast_head_json":{"title":"Ruim 4 op de 10 bedienden hebben vakantiedagen over op het eind van het jaar. - Peoplesphere","robots":{"index":"index","follow":"follow","max-snippet":"max-snippet:-1","max-image-preview":"max-image-preview:large","max-video-preview":"max-video-preview:-1"},"canonical":"https:\/\/peoplesphere.be\/nl\/ruim-4-op-de-10-bedienden-hebben-vakantiedagen-over-op-het-eind-van-het-jaar\/","og_locale":"nl_NL","og_type":"article","og_title":"Ruim 4 op de 10 bedienden hebben vakantiedagen over op het eind van het jaar. - Peoplesphere","og_description":"Meer dan 4 op de 10 Vlaamse bedienden (43,5%) krijgen hun wettelijke vakantiedagen meestal niet opgebruikt. E\u00e9n op de acht (12,4%) komt er dan weer te kort op het einde van het jaar. Dat blijkt uit een onderzoek van Protime, [&hellip;]","og_url":"https:\/\/peoplesphere.be\/nl\/ruim-4-op-de-10-bedienden-hebben-vakantiedagen-over-op-het-eind-van-het-jaar\/","og_site_name":"Peoplesphere","article_publisher":"https:\/\/www.facebook.com\/peoplesphere","article_published_time":"2025-11-19T16:10:05+00:00","article_modified_time":"2025-11-19T19:12:57+00:00","og_image":[{"url":"http:\/\/www.peoplesphere.be\/nl\/wp-content\/uploads\/2016\/07\/facebook-default-posting-1200x628px.jpg"}],"author":"Jean-Paul Erhard","twitter_card":"summary_large_image","twitter_creator":"@PeoplesphereMag","twitter_site":"@PeoplesphereMag","twitter_misc":{"Geschreven door":"Jean-Paul Erhard","Geschatte leestijd":"4 minuten"},"schema":{"@context":"https:\/\/schema.org","@graph":[{"@type":"WebPage","@id":"https:\/\/peoplesphere.be\/nl\/ruim-4-op-de-10-bedienden-hebben-vakantiedagen-over-op-het-eind-van-het-jaar\/","url":"https:\/\/peoplesphere.be\/nl\/ruim-4-op-de-10-bedienden-hebben-vakantiedagen-over-op-het-eind-van-het-jaar\/","name":"Ruim 4 op de 10 bedienden hebben vakantiedagen over op het eind van het jaar. - Peoplesphere","isPartOf":{"@id":"https:\/\/peoplesphere.be\/nl\/#website"},"datePublished":"2025-11-19T16:10:05+00:00","dateModified":"2025-11-19T19:12:57+00:00","author":{"@id":"https:\/\/peoplesphere.be\/nl\/#\/schema\/person\/0a1c21d8893dd9b9a2cd6e068b4e8cf5"},"breadcrumb":{"@id":"https:\/\/peoplesphere.be\/nl\/ruim-4-op-de-10-bedienden-hebben-vakantiedagen-over-op-het-eind-van-het-jaar\/#breadcrumb"},"inLanguage":"nl-NL","potentialAction":[{"@type":"ReadAction","target":["https:\/\/peoplesphere.be\/nl\/ruim-4-op-de-10-bedienden-hebben-vakantiedagen-over-op-het-eind-van-het-jaar\/"]}]},{"@type":"BreadcrumbList","@id":"https:\/\/peoplesphere.be\/nl\/ruim-4-op-de-10-bedienden-hebben-vakantiedagen-over-op-het-eind-van-het-jaar\/#breadcrumb","itemListElement":[{"@type":"ListItem","position":1,"name":"Accueil","item":"https:\/\/peoplesphere.be\/nl\/"},{"@type":"ListItem","position":2,"name":"Ruim 4 op de 10 bedienden hebben vakantiedagen over op het eind van het jaar."}]},{"@type":"WebSite","@id":"https:\/\/peoplesphere.be\/nl\/#website","url":"https:\/\/peoplesphere.be\/nl\/","name":"Peoplesphere","description":"The People Managers Magazine","potentialAction":[{"@type":"SearchAction","target":{"@type":"EntryPoint","urlTemplate":"https:\/\/peoplesphere.be\/nl\/?s={search_term_string}"},"query-input":"required name=search_term_string"}],"inLanguage":"nl-NL"},{"@type":"Person","@id":"https:\/\/peoplesphere.be\/nl\/#\/schema\/person\/0a1c21d8893dd9b9a2cd6e068b4e8cf5","name":"Jean-Paul Erhard","image":{"@type":"ImageObject","inLanguage":"nl-NL","@id":"https:\/\/peoplesphere.be\/nl\/#\/schema\/person\/image\/","url":"https:\/\/secure.gravatar.com\/avatar\/f941e681460179738071629a51574930?s=96&d=mm&r=g","contentUrl":"https:\/\/secure.gravatar.com\/avatar\/f941e681460179738071629a51574930?s=96&d=mm&r=g","caption":"Jean-Paul Erhard"},"url":"https:\/\/peoplesphere.be\/nl\/author\/jpe\/"}]}},"_links":{"self":[{"href":"https:\/\/peoplesphere.be\/nl\/wp-json\/wp\/v2\/posts\/13844"}],"collection":[{"href":"https:\/\/peoplesphere.be\/nl\/wp-json\/wp\/v2\/posts"}],"about":[{"href":"https:\/\/peoplesphere.be\/nl\/wp-json\/wp\/v2\/types\/post"}],"author":[{"embeddable":true,"href":"https:\/\/peoplesphere.be\/nl\/wp-json\/wp\/v2\/users\/3"}],"replies":[{"embeddable":true,"href":"https:\/\/peoplesphere.be\/nl\/wp-json\/wp\/v2\/comments?post=13844"}],"version-history":[{"count":1,"href":"https:\/\/peoplesphere.be\/nl\/wp-json\/wp\/v2\/posts\/13844\/revisions"}],"predecessor-version":[{"id":13845,"href":"https:\/\/peoplesphere.be\/nl\/wp-json\/wp\/v2\/posts\/13844\/revisions\/13845"}],"wp:attachment":[{"href":"https:\/\/peoplesphere.be\/nl\/wp-json\/wp\/v2\/media?parent=13844"}],"wp:term":[{"taxonomy":"category","embeddable":true,"href":"https:\/\/peoplesphere.be\/nl\/wp-json\/wp\/v2\/categories?post=13844"},{"taxonomy":"post_tag","embeddable":true,"href":"https:\/\/peoplesphere.be\/nl\/wp-json\/wp\/v2\/tags?post=13844"}],"curies":[{"name":"wp","href":"https:\/\/api.w.org\/{rel}","templated":true}]}}