











{"id":13853,"date":"2025-11-24T07:54:36","date_gmt":"2025-11-24T06:54:36","guid":{"rendered":"https:\/\/peoplesphere.be\/nl\/?p=13853"},"modified":"2025-11-24T07:54:36","modified_gmt":"2025-11-24T06:54:36","slug":"suicide-op-de-werkvloer-idewe-en-het-vlaams-expertisecentrum-suicidepreventie-lanceren-preventietoolbox","status":"publish","type":"post","link":"https:\/\/peoplesphere.be\/nl\/suicide-op-de-werkvloer-idewe-en-het-vlaams-expertisecentrum-suicidepreventie-lanceren-preventietoolbox\/","title":{"rendered":"Su\u00efcide op de werkvloer: IDEWE en het Vlaams Expertisecentrum Su\u00efcidepreventie lanceren preventietoolbox."},"content":{"rendered":"<p>Elke dag stappen in Vlaanderen gemiddeld 2,4 mensen, waaronder heel wat werknemers, uit het leven. Dat betekent dat niet enkel hun naasten in de priv\u00e9sfeer, maar ook hun werkgevers en collega\u2019s een belangrijke rol kunnen spelen in zelfmoordpreventie. IDEWE en VLESP willen werkgevers, HR-medewerkers en collega\u2019s ondersteunen in en awareness cre\u00ebren rond het tijdig herkennen \u00e9n bespreekbaar maken van mentale problemen op de werkvloer.<!--more--><\/p>\n<p>Om daar meer awareness rond te cre\u00ebren en hen daarbij te ondersteunen, lanceren het Vlaams Expertisecentrum Su\u00efcidepreventie (VLESP) en IDEWE, de grootste Belgische externe dienst voor preventie en bescherming op het werk, met de steun van de Vlaamse Overheid, een nieuwe toolbox voor su\u00efcidepreventie op de werkvloer. Die biedt werkgevers, leidinggevenden, HR-medewerkers, vertrouwenspersonen \u00e9n collega\u2019s een houvast om tijdig te reageren op signalen van mentale problemen.<\/p>\n<h3><strong><em>Nood aan su\u00efcidepreventie op de werkvloer<\/em><\/strong><\/h3>\n<p>Om het aantal zelfdodingen te verminderen, werkt Vlaanderen met actieplannen rondom su\u00efcidepreventie. In het derde Vlaamse actieplan Su\u00efcidepreventie, dat in 2022 startte, werd de werkcontext opgenomen als een belangrijke setting voor su\u00efcidepreventie. Uit onderzoek blijkt dat werkfactoren zoals hoge werkdruk, jobonzekerheid en verstoorde werkrelaties (zoals pesten) kunnen bijdragen tot mentale problemen en su\u00efcidale gedachten. Daar tegenover staat dat de werkvloer ook net een belangrijke beschermende factor kan zijn.<\/p>\n<p>Prof. dr. Gwendolyn Portzky (VLESP): <em>\u201cDe werkvloer is een belangrijke plek om het verschil te maken in su\u00efcidepreventie. Omdat een belangrijk aantal zelfdodingen voorkomen bij personen die beroepsactief zijn, kunnen we via bedrijven en organisaties een grote groep bereiken.\u201d<\/em><\/p>\n<p><em>\u201cDe werkvloer is een van de weinige plekken waar mensen elkaar dagelijks zien. Net daarom kunnen collega\u2019s en leidinggevenden ook vroeg signalen opvangen,\u201d<\/em> zegt Lauren Blockmans, projectmanager IDEWE. <em>\u201cMet deze vernieuwde toolbox willen we organisaties helpen om die signalen ernstig te nemen en er op een gepaste manier op te reageren.\u201d<\/em><\/p>\n<p>De vernieuwde toolbox sluit aan bij de bredere oproep van IDEWE om welzijn structureel te verankeren in organisaties. <em>\u201cWe pleiten al langer voor een duidelijk welzijnsbeleid op elke werkvloer,\u201d<\/em> vult Blockmans verder aan. <em>\u201cMentale gezondheid verdient dezelfde aandacht als fysieke veiligheid. Deze toolbox is een concreet instrument om dat waar te maken.\u201d<\/em><\/p>\n<h3><strong><em>Een praktische toolbox om welzijn te verankeren in organisaties<\/em><\/strong><\/h3>\n<p>De toolbox bevat praktische en interactieve instrumenten zoals een e-learning met reflectievragen, casussen, sensibiliseringsdocumentatie en heel wat ander oefenmateriaal om het thema intern bespreekbaar te maken.<\/p>\n<p>Ze biedt ook een concreet stappenplan om su\u00efcidepreventie duurzaam in het welzijnsbeleid van organisaties te integreren.<\/p>\n<p>De vernieuwde toolbox is breed inzetbaar en geschikt voor organisaties van elke grootte en sector. In eerste instantie ontwikkeld voor leidinggevenden, HR-professionals, vertrouwenspersonen en preventieadviseurs, is de toolbox ook bruikbaar voor collega\u2019s die willen leren signalen van mentale nood te herkennen en erover in gesprek te gaan. <em>\u201cDe toolbox en alle bijhorende materialen zijn voor iedereen vrij toegankelijk via Zelfmoord1813. Ook andere externe diensten moedigen we aan om dit materiaal mee op te nemen in hun begeleiding van organisaties. We hopen hiermee dat een groot aantal bedrijven effectief hun weg vinden naar de toolbox en ermee aan de slag gaan\u201d,<\/em> aldus prof. dr. Portzky. Zowel vanuit VLESP als IDEWE wordt bovendien ondersteuning geboden indien organisaties bijkomende vragen hebben over de toolbox.<\/p>\n<h3><strong><em>Samenwerking tussen wetenschap, beleid en praktijk<\/em><\/strong><\/h3>\n<p>De toolbox is het resultaat van een nauwe samenwerking tussen IDEWE en het Vlaams Expertisecentrum Su\u00efcidepreventie (VLESP). Het project volgde de principes van \u2018human design thinking\u2019-methodiek: werkgevers, vertrouwenspersonen, HR-medewerkers en andere sleutelactoren uit diverse sectoren werden actief betrokken om de tools te testen en verfijnen.<\/p>\n<p><em>\u201cDeze samenwerking toont hoe beleid, wetenschap en praktijk elkaar kunnen versterken,\u201d<\/em> zegt Blockmans. <em>\u201cDoor onze kennis van werkcontexten te combineren met de expertise van VLESP, zijn we tot een bruikbare en wetenschappelijk onderbouwde toolbox gekomen.\u201d<\/em><\/p>\n<p>Caroline Gennez, Vlaams minister van Welzijn, en Zuhal Demir, Vlaams minister van Werk, onderschrijven het initiatief: <em>\u201cMet deze toolbox zetten we een belangrijke stap richting een Vlaanderen waarin elke werknemer zich mentaal ondersteund voelt. Werkgevers hebben een sleutelrol in het welzijn van hun medewerkers, en deze tool helpt hen om dat engagement waar te maken.\u201d<\/em><\/p>\n<p>De toolbox wordt officieel voorgesteld op dinsdag 25 november 2025 tijdens het event \u201cSu\u00efcidepreventie op het werk\u201d in Blankspace, Brussel. Tijdens het event delen experten, beleidsmakers en bedrijven hun inzichten en ervaringen over hoe organisaties mentaal welzijn kunnen versterken.<\/p>\n<p>&nbsp;<\/p>\n<p><em>Bron: IDEWE &#8211; VLESP<\/em><\/p>\n","protected":false},"excerpt":{"rendered":"<p>Elke dag stappen in Vlaanderen gemiddeld 2,4 mensen, waaronder heel wat werknemers, uit het leven. Dat betekent dat niet enkel hun naasten in de priv\u00e9sfeer, maar ook hun werkgevers en collega\u2019s een belangrijke rol kunnen spelen in zelfmoordpreventie. IDEWE en [&hellip;]<\/p>\n","protected":false},"author":3,"featured_media":0,"comment_status":"open","ping_status":"open","sticky":false,"template":"","format":"standard","meta":[],"categories":[3,4],"tags":[1641,97,4436,64],"yoast_head":"<!-- This site is optimized with the Yoast SEO plugin v20.12 - https:\/\/yoast.com\/wordpress\/plugins\/seo\/ -->\n<title>Su\u00efcide op de werkvloer: IDEWE en het Vlaams Expertisecentrum Su\u00efcidepreventie lanceren preventietoolbox. - Peoplesphere<\/title>\n<meta name=\"robots\" content=\"index, follow, max-snippet:-1, max-image-preview:large, max-video-preview:-1\" \/>\n<link rel=\"canonical\" href=\"https:\/\/peoplesphere.be\/nl\/suicide-op-de-werkvloer-idewe-en-het-vlaams-expertisecentrum-suicidepreventie-lanceren-preventietoolbox\/\" \/>\n<meta property=\"og:locale\" content=\"nl_NL\" \/>\n<meta property=\"og:type\" content=\"article\" \/>\n<meta property=\"og:title\" content=\"Su\u00efcide op de werkvloer: IDEWE en het Vlaams Expertisecentrum Su\u00efcidepreventie lanceren preventietoolbox. - Peoplesphere\" \/>\n<meta property=\"og:description\" content=\"Elke dag stappen in Vlaanderen gemiddeld 2,4 mensen, waaronder heel wat werknemers, uit het leven. Dat betekent dat niet enkel hun naasten in de priv\u00e9sfeer, maar ook hun werkgevers en collega\u2019s een belangrijke rol kunnen spelen in zelfmoordpreventie. IDEWE en [&hellip;]\" \/>\n<meta property=\"og:url\" content=\"https:\/\/peoplesphere.be\/nl\/suicide-op-de-werkvloer-idewe-en-het-vlaams-expertisecentrum-suicidepreventie-lanceren-preventietoolbox\/\" \/>\n<meta property=\"og:site_name\" content=\"Peoplesphere\" \/>\n<meta property=\"article:publisher\" content=\"https:\/\/www.facebook.com\/peoplesphere\" \/>\n<meta property=\"article:published_time\" content=\"2025-11-24T06:54:36+00:00\" \/>\n<meta property=\"og:image\" content=\"http:\/\/www.peoplesphere.be\/nl\/wp-content\/uploads\/2016\/07\/facebook-default-posting-1200x628px.jpg\" \/>\n<meta name=\"author\" content=\"Jean-Paul Erhard\" \/>\n<meta name=\"twitter:card\" content=\"summary_large_image\" \/>\n<meta name=\"twitter:creator\" content=\"@PeoplesphereMag\" \/>\n<meta name=\"twitter:site\" content=\"@PeoplesphereMag\" \/>\n<meta name=\"twitter:label1\" content=\"Geschreven door\" \/>\n\t<meta name=\"twitter:data1\" content=\"Jean-Paul Erhard\" \/>\n\t<meta name=\"twitter:label2\" content=\"Geschatte leestijd\" \/>\n\t<meta name=\"twitter:data2\" content=\"4 minuten\" \/>\n<script type=\"application\/ld+json\" class=\"yoast-schema-graph\">{\"@context\":\"https:\/\/schema.org\",\"@graph\":[{\"@type\":\"WebPage\",\"@id\":\"https:\/\/peoplesphere.be\/nl\/suicide-op-de-werkvloer-idewe-en-het-vlaams-expertisecentrum-suicidepreventie-lanceren-preventietoolbox\/\",\"url\":\"https:\/\/peoplesphere.be\/nl\/suicide-op-de-werkvloer-idewe-en-het-vlaams-expertisecentrum-suicidepreventie-lanceren-preventietoolbox\/\",\"name\":\"Su\u00efcide op de werkvloer: IDEWE en het Vlaams Expertisecentrum Su\u00efcidepreventie lanceren preventietoolbox. - Peoplesphere\",\"isPartOf\":{\"@id\":\"https:\/\/peoplesphere.be\/nl\/#website\"},\"datePublished\":\"2025-11-24T06:54:36+00:00\",\"dateModified\":\"2025-11-24T06:54:36+00:00\",\"author\":{\"@id\":\"https:\/\/peoplesphere.be\/nl\/#\/schema\/person\/0a1c21d8893dd9b9a2cd6e068b4e8cf5\"},\"breadcrumb\":{\"@id\":\"https:\/\/peoplesphere.be\/nl\/suicide-op-de-werkvloer-idewe-en-het-vlaams-expertisecentrum-suicidepreventie-lanceren-preventietoolbox\/#breadcrumb\"},\"inLanguage\":\"nl-NL\",\"potentialAction\":[{\"@type\":\"ReadAction\",\"target\":[\"https:\/\/peoplesphere.be\/nl\/suicide-op-de-werkvloer-idewe-en-het-vlaams-expertisecentrum-suicidepreventie-lanceren-preventietoolbox\/\"]}]},{\"@type\":\"BreadcrumbList\",\"@id\":\"https:\/\/peoplesphere.be\/nl\/suicide-op-de-werkvloer-idewe-en-het-vlaams-expertisecentrum-suicidepreventie-lanceren-preventietoolbox\/#breadcrumb\",\"itemListElement\":[{\"@type\":\"ListItem\",\"position\":1,\"name\":\"Accueil\",\"item\":\"https:\/\/peoplesphere.be\/nl\/\"},{\"@type\":\"ListItem\",\"position\":2,\"name\":\"Su\u00efcide op de werkvloer: IDEWE en het Vlaams Expertisecentrum Su\u00efcidepreventie lanceren preventietoolbox.\"}]},{\"@type\":\"WebSite\",\"@id\":\"https:\/\/peoplesphere.be\/nl\/#website\",\"url\":\"https:\/\/peoplesphere.be\/nl\/\",\"name\":\"Peoplesphere\",\"description\":\"The People Managers Magazine\",\"potentialAction\":[{\"@type\":\"SearchAction\",\"target\":{\"@type\":\"EntryPoint\",\"urlTemplate\":\"https:\/\/peoplesphere.be\/nl\/?s={search_term_string}\"},\"query-input\":\"required name=search_term_string\"}],\"inLanguage\":\"nl-NL\"},{\"@type\":\"Person\",\"@id\":\"https:\/\/peoplesphere.be\/nl\/#\/schema\/person\/0a1c21d8893dd9b9a2cd6e068b4e8cf5\",\"name\":\"Jean-Paul Erhard\",\"image\":{\"@type\":\"ImageObject\",\"inLanguage\":\"nl-NL\",\"@id\":\"https:\/\/peoplesphere.be\/nl\/#\/schema\/person\/image\/\",\"url\":\"https:\/\/secure.gravatar.com\/avatar\/f941e681460179738071629a51574930?s=96&d=mm&r=g\",\"contentUrl\":\"https:\/\/secure.gravatar.com\/avatar\/f941e681460179738071629a51574930?s=96&d=mm&r=g\",\"caption\":\"Jean-Paul Erhard\"},\"url\":\"https:\/\/peoplesphere.be\/nl\/author\/jpe\/\"}]}<\/script>\n<!-- \/ Yoast SEO plugin. -->","yoast_head_json":{"title":"Su\u00efcide op de werkvloer: IDEWE en het Vlaams Expertisecentrum Su\u00efcidepreventie lanceren preventietoolbox. - Peoplesphere","robots":{"index":"index","follow":"follow","max-snippet":"max-snippet:-1","max-image-preview":"max-image-preview:large","max-video-preview":"max-video-preview:-1"},"canonical":"https:\/\/peoplesphere.be\/nl\/suicide-op-de-werkvloer-idewe-en-het-vlaams-expertisecentrum-suicidepreventie-lanceren-preventietoolbox\/","og_locale":"nl_NL","og_type":"article","og_title":"Su\u00efcide op de werkvloer: IDEWE en het Vlaams Expertisecentrum Su\u00efcidepreventie lanceren preventietoolbox. - Peoplesphere","og_description":"Elke dag stappen in Vlaanderen gemiddeld 2,4 mensen, waaronder heel wat werknemers, uit het leven. Dat betekent dat niet enkel hun naasten in de priv\u00e9sfeer, maar ook hun werkgevers en collega\u2019s een belangrijke rol kunnen spelen in zelfmoordpreventie. IDEWE en [&hellip;]","og_url":"https:\/\/peoplesphere.be\/nl\/suicide-op-de-werkvloer-idewe-en-het-vlaams-expertisecentrum-suicidepreventie-lanceren-preventietoolbox\/","og_site_name":"Peoplesphere","article_publisher":"https:\/\/www.facebook.com\/peoplesphere","article_published_time":"2025-11-24T06:54:36+00:00","og_image":[{"url":"http:\/\/www.peoplesphere.be\/nl\/wp-content\/uploads\/2016\/07\/facebook-default-posting-1200x628px.jpg"}],"author":"Jean-Paul Erhard","twitter_card":"summary_large_image","twitter_creator":"@PeoplesphereMag","twitter_site":"@PeoplesphereMag","twitter_misc":{"Geschreven door":"Jean-Paul Erhard","Geschatte leestijd":"4 minuten"},"schema":{"@context":"https:\/\/schema.org","@graph":[{"@type":"WebPage","@id":"https:\/\/peoplesphere.be\/nl\/suicide-op-de-werkvloer-idewe-en-het-vlaams-expertisecentrum-suicidepreventie-lanceren-preventietoolbox\/","url":"https:\/\/peoplesphere.be\/nl\/suicide-op-de-werkvloer-idewe-en-het-vlaams-expertisecentrum-suicidepreventie-lanceren-preventietoolbox\/","name":"Su\u00efcide op de werkvloer: IDEWE en het Vlaams Expertisecentrum Su\u00efcidepreventie lanceren preventietoolbox. - Peoplesphere","isPartOf":{"@id":"https:\/\/peoplesphere.be\/nl\/#website"},"datePublished":"2025-11-24T06:54:36+00:00","dateModified":"2025-11-24T06:54:36+00:00","author":{"@id":"https:\/\/peoplesphere.be\/nl\/#\/schema\/person\/0a1c21d8893dd9b9a2cd6e068b4e8cf5"},"breadcrumb":{"@id":"https:\/\/peoplesphere.be\/nl\/suicide-op-de-werkvloer-idewe-en-het-vlaams-expertisecentrum-suicidepreventie-lanceren-preventietoolbox\/#breadcrumb"},"inLanguage":"nl-NL","potentialAction":[{"@type":"ReadAction","target":["https:\/\/peoplesphere.be\/nl\/suicide-op-de-werkvloer-idewe-en-het-vlaams-expertisecentrum-suicidepreventie-lanceren-preventietoolbox\/"]}]},{"@type":"BreadcrumbList","@id":"https:\/\/peoplesphere.be\/nl\/suicide-op-de-werkvloer-idewe-en-het-vlaams-expertisecentrum-suicidepreventie-lanceren-preventietoolbox\/#breadcrumb","itemListElement":[{"@type":"ListItem","position":1,"name":"Accueil","item":"https:\/\/peoplesphere.be\/nl\/"},{"@type":"ListItem","position":2,"name":"Su\u00efcide op de werkvloer: IDEWE en het Vlaams Expertisecentrum Su\u00efcidepreventie lanceren preventietoolbox."}]},{"@type":"WebSite","@id":"https:\/\/peoplesphere.be\/nl\/#website","url":"https:\/\/peoplesphere.be\/nl\/","name":"Peoplesphere","description":"The People Managers Magazine","potentialAction":[{"@type":"SearchAction","target":{"@type":"EntryPoint","urlTemplate":"https:\/\/peoplesphere.be\/nl\/?s={search_term_string}"},"query-input":"required name=search_term_string"}],"inLanguage":"nl-NL"},{"@type":"Person","@id":"https:\/\/peoplesphere.be\/nl\/#\/schema\/person\/0a1c21d8893dd9b9a2cd6e068b4e8cf5","name":"Jean-Paul Erhard","image":{"@type":"ImageObject","inLanguage":"nl-NL","@id":"https:\/\/peoplesphere.be\/nl\/#\/schema\/person\/image\/","url":"https:\/\/secure.gravatar.com\/avatar\/f941e681460179738071629a51574930?s=96&d=mm&r=g","contentUrl":"https:\/\/secure.gravatar.com\/avatar\/f941e681460179738071629a51574930?s=96&d=mm&r=g","caption":"Jean-Paul Erhard"},"url":"https:\/\/peoplesphere.be\/nl\/author\/jpe\/"}]}},"_links":{"self":[{"href":"https:\/\/peoplesphere.be\/nl\/wp-json\/wp\/v2\/posts\/13853"}],"collection":[{"href":"https:\/\/peoplesphere.be\/nl\/wp-json\/wp\/v2\/posts"}],"about":[{"href":"https:\/\/peoplesphere.be\/nl\/wp-json\/wp\/v2\/types\/post"}],"author":[{"embeddable":true,"href":"https:\/\/peoplesphere.be\/nl\/wp-json\/wp\/v2\/users\/3"}],"replies":[{"embeddable":true,"href":"https:\/\/peoplesphere.be\/nl\/wp-json\/wp\/v2\/comments?post=13853"}],"version-history":[{"count":1,"href":"https:\/\/peoplesphere.be\/nl\/wp-json\/wp\/v2\/posts\/13853\/revisions"}],"predecessor-version":[{"id":13854,"href":"https:\/\/peoplesphere.be\/nl\/wp-json\/wp\/v2\/posts\/13853\/revisions\/13854"}],"wp:attachment":[{"href":"https:\/\/peoplesphere.be\/nl\/wp-json\/wp\/v2\/media?parent=13853"}],"wp:term":[{"taxonomy":"category","embeddable":true,"href":"https:\/\/peoplesphere.be\/nl\/wp-json\/wp\/v2\/categories?post=13853"},{"taxonomy":"post_tag","embeddable":true,"href":"https:\/\/peoplesphere.be\/nl\/wp-json\/wp\/v2\/tags?post=13853"}],"curies":[{"name":"wp","href":"https:\/\/api.w.org\/{rel}","templated":true}]}}