











{"id":13859,"date":"2025-11-26T06:43:48","date_gmt":"2025-11-26T05:43:48","guid":{"rendered":"https:\/\/peoplesphere.be\/nl\/?p=13859"},"modified":"2025-11-26T06:43:48","modified_gmt":"2025-11-26T05:43:48","slug":"werkende-belgen-denken-dat-35-van-hun-taken-nu-al-door-ai-kan-worden-gedaan-1-op-5-vreest-jobverlies-binnen-vijf-jaar","status":"publish","type":"post","link":"https:\/\/peoplesphere.be\/nl\/werkende-belgen-denken-dat-35-van-hun-taken-nu-al-door-ai-kan-worden-gedaan-1-op-5-vreest-jobverlies-binnen-vijf-jaar\/","title":{"rendered":"Werkende Belgen denken dat 35% van hun taken nu al door AI kan worden gedaan \u2013 1 op 5 vreest jobverlies binnen vijf jaar."},"content":{"rendered":"<p>Meer dan een derde van het werk van Belgen kan vandaag al door artifici\u00eble intelligentie of robots worden uitgevoerd. Toch blijft de angst voor jobverlies relatief beperkt: 21% maakt zich (zeer) veel zorgen dat AI binnen vijf jaar een groot deel van hun job overneemt.<!--more--><\/p>\n<p>Dat blijkt uit het rapport \u2018Een AI-impact analyse op beroepen en sectoren in Belgi\u00eb\u2019 van arbeidsmarktdata specialist Intelligence Group, gebaseerd op een bevraging van bijna 2.500 werkenden en jobzoekers.<\/p>\n<h3><strong><em>Een AI-impact analyse op beroep<\/em><\/strong><\/h3>\n<p>De hoogste impact wordt verwacht in landbouw (60% van het werk wordt als automatiseerbaar gezien), design (51%), communicatie &amp; PR (45%), callcenters (44%) en administratieve functies (44%). Aan de andere kant zien horecamedewerkers, techniekers in installatie en reparatie, facilitaire diensten en sociaal-maatschappelijke beroepen de laagste impact, rond 25 \u00e0 26%. Geert-Jan Waasdorp, CEO bij Intelligence Group: <em>\u201cDe toekomst is niet zwart of wit. AI zal sommige jobs grondig veranderen en een deel van het werk overnemen, maar maakt veel meer jobs net beter. De kunst is om van dreiging een kans te maken \u2013 door routinetaken te automatiseren en de mens meer tijd te geven voor creativiteit, contact en complexer werk.\u201d<\/em><\/p>\n<h3><strong><em>Jongeren waakzaam, maar zien ook kansen<\/em><\/strong><\/h3>\n<p>Jongeren voelen de impact van AI het sterkst. Belgen jonger dan 30 jaar schatten dat gemiddeld 45% van hun werk nu al door AI of robots kan worden gedaan, tegenover 35% in de totale beroepsbevolking. Zij maken zich ook het vaakst zorgen: 32% van de 30-minners vreest dat AI binnen vijf jaar een groot deel van de job overneemt, tegenover 23% bij 30- tot 50-jarigen en 15% bij 50-plussers.<\/p>\n<p>Waasdorp:<em> \u201cJongeren zien scherp wat AI al kan. Dat kan ongerust maken, maar het biedt vooral kansen. Wie nu leert werken m\u00e9t AI, bouwt een voorsprong op. De professional die AI kan besturen, zal de professional vervangen die dat niet kan.\u201d<\/em><\/p>\n<h3><strong><em>Belgi\u00eb alerter dan Nederland<\/em><\/strong><\/h3>\n<p>Opvallend is dat Belgen de impact van AI duidelijker voelen dan hun noorderburen in Nederland. Waar de gemiddelde Nederlandse werkende denkt dat 32% van zijn of haar werk nu al door AI of robots kan worden gedaan en 15% zich zorgen maakt over baanverlies binnen vijf jaar, liggen die cijfers in Belgi\u00eb op respectievelijk 35% en 21%.<\/p>\n<p><em>\u201cBelgen zijn misschien iets ongeruster dan Nederlanders, maar dat is geen zwakte \u2013 het is een voorsprong,\u201d<\/em> zegt Waasdorp.<em> \u201cDie alertheid maakt dat werkenden, werkgevers en beleid sneller in actie kunnen schieten. Belgi\u00eb hoort nu al bij de Europese kopgroep: bijna \u00e9\u00e9n op vier bedrijven gebruikt minstens \u00e9\u00e9n AI-toepassing, ruim boven het Europese gemiddelde. De uitdaging is om die technologie nu ook slim te vertalen naar jobs, skills en opleidingen.\u201d<\/em><\/p>\n<h3><strong><em>Drie strategische richtlijnen voor beleid en praktijk<\/em><\/strong><\/h3>\n<p>Op basis van het onderzoek geeft Intelligence Group drie korte richtlijnen:<\/p>\n<p>Voor werknemers: maak jezelf AI-vaardig, automatiseer je repetitieve taken en investeer in mensgerichte skills zoals creativiteit, sociale intelligentie en probleemoplossend vermogen.<\/p>\n<p>Voor werkgevers: gebruik AI om jobs menselijker \u00e9n effici\u00ebnter te maken, herteken functies rond kerntaken en investeer actief in AI-opleidingen en omscholing.<\/p>\n<p>Voor overheid en onderwijs: maak AI-geletterdheid een basisvaardigheid in alle onderwijsniveaus en zorg voor laagdrempelige opleidingskansen, zeker voor groepen in hoog-impactberoepen.<\/p>\n<p>&nbsp;<\/p>\n<p><em>Bron: Intelligence Group &#8211; rapport \u2018Een AI-impact analyse op beroepen en sectoren in Belgi\u00eb\u2019<\/em><\/p>\n","protected":false},"excerpt":{"rendered":"<p>Meer dan een derde van het werk van Belgen kan vandaag al door artifici\u00eble intelligentie of robots worden uitgevoerd. Toch blijft de angst voor jobverlies relatief beperkt: 21% maakt zich (zeer) veel zorgen dat AI binnen vijf jaar een groot [&hellip;]<\/p>\n","protected":false},"author":3,"featured_media":13860,"comment_status":"open","ping_status":"open","sticky":false,"template":"","format":"standard","meta":[],"categories":[3,4],"tags":[482,611,1029,96],"yoast_head":"<!-- This site is optimized with the Yoast SEO plugin v20.12 - https:\/\/yoast.com\/wordpress\/plugins\/seo\/ -->\n<title>Werkende Belgen denken dat 35% van hun taken nu al door AI kan worden gedaan \u2013 1 op 5 vreest jobverlies binnen vijf jaar. - Peoplesphere<\/title>\n<meta name=\"robots\" content=\"index, follow, max-snippet:-1, max-image-preview:large, max-video-preview:-1\" \/>\n<link rel=\"canonical\" href=\"https:\/\/peoplesphere.be\/nl\/werkende-belgen-denken-dat-35-van-hun-taken-nu-al-door-ai-kan-worden-gedaan-1-op-5-vreest-jobverlies-binnen-vijf-jaar\/\" \/>\n<meta property=\"og:locale\" content=\"nl_NL\" \/>\n<meta property=\"og:type\" content=\"article\" \/>\n<meta property=\"og:title\" content=\"Werkende Belgen denken dat 35% van hun taken nu al door AI kan worden gedaan \u2013 1 op 5 vreest jobverlies binnen vijf jaar. - Peoplesphere\" \/>\n<meta property=\"og:description\" content=\"Meer dan een derde van het werk van Belgen kan vandaag al door artifici\u00eble intelligentie of robots worden uitgevoerd. Toch blijft de angst voor jobverlies relatief beperkt: 21% maakt zich (zeer) veel zorgen dat AI binnen vijf jaar een groot [&hellip;]\" \/>\n<meta property=\"og:url\" content=\"https:\/\/peoplesphere.be\/nl\/werkende-belgen-denken-dat-35-van-hun-taken-nu-al-door-ai-kan-worden-gedaan-1-op-5-vreest-jobverlies-binnen-vijf-jaar\/\" \/>\n<meta property=\"og:site_name\" content=\"Peoplesphere\" \/>\n<meta property=\"article:publisher\" content=\"https:\/\/www.facebook.com\/peoplesphere\" \/>\n<meta property=\"article:published_time\" content=\"2025-11-26T05:43:48+00:00\" \/>\n<meta property=\"og:image\" content=\"https:\/\/peoplesphere.be\/nl\/wp-content\/uploads\/2025\/11\/20251023IAagentique.jpg\" \/>\n\t<meta property=\"og:image:width\" content=\"800\" \/>\n\t<meta property=\"og:image:height\" content=\"533\" \/>\n\t<meta property=\"og:image:type\" content=\"image\/jpeg\" \/>\n<meta name=\"author\" content=\"Jean-Paul Erhard\" \/>\n<meta name=\"twitter:card\" content=\"summary_large_image\" \/>\n<meta name=\"twitter:creator\" content=\"@PeoplesphereMag\" \/>\n<meta name=\"twitter:site\" content=\"@PeoplesphereMag\" \/>\n<meta name=\"twitter:label1\" content=\"Geschreven door\" \/>\n\t<meta name=\"twitter:data1\" content=\"Jean-Paul Erhard\" \/>\n\t<meta name=\"twitter:label2\" content=\"Geschatte leestijd\" \/>\n\t<meta name=\"twitter:data2\" content=\"3 minuten\" \/>\n<script type=\"application\/ld+json\" class=\"yoast-schema-graph\">{\"@context\":\"https:\/\/schema.org\",\"@graph\":[{\"@type\":\"WebPage\",\"@id\":\"https:\/\/peoplesphere.be\/nl\/werkende-belgen-denken-dat-35-van-hun-taken-nu-al-door-ai-kan-worden-gedaan-1-op-5-vreest-jobverlies-binnen-vijf-jaar\/\",\"url\":\"https:\/\/peoplesphere.be\/nl\/werkende-belgen-denken-dat-35-van-hun-taken-nu-al-door-ai-kan-worden-gedaan-1-op-5-vreest-jobverlies-binnen-vijf-jaar\/\",\"name\":\"Werkende Belgen denken dat 35% van hun taken nu al door AI kan worden gedaan \u2013 1 op 5 vreest jobverlies binnen vijf jaar. - Peoplesphere\",\"isPartOf\":{\"@id\":\"https:\/\/peoplesphere.be\/nl\/#website\"},\"datePublished\":\"2025-11-26T05:43:48+00:00\",\"dateModified\":\"2025-11-26T05:43:48+00:00\",\"author\":{\"@id\":\"https:\/\/peoplesphere.be\/nl\/#\/schema\/person\/0a1c21d8893dd9b9a2cd6e068b4e8cf5\"},\"breadcrumb\":{\"@id\":\"https:\/\/peoplesphere.be\/nl\/werkende-belgen-denken-dat-35-van-hun-taken-nu-al-door-ai-kan-worden-gedaan-1-op-5-vreest-jobverlies-binnen-vijf-jaar\/#breadcrumb\"},\"inLanguage\":\"nl-NL\",\"potentialAction\":[{\"@type\":\"ReadAction\",\"target\":[\"https:\/\/peoplesphere.be\/nl\/werkende-belgen-denken-dat-35-van-hun-taken-nu-al-door-ai-kan-worden-gedaan-1-op-5-vreest-jobverlies-binnen-vijf-jaar\/\"]}]},{\"@type\":\"BreadcrumbList\",\"@id\":\"https:\/\/peoplesphere.be\/nl\/werkende-belgen-denken-dat-35-van-hun-taken-nu-al-door-ai-kan-worden-gedaan-1-op-5-vreest-jobverlies-binnen-vijf-jaar\/#breadcrumb\",\"itemListElement\":[{\"@type\":\"ListItem\",\"position\":1,\"name\":\"Accueil\",\"item\":\"https:\/\/peoplesphere.be\/nl\/\"},{\"@type\":\"ListItem\",\"position\":2,\"name\":\"Werkende Belgen denken dat 35% van hun taken nu al door AI kan worden gedaan \u2013 1 op 5 vreest jobverlies binnen vijf jaar.\"}]},{\"@type\":\"WebSite\",\"@id\":\"https:\/\/peoplesphere.be\/nl\/#website\",\"url\":\"https:\/\/peoplesphere.be\/nl\/\",\"name\":\"Peoplesphere\",\"description\":\"The People Managers Magazine\",\"potentialAction\":[{\"@type\":\"SearchAction\",\"target\":{\"@type\":\"EntryPoint\",\"urlTemplate\":\"https:\/\/peoplesphere.be\/nl\/?s={search_term_string}\"},\"query-input\":\"required name=search_term_string\"}],\"inLanguage\":\"nl-NL\"},{\"@type\":\"Person\",\"@id\":\"https:\/\/peoplesphere.be\/nl\/#\/schema\/person\/0a1c21d8893dd9b9a2cd6e068b4e8cf5\",\"name\":\"Jean-Paul Erhard\",\"image\":{\"@type\":\"ImageObject\",\"inLanguage\":\"nl-NL\",\"@id\":\"https:\/\/peoplesphere.be\/nl\/#\/schema\/person\/image\/\",\"url\":\"https:\/\/secure.gravatar.com\/avatar\/f941e681460179738071629a51574930?s=96&d=mm&r=g\",\"contentUrl\":\"https:\/\/secure.gravatar.com\/avatar\/f941e681460179738071629a51574930?s=96&d=mm&r=g\",\"caption\":\"Jean-Paul Erhard\"},\"url\":\"https:\/\/peoplesphere.be\/nl\/author\/jpe\/\"}]}<\/script>\n<!-- \/ Yoast SEO plugin. -->","yoast_head_json":{"title":"Werkende Belgen denken dat 35% van hun taken nu al door AI kan worden gedaan \u2013 1 op 5 vreest jobverlies binnen vijf jaar. - Peoplesphere","robots":{"index":"index","follow":"follow","max-snippet":"max-snippet:-1","max-image-preview":"max-image-preview:large","max-video-preview":"max-video-preview:-1"},"canonical":"https:\/\/peoplesphere.be\/nl\/werkende-belgen-denken-dat-35-van-hun-taken-nu-al-door-ai-kan-worden-gedaan-1-op-5-vreest-jobverlies-binnen-vijf-jaar\/","og_locale":"nl_NL","og_type":"article","og_title":"Werkende Belgen denken dat 35% van hun taken nu al door AI kan worden gedaan \u2013 1 op 5 vreest jobverlies binnen vijf jaar. - Peoplesphere","og_description":"Meer dan een derde van het werk van Belgen kan vandaag al door artifici\u00eble intelligentie of robots worden uitgevoerd. Toch blijft de angst voor jobverlies relatief beperkt: 21% maakt zich (zeer) veel zorgen dat AI binnen vijf jaar een groot [&hellip;]","og_url":"https:\/\/peoplesphere.be\/nl\/werkende-belgen-denken-dat-35-van-hun-taken-nu-al-door-ai-kan-worden-gedaan-1-op-5-vreest-jobverlies-binnen-vijf-jaar\/","og_site_name":"Peoplesphere","article_publisher":"https:\/\/www.facebook.com\/peoplesphere","article_published_time":"2025-11-26T05:43:48+00:00","og_image":[{"width":800,"height":533,"url":"https:\/\/peoplesphere.be\/nl\/wp-content\/uploads\/2025\/11\/20251023IAagentique.jpg","type":"image\/jpeg"}],"author":"Jean-Paul Erhard","twitter_card":"summary_large_image","twitter_creator":"@PeoplesphereMag","twitter_site":"@PeoplesphereMag","twitter_misc":{"Geschreven door":"Jean-Paul Erhard","Geschatte leestijd":"3 minuten"},"schema":{"@context":"https:\/\/schema.org","@graph":[{"@type":"WebPage","@id":"https:\/\/peoplesphere.be\/nl\/werkende-belgen-denken-dat-35-van-hun-taken-nu-al-door-ai-kan-worden-gedaan-1-op-5-vreest-jobverlies-binnen-vijf-jaar\/","url":"https:\/\/peoplesphere.be\/nl\/werkende-belgen-denken-dat-35-van-hun-taken-nu-al-door-ai-kan-worden-gedaan-1-op-5-vreest-jobverlies-binnen-vijf-jaar\/","name":"Werkende Belgen denken dat 35% van hun taken nu al door AI kan worden gedaan \u2013 1 op 5 vreest jobverlies binnen vijf jaar. - Peoplesphere","isPartOf":{"@id":"https:\/\/peoplesphere.be\/nl\/#website"},"datePublished":"2025-11-26T05:43:48+00:00","dateModified":"2025-11-26T05:43:48+00:00","author":{"@id":"https:\/\/peoplesphere.be\/nl\/#\/schema\/person\/0a1c21d8893dd9b9a2cd6e068b4e8cf5"},"breadcrumb":{"@id":"https:\/\/peoplesphere.be\/nl\/werkende-belgen-denken-dat-35-van-hun-taken-nu-al-door-ai-kan-worden-gedaan-1-op-5-vreest-jobverlies-binnen-vijf-jaar\/#breadcrumb"},"inLanguage":"nl-NL","potentialAction":[{"@type":"ReadAction","target":["https:\/\/peoplesphere.be\/nl\/werkende-belgen-denken-dat-35-van-hun-taken-nu-al-door-ai-kan-worden-gedaan-1-op-5-vreest-jobverlies-binnen-vijf-jaar\/"]}]},{"@type":"BreadcrumbList","@id":"https:\/\/peoplesphere.be\/nl\/werkende-belgen-denken-dat-35-van-hun-taken-nu-al-door-ai-kan-worden-gedaan-1-op-5-vreest-jobverlies-binnen-vijf-jaar\/#breadcrumb","itemListElement":[{"@type":"ListItem","position":1,"name":"Accueil","item":"https:\/\/peoplesphere.be\/nl\/"},{"@type":"ListItem","position":2,"name":"Werkende Belgen denken dat 35% van hun taken nu al door AI kan worden gedaan \u2013 1 op 5 vreest jobverlies binnen vijf jaar."}]},{"@type":"WebSite","@id":"https:\/\/peoplesphere.be\/nl\/#website","url":"https:\/\/peoplesphere.be\/nl\/","name":"Peoplesphere","description":"The People Managers Magazine","potentialAction":[{"@type":"SearchAction","target":{"@type":"EntryPoint","urlTemplate":"https:\/\/peoplesphere.be\/nl\/?s={search_term_string}"},"query-input":"required name=search_term_string"}],"inLanguage":"nl-NL"},{"@type":"Person","@id":"https:\/\/peoplesphere.be\/nl\/#\/schema\/person\/0a1c21d8893dd9b9a2cd6e068b4e8cf5","name":"Jean-Paul Erhard","image":{"@type":"ImageObject","inLanguage":"nl-NL","@id":"https:\/\/peoplesphere.be\/nl\/#\/schema\/person\/image\/","url":"https:\/\/secure.gravatar.com\/avatar\/f941e681460179738071629a51574930?s=96&d=mm&r=g","contentUrl":"https:\/\/secure.gravatar.com\/avatar\/f941e681460179738071629a51574930?s=96&d=mm&r=g","caption":"Jean-Paul Erhard"},"url":"https:\/\/peoplesphere.be\/nl\/author\/jpe\/"}]}},"_links":{"self":[{"href":"https:\/\/peoplesphere.be\/nl\/wp-json\/wp\/v2\/posts\/13859"}],"collection":[{"href":"https:\/\/peoplesphere.be\/nl\/wp-json\/wp\/v2\/posts"}],"about":[{"href":"https:\/\/peoplesphere.be\/nl\/wp-json\/wp\/v2\/types\/post"}],"author":[{"embeddable":true,"href":"https:\/\/peoplesphere.be\/nl\/wp-json\/wp\/v2\/users\/3"}],"replies":[{"embeddable":true,"href":"https:\/\/peoplesphere.be\/nl\/wp-json\/wp\/v2\/comments?post=13859"}],"version-history":[{"count":1,"href":"https:\/\/peoplesphere.be\/nl\/wp-json\/wp\/v2\/posts\/13859\/revisions"}],"predecessor-version":[{"id":13861,"href":"https:\/\/peoplesphere.be\/nl\/wp-json\/wp\/v2\/posts\/13859\/revisions\/13861"}],"wp:featuredmedia":[{"embeddable":true,"href":"https:\/\/peoplesphere.be\/nl\/wp-json\/wp\/v2\/media\/13860"}],"wp:attachment":[{"href":"https:\/\/peoplesphere.be\/nl\/wp-json\/wp\/v2\/media?parent=13859"}],"wp:term":[{"taxonomy":"category","embeddable":true,"href":"https:\/\/peoplesphere.be\/nl\/wp-json\/wp\/v2\/categories?post=13859"},{"taxonomy":"post_tag","embeddable":true,"href":"https:\/\/peoplesphere.be\/nl\/wp-json\/wp\/v2\/tags?post=13859"}],"curies":[{"name":"wp","href":"https:\/\/api.w.org\/{rel}","templated":true}]}}