











{"id":14037,"date":"2026-01-20T06:51:56","date_gmt":"2026-01-20T05:51:56","guid":{"rendered":"https:\/\/peoplesphere.be\/nl\/?p=14037"},"modified":"2026-01-20T06:51:56","modified_gmt":"2026-01-20T05:51:56","slug":"een-volwassenen-sector-kiest-voor-een-eigen-stem-de-dienstenchequesector-richt-nieuwe-zelfstandige-federatie-op","status":"publish","type":"post","link":"https:\/\/peoplesphere.be\/nl\/een-volwassenen-sector-kiest-voor-een-eigen-stem-de-dienstenchequesector-richt-nieuwe-zelfstandige-federatie-op\/","title":{"rendered":"Een volwassenen sector kiest voor een eigen stem: de dienstenchequesector richt nieuwe, zelfstandige federatie op."},"content":{"rendered":"<p>30 miljoen gepresteerde uren per jaar \u2013 ca. 150.000 werknemers \u2013 1.200 ondernemingen \u2013 ruim 1 miljoen gezinnen \u2013 3,7 miljard euro omzet&#8230; De dienstenchequesector is uitgegroeid tot \u00e9\u00e9n van de grootste en meest maatschappelijk relevante sectoren van Belgi\u00eb. Dagelijks maken ongeveer \u00e9\u00e9n miljoen gezinnen gebruik van huishoudelijke ondersteuning. Dat zijn niet alleen tweeverdieners die werk en gezin combineren, maar ook steeds meer ouderen die dankzij hulp bij poetsen en strijk langer zelfstandig thuis kunnen blijven wonen.<!--more--><\/p>\n<p>Zo draagt de sector concreet bij aan levenskwaliteit, werkbaarheid \u00e9n aan de ontlasting van de zorg en de sociale zekerheid. Tegelijk is de sector een cruciale pijler van tewerkstelling: circa 150.000 werknemers zijn actief in heel het land.<\/p>\n<p>Tot vandaag werd de sector vertegenwoordigd binnen de bredere werkgeversorganisatie Federgon, het Netwerk Voor Werk. Vandaag is de sector echter z\u00f3 groot, z\u00f3 specifiek en z\u00f3 maatschappelijk cruciaal geworden, dat een eigen federatie aangewezen is om met volle focus haar verdere ontwikkeling vorm te geven.De sector vertegenwoordigt vandaag om en bij de 130 miljoen gepresteerde uren per jaar, telt 1.200 erkende ondernemingen en realiseert een jaarlijkse omzet van 3,7 miljard euro.<\/p>\n<h3><strong><em>Bewuste derde weg, gedragen beslissing<\/em><\/strong><\/h3>\n<p>Wat ruim twintig jaar geleden startte als een vernieuwend sociaaleconomisch initiatief, is uitgegroeid tot een volwassen, sterk geprofessionaliseerde sector met een duidelijke maatschappelijke verantwoordelijkheid. De keuze voor verzelfstandiging is geen breuk en geen terugtrekking, maar een bewuste derde weg: de organisatorische verankering van een sector die haar maturiteit bereikt heeft.<\/p>\n<p>Daarom hebben alle bestuursorganen binnen Federgon gezamenlijk beslist om over te gaan tot de oprichting van een nieuwe, zelfstandige federatie die zich volmondig kan richten op de dienstenchequesector. De volgende maanden wordt dit uitgevoerd in nauwe afstemming, met het oog op een vlotte, constructieve en ordentelijke overgang.<\/p>\n<p>De nieuwe federatie richt zich expliciet tot alle dienstenchequeondernemingen \u2013 groot en klein, in alle regio\u2019s \u2013 inclusief bedrijven die vandaag nog niet aangesloten zijn bij een werkgeversorganisatie. (Ter vergelijking: vandaag zijn circa 146 dienstenchequeondernemingen aangesloten bij Federgon.)<\/p>\n<p>In dat kader wordt Steve Vandenberghe aangesteld als CEO van de nieuwe zelfstandige federatie van de dienstenchequesector. Na meer dan dertig jaar publieke verantwoordelijkheid als Vlaams parlementslid en burgemeester maakt hij de overstap naar het leiderschap van \u00e9\u00e9n van de grootste maatschappelijke sectoren van Belgi\u00eb. Hij kent de sector bovendien ook van binnenuit door zijn eerdere betrokkenheid bij een dienstenchequeonderneming in de regio Bredene\u2013Oudenburg\u2013De Haan.<\/p>\n<p><em>\u201cAls CEO wil ik bruggen bouwen: binnen de sector, met bestaande en nieuwe leden, met de sociale partners en met de overheid. Verbinding en respect staan centraal, zonder dat dit uitsluit dat er duidelijke keuzes worden gemaakt wanneer dat nodig is. Altijd met \u00e9\u00e9n focus: het belang van de sector, de bedrijven, de mensen die er werken en de gezinnen die erop rekenen. De federatie wil uitdrukkelijk een open huis zijn voor alle dienstenchequeondernemingen en nieuwe (potenti\u00eble) leden actief betrekken,\u201d<\/em> zegt Steve Vandenberghe.<\/p>\n<p>Ook richting overheid kiest de federatie expliciet voor dialoog en samenwerking. De sector is actief binnen drie beleidscontexten en wil met alle bevoegde ministers en administraties in dialoog gaan, vanuit \u00e9\u00e9n gezamenlijke ambitie: stabiliteit, werkbaarheid en kwaliteit voor werknemers en gebruikers.<\/p>\n<h3><strong><em>Zorgvuldig en gefaseerd traject<\/em><\/strong><\/h3>\n<p>De komende periode verloopt gefaseerd. Prioriteiten zijn: het uitbouwen van een heldere governance, het inhoudelijk scherpstellen van prioriteiten en het ontwikkelen van een breed gedragen visie binnen de sector. Parallel wordt de dialoog verdergezet met overheden, sociale partners en andere stakeholders.<\/p>\n<p><em>\u201cDe oprichting en uitbouw van de federatie worden stapsgewijs gerealiseerd, met respect voor continu\u00efteit, overleg en kwaliteit. Het proces wordt bewust niet vastgepind op \u00e9\u00e9n concrete einddatum, maar gestuurd door inhoudelijke maturiteit, draagvlak en duurzaamheid,\u201d<\/em> besluit Steve Vandenberghe.<\/p>\n<p>&nbsp;<\/p>\n<p><em>Bron: Federgon<\/em><\/p>\n","protected":false},"excerpt":{"rendered":"<p>30 miljoen gepresteerde uren per jaar \u2013 ca. 150.000 werknemers \u2013 1.200 ondernemingen \u2013 ruim 1 miljoen gezinnen \u2013 3,7 miljard euro omzet&#8230; De dienstenchequesector is uitgegroeid tot \u00e9\u00e9n van de grootste en meest maatschappelijk relevante sectoren van Belgi\u00eb. Dagelijks [&hellip;]<\/p>\n","protected":false},"author":3,"featured_media":0,"comment_status":"open","ping_status":"open","sticky":false,"template":"","format":"standard","meta":[],"categories":[3,4],"tags":[2097,498],"yoast_head":"<!-- This site is optimized with the Yoast SEO plugin v20.12 - https:\/\/yoast.com\/wordpress\/plugins\/seo\/ -->\n<title>Een volwassenen sector kiest voor een eigen stem: de dienstenchequesector richt nieuwe, zelfstandige federatie op. - Peoplesphere<\/title>\n<meta name=\"robots\" content=\"index, follow, max-snippet:-1, max-image-preview:large, max-video-preview:-1\" \/>\n<link rel=\"canonical\" href=\"https:\/\/peoplesphere.be\/nl\/een-volwassenen-sector-kiest-voor-een-eigen-stem-de-dienstenchequesector-richt-nieuwe-zelfstandige-federatie-op\/\" \/>\n<meta property=\"og:locale\" content=\"nl_NL\" \/>\n<meta property=\"og:type\" content=\"article\" \/>\n<meta property=\"og:title\" content=\"Een volwassenen sector kiest voor een eigen stem: de dienstenchequesector richt nieuwe, zelfstandige federatie op. - Peoplesphere\" \/>\n<meta property=\"og:description\" content=\"30 miljoen gepresteerde uren per jaar \u2013 ca. 150.000 werknemers \u2013 1.200 ondernemingen \u2013 ruim 1 miljoen gezinnen \u2013 3,7 miljard euro omzet&#8230; De dienstenchequesector is uitgegroeid tot \u00e9\u00e9n van de grootste en meest maatschappelijk relevante sectoren van Belgi\u00eb. Dagelijks [&hellip;]\" \/>\n<meta property=\"og:url\" content=\"https:\/\/peoplesphere.be\/nl\/een-volwassenen-sector-kiest-voor-een-eigen-stem-de-dienstenchequesector-richt-nieuwe-zelfstandige-federatie-op\/\" \/>\n<meta property=\"og:site_name\" content=\"Peoplesphere\" \/>\n<meta property=\"article:publisher\" content=\"https:\/\/www.facebook.com\/peoplesphere\" \/>\n<meta property=\"article:published_time\" content=\"2026-01-20T05:51:56+00:00\" \/>\n<meta property=\"og:image\" content=\"http:\/\/www.peoplesphere.be\/nl\/wp-content\/uploads\/2016\/07\/facebook-default-posting-1200x628px.jpg\" \/>\n<meta name=\"author\" content=\"Jean-Paul Erhard\" \/>\n<meta name=\"twitter:card\" content=\"summary_large_image\" \/>\n<meta name=\"twitter:creator\" content=\"@PeoplesphereMag\" \/>\n<meta name=\"twitter:site\" content=\"@PeoplesphereMag\" \/>\n<meta name=\"twitter:label1\" content=\"Geschreven door\" \/>\n\t<meta name=\"twitter:data1\" content=\"Jean-Paul Erhard\" \/>\n\t<meta name=\"twitter:label2\" content=\"Geschatte leestijd\" \/>\n\t<meta name=\"twitter:data2\" content=\"3 minuten\" \/>\n<script type=\"application\/ld+json\" class=\"yoast-schema-graph\">{\"@context\":\"https:\/\/schema.org\",\"@graph\":[{\"@type\":\"WebPage\",\"@id\":\"https:\/\/peoplesphere.be\/nl\/een-volwassenen-sector-kiest-voor-een-eigen-stem-de-dienstenchequesector-richt-nieuwe-zelfstandige-federatie-op\/\",\"url\":\"https:\/\/peoplesphere.be\/nl\/een-volwassenen-sector-kiest-voor-een-eigen-stem-de-dienstenchequesector-richt-nieuwe-zelfstandige-federatie-op\/\",\"name\":\"Een volwassenen sector kiest voor een eigen stem: de dienstenchequesector richt nieuwe, zelfstandige federatie op. - Peoplesphere\",\"isPartOf\":{\"@id\":\"https:\/\/peoplesphere.be\/nl\/#website\"},\"datePublished\":\"2026-01-20T05:51:56+00:00\",\"dateModified\":\"2026-01-20T05:51:56+00:00\",\"author\":{\"@id\":\"https:\/\/peoplesphere.be\/nl\/#\/schema\/person\/0a1c21d8893dd9b9a2cd6e068b4e8cf5\"},\"breadcrumb\":{\"@id\":\"https:\/\/peoplesphere.be\/nl\/een-volwassenen-sector-kiest-voor-een-eigen-stem-de-dienstenchequesector-richt-nieuwe-zelfstandige-federatie-op\/#breadcrumb\"},\"inLanguage\":\"nl-NL\",\"potentialAction\":[{\"@type\":\"ReadAction\",\"target\":[\"https:\/\/peoplesphere.be\/nl\/een-volwassenen-sector-kiest-voor-een-eigen-stem-de-dienstenchequesector-richt-nieuwe-zelfstandige-federatie-op\/\"]}]},{\"@type\":\"BreadcrumbList\",\"@id\":\"https:\/\/peoplesphere.be\/nl\/een-volwassenen-sector-kiest-voor-een-eigen-stem-de-dienstenchequesector-richt-nieuwe-zelfstandige-federatie-op\/#breadcrumb\",\"itemListElement\":[{\"@type\":\"ListItem\",\"position\":1,\"name\":\"Accueil\",\"item\":\"https:\/\/peoplesphere.be\/nl\/\"},{\"@type\":\"ListItem\",\"position\":2,\"name\":\"Een volwassenen sector kiest voor een eigen stem: de dienstenchequesector richt nieuwe, zelfstandige federatie op.\"}]},{\"@type\":\"WebSite\",\"@id\":\"https:\/\/peoplesphere.be\/nl\/#website\",\"url\":\"https:\/\/peoplesphere.be\/nl\/\",\"name\":\"Peoplesphere\",\"description\":\"The People Managers Magazine\",\"potentialAction\":[{\"@type\":\"SearchAction\",\"target\":{\"@type\":\"EntryPoint\",\"urlTemplate\":\"https:\/\/peoplesphere.be\/nl\/?s={search_term_string}\"},\"query-input\":\"required name=search_term_string\"}],\"inLanguage\":\"nl-NL\"},{\"@type\":\"Person\",\"@id\":\"https:\/\/peoplesphere.be\/nl\/#\/schema\/person\/0a1c21d8893dd9b9a2cd6e068b4e8cf5\",\"name\":\"Jean-Paul Erhard\",\"image\":{\"@type\":\"ImageObject\",\"inLanguage\":\"nl-NL\",\"@id\":\"https:\/\/peoplesphere.be\/nl\/#\/schema\/person\/image\/\",\"url\":\"https:\/\/secure.gravatar.com\/avatar\/f941e681460179738071629a51574930?s=96&d=mm&r=g\",\"contentUrl\":\"https:\/\/secure.gravatar.com\/avatar\/f941e681460179738071629a51574930?s=96&d=mm&r=g\",\"caption\":\"Jean-Paul Erhard\"},\"url\":\"https:\/\/peoplesphere.be\/nl\/author\/jpe\/\"}]}<\/script>\n<!-- \/ Yoast SEO plugin. -->","yoast_head_json":{"title":"Een volwassenen sector kiest voor een eigen stem: de dienstenchequesector richt nieuwe, zelfstandige federatie op. - Peoplesphere","robots":{"index":"index","follow":"follow","max-snippet":"max-snippet:-1","max-image-preview":"max-image-preview:large","max-video-preview":"max-video-preview:-1"},"canonical":"https:\/\/peoplesphere.be\/nl\/een-volwassenen-sector-kiest-voor-een-eigen-stem-de-dienstenchequesector-richt-nieuwe-zelfstandige-federatie-op\/","og_locale":"nl_NL","og_type":"article","og_title":"Een volwassenen sector kiest voor een eigen stem: de dienstenchequesector richt nieuwe, zelfstandige federatie op. - Peoplesphere","og_description":"30 miljoen gepresteerde uren per jaar \u2013 ca. 150.000 werknemers \u2013 1.200 ondernemingen \u2013 ruim 1 miljoen gezinnen \u2013 3,7 miljard euro omzet&#8230; De dienstenchequesector is uitgegroeid tot \u00e9\u00e9n van de grootste en meest maatschappelijk relevante sectoren van Belgi\u00eb. Dagelijks [&hellip;]","og_url":"https:\/\/peoplesphere.be\/nl\/een-volwassenen-sector-kiest-voor-een-eigen-stem-de-dienstenchequesector-richt-nieuwe-zelfstandige-federatie-op\/","og_site_name":"Peoplesphere","article_publisher":"https:\/\/www.facebook.com\/peoplesphere","article_published_time":"2026-01-20T05:51:56+00:00","og_image":[{"url":"http:\/\/www.peoplesphere.be\/nl\/wp-content\/uploads\/2016\/07\/facebook-default-posting-1200x628px.jpg"}],"author":"Jean-Paul Erhard","twitter_card":"summary_large_image","twitter_creator":"@PeoplesphereMag","twitter_site":"@PeoplesphereMag","twitter_misc":{"Geschreven door":"Jean-Paul Erhard","Geschatte leestijd":"3 minuten"},"schema":{"@context":"https:\/\/schema.org","@graph":[{"@type":"WebPage","@id":"https:\/\/peoplesphere.be\/nl\/een-volwassenen-sector-kiest-voor-een-eigen-stem-de-dienstenchequesector-richt-nieuwe-zelfstandige-federatie-op\/","url":"https:\/\/peoplesphere.be\/nl\/een-volwassenen-sector-kiest-voor-een-eigen-stem-de-dienstenchequesector-richt-nieuwe-zelfstandige-federatie-op\/","name":"Een volwassenen sector kiest voor een eigen stem: de dienstenchequesector richt nieuwe, zelfstandige federatie op. - Peoplesphere","isPartOf":{"@id":"https:\/\/peoplesphere.be\/nl\/#website"},"datePublished":"2026-01-20T05:51:56+00:00","dateModified":"2026-01-20T05:51:56+00:00","author":{"@id":"https:\/\/peoplesphere.be\/nl\/#\/schema\/person\/0a1c21d8893dd9b9a2cd6e068b4e8cf5"},"breadcrumb":{"@id":"https:\/\/peoplesphere.be\/nl\/een-volwassenen-sector-kiest-voor-een-eigen-stem-de-dienstenchequesector-richt-nieuwe-zelfstandige-federatie-op\/#breadcrumb"},"inLanguage":"nl-NL","potentialAction":[{"@type":"ReadAction","target":["https:\/\/peoplesphere.be\/nl\/een-volwassenen-sector-kiest-voor-een-eigen-stem-de-dienstenchequesector-richt-nieuwe-zelfstandige-federatie-op\/"]}]},{"@type":"BreadcrumbList","@id":"https:\/\/peoplesphere.be\/nl\/een-volwassenen-sector-kiest-voor-een-eigen-stem-de-dienstenchequesector-richt-nieuwe-zelfstandige-federatie-op\/#breadcrumb","itemListElement":[{"@type":"ListItem","position":1,"name":"Accueil","item":"https:\/\/peoplesphere.be\/nl\/"},{"@type":"ListItem","position":2,"name":"Een volwassenen sector kiest voor een eigen stem: de dienstenchequesector richt nieuwe, zelfstandige federatie op."}]},{"@type":"WebSite","@id":"https:\/\/peoplesphere.be\/nl\/#website","url":"https:\/\/peoplesphere.be\/nl\/","name":"Peoplesphere","description":"The People Managers Magazine","potentialAction":[{"@type":"SearchAction","target":{"@type":"EntryPoint","urlTemplate":"https:\/\/peoplesphere.be\/nl\/?s={search_term_string}"},"query-input":"required name=search_term_string"}],"inLanguage":"nl-NL"},{"@type":"Person","@id":"https:\/\/peoplesphere.be\/nl\/#\/schema\/person\/0a1c21d8893dd9b9a2cd6e068b4e8cf5","name":"Jean-Paul Erhard","image":{"@type":"ImageObject","inLanguage":"nl-NL","@id":"https:\/\/peoplesphere.be\/nl\/#\/schema\/person\/image\/","url":"https:\/\/secure.gravatar.com\/avatar\/f941e681460179738071629a51574930?s=96&d=mm&r=g","contentUrl":"https:\/\/secure.gravatar.com\/avatar\/f941e681460179738071629a51574930?s=96&d=mm&r=g","caption":"Jean-Paul Erhard"},"url":"https:\/\/peoplesphere.be\/nl\/author\/jpe\/"}]}},"_links":{"self":[{"href":"https:\/\/peoplesphere.be\/nl\/wp-json\/wp\/v2\/posts\/14037"}],"collection":[{"href":"https:\/\/peoplesphere.be\/nl\/wp-json\/wp\/v2\/posts"}],"about":[{"href":"https:\/\/peoplesphere.be\/nl\/wp-json\/wp\/v2\/types\/post"}],"author":[{"embeddable":true,"href":"https:\/\/peoplesphere.be\/nl\/wp-json\/wp\/v2\/users\/3"}],"replies":[{"embeddable":true,"href":"https:\/\/peoplesphere.be\/nl\/wp-json\/wp\/v2\/comments?post=14037"}],"version-history":[{"count":1,"href":"https:\/\/peoplesphere.be\/nl\/wp-json\/wp\/v2\/posts\/14037\/revisions"}],"predecessor-version":[{"id":14038,"href":"https:\/\/peoplesphere.be\/nl\/wp-json\/wp\/v2\/posts\/14037\/revisions\/14038"}],"wp:attachment":[{"href":"https:\/\/peoplesphere.be\/nl\/wp-json\/wp\/v2\/media?parent=14037"}],"wp:term":[{"taxonomy":"category","embeddable":true,"href":"https:\/\/peoplesphere.be\/nl\/wp-json\/wp\/v2\/categories?post=14037"},{"taxonomy":"post_tag","embeddable":true,"href":"https:\/\/peoplesphere.be\/nl\/wp-json\/wp\/v2\/tags?post=14037"}],"curies":[{"name":"wp","href":"https:\/\/api.w.org\/{rel}","templated":true}]}}