











{"id":14116,"date":"2026-02-08T06:01:18","date_gmt":"2026-02-08T05:01:18","guid":{"rendered":"https:\/\/peoplesphere.be\/nl\/?p=14116"},"modified":"2026-02-09T06:05:19","modified_gmt":"2026-02-09T05:05:19","slug":"kmos-voelen-de-toenemende-druk-van-ziekteverzuim-en-reageren","status":"publish","type":"post","link":"https:\/\/peoplesphere.be\/nl\/kmos-voelen-de-toenemende-druk-van-ziekteverzuim-en-reageren\/","title":{"rendered":"Kmo\u2019s voelen de toenemende druk van ziekteverzuim en reageren."},"content":{"rendered":"<p>1 op 3 kmo\u2019s plant in 2026 bijkomende acties om ziekteverzuim terug te dringen of te voorkomen. \u00a0Tegelijk tonen recente loondata van de priv\u00e9sector dat kmo\u2019s gemiddeld het laagste ziekteverzuim kennen en dat afwezigheden langer dan een jaar dalen bij kmo\u2019s. Voor organisaties vanaf 50 werknemers komen er vanaf 2026 nieuwe kosten door het Terug\u2011naar\u2011Werkplan. Zeven op tien kmo\u2019s in die categorie zijn zich bewust van die bijkomende financi\u00eble impact.<!--more--><\/p>\n<h3><strong><em>Grotere kmo\u2019s zetten het meest in op actie<\/em><\/strong><\/h3>\n<p>Kmo\u2019s verschillen sterk in hun aanpak van ziekteverzuim, maar de trend is duidelijk: hoe groter de organisatie, hoe vaker er maatregelen worden genomen:<\/p>\n<ul>\n<li>20 tot 249 werknemers: 16% kiest voor een structurele aanpak, met aandacht voor preventie, ergonomie en mentale gezondheid; bijna 4% werkt actief met de arbeidsarts rond aangepast werk. Bovendien plant 8% een intensieve aanpak in 2026.<\/li>\n<li>5 tot 19 werknemers: 25% neemt beperkte preventieve acties. 7% kiest voor een structurele aanpak; 4% voor een intensieve. De meerderheid blijft afwachtend.<\/li>\n<li>Minder dan 5 werknemers: de kleinste kmo\u2019s nemen het minst maatregelen en behouden hun huidige aanpak, zonder bijkomende acties.<\/li>\n<\/ul>\n<h3><strong><em>Kmo\u2019s hebben het laagste ziekteverzuim<\/em><\/strong><\/h3>\n<p>De omvang van de organisatie is een duidelijke bepalende factor voor ziekteverzuim.<br \/>\nKortdurend verzuim (minder dan 1 maand): in kmo\u2019s met minder dan 20 werknemers was in 2025 45% van de medewerkers geen enkele dag afwezig; in organisaties vanaf 50 werknemers was 65% minstens \u00e9\u00e9n dag afwezig.<br \/>\nMiddellang verzuim (tussen 1 maand en 1 jaar): kleinste kmo\u2019s blijven onder de 9%. De grootste kmo\u2019s zitten op \u00e9\u00e9n op zeven (14%) tot zelfs \u00e9\u00e9n op zes (16%) van de medewerkers.<br \/>\nLangdurig verzuim (meer dan 1 jaar): 1,73% bij kmo\u2019s met minder dan 20 werknemers tegenover 3,51% bij kmo\u2019s met 100-250 werknemers. In 2025 steeg het aandeel langverzuimers bij organisaties met meer dan 250 werknemers, terwijl het daalde bij de kleinere organisaties.<\/p>\n<p>Een enkele verklaring is er niet, maar Anneleen Verstraeten van SD Worx vat samen: <em>\u201cVerschillende factoren spelen samen. In compacte teams is er vaak een directe, informele communicatiestijl en een grotere nabijheid tussen leidinggevenden en medewerkers. Dat cre\u00ebert snel zicht op problemen en laat toe om tijdig bij te sturen. Daarnaast ervaren medewerkers in kleinere organisaties vaak een sterk gevoel van betrokkenheid en verantwoordelijkheid, wat een beschermende factor kan zijn. Tegelijk zien we dat grotere bedrijven meer mogelijkheden hebben voor aangepast werk of re-integratie. Het verzuimbeleid wordt dus bepaald door een mix van menselijke, organisatorische en structurele elementen.\u201d<\/em><\/p>\n<h3><strong><em>Nieuwe kosten voor werkgevers vanaf 50 werknemers<\/em><\/strong><\/h3>\n<p>Het Terug\u2011naar\u2011Werkplan introduceert vanaf 2026 een solidariteitsbijdrage van 30% in de tweede en derde maand van de ziekte-uitkeringen voor werkgevers vanaf 50 werknemers. Zeven op tien kmo\u2019s in deze categorie zijn zich bewust van die bijkomende financi\u00eble impact; 16% twijfelt nog.<\/p>\n<p>Anneleen Verstraeten licht toe: <em>\u201cOrganisaties met meer dan 50 werknemers betalen vanaf 2026 een extra bijdrage voor elke medewerker die langer dan 30 dagen ziek is. Die kost komt boven op het gewaarborgd loon. In 2025 bedroeg de gemiddelde directe kost van kort verzuim 160.000 euro voor een organisatie met 100 werknemer en 40.000 euro voor 25 werknemers. Daarbovenop komen indirecte kosten zoals productiviteitsverlies, vervanging, werkdruk bij andere collega\u2019s en klantenimpact.\u201d<\/em><\/p>\n<p><em>\u201cDe combinatie van stijgende kosten en zichtbare verschillen per bedrijfsomvang maakt een gericht verzuimbeleid onmisbaar. Het is cruciaal dat organisaties hun cijfers kennen en tijdig gepaste acties nemen\u201d<\/em> concludeert Anneleen Verstraeten.<\/p>\n<p>&nbsp;<\/p>\n<p><em>Bron: SD Worx<\/em><\/p>\n","protected":false},"excerpt":{"rendered":"<p>1 op 3 kmo\u2019s plant in 2026 bijkomende acties om ziekteverzuim terug te dringen of te voorkomen. \u00a0Tegelijk tonen recente loondata van de priv\u00e9sector dat kmo\u2019s gemiddeld het laagste ziekteverzuim kennen en dat afwezigheden langer dan een jaar dalen bij [&hellip;]<\/p>\n","protected":false},"author":3,"featured_media":0,"comment_status":"open","ping_status":"open","sticky":false,"template":"","format":"standard","meta":[],"categories":[3,4],"tags":[2648,4493,703],"yoast_head":"<!-- This site is optimized with the Yoast SEO plugin v20.12 - https:\/\/yoast.com\/wordpress\/plugins\/seo\/ -->\n<title>Kmo\u2019s voelen de toenemende druk van ziekteverzuim en reageren. - Peoplesphere<\/title>\n<meta name=\"robots\" content=\"index, follow, max-snippet:-1, max-image-preview:large, max-video-preview:-1\" \/>\n<link rel=\"canonical\" href=\"https:\/\/peoplesphere.be\/nl\/kmos-voelen-de-toenemende-druk-van-ziekteverzuim-en-reageren\/\" \/>\n<meta property=\"og:locale\" content=\"nl_NL\" \/>\n<meta property=\"og:type\" content=\"article\" \/>\n<meta property=\"og:title\" content=\"Kmo\u2019s voelen de toenemende druk van ziekteverzuim en reageren. - Peoplesphere\" \/>\n<meta property=\"og:description\" content=\"1 op 3 kmo\u2019s plant in 2026 bijkomende acties om ziekteverzuim terug te dringen of te voorkomen. \u00a0Tegelijk tonen recente loondata van de priv\u00e9sector dat kmo\u2019s gemiddeld het laagste ziekteverzuim kennen en dat afwezigheden langer dan een jaar dalen bij [&hellip;]\" \/>\n<meta property=\"og:url\" content=\"https:\/\/peoplesphere.be\/nl\/kmos-voelen-de-toenemende-druk-van-ziekteverzuim-en-reageren\/\" \/>\n<meta property=\"og:site_name\" content=\"Peoplesphere\" \/>\n<meta property=\"article:publisher\" content=\"https:\/\/www.facebook.com\/peoplesphere\" \/>\n<meta property=\"article:published_time\" content=\"2026-02-08T05:01:18+00:00\" \/>\n<meta property=\"article:modified_time\" content=\"2026-02-09T05:05:19+00:00\" \/>\n<meta property=\"og:image\" content=\"http:\/\/www.peoplesphere.be\/nl\/wp-content\/uploads\/2016\/07\/facebook-default-posting-1200x628px.jpg\" \/>\n<meta name=\"author\" content=\"Jean-Paul Erhard\" \/>\n<meta name=\"twitter:card\" content=\"summary_large_image\" \/>\n<meta name=\"twitter:creator\" content=\"@PeoplesphereMag\" \/>\n<meta name=\"twitter:site\" content=\"@PeoplesphereMag\" \/>\n<meta name=\"twitter:label1\" content=\"Geschreven door\" \/>\n\t<meta name=\"twitter:data1\" content=\"Jean-Paul Erhard\" \/>\n\t<meta name=\"twitter:label2\" content=\"Geschatte leestijd\" \/>\n\t<meta name=\"twitter:data2\" content=\"3 minuten\" \/>\n<script type=\"application\/ld+json\" class=\"yoast-schema-graph\">{\"@context\":\"https:\/\/schema.org\",\"@graph\":[{\"@type\":\"WebPage\",\"@id\":\"https:\/\/peoplesphere.be\/nl\/kmos-voelen-de-toenemende-druk-van-ziekteverzuim-en-reageren\/\",\"url\":\"https:\/\/peoplesphere.be\/nl\/kmos-voelen-de-toenemende-druk-van-ziekteverzuim-en-reageren\/\",\"name\":\"Kmo\u2019s voelen de toenemende druk van ziekteverzuim en reageren. - Peoplesphere\",\"isPartOf\":{\"@id\":\"https:\/\/peoplesphere.be\/nl\/#website\"},\"datePublished\":\"2026-02-08T05:01:18+00:00\",\"dateModified\":\"2026-02-09T05:05:19+00:00\",\"author\":{\"@id\":\"https:\/\/peoplesphere.be\/nl\/#\/schema\/person\/0a1c21d8893dd9b9a2cd6e068b4e8cf5\"},\"breadcrumb\":{\"@id\":\"https:\/\/peoplesphere.be\/nl\/kmos-voelen-de-toenemende-druk-van-ziekteverzuim-en-reageren\/#breadcrumb\"},\"inLanguage\":\"nl-NL\",\"potentialAction\":[{\"@type\":\"ReadAction\",\"target\":[\"https:\/\/peoplesphere.be\/nl\/kmos-voelen-de-toenemende-druk-van-ziekteverzuim-en-reageren\/\"]}]},{\"@type\":\"BreadcrumbList\",\"@id\":\"https:\/\/peoplesphere.be\/nl\/kmos-voelen-de-toenemende-druk-van-ziekteverzuim-en-reageren\/#breadcrumb\",\"itemListElement\":[{\"@type\":\"ListItem\",\"position\":1,\"name\":\"Accueil\",\"item\":\"https:\/\/peoplesphere.be\/nl\/\"},{\"@type\":\"ListItem\",\"position\":2,\"name\":\"Kmo\u2019s voelen de toenemende druk van ziekteverzuim en reageren.\"}]},{\"@type\":\"WebSite\",\"@id\":\"https:\/\/peoplesphere.be\/nl\/#website\",\"url\":\"https:\/\/peoplesphere.be\/nl\/\",\"name\":\"Peoplesphere\",\"description\":\"The People Managers Magazine\",\"potentialAction\":[{\"@type\":\"SearchAction\",\"target\":{\"@type\":\"EntryPoint\",\"urlTemplate\":\"https:\/\/peoplesphere.be\/nl\/?s={search_term_string}\"},\"query-input\":\"required name=search_term_string\"}],\"inLanguage\":\"nl-NL\"},{\"@type\":\"Person\",\"@id\":\"https:\/\/peoplesphere.be\/nl\/#\/schema\/person\/0a1c21d8893dd9b9a2cd6e068b4e8cf5\",\"name\":\"Jean-Paul Erhard\",\"image\":{\"@type\":\"ImageObject\",\"inLanguage\":\"nl-NL\",\"@id\":\"https:\/\/peoplesphere.be\/nl\/#\/schema\/person\/image\/\",\"url\":\"https:\/\/secure.gravatar.com\/avatar\/f941e681460179738071629a51574930?s=96&d=mm&r=g\",\"contentUrl\":\"https:\/\/secure.gravatar.com\/avatar\/f941e681460179738071629a51574930?s=96&d=mm&r=g\",\"caption\":\"Jean-Paul Erhard\"},\"url\":\"https:\/\/peoplesphere.be\/nl\/author\/jpe\/\"}]}<\/script>\n<!-- \/ Yoast SEO plugin. -->","yoast_head_json":{"title":"Kmo\u2019s voelen de toenemende druk van ziekteverzuim en reageren. - Peoplesphere","robots":{"index":"index","follow":"follow","max-snippet":"max-snippet:-1","max-image-preview":"max-image-preview:large","max-video-preview":"max-video-preview:-1"},"canonical":"https:\/\/peoplesphere.be\/nl\/kmos-voelen-de-toenemende-druk-van-ziekteverzuim-en-reageren\/","og_locale":"nl_NL","og_type":"article","og_title":"Kmo\u2019s voelen de toenemende druk van ziekteverzuim en reageren. - Peoplesphere","og_description":"1 op 3 kmo\u2019s plant in 2026 bijkomende acties om ziekteverzuim terug te dringen of te voorkomen. \u00a0Tegelijk tonen recente loondata van de priv\u00e9sector dat kmo\u2019s gemiddeld het laagste ziekteverzuim kennen en dat afwezigheden langer dan een jaar dalen bij [&hellip;]","og_url":"https:\/\/peoplesphere.be\/nl\/kmos-voelen-de-toenemende-druk-van-ziekteverzuim-en-reageren\/","og_site_name":"Peoplesphere","article_publisher":"https:\/\/www.facebook.com\/peoplesphere","article_published_time":"2026-02-08T05:01:18+00:00","article_modified_time":"2026-02-09T05:05:19+00:00","og_image":[{"url":"http:\/\/www.peoplesphere.be\/nl\/wp-content\/uploads\/2016\/07\/facebook-default-posting-1200x628px.jpg"}],"author":"Jean-Paul Erhard","twitter_card":"summary_large_image","twitter_creator":"@PeoplesphereMag","twitter_site":"@PeoplesphereMag","twitter_misc":{"Geschreven door":"Jean-Paul Erhard","Geschatte leestijd":"3 minuten"},"schema":{"@context":"https:\/\/schema.org","@graph":[{"@type":"WebPage","@id":"https:\/\/peoplesphere.be\/nl\/kmos-voelen-de-toenemende-druk-van-ziekteverzuim-en-reageren\/","url":"https:\/\/peoplesphere.be\/nl\/kmos-voelen-de-toenemende-druk-van-ziekteverzuim-en-reageren\/","name":"Kmo\u2019s voelen de toenemende druk van ziekteverzuim en reageren. - Peoplesphere","isPartOf":{"@id":"https:\/\/peoplesphere.be\/nl\/#website"},"datePublished":"2026-02-08T05:01:18+00:00","dateModified":"2026-02-09T05:05:19+00:00","author":{"@id":"https:\/\/peoplesphere.be\/nl\/#\/schema\/person\/0a1c21d8893dd9b9a2cd6e068b4e8cf5"},"breadcrumb":{"@id":"https:\/\/peoplesphere.be\/nl\/kmos-voelen-de-toenemende-druk-van-ziekteverzuim-en-reageren\/#breadcrumb"},"inLanguage":"nl-NL","potentialAction":[{"@type":"ReadAction","target":["https:\/\/peoplesphere.be\/nl\/kmos-voelen-de-toenemende-druk-van-ziekteverzuim-en-reageren\/"]}]},{"@type":"BreadcrumbList","@id":"https:\/\/peoplesphere.be\/nl\/kmos-voelen-de-toenemende-druk-van-ziekteverzuim-en-reageren\/#breadcrumb","itemListElement":[{"@type":"ListItem","position":1,"name":"Accueil","item":"https:\/\/peoplesphere.be\/nl\/"},{"@type":"ListItem","position":2,"name":"Kmo\u2019s voelen de toenemende druk van ziekteverzuim en reageren."}]},{"@type":"WebSite","@id":"https:\/\/peoplesphere.be\/nl\/#website","url":"https:\/\/peoplesphere.be\/nl\/","name":"Peoplesphere","description":"The People Managers Magazine","potentialAction":[{"@type":"SearchAction","target":{"@type":"EntryPoint","urlTemplate":"https:\/\/peoplesphere.be\/nl\/?s={search_term_string}"},"query-input":"required name=search_term_string"}],"inLanguage":"nl-NL"},{"@type":"Person","@id":"https:\/\/peoplesphere.be\/nl\/#\/schema\/person\/0a1c21d8893dd9b9a2cd6e068b4e8cf5","name":"Jean-Paul Erhard","image":{"@type":"ImageObject","inLanguage":"nl-NL","@id":"https:\/\/peoplesphere.be\/nl\/#\/schema\/person\/image\/","url":"https:\/\/secure.gravatar.com\/avatar\/f941e681460179738071629a51574930?s=96&d=mm&r=g","contentUrl":"https:\/\/secure.gravatar.com\/avatar\/f941e681460179738071629a51574930?s=96&d=mm&r=g","caption":"Jean-Paul Erhard"},"url":"https:\/\/peoplesphere.be\/nl\/author\/jpe\/"}]}},"_links":{"self":[{"href":"https:\/\/peoplesphere.be\/nl\/wp-json\/wp\/v2\/posts\/14116"}],"collection":[{"href":"https:\/\/peoplesphere.be\/nl\/wp-json\/wp\/v2\/posts"}],"about":[{"href":"https:\/\/peoplesphere.be\/nl\/wp-json\/wp\/v2\/types\/post"}],"author":[{"embeddable":true,"href":"https:\/\/peoplesphere.be\/nl\/wp-json\/wp\/v2\/users\/3"}],"replies":[{"embeddable":true,"href":"https:\/\/peoplesphere.be\/nl\/wp-json\/wp\/v2\/comments?post=14116"}],"version-history":[{"count":1,"href":"https:\/\/peoplesphere.be\/nl\/wp-json\/wp\/v2\/posts\/14116\/revisions"}],"predecessor-version":[{"id":14117,"href":"https:\/\/peoplesphere.be\/nl\/wp-json\/wp\/v2\/posts\/14116\/revisions\/14117"}],"wp:attachment":[{"href":"https:\/\/peoplesphere.be\/nl\/wp-json\/wp\/v2\/media?parent=14116"}],"wp:term":[{"taxonomy":"category","embeddable":true,"href":"https:\/\/peoplesphere.be\/nl\/wp-json\/wp\/v2\/categories?post=14116"},{"taxonomy":"post_tag","embeddable":true,"href":"https:\/\/peoplesphere.be\/nl\/wp-json\/wp\/v2\/tags?post=14116"}],"curies":[{"name":"wp","href":"https:\/\/api.w.org\/{rel}","templated":true}]}}