











{"id":14243,"date":"2026-03-12T12:01:31","date_gmt":"2026-03-12T11:01:31","guid":{"rendered":"https:\/\/peoplesphere.be\/nl\/?p=14243"},"modified":"2026-03-12T12:01:31","modified_gmt":"2026-03-12T11:01:31","slug":"telewerk-in-belgie-nam-toe-tijdens-corona-en-stabiliseert-sindsdien","status":"publish","type":"post","link":"https:\/\/peoplesphere.be\/nl\/telewerk-in-belgie-nam-toe-tijdens-corona-en-stabiliseert-sindsdien\/","title":{"rendered":"Telewerk in Belgi\u00eb nam toe tijdens corona en stabiliseert sindsdien."},"content":{"rendered":"<p>De coronacrisis heeft de manier waarop we werken in Belgi\u00eb ingrijpend veranderd: zowel het aandeel telewerkers als hoe vaak iemand telewerkt nam in die periode sterk toe en heeft zich sindsdien gestabiliseerd. Ondanks die stabilisering blijft er nog potentieel voor een verdere toename. Daarnaast is het profiel van de telewerker in Belgi\u00eb weinig veranderd. Dat blijkt uit een nieuwe publicatie van het Federaal Planbureau (FPB) in samenwerking met de FOD Mobiliteit en Vervoer.<!--more--><\/p>\n<p>Het FPB heeft in 2020 een eerste studie uitgevoerd naar de impact van telewerk op het woon-werkverkeer, op basis van gegevens voor het jaar 2016. De huidige studie omvat gegevens tot 2025, wat een analyse van de evolutie mogelijk maakt.<br \/>\nEr zijn meer telewerkers en telewerk gebeurt ook frequenter, maar de trends lijken zich te stabiliseren<\/p>\n<p>Het aandeel telewerkers en de frequentie van telewerk zijn tussen 2016 en 2025 sterk gestegen: in 2016 werkte ongeveer 15% van de werknemers gemiddeld 1,4 dag per week van thuis uit, terwijl recente cijfers aangeven dat inmiddels ongeveer 25% van de werknemers gemiddeld twee dagen per week telewerkt. De afgelopen jaren hebben deze trends zich gestabiliseerd.<\/p>\n<h3><strong><em>Er is nog potentieel voor meer telewerkers<\/em><\/strong><\/h3>\n<p>Het FPB verwacht dat het aandeel telewerkers op termijn zou kunnen toenemen van ongeveer een kwart van de werknemers in de priv\u00e9- en overheidssector vandaag tot ongeveer een derde. Die potenti\u00eble toename situeert zich bij werknemers die werken in functies die geschikt zijn voor telewerk en die wel willen telewerken, maar daartoe niet de kans krijgen van hun huidige werkgever. Concurrentie op de arbeidsmarkt zou ervoor kunnen zorgen dat dat potentieel effectief gerealiseerd wordt op middellange termijn.<\/p>\n<h3><strong><em>Wie is de telewerker?<\/em><\/strong><\/h3>\n<p>Het typische profiel van de telewerker in Belgi\u00eb is in vergelijking met v\u00f3\u00f3r de coronacrisis nauwelijks gewijzigd: het gaat doorgaans om hoogopgeleide werknemers die actief zijn binnen een grote overheidsinstelling of een groot bedrijf, vaak in de energiesector, de financi\u00eble sector of andere zakelijke dienstverlening.<\/p>\n<h3><strong><em>Telewerk vindt vooral plaats binnen agglomeraties<\/em><\/strong><\/h3>\n<p>Telewerk vindt vaker plaats bij functies in de stad dan in de stadsrand of op het platteland. Logischerwijs wordt verwacht dat lange pendeltijden een invloed hebben op de mate waarin wordt getelewerkt. Dat klopt voor een deel: werknemers die meer dan 20 km van hun werkplek wonen, zijn duidelijk meer geneigd tot telewerken dan zij die dichter bij hun werkplaats wonen. Toch blijkt dat het aandeel telewerkers het grootst is in de grote agglomeraties. Aangezien functies die geschikt zijn voor telewerk sterk geconcentreerd zijn in de grote agglomeraties, leidt dit tot een sterke aanwezigheid van telewerkers in diezelfde agglomeraties.<\/p>\n<h3><strong><em>Telewerken verhoogt het aantal verplaatsingen voor overige motieven<\/em><\/strong><\/h3>\n<p>Telewerken vermindert weliswaar het aantal woon-werkverplaatsingen, maar leidt tegelijk tot meer verplaatsingen voor overige motieven, zoals aankopen van goederen en diensten of vrijetijdsactiviteiten. Die extra verplaatsingen vinden doorgaans lokaal plaats en buiten de spitsuren.<\/p>\n<h3><strong><em>Verder onderzoek naar de impact op mobiliteit<\/em><\/strong><\/h3>\n<p>Huidig onderzoek heeft vooral tot doel om de evolutie van het telewerk in kaart te brengen. De resultaten zullen als basis dienen voor verder onderzoek rond de impact van telewerk op de mobiliteit in Belgi\u00eb.<\/p>\n<p>&nbsp;<\/p>\n<p><em>Bron: Federaal Planbureau<\/em><\/p>\n","protected":false},"excerpt":{"rendered":"<p>De coronacrisis heeft de manier waarop we werken in Belgi\u00eb ingrijpend veranderd: zowel het aandeel telewerkers als hoe vaak iemand telewerkt nam in die periode sterk toe en heeft zich sindsdien gestabiliseerd. Ondanks die stabilisering blijft er nog potentieel voor [&hellip;]<\/p>\n","protected":false},"author":3,"featured_media":0,"comment_status":"open","ping_status":"open","sticky":false,"template":"","format":"standard","meta":[],"categories":[3,4],"tags":[2304,14,2987,496,15],"yoast_head":"<!-- This site is optimized with the Yoast SEO plugin v20.12 - https:\/\/yoast.com\/wordpress\/plugins\/seo\/ -->\n<title>Telewerk in Belgi\u00eb nam toe tijdens corona en stabiliseert sindsdien. - Peoplesphere<\/title>\n<meta name=\"robots\" content=\"index, follow, max-snippet:-1, max-image-preview:large, max-video-preview:-1\" \/>\n<link rel=\"canonical\" href=\"https:\/\/peoplesphere.be\/nl\/telewerk-in-belgie-nam-toe-tijdens-corona-en-stabiliseert-sindsdien\/\" \/>\n<meta property=\"og:locale\" content=\"nl_NL\" \/>\n<meta property=\"og:type\" content=\"article\" \/>\n<meta property=\"og:title\" content=\"Telewerk in Belgi\u00eb nam toe tijdens corona en stabiliseert sindsdien. - Peoplesphere\" \/>\n<meta property=\"og:description\" content=\"De coronacrisis heeft de manier waarop we werken in Belgi\u00eb ingrijpend veranderd: zowel het aandeel telewerkers als hoe vaak iemand telewerkt nam in die periode sterk toe en heeft zich sindsdien gestabiliseerd. Ondanks die stabilisering blijft er nog potentieel voor [&hellip;]\" \/>\n<meta property=\"og:url\" content=\"https:\/\/peoplesphere.be\/nl\/telewerk-in-belgie-nam-toe-tijdens-corona-en-stabiliseert-sindsdien\/\" \/>\n<meta property=\"og:site_name\" content=\"Peoplesphere\" \/>\n<meta property=\"article:publisher\" content=\"https:\/\/www.facebook.com\/peoplesphere\" \/>\n<meta property=\"article:published_time\" content=\"2026-03-12T11:01:31+00:00\" \/>\n<meta property=\"og:image\" content=\"http:\/\/www.peoplesphere.be\/nl\/wp-content\/uploads\/2016\/07\/facebook-default-posting-1200x628px.jpg\" \/>\n<meta name=\"author\" content=\"Jean-Paul Erhard\" \/>\n<meta name=\"twitter:card\" content=\"summary_large_image\" \/>\n<meta name=\"twitter:creator\" content=\"@PeoplesphereMag\" \/>\n<meta name=\"twitter:site\" content=\"@PeoplesphereMag\" \/>\n<meta name=\"twitter:label1\" content=\"Geschreven door\" \/>\n\t<meta name=\"twitter:data1\" content=\"Jean-Paul Erhard\" \/>\n\t<meta name=\"twitter:label2\" content=\"Geschatte leestijd\" \/>\n\t<meta name=\"twitter:data2\" content=\"3 minuten\" \/>\n<script type=\"application\/ld+json\" class=\"yoast-schema-graph\">{\"@context\":\"https:\/\/schema.org\",\"@graph\":[{\"@type\":\"WebPage\",\"@id\":\"https:\/\/peoplesphere.be\/nl\/telewerk-in-belgie-nam-toe-tijdens-corona-en-stabiliseert-sindsdien\/\",\"url\":\"https:\/\/peoplesphere.be\/nl\/telewerk-in-belgie-nam-toe-tijdens-corona-en-stabiliseert-sindsdien\/\",\"name\":\"Telewerk in Belgi\u00eb nam toe tijdens corona en stabiliseert sindsdien. - Peoplesphere\",\"isPartOf\":{\"@id\":\"https:\/\/peoplesphere.be\/nl\/#website\"},\"datePublished\":\"2026-03-12T11:01:31+00:00\",\"dateModified\":\"2026-03-12T11:01:31+00:00\",\"author\":{\"@id\":\"https:\/\/peoplesphere.be\/nl\/#\/schema\/person\/0a1c21d8893dd9b9a2cd6e068b4e8cf5\"},\"breadcrumb\":{\"@id\":\"https:\/\/peoplesphere.be\/nl\/telewerk-in-belgie-nam-toe-tijdens-corona-en-stabiliseert-sindsdien\/#breadcrumb\"},\"inLanguage\":\"nl-NL\",\"potentialAction\":[{\"@type\":\"ReadAction\",\"target\":[\"https:\/\/peoplesphere.be\/nl\/telewerk-in-belgie-nam-toe-tijdens-corona-en-stabiliseert-sindsdien\/\"]}]},{\"@type\":\"BreadcrumbList\",\"@id\":\"https:\/\/peoplesphere.be\/nl\/telewerk-in-belgie-nam-toe-tijdens-corona-en-stabiliseert-sindsdien\/#breadcrumb\",\"itemListElement\":[{\"@type\":\"ListItem\",\"position\":1,\"name\":\"Accueil\",\"item\":\"https:\/\/peoplesphere.be\/nl\/\"},{\"@type\":\"ListItem\",\"position\":2,\"name\":\"Telewerk in Belgi\u00eb nam toe tijdens corona en stabiliseert sindsdien.\"}]},{\"@type\":\"WebSite\",\"@id\":\"https:\/\/peoplesphere.be\/nl\/#website\",\"url\":\"https:\/\/peoplesphere.be\/nl\/\",\"name\":\"Peoplesphere\",\"description\":\"The People Managers Magazine\",\"potentialAction\":[{\"@type\":\"SearchAction\",\"target\":{\"@type\":\"EntryPoint\",\"urlTemplate\":\"https:\/\/peoplesphere.be\/nl\/?s={search_term_string}\"},\"query-input\":\"required name=search_term_string\"}],\"inLanguage\":\"nl-NL\"},{\"@type\":\"Person\",\"@id\":\"https:\/\/peoplesphere.be\/nl\/#\/schema\/person\/0a1c21d8893dd9b9a2cd6e068b4e8cf5\",\"name\":\"Jean-Paul Erhard\",\"image\":{\"@type\":\"ImageObject\",\"inLanguage\":\"nl-NL\",\"@id\":\"https:\/\/peoplesphere.be\/nl\/#\/schema\/person\/image\/\",\"url\":\"https:\/\/secure.gravatar.com\/avatar\/f941e681460179738071629a51574930?s=96&d=mm&r=g\",\"contentUrl\":\"https:\/\/secure.gravatar.com\/avatar\/f941e681460179738071629a51574930?s=96&d=mm&r=g\",\"caption\":\"Jean-Paul Erhard\"},\"url\":\"https:\/\/peoplesphere.be\/nl\/author\/jpe\/\"}]}<\/script>\n<!-- \/ Yoast SEO plugin. -->","yoast_head_json":{"title":"Telewerk in Belgi\u00eb nam toe tijdens corona en stabiliseert sindsdien. - Peoplesphere","robots":{"index":"index","follow":"follow","max-snippet":"max-snippet:-1","max-image-preview":"max-image-preview:large","max-video-preview":"max-video-preview:-1"},"canonical":"https:\/\/peoplesphere.be\/nl\/telewerk-in-belgie-nam-toe-tijdens-corona-en-stabiliseert-sindsdien\/","og_locale":"nl_NL","og_type":"article","og_title":"Telewerk in Belgi\u00eb nam toe tijdens corona en stabiliseert sindsdien. - Peoplesphere","og_description":"De coronacrisis heeft de manier waarop we werken in Belgi\u00eb ingrijpend veranderd: zowel het aandeel telewerkers als hoe vaak iemand telewerkt nam in die periode sterk toe en heeft zich sindsdien gestabiliseerd. Ondanks die stabilisering blijft er nog potentieel voor [&hellip;]","og_url":"https:\/\/peoplesphere.be\/nl\/telewerk-in-belgie-nam-toe-tijdens-corona-en-stabiliseert-sindsdien\/","og_site_name":"Peoplesphere","article_publisher":"https:\/\/www.facebook.com\/peoplesphere","article_published_time":"2026-03-12T11:01:31+00:00","og_image":[{"url":"http:\/\/www.peoplesphere.be\/nl\/wp-content\/uploads\/2016\/07\/facebook-default-posting-1200x628px.jpg"}],"author":"Jean-Paul Erhard","twitter_card":"summary_large_image","twitter_creator":"@PeoplesphereMag","twitter_site":"@PeoplesphereMag","twitter_misc":{"Geschreven door":"Jean-Paul Erhard","Geschatte leestijd":"3 minuten"},"schema":{"@context":"https:\/\/schema.org","@graph":[{"@type":"WebPage","@id":"https:\/\/peoplesphere.be\/nl\/telewerk-in-belgie-nam-toe-tijdens-corona-en-stabiliseert-sindsdien\/","url":"https:\/\/peoplesphere.be\/nl\/telewerk-in-belgie-nam-toe-tijdens-corona-en-stabiliseert-sindsdien\/","name":"Telewerk in Belgi\u00eb nam toe tijdens corona en stabiliseert sindsdien. - Peoplesphere","isPartOf":{"@id":"https:\/\/peoplesphere.be\/nl\/#website"},"datePublished":"2026-03-12T11:01:31+00:00","dateModified":"2026-03-12T11:01:31+00:00","author":{"@id":"https:\/\/peoplesphere.be\/nl\/#\/schema\/person\/0a1c21d8893dd9b9a2cd6e068b4e8cf5"},"breadcrumb":{"@id":"https:\/\/peoplesphere.be\/nl\/telewerk-in-belgie-nam-toe-tijdens-corona-en-stabiliseert-sindsdien\/#breadcrumb"},"inLanguage":"nl-NL","potentialAction":[{"@type":"ReadAction","target":["https:\/\/peoplesphere.be\/nl\/telewerk-in-belgie-nam-toe-tijdens-corona-en-stabiliseert-sindsdien\/"]}]},{"@type":"BreadcrumbList","@id":"https:\/\/peoplesphere.be\/nl\/telewerk-in-belgie-nam-toe-tijdens-corona-en-stabiliseert-sindsdien\/#breadcrumb","itemListElement":[{"@type":"ListItem","position":1,"name":"Accueil","item":"https:\/\/peoplesphere.be\/nl\/"},{"@type":"ListItem","position":2,"name":"Telewerk in Belgi\u00eb nam toe tijdens corona en stabiliseert sindsdien."}]},{"@type":"WebSite","@id":"https:\/\/peoplesphere.be\/nl\/#website","url":"https:\/\/peoplesphere.be\/nl\/","name":"Peoplesphere","description":"The People Managers Magazine","potentialAction":[{"@type":"SearchAction","target":{"@type":"EntryPoint","urlTemplate":"https:\/\/peoplesphere.be\/nl\/?s={search_term_string}"},"query-input":"required name=search_term_string"}],"inLanguage":"nl-NL"},{"@type":"Person","@id":"https:\/\/peoplesphere.be\/nl\/#\/schema\/person\/0a1c21d8893dd9b9a2cd6e068b4e8cf5","name":"Jean-Paul Erhard","image":{"@type":"ImageObject","inLanguage":"nl-NL","@id":"https:\/\/peoplesphere.be\/nl\/#\/schema\/person\/image\/","url":"https:\/\/secure.gravatar.com\/avatar\/f941e681460179738071629a51574930?s=96&d=mm&r=g","contentUrl":"https:\/\/secure.gravatar.com\/avatar\/f941e681460179738071629a51574930?s=96&d=mm&r=g","caption":"Jean-Paul Erhard"},"url":"https:\/\/peoplesphere.be\/nl\/author\/jpe\/"}]}},"_links":{"self":[{"href":"https:\/\/peoplesphere.be\/nl\/wp-json\/wp\/v2\/posts\/14243"}],"collection":[{"href":"https:\/\/peoplesphere.be\/nl\/wp-json\/wp\/v2\/posts"}],"about":[{"href":"https:\/\/peoplesphere.be\/nl\/wp-json\/wp\/v2\/types\/post"}],"author":[{"embeddable":true,"href":"https:\/\/peoplesphere.be\/nl\/wp-json\/wp\/v2\/users\/3"}],"replies":[{"embeddable":true,"href":"https:\/\/peoplesphere.be\/nl\/wp-json\/wp\/v2\/comments?post=14243"}],"version-history":[{"count":1,"href":"https:\/\/peoplesphere.be\/nl\/wp-json\/wp\/v2\/posts\/14243\/revisions"}],"predecessor-version":[{"id":14244,"href":"https:\/\/peoplesphere.be\/nl\/wp-json\/wp\/v2\/posts\/14243\/revisions\/14244"}],"wp:attachment":[{"href":"https:\/\/peoplesphere.be\/nl\/wp-json\/wp\/v2\/media?parent=14243"}],"wp:term":[{"taxonomy":"category","embeddable":true,"href":"https:\/\/peoplesphere.be\/nl\/wp-json\/wp\/v2\/categories?post=14243"},{"taxonomy":"post_tag","embeddable":true,"href":"https:\/\/peoplesphere.be\/nl\/wp-json\/wp\/v2\/tags?post=14243"}],"curies":[{"name":"wp","href":"https:\/\/api.w.org\/{rel}","templated":true}]}}