











{"id":1836,"date":"2016-01-28T08:37:38","date_gmt":"2016-01-28T07:37:38","guid":{"rendered":"http:\/\/www.peoplesphere.be\/nl\/?p=1836"},"modified":"2016-01-28T08:37:38","modified_gmt":"2016-01-28T07:37:38","slug":"job-personaliseren-uit-ambitie-stresseert-jonge-belgische-werknemers","status":"publish","type":"post","link":"https:\/\/peoplesphere.be\/nl\/job-personaliseren-uit-ambitie-stresseert-jonge-belgische-werknemers\/","title":{"rendered":"Job personaliseren uit ambitie stresseert jonge Belgische werknemers"},"content":{"rendered":"<h1>Jonge werknemers die hun job inhoudelijk aanpassen en personaliseren om aan hun carri\u00e8re te bouwen, kampen met meer stress (+22%) en gezondheidsklachten (+57%). Dit blijkt uit het onderzoek van de Securex Leerstoel (Universiteit Gent) bij 1.754 werknemers. Toch kan job crafting, ondanks de verhoogde werkintensiteit, positief zijn. Vooral als werknemers op zoek gaan naar een betere aansluiting met wat ze echt graag doen, in plaats van te streven naar carri\u00e8remogelijkheden.<!--more--><\/h1>\n<p>Bijna 1 op 2 Belgische werknemers (47%) personaliseert zijn job inhoudelijk. Dit kan positief zijn, want -zo stelde Securex al eind vorig jaar vast- het verhoogt de productiviteit, de tevredenheid, de betrokkenheid, het engagement, de innovatie \u00e9n de ondernemingszin. Maar, zo blijkt nu ook, je job personaliseren verhoogt de werkintensiteit met 43%.<\/p>\n<h2>Jonge, ambitieuze werknemers krijgen meer stress als ze hun job personaliseren<\/h2>\n<p>Bij jonge werknemers (jonger dan 40 jaar) leidt job crafting tot een toename van stress met 13% en gezondheidsklachten met 23%. Het verschil is groot met 40-plussers, die geen extra stress of gezondheidsklachten ervaren als ze hun job personaliseren. Jongeren doen dan ook meer dan ouderen aan job crafting omwille van hun carri\u00e8remogelijkheden (+17%). En het zijn net deze jobcrafters die meer stress ondervinden (+22%), meer gezondheidsklachten rapporteren (+57%) en een hogere werkintensiteit ervaren (+27%). In zekere zin cre\u00ebren deze jongeren dus zelf hun stress.<\/p>\n<h2>Job personaliseren omwille van werk-priv\u00e9 balans stresseert niet<\/h2>\n<p>In vergelijking met jongeren doen +40 jarigen 11% meer aan job crafting omwille van werk-priv\u00e9 balans. Ondanks het feit dat zij verklaren dat hun werkintensiteit stijgt met 33%, noteren zij geen extra stress, noch gezondheidsklachten. Ook bij jongeren die hun job craften voor een betere werk-priv\u00e9 balans, blijven werkintensiteit en stress onveranderd, maar doen zich wel m\u00e9\u00e9r gezondheidsklachten (+31%) voor.<\/p>\n<p>&nbsp;<\/p>\n","protected":false},"excerpt":{"rendered":"<p>Jonge werknemers die hun job inhoudelijk aanpassen en personaliseren om aan hun carri\u00e8re te bouwen, kampen met meer stress (+22%) en gezondheidsklachten (+57%). Dit blijkt uit het onderzoek van de Securex Leerstoel (Universiteit Gent) bij 1.754 werknemers. Toch kan job [&hellip;]<\/p>\n","protected":false},"author":3,"featured_media":0,"comment_status":"open","ping_status":"open","sticky":false,"template":"","format":"standard","meta":[],"categories":[4],"tags":[200,273],"yoast_head":"<!-- This site is optimized with the Yoast SEO plugin v20.12 - https:\/\/yoast.com\/wordpress\/plugins\/seo\/ -->\n<title>Job personaliseren uit ambitie stresseert jonge Belgische werknemers - Peoplesphere<\/title>\n<meta name=\"robots\" content=\"index, follow, max-snippet:-1, max-image-preview:large, max-video-preview:-1\" \/>\n<link rel=\"canonical\" href=\"https:\/\/peoplesphere.be\/nl\/job-personaliseren-uit-ambitie-stresseert-jonge-belgische-werknemers\/\" \/>\n<meta property=\"og:locale\" content=\"nl_NL\" \/>\n<meta property=\"og:type\" content=\"article\" \/>\n<meta property=\"og:title\" content=\"Job personaliseren uit ambitie stresseert jonge Belgische werknemers - Peoplesphere\" \/>\n<meta property=\"og:description\" content=\"Jonge werknemers die hun job inhoudelijk aanpassen en personaliseren om aan hun carri\u00e8re te bouwen, kampen met meer stress (+22%) en gezondheidsklachten (+57%). Dit blijkt uit het onderzoek van de Securex Leerstoel (Universiteit Gent) bij 1.754 werknemers. Toch kan job [&hellip;]\" \/>\n<meta property=\"og:url\" content=\"https:\/\/peoplesphere.be\/nl\/job-personaliseren-uit-ambitie-stresseert-jonge-belgische-werknemers\/\" \/>\n<meta property=\"og:site_name\" content=\"Peoplesphere\" \/>\n<meta property=\"article:publisher\" content=\"https:\/\/www.facebook.com\/peoplesphere\" \/>\n<meta property=\"article:published_time\" content=\"2016-01-28T07:37:38+00:00\" \/>\n<meta property=\"og:image\" content=\"http:\/\/www.peoplesphere.be\/nl\/wp-content\/uploads\/2016\/07\/facebook-default-posting-1200x628px.jpg\" \/>\n<meta name=\"author\" content=\"Jean-Paul Erhard\" \/>\n<meta name=\"twitter:card\" content=\"summary_large_image\" \/>\n<meta name=\"twitter:creator\" content=\"@PeoplesphereMag\" \/>\n<meta name=\"twitter:site\" content=\"@PeoplesphereMag\" \/>\n<meta name=\"twitter:label1\" content=\"Geschreven door\" \/>\n\t<meta name=\"twitter:data1\" content=\"Jean-Paul Erhard\" \/>\n\t<meta name=\"twitter:label2\" content=\"Geschatte leestijd\" \/>\n\t<meta name=\"twitter:data2\" content=\"1 minuut\" \/>\n<script type=\"application\/ld+json\" class=\"yoast-schema-graph\">{\"@context\":\"https:\/\/schema.org\",\"@graph\":[{\"@type\":\"WebPage\",\"@id\":\"https:\/\/peoplesphere.be\/nl\/job-personaliseren-uit-ambitie-stresseert-jonge-belgische-werknemers\/\",\"url\":\"https:\/\/peoplesphere.be\/nl\/job-personaliseren-uit-ambitie-stresseert-jonge-belgische-werknemers\/\",\"name\":\"Job personaliseren uit ambitie stresseert jonge Belgische werknemers - Peoplesphere\",\"isPartOf\":{\"@id\":\"https:\/\/peoplesphere.be\/nl\/#website\"},\"datePublished\":\"2016-01-28T07:37:38+00:00\",\"dateModified\":\"2016-01-28T07:37:38+00:00\",\"author\":{\"@id\":\"https:\/\/peoplesphere.be\/nl\/#\/schema\/person\/0a1c21d8893dd9b9a2cd6e068b4e8cf5\"},\"breadcrumb\":{\"@id\":\"https:\/\/peoplesphere.be\/nl\/job-personaliseren-uit-ambitie-stresseert-jonge-belgische-werknemers\/#breadcrumb\"},\"inLanguage\":\"nl-NL\",\"potentialAction\":[{\"@type\":\"ReadAction\",\"target\":[\"https:\/\/peoplesphere.be\/nl\/job-personaliseren-uit-ambitie-stresseert-jonge-belgische-werknemers\/\"]}]},{\"@type\":\"BreadcrumbList\",\"@id\":\"https:\/\/peoplesphere.be\/nl\/job-personaliseren-uit-ambitie-stresseert-jonge-belgische-werknemers\/#breadcrumb\",\"itemListElement\":[{\"@type\":\"ListItem\",\"position\":1,\"name\":\"Accueil\",\"item\":\"https:\/\/peoplesphere.be\/nl\/\"},{\"@type\":\"ListItem\",\"position\":2,\"name\":\"Job personaliseren uit ambitie stresseert jonge Belgische werknemers\"}]},{\"@type\":\"WebSite\",\"@id\":\"https:\/\/peoplesphere.be\/nl\/#website\",\"url\":\"https:\/\/peoplesphere.be\/nl\/\",\"name\":\"Peoplesphere\",\"description\":\"The People Managers Magazine\",\"potentialAction\":[{\"@type\":\"SearchAction\",\"target\":{\"@type\":\"EntryPoint\",\"urlTemplate\":\"https:\/\/peoplesphere.be\/nl\/?s={search_term_string}\"},\"query-input\":\"required name=search_term_string\"}],\"inLanguage\":\"nl-NL\"},{\"@type\":\"Person\",\"@id\":\"https:\/\/peoplesphere.be\/nl\/#\/schema\/person\/0a1c21d8893dd9b9a2cd6e068b4e8cf5\",\"name\":\"Jean-Paul Erhard\",\"image\":{\"@type\":\"ImageObject\",\"inLanguage\":\"nl-NL\",\"@id\":\"https:\/\/peoplesphere.be\/nl\/#\/schema\/person\/image\/\",\"url\":\"https:\/\/secure.gravatar.com\/avatar\/f941e681460179738071629a51574930?s=96&d=mm&r=g\",\"contentUrl\":\"https:\/\/secure.gravatar.com\/avatar\/f941e681460179738071629a51574930?s=96&d=mm&r=g\",\"caption\":\"Jean-Paul Erhard\"},\"url\":\"https:\/\/peoplesphere.be\/nl\/author\/jpe\/\"}]}<\/script>\n<!-- \/ Yoast SEO plugin. -->","yoast_head_json":{"title":"Job personaliseren uit ambitie stresseert jonge Belgische werknemers - Peoplesphere","robots":{"index":"index","follow":"follow","max-snippet":"max-snippet:-1","max-image-preview":"max-image-preview:large","max-video-preview":"max-video-preview:-1"},"canonical":"https:\/\/peoplesphere.be\/nl\/job-personaliseren-uit-ambitie-stresseert-jonge-belgische-werknemers\/","og_locale":"nl_NL","og_type":"article","og_title":"Job personaliseren uit ambitie stresseert jonge Belgische werknemers - Peoplesphere","og_description":"Jonge werknemers die hun job inhoudelijk aanpassen en personaliseren om aan hun carri\u00e8re te bouwen, kampen met meer stress (+22%) en gezondheidsklachten (+57%). Dit blijkt uit het onderzoek van de Securex Leerstoel (Universiteit Gent) bij 1.754 werknemers. Toch kan job [&hellip;]","og_url":"https:\/\/peoplesphere.be\/nl\/job-personaliseren-uit-ambitie-stresseert-jonge-belgische-werknemers\/","og_site_name":"Peoplesphere","article_publisher":"https:\/\/www.facebook.com\/peoplesphere","article_published_time":"2016-01-28T07:37:38+00:00","og_image":[{"url":"http:\/\/www.peoplesphere.be\/nl\/wp-content\/uploads\/2016\/07\/facebook-default-posting-1200x628px.jpg"}],"author":"Jean-Paul Erhard","twitter_card":"summary_large_image","twitter_creator":"@PeoplesphereMag","twitter_site":"@PeoplesphereMag","twitter_misc":{"Geschreven door":"Jean-Paul Erhard","Geschatte leestijd":"1 minuut"},"schema":{"@context":"https:\/\/schema.org","@graph":[{"@type":"WebPage","@id":"https:\/\/peoplesphere.be\/nl\/job-personaliseren-uit-ambitie-stresseert-jonge-belgische-werknemers\/","url":"https:\/\/peoplesphere.be\/nl\/job-personaliseren-uit-ambitie-stresseert-jonge-belgische-werknemers\/","name":"Job personaliseren uit ambitie stresseert jonge Belgische werknemers - Peoplesphere","isPartOf":{"@id":"https:\/\/peoplesphere.be\/nl\/#website"},"datePublished":"2016-01-28T07:37:38+00:00","dateModified":"2016-01-28T07:37:38+00:00","author":{"@id":"https:\/\/peoplesphere.be\/nl\/#\/schema\/person\/0a1c21d8893dd9b9a2cd6e068b4e8cf5"},"breadcrumb":{"@id":"https:\/\/peoplesphere.be\/nl\/job-personaliseren-uit-ambitie-stresseert-jonge-belgische-werknemers\/#breadcrumb"},"inLanguage":"nl-NL","potentialAction":[{"@type":"ReadAction","target":["https:\/\/peoplesphere.be\/nl\/job-personaliseren-uit-ambitie-stresseert-jonge-belgische-werknemers\/"]}]},{"@type":"BreadcrumbList","@id":"https:\/\/peoplesphere.be\/nl\/job-personaliseren-uit-ambitie-stresseert-jonge-belgische-werknemers\/#breadcrumb","itemListElement":[{"@type":"ListItem","position":1,"name":"Accueil","item":"https:\/\/peoplesphere.be\/nl\/"},{"@type":"ListItem","position":2,"name":"Job personaliseren uit ambitie stresseert jonge Belgische werknemers"}]},{"@type":"WebSite","@id":"https:\/\/peoplesphere.be\/nl\/#website","url":"https:\/\/peoplesphere.be\/nl\/","name":"Peoplesphere","description":"The People Managers Magazine","potentialAction":[{"@type":"SearchAction","target":{"@type":"EntryPoint","urlTemplate":"https:\/\/peoplesphere.be\/nl\/?s={search_term_string}"},"query-input":"required name=search_term_string"}],"inLanguage":"nl-NL"},{"@type":"Person","@id":"https:\/\/peoplesphere.be\/nl\/#\/schema\/person\/0a1c21d8893dd9b9a2cd6e068b4e8cf5","name":"Jean-Paul Erhard","image":{"@type":"ImageObject","inLanguage":"nl-NL","@id":"https:\/\/peoplesphere.be\/nl\/#\/schema\/person\/image\/","url":"https:\/\/secure.gravatar.com\/avatar\/f941e681460179738071629a51574930?s=96&d=mm&r=g","contentUrl":"https:\/\/secure.gravatar.com\/avatar\/f941e681460179738071629a51574930?s=96&d=mm&r=g","caption":"Jean-Paul Erhard"},"url":"https:\/\/peoplesphere.be\/nl\/author\/jpe\/"}]}},"_links":{"self":[{"href":"https:\/\/peoplesphere.be\/nl\/wp-json\/wp\/v2\/posts\/1836"}],"collection":[{"href":"https:\/\/peoplesphere.be\/nl\/wp-json\/wp\/v2\/posts"}],"about":[{"href":"https:\/\/peoplesphere.be\/nl\/wp-json\/wp\/v2\/types\/post"}],"author":[{"embeddable":true,"href":"https:\/\/peoplesphere.be\/nl\/wp-json\/wp\/v2\/users\/3"}],"replies":[{"embeddable":true,"href":"https:\/\/peoplesphere.be\/nl\/wp-json\/wp\/v2\/comments?post=1836"}],"version-history":[{"count":1,"href":"https:\/\/peoplesphere.be\/nl\/wp-json\/wp\/v2\/posts\/1836\/revisions"}],"predecessor-version":[{"id":1837,"href":"https:\/\/peoplesphere.be\/nl\/wp-json\/wp\/v2\/posts\/1836\/revisions\/1837"}],"wp:attachment":[{"href":"https:\/\/peoplesphere.be\/nl\/wp-json\/wp\/v2\/media?parent=1836"}],"wp:term":[{"taxonomy":"category","embeddable":true,"href":"https:\/\/peoplesphere.be\/nl\/wp-json\/wp\/v2\/categories?post=1836"},{"taxonomy":"post_tag","embeddable":true,"href":"https:\/\/peoplesphere.be\/nl\/wp-json\/wp\/v2\/tags?post=1836"}],"curies":[{"name":"wp","href":"https:\/\/api.w.org\/{rel}","templated":true}]}}