











{"id":2956,"date":"2009-02-02T11:18:04","date_gmt":"2009-02-02T10:18:04","guid":{"rendered":"http:\/\/www.peoplesphere.be\/nl\/?p=2956"},"modified":"2017-05-11T11:11:51","modified_gmt":"2017-05-11T10:11:51","slug":"17th-mrh-congress-tuning-hr","status":"publish","type":"post","link":"https:\/\/peoplesphere.be\/nl\/17th-mrh-congress-tuning-hr\/","title":{"rendered":"17th mRH Congress \u2013 Tuning HR"},"content":{"rendered":"<h2>De Belux HR manager tekent het prototype van het HR-departement van de toekomst<\/h2>\n<p>Deze innoverende en transversale benaderingswijze van de materie wordt in goede banen geleid door <strong>R\u00e9gis MULOT<\/strong>,<br \/>\nVoorzitter van dit 17de MRH Congres en Vice-President HR International bij Staples.<!--more--><\/p>\n<p><strong>Globalisatie\u2026 Verscherpte concurrentie\u2026 Financi\u00eble crisis\u2026 Demografische uitdaging\u2026 Fusies en acquisities\u2026 Veranderingen\u2026<\/strong><\/p>\n<h1>Is uw HR-departement al klaar om deze delicate<br \/>\nkwesties aan te kaarten?<\/h1>\n<p>Mensen die hun wagen &#8217;tunen&#8217; maken van een doorsnee auto een uitzonderlijk voertuig dat meer mogelijkheden heeft en ook meer kracht tentoon spreidt. Tijdens het MRH Congres 2009 in het Zwitserse Montreux doen we eenzelfde tuning oefening, maar dan uiteraard toegespitst op uw eigen vakgebied: <strong>hoe moet de HR-functie opnieuw \u2018getekend\u2019 worden om beter en effici\u00ebnter te werken, en zich helemaal op de business en de noden van de medewerkers te richten?<\/strong><\/p>\n<h2>PROGRAMMA<\/h2>\n<p>We presenteren u ook graag een panel van uitzonderlijke sprekers, met zowel bedrijfsleiders als vooraanstaande HR Managers:<\/p>\n<h3>WOENSDAG 6 MEI 2009<\/h3>\n<p>\u2019s Morgens vertrek uit Brussel \u2013 Afspraak in de hall van <strong>Brussels Airport Zaventem<\/strong>.<br \/>\nCheck-in en aan boord gaan<br \/>\n<strong>Vertrek naar Gen\u00e8ve rond 12u<br \/>\nDuur vlucht: 1 uur<\/strong><\/p>\n<p>Aankomst in Gen\u00e8ve<br \/>\nTransfer met de bus naar Lausanne<\/p>\n<p><strong><u>Sessie 1: Inleidende sessie in het Olympisch Museum \u2013 start van het congres in de wereldwijde zetel van het Internationaal Olympsch Comit\u00e9 in Lausanne.<\/u><\/strong><br \/>\n\u2022 <strong>Opening van het congres door de voorzitter<\/strong>, <strong>R\u00e9gis Mulot<\/strong> (DRH International Staples) en <strong>Jean-Paul Erhard<\/strong> (MRH)<br \/>\n\u2022 Onthaal door <strong>Xavier Tissi\u00e8res<\/strong>, HRM van het Internatonaal Olympisch Comit\u00e9: <strong>\u201cDe HR-functie in een wereldwijde organisatie\u201d<\/strong><br \/>\n<strong>De kijk van een CEO op de HR-functie<\/strong>: <strong>Paul Bulcke<\/strong> (CEO van de Nestl\u00e9-groep)<br \/>\n\u2022 <strong>Even stilstaan bij de doelstellingen van het congres<\/strong>: <strong>R\u00e9gis Mulot<\/strong> en <strong>Alain Goudsmet<\/strong> (Mentally Fit)<\/p>\n<p>19h00 : Cocktail au Mus\u00e9e Olympique<br \/>\n20h00: Embarquement<br \/>\nCroisi\u00e8re \u00e0 bord du \u00ab Ville-de-Gen\u00e8ve \u00bb &#8211; d\u00eener sur les eaux du Lac.<br \/>\nPlus besoin de mettre le pied \u00e0 terre, le transfert en bateau est assur\u00e9 vers l&#8217;h\u00f4tel !<br \/>\n22h30: Check-in \u00e0 l&#8217;h\u00f4tel et remise des \u00ab cl\u00e9s \u00bb, vos biens personnels vous attendront dans votre chambre<\/p>\n<h3>DONDERDAG 7 MEI 2009<\/h3>\n<p><strong><u>Sessie 2<\/u><\/strong><br \/>\nOCHTEND<br \/>\n9u30 &#8211; 12u30: <strong>Working Session 2 in het hotel <\/strong><br \/>\n<strong>Hoe zou de HR-functie er morgen moeten uitzien?<\/strong><br \/>\nTwee getuigenissen => <strong>Hendrik Boehmer<\/strong> (Unilever) en <strong>Fabrice Enderlin<\/strong> (UCB)<\/p>\n<p>De ochtend wordt besloten met een voorbereidende briefing voor de werkgroep in de namiddag.<br \/>\n12u30: Lunch in het hotel<\/p>\n<p><strong><u>Sessie 3<\/u><\/strong><br \/>\nNAMIDDAG<br \/>\nWorkshop<br \/>\n14u30 &#8211; 17u00: <strong>Working Session 3 in het hotel<\/strong><br \/>\n<strong>De HR Managers uit de BeLux tekenen het prototype van de HR-functie van morgen<\/strong><br \/>\nInteractieve werkgroep geleid door <strong>Peter De Bley <\/strong>(PwC) en <strong>R\u00e9gis Mulot<\/strong><br \/>\n17u &#8211; 18u: <strong>Workshop over people governance in het verlengde van de uiteenzettingen, door Partena<\/strong><br \/>\n19u: Vertrek naar Ch\u00e2teau de Chillon \u2013 diner in een buitengewoon kader tussen meer en bergen. Dit middeleeuws fort, een geklasseerd monument, vertelt u al zijn geheimen.<br \/>\n23u: Terugkeer met de bus<\/p>\n<h3>VRIJDAG 8 MEI 2009<\/h3>\n<p><strong><u>Sessie 4<\/u><\/strong><br \/>\nOCHTEND<br \/>\n9u30 &#8211; 12u30: <strong>4de en laatste sessie in het hotel \u2013 Besluiten en einde van het congres.<br \/>\nHoe zou de HR-functie er morgen moeten uitzien?<\/strong><br \/>\nEen getuigenis => <strong>Luisa Delgado<\/strong> (Procter &#038; Gamble Nordic)<\/p>\n<p>Panel: <strong>De HR Manager van de 21ste eeuw?<\/strong><br \/>\n\u2022 <strong>Eva Lauwers<\/strong> (Pfizer)<br \/>\n\u2022 <strong>Alain Flausch<\/strong> (STIB)<br \/>\n\u2022 <strong>Guy-Jo\u00ebl de Lhoneux<\/strong> (HR Outsourcing Association)<\/p>\n<p>12u30:Lunch in het hotel<\/p>\n<p>NAMIDDAG<br \/>\nVrije tijd voor wie Montreux wil ontdekken, stad van het beroemde Jazzfestival.<\/p>\n<p>Misschien kiest u liever voor het sportief programma, met een bergwandeling onder begeleiding van een gids. Belangrijk: breng stevige wandelschoenen mee!! Voor de moedige wandelaars wordt een lichte maaltijd voorzien.<\/p>\n<p>19u: Cocktail en Galadiner in de luxueuze feestzaal van het hotel.<br \/>\nWie \u2018feesten\u2019 zegt, zegt ook \u2018glitter en glamour\u2019\u2026 dat is meteen ons thema van de avond!!<br \/>\nVergeetdus niet om uw meest glamoureuze feestkleding in uw koffer te stoppen.<br \/>\nWie zal het meest schitteren ?<\/p>\n<h3>ZATERDAG 9 MEI 2009<\/h3>\n<p>Laatste ontbijt in het hotel\u2026 aan de oevers van het Lac L\u00e9man.<br \/>\nNog een laatste hap berglucht en dan moeten de valiezen gemaakt worden.<\/p>\n<p>Afspraak in de hall van het hotel om 10u30 en transfer naar de luchthaven van Gen\u00e8ve.<\/p>\n<p>Aankomst is voorzien omstreeks 14u!<\/p>\n<h2>Speakers<\/h2>\n<p><img decoding=\"async\" src=\"http:\/\/www.peoplesphere.be\/fr\/wp-content\/uploads\/2017\/05\/mrhcongress-2009-speakers.jpg\" alt=\"\" class=\"photo\" \/><\/p>\n<h2>Partners<\/h2>\n<p><a href=\"http:\/\/www.peoplesphere.be\/nl\/wp-content\/uploads\/2017\/05\/index_nl_01.jpg\"><img decoding=\"async\" src=\"http:\/\/www.peoplesphere.be\/nl\/wp-content\/uploads\/2017\/05\/index_nl_01.jpg\" alt=\"\" class=\"photo\" \/><\/a><\/p>\n<p><a class=\"more-link\" href=\"http:\/\/www.peoplesphere.be\/nl\/17th-mrh-congress-tuning-hr-galerij\/\">Galerij<\/a> &#8211; <a class=\"more-link\" href=\"http:\/\/www.peoplesphere.be\/nl\/17th-mrh-congress-tuning-hr-resources\/\">Resources<\/a><\/p>\n","protected":false},"excerpt":{"rendered":"<p>De Belux HR manager tekent het prototype van het HR-departement van de toekomst Deze innoverende en transversale benaderingswijze van de materie wordt in goede banen geleid door R\u00e9gis MULOT, Voorzitter van dit 17de MRH Congres en Vice-President HR International bij [&hellip;]<\/p>\n","protected":false},"author":1,"featured_media":2957,"comment_status":"open","ping_status":"open","sticky":false,"template":"","format":"standard","meta":[],"categories":[90,6],"tags":[],"yoast_head":"<!-- This site is optimized with the Yoast SEO plugin v20.12 - https:\/\/yoast.com\/wordpress\/plugins\/seo\/ -->\n<title>17th mRH Congress \u2013 Tuning HR - Peoplesphere<\/title>\n<meta name=\"robots\" content=\"index, follow, max-snippet:-1, max-image-preview:large, max-video-preview:-1\" \/>\n<link rel=\"canonical\" href=\"https:\/\/peoplesphere.be\/nl\/17th-mrh-congress-tuning-hr\/\" \/>\n<meta property=\"og:locale\" content=\"nl_NL\" \/>\n<meta property=\"og:type\" content=\"article\" \/>\n<meta property=\"og:title\" content=\"17th mRH Congress \u2013 Tuning HR - Peoplesphere\" \/>\n<meta property=\"og:description\" content=\"De Belux HR manager tekent het prototype van het HR-departement van de toekomst Deze innoverende en transversale benaderingswijze van de materie wordt in goede banen geleid door R\u00e9gis MULOT, Voorzitter van dit 17de MRH Congres en Vice-President HR International bij [&hellip;]\" \/>\n<meta property=\"og:url\" content=\"https:\/\/peoplesphere.be\/nl\/17th-mrh-congress-tuning-hr\/\" \/>\n<meta property=\"og:site_name\" content=\"Peoplesphere\" \/>\n<meta property=\"article:publisher\" content=\"https:\/\/www.facebook.com\/peoplesphere\" \/>\n<meta property=\"article:published_time\" content=\"2009-02-02T10:18:04+00:00\" \/>\n<meta property=\"article:modified_time\" content=\"2017-05-11T10:11:51+00:00\" \/>\n<meta property=\"og:image\" content=\"https:\/\/peoplesphere.be\/nl\/wp-content\/uploads\/2017\/05\/montreux09.jpg\" \/>\n\t<meta property=\"og:image:width\" content=\"823\" \/>\n\t<meta property=\"og:image:height\" content=\"538\" \/>\n\t<meta property=\"og:image:type\" content=\"image\/jpeg\" \/>\n<meta name=\"author\" content=\"admin\" \/>\n<meta name=\"twitter:card\" content=\"summary_large_image\" \/>\n<meta name=\"twitter:creator\" content=\"@PeoplesphereMag\" \/>\n<meta name=\"twitter:site\" content=\"@PeoplesphereMag\" \/>\n<meta name=\"twitter:label1\" content=\"Geschreven door\" \/>\n\t<meta name=\"twitter:data1\" content=\"admin\" \/>\n\t<meta name=\"twitter:label2\" content=\"Geschatte leestijd\" \/>\n\t<meta name=\"twitter:data2\" content=\"3 minuten\" \/>\n<script type=\"application\/ld+json\" class=\"yoast-schema-graph\">{\"@context\":\"https:\/\/schema.org\",\"@graph\":[{\"@type\":\"WebPage\",\"@id\":\"https:\/\/peoplesphere.be\/nl\/17th-mrh-congress-tuning-hr\/\",\"url\":\"https:\/\/peoplesphere.be\/nl\/17th-mrh-congress-tuning-hr\/\",\"name\":\"17th mRH Congress \u2013 Tuning HR - Peoplesphere\",\"isPartOf\":{\"@id\":\"https:\/\/peoplesphere.be\/nl\/#website\"},\"datePublished\":\"2009-02-02T10:18:04+00:00\",\"dateModified\":\"2017-05-11T10:11:51+00:00\",\"author\":{\"@id\":\"https:\/\/peoplesphere.be\/nl\/#\/schema\/person\/a5cdce1fe1f107beb332bf4b0ad53b5d\"},\"breadcrumb\":{\"@id\":\"https:\/\/peoplesphere.be\/nl\/17th-mrh-congress-tuning-hr\/#breadcrumb\"},\"inLanguage\":\"nl-NL\",\"potentialAction\":[{\"@type\":\"ReadAction\",\"target\":[\"https:\/\/peoplesphere.be\/nl\/17th-mrh-congress-tuning-hr\/\"]}]},{\"@type\":\"BreadcrumbList\",\"@id\":\"https:\/\/peoplesphere.be\/nl\/17th-mrh-congress-tuning-hr\/#breadcrumb\",\"itemListElement\":[{\"@type\":\"ListItem\",\"position\":1,\"name\":\"Accueil\",\"item\":\"https:\/\/peoplesphere.be\/nl\/\"},{\"@type\":\"ListItem\",\"position\":2,\"name\":\"17th mRH Congress \u2013 Tuning HR\"}]},{\"@type\":\"WebSite\",\"@id\":\"https:\/\/peoplesphere.be\/nl\/#website\",\"url\":\"https:\/\/peoplesphere.be\/nl\/\",\"name\":\"Peoplesphere\",\"description\":\"The People Managers Magazine\",\"potentialAction\":[{\"@type\":\"SearchAction\",\"target\":{\"@type\":\"EntryPoint\",\"urlTemplate\":\"https:\/\/peoplesphere.be\/nl\/?s={search_term_string}\"},\"query-input\":\"required name=search_term_string\"}],\"inLanguage\":\"nl-NL\"},{\"@type\":\"Person\",\"@id\":\"https:\/\/peoplesphere.be\/nl\/#\/schema\/person\/a5cdce1fe1f107beb332bf4b0ad53b5d\",\"name\":\"admin\",\"image\":{\"@type\":\"ImageObject\",\"inLanguage\":\"nl-NL\",\"@id\":\"https:\/\/peoplesphere.be\/nl\/#\/schema\/person\/image\/\",\"url\":\"https:\/\/secure.gravatar.com\/avatar\/d20f4a44ec8508c3a90cb5021a329512?s=96&d=mm&r=g\",\"contentUrl\":\"https:\/\/secure.gravatar.com\/avatar\/d20f4a44ec8508c3a90cb5021a329512?s=96&d=mm&r=g\",\"caption\":\"admin\"},\"url\":\"https:\/\/peoplesphere.be\/nl\/author\/admin\/\"}]}<\/script>\n<!-- \/ Yoast SEO plugin. -->","yoast_head_json":{"title":"17th mRH Congress \u2013 Tuning HR - Peoplesphere","robots":{"index":"index","follow":"follow","max-snippet":"max-snippet:-1","max-image-preview":"max-image-preview:large","max-video-preview":"max-video-preview:-1"},"canonical":"https:\/\/peoplesphere.be\/nl\/17th-mrh-congress-tuning-hr\/","og_locale":"nl_NL","og_type":"article","og_title":"17th mRH Congress \u2013 Tuning HR - Peoplesphere","og_description":"De Belux HR manager tekent het prototype van het HR-departement van de toekomst Deze innoverende en transversale benaderingswijze van de materie wordt in goede banen geleid door R\u00e9gis MULOT, Voorzitter van dit 17de MRH Congres en Vice-President HR International bij [&hellip;]","og_url":"https:\/\/peoplesphere.be\/nl\/17th-mrh-congress-tuning-hr\/","og_site_name":"Peoplesphere","article_publisher":"https:\/\/www.facebook.com\/peoplesphere","article_published_time":"2009-02-02T10:18:04+00:00","article_modified_time":"2017-05-11T10:11:51+00:00","og_image":[{"width":823,"height":538,"url":"https:\/\/peoplesphere.be\/nl\/wp-content\/uploads\/2017\/05\/montreux09.jpg","type":"image\/jpeg"}],"author":"admin","twitter_card":"summary_large_image","twitter_creator":"@PeoplesphereMag","twitter_site":"@PeoplesphereMag","twitter_misc":{"Geschreven door":"admin","Geschatte leestijd":"3 minuten"},"schema":{"@context":"https:\/\/schema.org","@graph":[{"@type":"WebPage","@id":"https:\/\/peoplesphere.be\/nl\/17th-mrh-congress-tuning-hr\/","url":"https:\/\/peoplesphere.be\/nl\/17th-mrh-congress-tuning-hr\/","name":"17th mRH Congress \u2013 Tuning HR - Peoplesphere","isPartOf":{"@id":"https:\/\/peoplesphere.be\/nl\/#website"},"datePublished":"2009-02-02T10:18:04+00:00","dateModified":"2017-05-11T10:11:51+00:00","author":{"@id":"https:\/\/peoplesphere.be\/nl\/#\/schema\/person\/a5cdce1fe1f107beb332bf4b0ad53b5d"},"breadcrumb":{"@id":"https:\/\/peoplesphere.be\/nl\/17th-mrh-congress-tuning-hr\/#breadcrumb"},"inLanguage":"nl-NL","potentialAction":[{"@type":"ReadAction","target":["https:\/\/peoplesphere.be\/nl\/17th-mrh-congress-tuning-hr\/"]}]},{"@type":"BreadcrumbList","@id":"https:\/\/peoplesphere.be\/nl\/17th-mrh-congress-tuning-hr\/#breadcrumb","itemListElement":[{"@type":"ListItem","position":1,"name":"Accueil","item":"https:\/\/peoplesphere.be\/nl\/"},{"@type":"ListItem","position":2,"name":"17th mRH Congress \u2013 Tuning HR"}]},{"@type":"WebSite","@id":"https:\/\/peoplesphere.be\/nl\/#website","url":"https:\/\/peoplesphere.be\/nl\/","name":"Peoplesphere","description":"The People Managers Magazine","potentialAction":[{"@type":"SearchAction","target":{"@type":"EntryPoint","urlTemplate":"https:\/\/peoplesphere.be\/nl\/?s={search_term_string}"},"query-input":"required name=search_term_string"}],"inLanguage":"nl-NL"},{"@type":"Person","@id":"https:\/\/peoplesphere.be\/nl\/#\/schema\/person\/a5cdce1fe1f107beb332bf4b0ad53b5d","name":"admin","image":{"@type":"ImageObject","inLanguage":"nl-NL","@id":"https:\/\/peoplesphere.be\/nl\/#\/schema\/person\/image\/","url":"https:\/\/secure.gravatar.com\/avatar\/d20f4a44ec8508c3a90cb5021a329512?s=96&d=mm&r=g","contentUrl":"https:\/\/secure.gravatar.com\/avatar\/d20f4a44ec8508c3a90cb5021a329512?s=96&d=mm&r=g","caption":"admin"},"url":"https:\/\/peoplesphere.be\/nl\/author\/admin\/"}]}},"_links":{"self":[{"href":"https:\/\/peoplesphere.be\/nl\/wp-json\/wp\/v2\/posts\/2956"}],"collection":[{"href":"https:\/\/peoplesphere.be\/nl\/wp-json\/wp\/v2\/posts"}],"about":[{"href":"https:\/\/peoplesphere.be\/nl\/wp-json\/wp\/v2\/types\/post"}],"author":[{"embeddable":true,"href":"https:\/\/peoplesphere.be\/nl\/wp-json\/wp\/v2\/users\/1"}],"replies":[{"embeddable":true,"href":"https:\/\/peoplesphere.be\/nl\/wp-json\/wp\/v2\/comments?post=2956"}],"version-history":[{"count":4,"href":"https:\/\/peoplesphere.be\/nl\/wp-json\/wp\/v2\/posts\/2956\/revisions"}],"predecessor-version":[{"id":2987,"href":"https:\/\/peoplesphere.be\/nl\/wp-json\/wp\/v2\/posts\/2956\/revisions\/2987"}],"wp:featuredmedia":[{"embeddable":true,"href":"https:\/\/peoplesphere.be\/nl\/wp-json\/wp\/v2\/media\/2957"}],"wp:attachment":[{"href":"https:\/\/peoplesphere.be\/nl\/wp-json\/wp\/v2\/media?parent=2956"}],"wp:term":[{"taxonomy":"category","embeddable":true,"href":"https:\/\/peoplesphere.be\/nl\/wp-json\/wp\/v2\/categories?post=2956"},{"taxonomy":"post_tag","embeddable":true,"href":"https:\/\/peoplesphere.be\/nl\/wp-json\/wp\/v2\/tags?post=2956"}],"curies":[{"name":"wp","href":"https:\/\/api.w.org\/{rel}","templated":true}]}}