











{"id":3520,"date":"2018-01-23T06:10:21","date_gmt":"2018-01-23T05:10:21","guid":{"rendered":"http:\/\/www.peoplesphere.be\/nl\/?p=3520"},"modified":"2018-01-23T06:10:21","modified_gmt":"2018-01-23T05:10:21","slug":"ceos-optimistischer-dan-ooit-ondanks-toenemende-angst-beschikbaarheid-digitaal-talent","status":"publish","type":"post","link":"https:\/\/peoplesphere.be\/nl\/ceos-optimistischer-dan-ooit-ondanks-toenemende-angst-beschikbaarheid-digitaal-talent\/","title":{"rendered":"CEO\u2019s optimistischer dan ooit ondanks toenemende angst voor beschikbaarheid van digitaal talent."},"content":{"rendered":"<p>Zevenenvijftig procent van de bedrijfsleiders zegt te geloven dat de wereldwijde economische groei in de volgende 12 maanden zal verbeteren. Dat is bijna het dubbele van vorig jaar (29%) en de grootste stijging ooit sinds PwC in 2012 met zijn enqu\u00eates naar wereldwijde groei begon.\u00a0De CEO\u2019s in Belgi\u00eb behoren tot de meest optimistische: bijna twee derde (63%) gelooft dat de mondiale economische groei zal verbeteren in de komende 12 maanden. Dat is aanzienlijk meer dan vorig jaar (44%).<!--more--><\/p>\n<p>Een recordaantal CEO\u2019s is optimistisch over het economisch klimaat wereldwijd, althans op korte termijn. Dat is een van de belangrijkste bevindingen van PwC\u2019s 21ste bevraging van bijna 1,300 CEO\u2019s over de hele wereld. De resultaten werden vandaag voorgesteld op de jaarlijkse bijeenkomst van het World Economic Forum in Davos.<\/p>\n<p>Dat optimisme met betrekking tot de economie voedt het vertrouwen van de CEO\u2019s in hun eigen bedrijven, ook al is de toename niet zo groot. Wereldwijd geeft 42% van de CEO\u2019s aan \u201cveel vertrouwen\u201d te hebben in de groeivooruitzichten van hun eigen organisatie voor de komende 12 maanden, in vergelijking met 38% vorig jaar. De Belgische CEO\u2019s behoren ook hier tot de meest optimistische: 50% zegt \u201cveel vertrouwen\u201d te hebben in de omzetgroei voor het komende jaar. Een derde van de ondervraagde CEO\u2019s (34%) zegt bovendien \u201cveel vertrouwen\u201d te hebben in de omzetgroei voor de komende drie jaar.<\/p>\n<p>De toonaangevende groeistrategie\u00ebn blijven grotendeels dezelfde als in de enqu\u00eate van vorig jaar: in Belgi\u00eb vertrouwen de CEO\u2019s eens te meer op organische groei (82%) en kostenreductie (76%), maar dit jaar is men eerder geneigd strategische allianties aan te gaan (47% versus 32% in 2017) en M&amp;A\u2019s (50% versus 35% in 2017) in vergelijking met vorig jaar.<\/p>\n<p><strong><em>Jobs en digitale vaardigheden.<\/em><\/strong><\/p>\n<p>Het vertrouwen in de omzetgroei op korte termijn draagt bij tot de groei van de werkgelegenheid: 47% van de Belgische CEO\u2019s is van plan om zijn personeelsbestand uit te breiden in 2018. Hoewel 29% van de CEO\u2019s verwacht het aantal personeelsleden te verminderen, schrijven ze dat in grote mate toe aan automatisering en andere technologische ontwikkelingen.<\/p>\n<p>In totaal maakt 34% van de CEO\u2019s in Belgi\u00eb (wereldwijd: 22%) zich grote zorgen over de beschikbaarheid van belangrijke digitale vaardigheden bij de beroepsbevolking, 29% in hun sector (wereldwijd: 27%) en 29% op leiderschapsniveau (wereldwijd: 23%).<\/p>\n<p>Investeringen in moderne werkomgevingen, leer- en ontwikkelingsprogramma\u2019s en partnerships met andere leveranciers vormen de beste strategie\u00ebn om het talent dat ze nodig hebben aan te trekken en te ontwikkelen.<\/p>\n<p><em>\u201cDigitale transformatie en het gebruik van meer geavanceerde technologie\u00ebn en concepten is een cruciaal middel voor bedrijven om hun plaats in de economie van morgen veilig te stellen, betreffende de manier waarop zij werken, de producten en oplossingen die zij bieden en door ervoor te zorgen dat zij het nodige digitale talent kunnen aantrekken om die transformatie te realiseren.\u201d<\/em> aldus Axel Smits, Voorzitter van PwC Belgi\u00eb.<\/p>\n<p><strong><em>De impact van technologie op werkgelegenheid en vaardigheden.<\/em><\/strong><\/p>\n<p>Hoewel recent onderzoek van PwC uitwees dat werknemers optimistisch zijn over hoe de technologie hun kansen op werk verbetert, geven de CEO\u2019s toe dat zij het steeds belangrijker vinden om werknemers te helpen door ze bijscholing aan te bieden en de transparantie te vergroten over hoe automatisering en AI een impact kunnen hebben op banen.<\/p>\n<p>Bijna twee derde (63%) van de CEO\u2019s in Belgi\u00eb voelt zich verantwoordelijk voor het omscholen van werknemers van wie de functie wordt vervangen door technologie. Vijfenvijftig procent (wereldwijd: 61%) van de Belgische CEO\u2019s wint het vertrouwen van zijn personeel door transparantie te cre\u00ebren, althans tot op zekere hoogte, over hoe automatisering en AI een impact hebben op hun medewerkers.<\/p>\n<p>Ondanks het optimisme wat betreft de wereldeconomie, neemt bezorgdheid over een veel bredere reeks zakelijke, maatschappelijke en economische bedreigingen toe. Van de bredere maatschappelijke bedreigingen waar CEO\u2019s in Belgi\u00eb zich zorgen over maken, staat geopolitieke onzekerheid bovenaan de lijst (87%), gevolgd door overregulering (84%), populisme (82%) en klimaatverandering en milieuschade (82%). De klimaatverandering scoort wereldwijd veel minder hoog op de lijsten van CEO\u2019s (69%) en lijkt dus een zorg te zijn die uniek is voor het hogere management in Belgi\u00eb.<\/p>\n<p>Wat de bedreigingen voor bedrijfsgroei betreft, vormen de beschikbaarheid van cruciale vaardigheden (89%), cyberbedreigingen (79%) en de snelheid van de technologische veranderingen (76%) voor de grootste zorg. Het duidt op angst voor de naderende gevaren van artifici\u00eble intelligentie (AI). Bij PwC verwachten we dat AI tegen 2030 voor 15,7 biljoen dollar extra zal bijdragen aan het wereldwijde BBP, een stijging van 14%*. Die zegen voor de algemene economie zal echter hoge kosten met zich meebrengen voor diegenen die de daarmee gepaard gaande uitdagingen niet op tijd aangaan.<\/p>\n<p>&nbsp;<\/p>\n<p><em>Opmerkingen &#8211; PwC voerde tussen augustus en november 2017 1.293 interviews met CEO\u2019s in 85 landen, waarvan 38 in Belgi\u00eb. 11% van de interviews werd telefonisch gevoerd, 77% online en 12% via post of face to face. Alle kwantitatieve interviews werden op vertrouwelijke basis gevoerd. 29% van de bedrijven in Belgi\u00eb had een omzet van $1 miljard of meer: 53% van de bedrijven had een omzet tussen $100 miljoen en $1 miljard; 20% van de bedrijven had een omzet van maximaal $100 miljoen; 55% was in priv\u00e9handen.<\/em><\/p>\n","protected":false},"excerpt":{"rendered":"<p>Zevenenvijftig procent van de bedrijfsleiders zegt te geloven dat de wereldwijde economische groei in de volgende 12 maanden zal verbeteren. Dat is bijna het dubbele van vorig jaar (29%) en de grootste stijging ooit sinds PwC in 2012 met zijn [&hellip;]<\/p>\n","protected":false},"author":3,"featured_media":0,"comment_status":"open","ping_status":"open","sticky":false,"template":"","format":"standard","meta":[],"categories":[3,4],"tags":[611,710,123,129,312,711,103,211],"yoast_head":"<!-- This site is optimized with the Yoast SEO plugin v20.12 - https:\/\/yoast.com\/wordpress\/plugins\/seo\/ -->\n<title>CEO\u2019s optimistischer dan ooit ondanks toenemende angst voor beschikbaarheid van digitaal talent. - Peoplesphere<\/title>\n<meta name=\"robots\" content=\"index, follow, max-snippet:-1, max-image-preview:large, max-video-preview:-1\" \/>\n<link rel=\"canonical\" href=\"https:\/\/peoplesphere.be\/nl\/ceos-optimistischer-dan-ooit-ondanks-toenemende-angst-beschikbaarheid-digitaal-talent\/\" \/>\n<meta property=\"og:locale\" content=\"nl_NL\" \/>\n<meta property=\"og:type\" content=\"article\" \/>\n<meta property=\"og:title\" content=\"CEO\u2019s optimistischer dan ooit ondanks toenemende angst voor beschikbaarheid van digitaal talent. - Peoplesphere\" \/>\n<meta property=\"og:description\" content=\"Zevenenvijftig procent van de bedrijfsleiders zegt te geloven dat de wereldwijde economische groei in de volgende 12 maanden zal verbeteren. Dat is bijna het dubbele van vorig jaar (29%) en de grootste stijging ooit sinds PwC in 2012 met zijn [&hellip;]\" \/>\n<meta property=\"og:url\" content=\"https:\/\/peoplesphere.be\/nl\/ceos-optimistischer-dan-ooit-ondanks-toenemende-angst-beschikbaarheid-digitaal-talent\/\" \/>\n<meta property=\"og:site_name\" content=\"Peoplesphere\" \/>\n<meta property=\"article:publisher\" content=\"https:\/\/www.facebook.com\/peoplesphere\" \/>\n<meta property=\"article:published_time\" content=\"2018-01-23T05:10:21+00:00\" \/>\n<meta property=\"og:image\" content=\"http:\/\/www.peoplesphere.be\/nl\/wp-content\/uploads\/2016\/07\/facebook-default-posting-1200x628px.jpg\" \/>\n<meta name=\"author\" content=\"Jean-Paul Erhard\" \/>\n<meta name=\"twitter:card\" content=\"summary_large_image\" \/>\n<meta name=\"twitter:creator\" content=\"@PeoplesphereMag\" \/>\n<meta name=\"twitter:site\" content=\"@PeoplesphereMag\" \/>\n<meta name=\"twitter:label1\" content=\"Geschreven door\" \/>\n\t<meta name=\"twitter:data1\" content=\"Jean-Paul Erhard\" \/>\n\t<meta name=\"twitter:label2\" content=\"Geschatte leestijd\" \/>\n\t<meta name=\"twitter:data2\" content=\"4 minuten\" \/>\n<script type=\"application\/ld+json\" class=\"yoast-schema-graph\">{\"@context\":\"https:\/\/schema.org\",\"@graph\":[{\"@type\":\"WebPage\",\"@id\":\"https:\/\/peoplesphere.be\/nl\/ceos-optimistischer-dan-ooit-ondanks-toenemende-angst-beschikbaarheid-digitaal-talent\/\",\"url\":\"https:\/\/peoplesphere.be\/nl\/ceos-optimistischer-dan-ooit-ondanks-toenemende-angst-beschikbaarheid-digitaal-talent\/\",\"name\":\"CEO\u2019s optimistischer dan ooit ondanks toenemende angst voor beschikbaarheid van digitaal talent. - Peoplesphere\",\"isPartOf\":{\"@id\":\"https:\/\/peoplesphere.be\/nl\/#website\"},\"datePublished\":\"2018-01-23T05:10:21+00:00\",\"dateModified\":\"2018-01-23T05:10:21+00:00\",\"author\":{\"@id\":\"https:\/\/peoplesphere.be\/nl\/#\/schema\/person\/0a1c21d8893dd9b9a2cd6e068b4e8cf5\"},\"breadcrumb\":{\"@id\":\"https:\/\/peoplesphere.be\/nl\/ceos-optimistischer-dan-ooit-ondanks-toenemende-angst-beschikbaarheid-digitaal-talent\/#breadcrumb\"},\"inLanguage\":\"nl-NL\",\"potentialAction\":[{\"@type\":\"ReadAction\",\"target\":[\"https:\/\/peoplesphere.be\/nl\/ceos-optimistischer-dan-ooit-ondanks-toenemende-angst-beschikbaarheid-digitaal-talent\/\"]}]},{\"@type\":\"BreadcrumbList\",\"@id\":\"https:\/\/peoplesphere.be\/nl\/ceos-optimistischer-dan-ooit-ondanks-toenemende-angst-beschikbaarheid-digitaal-talent\/#breadcrumb\",\"itemListElement\":[{\"@type\":\"ListItem\",\"position\":1,\"name\":\"Accueil\",\"item\":\"https:\/\/peoplesphere.be\/nl\/\"},{\"@type\":\"ListItem\",\"position\":2,\"name\":\"CEO\u2019s optimistischer dan ooit ondanks toenemende angst voor beschikbaarheid van digitaal talent.\"}]},{\"@type\":\"WebSite\",\"@id\":\"https:\/\/peoplesphere.be\/nl\/#website\",\"url\":\"https:\/\/peoplesphere.be\/nl\/\",\"name\":\"Peoplesphere\",\"description\":\"The People Managers Magazine\",\"potentialAction\":[{\"@type\":\"SearchAction\",\"target\":{\"@type\":\"EntryPoint\",\"urlTemplate\":\"https:\/\/peoplesphere.be\/nl\/?s={search_term_string}\"},\"query-input\":\"required name=search_term_string\"}],\"inLanguage\":\"nl-NL\"},{\"@type\":\"Person\",\"@id\":\"https:\/\/peoplesphere.be\/nl\/#\/schema\/person\/0a1c21d8893dd9b9a2cd6e068b4e8cf5\",\"name\":\"Jean-Paul Erhard\",\"image\":{\"@type\":\"ImageObject\",\"inLanguage\":\"nl-NL\",\"@id\":\"https:\/\/peoplesphere.be\/nl\/#\/schema\/person\/image\/\",\"url\":\"https:\/\/secure.gravatar.com\/avatar\/f941e681460179738071629a51574930?s=96&d=mm&r=g\",\"contentUrl\":\"https:\/\/secure.gravatar.com\/avatar\/f941e681460179738071629a51574930?s=96&d=mm&r=g\",\"caption\":\"Jean-Paul Erhard\"},\"url\":\"https:\/\/peoplesphere.be\/nl\/author\/jpe\/\"}]}<\/script>\n<!-- \/ Yoast SEO plugin. -->","yoast_head_json":{"title":"CEO\u2019s optimistischer dan ooit ondanks toenemende angst voor beschikbaarheid van digitaal talent. - Peoplesphere","robots":{"index":"index","follow":"follow","max-snippet":"max-snippet:-1","max-image-preview":"max-image-preview:large","max-video-preview":"max-video-preview:-1"},"canonical":"https:\/\/peoplesphere.be\/nl\/ceos-optimistischer-dan-ooit-ondanks-toenemende-angst-beschikbaarheid-digitaal-talent\/","og_locale":"nl_NL","og_type":"article","og_title":"CEO\u2019s optimistischer dan ooit ondanks toenemende angst voor beschikbaarheid van digitaal talent. - Peoplesphere","og_description":"Zevenenvijftig procent van de bedrijfsleiders zegt te geloven dat de wereldwijde economische groei in de volgende 12 maanden zal verbeteren. Dat is bijna het dubbele van vorig jaar (29%) en de grootste stijging ooit sinds PwC in 2012 met zijn [&hellip;]","og_url":"https:\/\/peoplesphere.be\/nl\/ceos-optimistischer-dan-ooit-ondanks-toenemende-angst-beschikbaarheid-digitaal-talent\/","og_site_name":"Peoplesphere","article_publisher":"https:\/\/www.facebook.com\/peoplesphere","article_published_time":"2018-01-23T05:10:21+00:00","og_image":[{"url":"http:\/\/www.peoplesphere.be\/nl\/wp-content\/uploads\/2016\/07\/facebook-default-posting-1200x628px.jpg"}],"author":"Jean-Paul Erhard","twitter_card":"summary_large_image","twitter_creator":"@PeoplesphereMag","twitter_site":"@PeoplesphereMag","twitter_misc":{"Geschreven door":"Jean-Paul Erhard","Geschatte leestijd":"4 minuten"},"schema":{"@context":"https:\/\/schema.org","@graph":[{"@type":"WebPage","@id":"https:\/\/peoplesphere.be\/nl\/ceos-optimistischer-dan-ooit-ondanks-toenemende-angst-beschikbaarheid-digitaal-talent\/","url":"https:\/\/peoplesphere.be\/nl\/ceos-optimistischer-dan-ooit-ondanks-toenemende-angst-beschikbaarheid-digitaal-talent\/","name":"CEO\u2019s optimistischer dan ooit ondanks toenemende angst voor beschikbaarheid van digitaal talent. - Peoplesphere","isPartOf":{"@id":"https:\/\/peoplesphere.be\/nl\/#website"},"datePublished":"2018-01-23T05:10:21+00:00","dateModified":"2018-01-23T05:10:21+00:00","author":{"@id":"https:\/\/peoplesphere.be\/nl\/#\/schema\/person\/0a1c21d8893dd9b9a2cd6e068b4e8cf5"},"breadcrumb":{"@id":"https:\/\/peoplesphere.be\/nl\/ceos-optimistischer-dan-ooit-ondanks-toenemende-angst-beschikbaarheid-digitaal-talent\/#breadcrumb"},"inLanguage":"nl-NL","potentialAction":[{"@type":"ReadAction","target":["https:\/\/peoplesphere.be\/nl\/ceos-optimistischer-dan-ooit-ondanks-toenemende-angst-beschikbaarheid-digitaal-talent\/"]}]},{"@type":"BreadcrumbList","@id":"https:\/\/peoplesphere.be\/nl\/ceos-optimistischer-dan-ooit-ondanks-toenemende-angst-beschikbaarheid-digitaal-talent\/#breadcrumb","itemListElement":[{"@type":"ListItem","position":1,"name":"Accueil","item":"https:\/\/peoplesphere.be\/nl\/"},{"@type":"ListItem","position":2,"name":"CEO\u2019s optimistischer dan ooit ondanks toenemende angst voor beschikbaarheid van digitaal talent."}]},{"@type":"WebSite","@id":"https:\/\/peoplesphere.be\/nl\/#website","url":"https:\/\/peoplesphere.be\/nl\/","name":"Peoplesphere","description":"The People Managers Magazine","potentialAction":[{"@type":"SearchAction","target":{"@type":"EntryPoint","urlTemplate":"https:\/\/peoplesphere.be\/nl\/?s={search_term_string}"},"query-input":"required name=search_term_string"}],"inLanguage":"nl-NL"},{"@type":"Person","@id":"https:\/\/peoplesphere.be\/nl\/#\/schema\/person\/0a1c21d8893dd9b9a2cd6e068b4e8cf5","name":"Jean-Paul Erhard","image":{"@type":"ImageObject","inLanguage":"nl-NL","@id":"https:\/\/peoplesphere.be\/nl\/#\/schema\/person\/image\/","url":"https:\/\/secure.gravatar.com\/avatar\/f941e681460179738071629a51574930?s=96&d=mm&r=g","contentUrl":"https:\/\/secure.gravatar.com\/avatar\/f941e681460179738071629a51574930?s=96&d=mm&r=g","caption":"Jean-Paul Erhard"},"url":"https:\/\/peoplesphere.be\/nl\/author\/jpe\/"}]}},"_links":{"self":[{"href":"https:\/\/peoplesphere.be\/nl\/wp-json\/wp\/v2\/posts\/3520"}],"collection":[{"href":"https:\/\/peoplesphere.be\/nl\/wp-json\/wp\/v2\/posts"}],"about":[{"href":"https:\/\/peoplesphere.be\/nl\/wp-json\/wp\/v2\/types\/post"}],"author":[{"embeddable":true,"href":"https:\/\/peoplesphere.be\/nl\/wp-json\/wp\/v2\/users\/3"}],"replies":[{"embeddable":true,"href":"https:\/\/peoplesphere.be\/nl\/wp-json\/wp\/v2\/comments?post=3520"}],"version-history":[{"count":1,"href":"https:\/\/peoplesphere.be\/nl\/wp-json\/wp\/v2\/posts\/3520\/revisions"}],"predecessor-version":[{"id":3521,"href":"https:\/\/peoplesphere.be\/nl\/wp-json\/wp\/v2\/posts\/3520\/revisions\/3521"}],"wp:attachment":[{"href":"https:\/\/peoplesphere.be\/nl\/wp-json\/wp\/v2\/media?parent=3520"}],"wp:term":[{"taxonomy":"category","embeddable":true,"href":"https:\/\/peoplesphere.be\/nl\/wp-json\/wp\/v2\/categories?post=3520"},{"taxonomy":"post_tag","embeddable":true,"href":"https:\/\/peoplesphere.be\/nl\/wp-json\/wp\/v2\/tags?post=3520"}],"curies":[{"name":"wp","href":"https:\/\/api.w.org\/{rel}","templated":true}]}}