











{"id":3639,"date":"2018-03-02T09:11:27","date_gmt":"2018-03-02T08:11:27","guid":{"rendered":"http:\/\/www.peoplesphere.be\/nl\/?p=3639"},"modified":"2018-03-02T09:11:27","modified_gmt":"2018-03-02T08:11:27","slug":"ontslag-overmacht-omwille-medische-redenen-daalt-re-integratiewetgeving-31","status":"publish","type":"post","link":"https:\/\/peoplesphere.be\/nl\/ontslag-overmacht-omwille-medische-redenen-daalt-re-integratiewetgeving-31\/","title":{"rendered":"Ontslag door overmacht omwille van medische redenen daalt door re-integratiewetgeving: -31%."},"content":{"rendered":"<p>Sinds het in voege treden van de reglementering die tot doel heeft de re-integraties van arbeidsongeschikte werknemers te bevorderen is het aantal be\u00ebindigingen van de arbeidsovereenkomst met als motivatie \u2018overmacht omwille van medische redenen\u2019 gedaald. Ten opzichte van 2016 zelfs met 31%.<!--more--><\/p>\n<p>Het percentage middellang ziekteverzuim blijft stabiel ten opzichte van 2016 en het percentage van werknemers in een traject van progressieve werkhervatting stijgt. Dat blijkt uit een analyse van hr-dienstverlener ACERTA over ziekteverzuim in 2017. De vrees van vakbonden dat een opgelegd integratietraject in te veel individuele gevallen zou falen en zou leiden naar de be\u00ebindiging van de arbeidsovereenkomst door \u2018overmacht omwille van medische redenen\u2019 blijkt dus ongegrond.<\/p>\n<p><strong><em>Minder be\u00ebindigingen contract wegens overmacht medische redenen<\/em><\/strong><\/p>\n<p>Een arbeidsovereenkomst kan om verschillende redenen be\u00ebindigd worden. Werkgever en werknemer kunnen het initiatief nemen. Binnen alle be\u00ebindigingen is de vaststelling van het einde van de arbeidsovereenkomst omwille van overmacht wegens medische redenen er \u00e9\u00e9ntje. In 2017 werd deze be\u00ebindigingswijze opgegeven voor 2,77% van alle gevallen.<\/p>\n<p>Het percentage contracten dat wegens overmacht omwille van medische redenen een einde neemt is sinds de wijziging van de re-integratiewetgeving gedaald. Niet alleen tegenover 2016 (-31,4 %), maar ook tegenover alle vijf de voorgaande jaren (-19,3%).<\/p>\n<p>&nbsp;<\/p>\n<p><strong><em>Bijna 50% meer progressieve werkhervattingen<\/em><\/strong><\/p>\n<p>Uit deze cijfers kunnen we nog niet met volledige zekerheid besluiten dat de wetgeving re-integratie langdurig zieken in haar eerste jaar ook succesvol was. De bedoeling van deze wetgeving was immers niet op zich om minder ontslagen wegens medische overmacht te hebben, maar wel een kader te voorzien dat beide partijen bij de arbeidsovereenkomst zou aanmoedigen om zo snel mogelijk naar een re-integratie van de arbeidsongeschikte werknemer te gaan. Tegelijkertijd werd ook voorzien dat voortaan nog slechts tot een definitieve overmacht wegens medische redenen kan beslist worden nadat het re-integratietraject is gelopen. Karen van den Bergh, Senior Consult van Acerta Consult: <em>\u201cAl voordat de wetgeving rond re-integratie op 1 december 2016 in voege trad, was het besef gegroeid dat alle partijen er belang bij hebben om langdurig zieke werknemers zo snel mogelijk terug aan de slag te krijgen; in dezelfde of in een aangepaste job. De krapte die op de arbeidsmarkt is ontstaan, versterkt nog de behoefte om met arbeidsongeschikte werknemers afspraken te maken over de dingen die ze, in het kader van hun volledige re-integratie, intussen toch al kunnen doen.\u201d<\/em><\/p>\n<p>Dat mensen na afwezigheid door ziekte geleidelijk weer aan het werk kunnen, in plaats van te moeten wachten tot ze weer helemaal de oude zijn voor hun job, bestaat al van voor de re-integratiewetgeving. De re-integratiewetgeving kan maar als succesvol worden beschouwd als ze die progressieve werkhervatting een boost geeft.<\/p>\n<p>Karen van den Bergh: <em>\u201cHet aantal werknemers dat progressief het werk herneemt is in 2017 t.o.v. 2014 met bijna de helft toegenomen. Van alle werknemers die kort of middellang ziek zijn herneemt 1,58% het werk progressief. Maar we zijn er nog niet. Een volgehouden inspanning is gewenst. Werkgevers en werknemers zullen moeten blijven inzetten op flexibiliteit en rematching, met inspanningen van beide kanten.\u201d<\/em><\/p>\n<p><strong><em>Middellang ziekteverzuim stabiel<\/em><\/strong><\/p>\n<p>Cijfers tonen dat de percentages betreffende middellang ziekteverzuim, het segment waarop de re-integratiewetgeving van toepassing is, nagenoeg stabiel blijven, ook in de onderlinge verschillen: de percentages middellang ziekteverzuim zijn lager voor bedienden dan voor arbeiders, ze zijn lager bij mannen dan bij vrouwen en in de social profit komt meer middellang ziekteverzuim voor dan in de profit.<\/p>\n<p><em>Bron : Acerta<\/em><\/p>\n","protected":false},"excerpt":{"rendered":"<p>Sinds het in voege treden van de reglementering die tot doel heeft de re-integraties van arbeidsongeschikte werknemers te bevorderen is het aantal be\u00ebindigingen van de arbeidsovereenkomst met als motivatie \u2018overmacht omwille van medische redenen\u2019 gedaald. Ten opzichte van 2016 zelfs [&hellip;]<\/p>\n","protected":false},"author":3,"featured_media":0,"comment_status":"open","ping_status":"open","sticky":false,"template":"","format":"standard","meta":[],"categories":[3,4],"tags":[509,809,807,353,808,33],"yoast_head":"<!-- This site is optimized with the Yoast SEO plugin v20.12 - https:\/\/yoast.com\/wordpress\/plugins\/seo\/ -->\n<title>Ontslag door overmacht omwille van medische redenen daalt door re-integratiewetgeving: -31%. - Peoplesphere<\/title>\n<meta name=\"robots\" content=\"index, follow, max-snippet:-1, max-image-preview:large, max-video-preview:-1\" \/>\n<link rel=\"canonical\" href=\"https:\/\/peoplesphere.be\/nl\/ontslag-overmacht-omwille-medische-redenen-daalt-re-integratiewetgeving-31\/\" \/>\n<meta property=\"og:locale\" content=\"nl_NL\" \/>\n<meta property=\"og:type\" content=\"article\" \/>\n<meta property=\"og:title\" content=\"Ontslag door overmacht omwille van medische redenen daalt door re-integratiewetgeving: -31%. - Peoplesphere\" \/>\n<meta property=\"og:description\" content=\"Sinds het in voege treden van de reglementering die tot doel heeft de re-integraties van arbeidsongeschikte werknemers te bevorderen is het aantal be\u00ebindigingen van de arbeidsovereenkomst met als motivatie \u2018overmacht omwille van medische redenen\u2019 gedaald. Ten opzichte van 2016 zelfs [&hellip;]\" \/>\n<meta property=\"og:url\" content=\"https:\/\/peoplesphere.be\/nl\/ontslag-overmacht-omwille-medische-redenen-daalt-re-integratiewetgeving-31\/\" \/>\n<meta property=\"og:site_name\" content=\"Peoplesphere\" \/>\n<meta property=\"article:publisher\" content=\"https:\/\/www.facebook.com\/peoplesphere\" \/>\n<meta property=\"article:published_time\" content=\"2018-03-02T08:11:27+00:00\" \/>\n<meta property=\"og:image\" content=\"http:\/\/www.peoplesphere.be\/nl\/wp-content\/uploads\/2016\/07\/facebook-default-posting-1200x628px.jpg\" \/>\n<meta name=\"author\" content=\"Jean-Paul Erhard\" \/>\n<meta name=\"twitter:card\" content=\"summary_large_image\" \/>\n<meta name=\"twitter:creator\" content=\"@PeoplesphereMag\" \/>\n<meta name=\"twitter:site\" content=\"@PeoplesphereMag\" \/>\n<meta name=\"twitter:label1\" content=\"Geschreven door\" \/>\n\t<meta name=\"twitter:data1\" content=\"Jean-Paul Erhard\" \/>\n\t<meta name=\"twitter:label2\" content=\"Geschatte leestijd\" \/>\n\t<meta name=\"twitter:data2\" content=\"3 minuten\" \/>\n<script type=\"application\/ld+json\" class=\"yoast-schema-graph\">{\"@context\":\"https:\/\/schema.org\",\"@graph\":[{\"@type\":\"WebPage\",\"@id\":\"https:\/\/peoplesphere.be\/nl\/ontslag-overmacht-omwille-medische-redenen-daalt-re-integratiewetgeving-31\/\",\"url\":\"https:\/\/peoplesphere.be\/nl\/ontslag-overmacht-omwille-medische-redenen-daalt-re-integratiewetgeving-31\/\",\"name\":\"Ontslag door overmacht omwille van medische redenen daalt door re-integratiewetgeving: -31%. - Peoplesphere\",\"isPartOf\":{\"@id\":\"https:\/\/peoplesphere.be\/nl\/#website\"},\"datePublished\":\"2018-03-02T08:11:27+00:00\",\"dateModified\":\"2018-03-02T08:11:27+00:00\",\"author\":{\"@id\":\"https:\/\/peoplesphere.be\/nl\/#\/schema\/person\/0a1c21d8893dd9b9a2cd6e068b4e8cf5\"},\"breadcrumb\":{\"@id\":\"https:\/\/peoplesphere.be\/nl\/ontslag-overmacht-omwille-medische-redenen-daalt-re-integratiewetgeving-31\/#breadcrumb\"},\"inLanguage\":\"nl-NL\",\"potentialAction\":[{\"@type\":\"ReadAction\",\"target\":[\"https:\/\/peoplesphere.be\/nl\/ontslag-overmacht-omwille-medische-redenen-daalt-re-integratiewetgeving-31\/\"]}]},{\"@type\":\"BreadcrumbList\",\"@id\":\"https:\/\/peoplesphere.be\/nl\/ontslag-overmacht-omwille-medische-redenen-daalt-re-integratiewetgeving-31\/#breadcrumb\",\"itemListElement\":[{\"@type\":\"ListItem\",\"position\":1,\"name\":\"Accueil\",\"item\":\"https:\/\/peoplesphere.be\/nl\/\"},{\"@type\":\"ListItem\",\"position\":2,\"name\":\"Ontslag door overmacht omwille van medische redenen daalt door re-integratiewetgeving: -31%.\"}]},{\"@type\":\"WebSite\",\"@id\":\"https:\/\/peoplesphere.be\/nl\/#website\",\"url\":\"https:\/\/peoplesphere.be\/nl\/\",\"name\":\"Peoplesphere\",\"description\":\"The People Managers Magazine\",\"potentialAction\":[{\"@type\":\"SearchAction\",\"target\":{\"@type\":\"EntryPoint\",\"urlTemplate\":\"https:\/\/peoplesphere.be\/nl\/?s={search_term_string}\"},\"query-input\":\"required name=search_term_string\"}],\"inLanguage\":\"nl-NL\"},{\"@type\":\"Person\",\"@id\":\"https:\/\/peoplesphere.be\/nl\/#\/schema\/person\/0a1c21d8893dd9b9a2cd6e068b4e8cf5\",\"name\":\"Jean-Paul Erhard\",\"image\":{\"@type\":\"ImageObject\",\"inLanguage\":\"nl-NL\",\"@id\":\"https:\/\/peoplesphere.be\/nl\/#\/schema\/person\/image\/\",\"url\":\"https:\/\/secure.gravatar.com\/avatar\/f941e681460179738071629a51574930?s=96&d=mm&r=g\",\"contentUrl\":\"https:\/\/secure.gravatar.com\/avatar\/f941e681460179738071629a51574930?s=96&d=mm&r=g\",\"caption\":\"Jean-Paul Erhard\"},\"url\":\"https:\/\/peoplesphere.be\/nl\/author\/jpe\/\"}]}<\/script>\n<!-- \/ Yoast SEO plugin. -->","yoast_head_json":{"title":"Ontslag door overmacht omwille van medische redenen daalt door re-integratiewetgeving: -31%. - Peoplesphere","robots":{"index":"index","follow":"follow","max-snippet":"max-snippet:-1","max-image-preview":"max-image-preview:large","max-video-preview":"max-video-preview:-1"},"canonical":"https:\/\/peoplesphere.be\/nl\/ontslag-overmacht-omwille-medische-redenen-daalt-re-integratiewetgeving-31\/","og_locale":"nl_NL","og_type":"article","og_title":"Ontslag door overmacht omwille van medische redenen daalt door re-integratiewetgeving: -31%. - Peoplesphere","og_description":"Sinds het in voege treden van de reglementering die tot doel heeft de re-integraties van arbeidsongeschikte werknemers te bevorderen is het aantal be\u00ebindigingen van de arbeidsovereenkomst met als motivatie \u2018overmacht omwille van medische redenen\u2019 gedaald. Ten opzichte van 2016 zelfs [&hellip;]","og_url":"https:\/\/peoplesphere.be\/nl\/ontslag-overmacht-omwille-medische-redenen-daalt-re-integratiewetgeving-31\/","og_site_name":"Peoplesphere","article_publisher":"https:\/\/www.facebook.com\/peoplesphere","article_published_time":"2018-03-02T08:11:27+00:00","og_image":[{"url":"http:\/\/www.peoplesphere.be\/nl\/wp-content\/uploads\/2016\/07\/facebook-default-posting-1200x628px.jpg"}],"author":"Jean-Paul Erhard","twitter_card":"summary_large_image","twitter_creator":"@PeoplesphereMag","twitter_site":"@PeoplesphereMag","twitter_misc":{"Geschreven door":"Jean-Paul Erhard","Geschatte leestijd":"3 minuten"},"schema":{"@context":"https:\/\/schema.org","@graph":[{"@type":"WebPage","@id":"https:\/\/peoplesphere.be\/nl\/ontslag-overmacht-omwille-medische-redenen-daalt-re-integratiewetgeving-31\/","url":"https:\/\/peoplesphere.be\/nl\/ontslag-overmacht-omwille-medische-redenen-daalt-re-integratiewetgeving-31\/","name":"Ontslag door overmacht omwille van medische redenen daalt door re-integratiewetgeving: -31%. - Peoplesphere","isPartOf":{"@id":"https:\/\/peoplesphere.be\/nl\/#website"},"datePublished":"2018-03-02T08:11:27+00:00","dateModified":"2018-03-02T08:11:27+00:00","author":{"@id":"https:\/\/peoplesphere.be\/nl\/#\/schema\/person\/0a1c21d8893dd9b9a2cd6e068b4e8cf5"},"breadcrumb":{"@id":"https:\/\/peoplesphere.be\/nl\/ontslag-overmacht-omwille-medische-redenen-daalt-re-integratiewetgeving-31\/#breadcrumb"},"inLanguage":"nl-NL","potentialAction":[{"@type":"ReadAction","target":["https:\/\/peoplesphere.be\/nl\/ontslag-overmacht-omwille-medische-redenen-daalt-re-integratiewetgeving-31\/"]}]},{"@type":"BreadcrumbList","@id":"https:\/\/peoplesphere.be\/nl\/ontslag-overmacht-omwille-medische-redenen-daalt-re-integratiewetgeving-31\/#breadcrumb","itemListElement":[{"@type":"ListItem","position":1,"name":"Accueil","item":"https:\/\/peoplesphere.be\/nl\/"},{"@type":"ListItem","position":2,"name":"Ontslag door overmacht omwille van medische redenen daalt door re-integratiewetgeving: -31%."}]},{"@type":"WebSite","@id":"https:\/\/peoplesphere.be\/nl\/#website","url":"https:\/\/peoplesphere.be\/nl\/","name":"Peoplesphere","description":"The People Managers Magazine","potentialAction":[{"@type":"SearchAction","target":{"@type":"EntryPoint","urlTemplate":"https:\/\/peoplesphere.be\/nl\/?s={search_term_string}"},"query-input":"required name=search_term_string"}],"inLanguage":"nl-NL"},{"@type":"Person","@id":"https:\/\/peoplesphere.be\/nl\/#\/schema\/person\/0a1c21d8893dd9b9a2cd6e068b4e8cf5","name":"Jean-Paul Erhard","image":{"@type":"ImageObject","inLanguage":"nl-NL","@id":"https:\/\/peoplesphere.be\/nl\/#\/schema\/person\/image\/","url":"https:\/\/secure.gravatar.com\/avatar\/f941e681460179738071629a51574930?s=96&d=mm&r=g","contentUrl":"https:\/\/secure.gravatar.com\/avatar\/f941e681460179738071629a51574930?s=96&d=mm&r=g","caption":"Jean-Paul Erhard"},"url":"https:\/\/peoplesphere.be\/nl\/author\/jpe\/"}]}},"_links":{"self":[{"href":"https:\/\/peoplesphere.be\/nl\/wp-json\/wp\/v2\/posts\/3639"}],"collection":[{"href":"https:\/\/peoplesphere.be\/nl\/wp-json\/wp\/v2\/posts"}],"about":[{"href":"https:\/\/peoplesphere.be\/nl\/wp-json\/wp\/v2\/types\/post"}],"author":[{"embeddable":true,"href":"https:\/\/peoplesphere.be\/nl\/wp-json\/wp\/v2\/users\/3"}],"replies":[{"embeddable":true,"href":"https:\/\/peoplesphere.be\/nl\/wp-json\/wp\/v2\/comments?post=3639"}],"version-history":[{"count":1,"href":"https:\/\/peoplesphere.be\/nl\/wp-json\/wp\/v2\/posts\/3639\/revisions"}],"predecessor-version":[{"id":3640,"href":"https:\/\/peoplesphere.be\/nl\/wp-json\/wp\/v2\/posts\/3639\/revisions\/3640"}],"wp:attachment":[{"href":"https:\/\/peoplesphere.be\/nl\/wp-json\/wp\/v2\/media?parent=3639"}],"wp:term":[{"taxonomy":"category","embeddable":true,"href":"https:\/\/peoplesphere.be\/nl\/wp-json\/wp\/v2\/categories?post=3639"},{"taxonomy":"post_tag","embeddable":true,"href":"https:\/\/peoplesphere.be\/nl\/wp-json\/wp\/v2\/tags?post=3639"}],"curies":[{"name":"wp","href":"https:\/\/api.w.org\/{rel}","templated":true}]}}