











{"id":4313,"date":"2018-10-19T06:02:22","date_gmt":"2018-10-19T05:02:22","guid":{"rendered":"http:\/\/www.peoplesphere.be\/nl\/?p=4313"},"modified":"2018-10-19T06:02:22","modified_gmt":"2018-10-19T05:02:22","slug":"absenteismecijfers-2018-4-afwezigen-op-10-langer-dan-jaar-ziek","status":"publish","type":"post","link":"https:\/\/peoplesphere.be\/nl\/absenteismecijfers-2018-4-afwezigen-op-10-langer-dan-jaar-ziek\/","title":{"rendered":"Absente\u00efsmecijfers 2018: 4 afwezigen op 10 langer dan een jaar ziek."},"content":{"rendered":"<p>Het absente\u00efsme blijft ook in 2018 stijgen. Zoals verwacht is er opnieuw een sterke stijging bij langdurig afwezigen. 41% van de afwezigen in de priv\u00e9sector is langer dan een jaar ziek. De stijging in het aantal langdurig afwezigen komt voor bij oud \u00e9n jong. Vergrijzing bij werknemers biedt dus geen volledige verklaring.<!--more--><\/p>\n<p>Op een gemiddelde werkdag in de eerste 6 maanden van 2018 waren 7 werknemers op 100 afwezig door ziekte of priv\u00e9 ongeval.\u00a0Ook in de eerste helft van 2018 zet de bijna continue stijging van het absente\u00efsme in de Belgische priv\u00e9sector sinds 2001 zich door. Het totale ziektepercentage voor bedrijven tot 1000 werknemers evolueerde van 6,70% in de eerste helft van vorig jaar naar 6,93% in de eerste helft van dit jaar.<\/p>\n<p>Terwijl het middellange ziektepercentage (van 1 maand tot 1 jaar) op hetzelfde niveau bleef, kende het lange ziektepercentage (langer dan 1 jaar) een stijging met 4% en het korte ziektepercentage (minder dan 1 maand) een stijging met 6%.<\/p>\n<p>Karin Roskams, Business Unit Manager Absente\u00efsme:<em> \u201cDat het langdurig absente\u00efsme verder zou stijgen, heeft Securex voorspeld. Maar ik zie toch ook een heropleving van het korte absente\u00efsme. Naast de recent verhoogde aandacht voor lange afwezigheden, blijft aandacht voor korte, frequente afwezigheden bij bedrijven noodzakelijk. Vooral deze afwezigheden zijn op korte termijn kostelijk voor bedrijven en kunnen een indicator zijn voor lange afwezigheden. Want we weten dat iemand die vaak kort afwezig is een verhoogd risico heeft op een langdurige afwezigheid.\u201d<\/em><\/p>\n<p><strong><em>Zieken zijn steeds meer lang afwezig<\/em><\/strong><\/p>\n<p>Lange afwezigheden bepalen steeds meer het totale absente\u00efsme. In 2001 bedroeg het aandeel lange afwezigheden nog 25% van het totale ziektepercentage, in 2018 is dat al 41% (telkens eerste helft van het jaar). Dit betekent dat op een gemiddelde werkdag in 2001 1 op de 4 afwezige werknemers sinds langer dan een jaar thuis was. In 2018 is al bijna 1 op de 2 afwezigen langer dan een jaar ziek.<\/p>\n<p>Bij 50-plussers is dit aandeel lange afwezigheden het hoogst (60% versus 29% bij 30-49 jarigen en 5% bij werknemers jonger dan 30), maar ook arbeiders (46% versus 34% bij bedienden) hebben met veel lange afwezigheden te maken.<\/p>\n<p><strong><em>Ook meer en meer jongere werknemers langdurig afwezig<\/em><\/strong><\/p>\n<p>Het aandeel lange afwezigheden is dan wel het hoogst bij de oudste werknemers, de stijging sinds 2001 is verhoudingsgewijs sterker in de jongere leeftijdsgroepen.<\/p>\n<p>Heidi Verlinden, HR Research Expert Securex: <em>\u201cEen verklaring voor de sterke evolutie van het langdurig absente\u00efsme ligt dus niet alleen bij de proportioneel groeiende groep oudere werknemers die altijd al meer lange afwezigheden telde (door ouderdomsziektes en door natuurlijke slijtage van spieren en gewrichten, maar ook slijtage door jarenlang werken in een fysiek zware job). Daarnaast zijn ook psychosociale problemen in belang gestegen als oorzaak van lange afwezigheden.\u201d<\/em><\/p>\n<p><strong><em>Verwachting dat stijging langdurig absente\u00efsme zal vertragen<\/em><\/strong><\/p>\n<p>Voor het jaar 2018 verwachten we dat het lange ziektepercentage naar 2,94% (en het totale cijfer naar 7,06%) zal evolueren. De verwachte stijging baseren we op de evolutie van de absente\u00efsmecijfers tot nu toe, op demografische evoluties en op de evolutie van de mentale en fysieke gezondheid van werknemers.<\/p>\n<p><em>\u201cWe verwachten een minder sterke stijging dan de voorgaande jaren omdat we in de eerste helft van dit jaar een toename zien van het aantal verzoeken tot re-integratie door werkgevers en adviserend geneesheren. Bij ruim de helft van de verzoeken leidt dit wel nog tot een ontslag om medische redenen, en dus niet tot re-integratie bij de huidige werkgever. Maar dit is alvast beter dan arbeidsongeschikt blijven, want het opent mogelijkheden voor een job elders.\u201d<\/em><\/p>\n<p>Deze projectie is gebaseerd op de trends die zich aftekenen tot en met de maand juni in 2018. Bij onveranderde situatie op vlak van wetgeving, stimulansen door overheid, aanpak door ziekenfondsen, maatregelen door bedrijven en vakbonden, enz. gaan wij ervan uit dat het lange ziektepercentage voor het jaar 2018 zal landen in de buurt van het aangegeven cijfer.<\/p>\n<p><em>Over het onderzoek &#8211; Onderzoek van Securex bij 25.542 werkgevers en 201.976 werknemers in de Belgische priv\u00e9sector. Deze absente\u00efsmecijfers zijn representatief voor bedrijven tot 1000 werknemers in de Belgische priv\u00e9sector. \u00a0Uit de vergelijking met de RSZ-populatiegegevens blijkt dat de steekproef de Belgische arbeidsmarkt weerspiegelt voor het statuut, het geslacht, de leeftijd van werknemers, en voor de omvang van ondernemingen tot 1000 werknemers. Voor de regio\u2019s corrigeren we de absente\u00efsmecijfers met een wegingsfactor die specifiek is voor elke provincie.<\/em><\/p>\n","protected":false},"excerpt":{"rendered":"<p>Het absente\u00efsme blijft ook in 2018 stijgen. Zoals verwacht is er opnieuw een sterke stijging bij langdurig afwezigen. 41% van de afwezigen in de priv\u00e9sector is langer dan een jaar ziek. De stijging in het aantal langdurig afwezigen komt voor [&hellip;]<\/p>\n","protected":false},"author":3,"featured_media":0,"comment_status":"open","ping_status":"open","sticky":false,"template":"","format":"standard","meta":[],"categories":[3,4],"tags":[1378,851,223,97,1377,703],"yoast_head":"<!-- This site is optimized with the Yoast SEO plugin v20.12 - https:\/\/yoast.com\/wordpress\/plugins\/seo\/ -->\n<title>Absente\u00efsmecijfers 2018: 4 afwezigen op 10 langer dan een jaar ziek. - Peoplesphere<\/title>\n<meta name=\"robots\" content=\"index, follow, max-snippet:-1, max-image-preview:large, max-video-preview:-1\" \/>\n<link rel=\"canonical\" href=\"https:\/\/peoplesphere.be\/nl\/absenteismecijfers-2018-4-afwezigen-op-10-langer-dan-jaar-ziek\/\" \/>\n<meta property=\"og:locale\" content=\"nl_NL\" \/>\n<meta property=\"og:type\" content=\"article\" \/>\n<meta property=\"og:title\" content=\"Absente\u00efsmecijfers 2018: 4 afwezigen op 10 langer dan een jaar ziek. - Peoplesphere\" \/>\n<meta property=\"og:description\" content=\"Het absente\u00efsme blijft ook in 2018 stijgen. Zoals verwacht is er opnieuw een sterke stijging bij langdurig afwezigen. 41% van de afwezigen in de priv\u00e9sector is langer dan een jaar ziek. De stijging in het aantal langdurig afwezigen komt voor [&hellip;]\" \/>\n<meta property=\"og:url\" content=\"https:\/\/peoplesphere.be\/nl\/absenteismecijfers-2018-4-afwezigen-op-10-langer-dan-jaar-ziek\/\" \/>\n<meta property=\"og:site_name\" content=\"Peoplesphere\" \/>\n<meta property=\"article:publisher\" content=\"https:\/\/www.facebook.com\/peoplesphere\" \/>\n<meta property=\"article:published_time\" content=\"2018-10-19T05:02:22+00:00\" \/>\n<meta property=\"og:image\" content=\"http:\/\/www.peoplesphere.be\/nl\/wp-content\/uploads\/2016\/07\/facebook-default-posting-1200x628px.jpg\" \/>\n<meta name=\"author\" content=\"Jean-Paul Erhard\" \/>\n<meta name=\"twitter:card\" content=\"summary_large_image\" \/>\n<meta name=\"twitter:creator\" content=\"@PeoplesphereMag\" \/>\n<meta name=\"twitter:site\" content=\"@PeoplesphereMag\" \/>\n<meta name=\"twitter:label1\" content=\"Geschreven door\" \/>\n\t<meta name=\"twitter:data1\" content=\"Jean-Paul Erhard\" \/>\n\t<meta name=\"twitter:label2\" content=\"Geschatte leestijd\" \/>\n\t<meta name=\"twitter:data2\" content=\"3 minuten\" \/>\n<script type=\"application\/ld+json\" class=\"yoast-schema-graph\">{\"@context\":\"https:\/\/schema.org\",\"@graph\":[{\"@type\":\"WebPage\",\"@id\":\"https:\/\/peoplesphere.be\/nl\/absenteismecijfers-2018-4-afwezigen-op-10-langer-dan-jaar-ziek\/\",\"url\":\"https:\/\/peoplesphere.be\/nl\/absenteismecijfers-2018-4-afwezigen-op-10-langer-dan-jaar-ziek\/\",\"name\":\"Absente\u00efsmecijfers 2018: 4 afwezigen op 10 langer dan een jaar ziek. - Peoplesphere\",\"isPartOf\":{\"@id\":\"https:\/\/peoplesphere.be\/nl\/#website\"},\"datePublished\":\"2018-10-19T05:02:22+00:00\",\"dateModified\":\"2018-10-19T05:02:22+00:00\",\"author\":{\"@id\":\"https:\/\/peoplesphere.be\/nl\/#\/schema\/person\/0a1c21d8893dd9b9a2cd6e068b4e8cf5\"},\"breadcrumb\":{\"@id\":\"https:\/\/peoplesphere.be\/nl\/absenteismecijfers-2018-4-afwezigen-op-10-langer-dan-jaar-ziek\/#breadcrumb\"},\"inLanguage\":\"nl-NL\",\"potentialAction\":[{\"@type\":\"ReadAction\",\"target\":[\"https:\/\/peoplesphere.be\/nl\/absenteismecijfers-2018-4-afwezigen-op-10-langer-dan-jaar-ziek\/\"]}]},{\"@type\":\"BreadcrumbList\",\"@id\":\"https:\/\/peoplesphere.be\/nl\/absenteismecijfers-2018-4-afwezigen-op-10-langer-dan-jaar-ziek\/#breadcrumb\",\"itemListElement\":[{\"@type\":\"ListItem\",\"position\":1,\"name\":\"Accueil\",\"item\":\"https:\/\/peoplesphere.be\/nl\/\"},{\"@type\":\"ListItem\",\"position\":2,\"name\":\"Absente\u00efsmecijfers 2018: 4 afwezigen op 10 langer dan een jaar ziek.\"}]},{\"@type\":\"WebSite\",\"@id\":\"https:\/\/peoplesphere.be\/nl\/#website\",\"url\":\"https:\/\/peoplesphere.be\/nl\/\",\"name\":\"Peoplesphere\",\"description\":\"The People Managers Magazine\",\"potentialAction\":[{\"@type\":\"SearchAction\",\"target\":{\"@type\":\"EntryPoint\",\"urlTemplate\":\"https:\/\/peoplesphere.be\/nl\/?s={search_term_string}\"},\"query-input\":\"required name=search_term_string\"}],\"inLanguage\":\"nl-NL\"},{\"@type\":\"Person\",\"@id\":\"https:\/\/peoplesphere.be\/nl\/#\/schema\/person\/0a1c21d8893dd9b9a2cd6e068b4e8cf5\",\"name\":\"Jean-Paul Erhard\",\"image\":{\"@type\":\"ImageObject\",\"inLanguage\":\"nl-NL\",\"@id\":\"https:\/\/peoplesphere.be\/nl\/#\/schema\/person\/image\/\",\"url\":\"https:\/\/secure.gravatar.com\/avatar\/f941e681460179738071629a51574930?s=96&d=mm&r=g\",\"contentUrl\":\"https:\/\/secure.gravatar.com\/avatar\/f941e681460179738071629a51574930?s=96&d=mm&r=g\",\"caption\":\"Jean-Paul Erhard\"},\"url\":\"https:\/\/peoplesphere.be\/nl\/author\/jpe\/\"}]}<\/script>\n<!-- \/ Yoast SEO plugin. -->","yoast_head_json":{"title":"Absente\u00efsmecijfers 2018: 4 afwezigen op 10 langer dan een jaar ziek. - Peoplesphere","robots":{"index":"index","follow":"follow","max-snippet":"max-snippet:-1","max-image-preview":"max-image-preview:large","max-video-preview":"max-video-preview:-1"},"canonical":"https:\/\/peoplesphere.be\/nl\/absenteismecijfers-2018-4-afwezigen-op-10-langer-dan-jaar-ziek\/","og_locale":"nl_NL","og_type":"article","og_title":"Absente\u00efsmecijfers 2018: 4 afwezigen op 10 langer dan een jaar ziek. - Peoplesphere","og_description":"Het absente\u00efsme blijft ook in 2018 stijgen. Zoals verwacht is er opnieuw een sterke stijging bij langdurig afwezigen. 41% van de afwezigen in de priv\u00e9sector is langer dan een jaar ziek. De stijging in het aantal langdurig afwezigen komt voor [&hellip;]","og_url":"https:\/\/peoplesphere.be\/nl\/absenteismecijfers-2018-4-afwezigen-op-10-langer-dan-jaar-ziek\/","og_site_name":"Peoplesphere","article_publisher":"https:\/\/www.facebook.com\/peoplesphere","article_published_time":"2018-10-19T05:02:22+00:00","og_image":[{"url":"http:\/\/www.peoplesphere.be\/nl\/wp-content\/uploads\/2016\/07\/facebook-default-posting-1200x628px.jpg"}],"author":"Jean-Paul Erhard","twitter_card":"summary_large_image","twitter_creator":"@PeoplesphereMag","twitter_site":"@PeoplesphereMag","twitter_misc":{"Geschreven door":"Jean-Paul Erhard","Geschatte leestijd":"3 minuten"},"schema":{"@context":"https:\/\/schema.org","@graph":[{"@type":"WebPage","@id":"https:\/\/peoplesphere.be\/nl\/absenteismecijfers-2018-4-afwezigen-op-10-langer-dan-jaar-ziek\/","url":"https:\/\/peoplesphere.be\/nl\/absenteismecijfers-2018-4-afwezigen-op-10-langer-dan-jaar-ziek\/","name":"Absente\u00efsmecijfers 2018: 4 afwezigen op 10 langer dan een jaar ziek. - Peoplesphere","isPartOf":{"@id":"https:\/\/peoplesphere.be\/nl\/#website"},"datePublished":"2018-10-19T05:02:22+00:00","dateModified":"2018-10-19T05:02:22+00:00","author":{"@id":"https:\/\/peoplesphere.be\/nl\/#\/schema\/person\/0a1c21d8893dd9b9a2cd6e068b4e8cf5"},"breadcrumb":{"@id":"https:\/\/peoplesphere.be\/nl\/absenteismecijfers-2018-4-afwezigen-op-10-langer-dan-jaar-ziek\/#breadcrumb"},"inLanguage":"nl-NL","potentialAction":[{"@type":"ReadAction","target":["https:\/\/peoplesphere.be\/nl\/absenteismecijfers-2018-4-afwezigen-op-10-langer-dan-jaar-ziek\/"]}]},{"@type":"BreadcrumbList","@id":"https:\/\/peoplesphere.be\/nl\/absenteismecijfers-2018-4-afwezigen-op-10-langer-dan-jaar-ziek\/#breadcrumb","itemListElement":[{"@type":"ListItem","position":1,"name":"Accueil","item":"https:\/\/peoplesphere.be\/nl\/"},{"@type":"ListItem","position":2,"name":"Absente\u00efsmecijfers 2018: 4 afwezigen op 10 langer dan een jaar ziek."}]},{"@type":"WebSite","@id":"https:\/\/peoplesphere.be\/nl\/#website","url":"https:\/\/peoplesphere.be\/nl\/","name":"Peoplesphere","description":"The People Managers Magazine","potentialAction":[{"@type":"SearchAction","target":{"@type":"EntryPoint","urlTemplate":"https:\/\/peoplesphere.be\/nl\/?s={search_term_string}"},"query-input":"required name=search_term_string"}],"inLanguage":"nl-NL"},{"@type":"Person","@id":"https:\/\/peoplesphere.be\/nl\/#\/schema\/person\/0a1c21d8893dd9b9a2cd6e068b4e8cf5","name":"Jean-Paul Erhard","image":{"@type":"ImageObject","inLanguage":"nl-NL","@id":"https:\/\/peoplesphere.be\/nl\/#\/schema\/person\/image\/","url":"https:\/\/secure.gravatar.com\/avatar\/f941e681460179738071629a51574930?s=96&d=mm&r=g","contentUrl":"https:\/\/secure.gravatar.com\/avatar\/f941e681460179738071629a51574930?s=96&d=mm&r=g","caption":"Jean-Paul Erhard"},"url":"https:\/\/peoplesphere.be\/nl\/author\/jpe\/"}]}},"_links":{"self":[{"href":"https:\/\/peoplesphere.be\/nl\/wp-json\/wp\/v2\/posts\/4313"}],"collection":[{"href":"https:\/\/peoplesphere.be\/nl\/wp-json\/wp\/v2\/posts"}],"about":[{"href":"https:\/\/peoplesphere.be\/nl\/wp-json\/wp\/v2\/types\/post"}],"author":[{"embeddable":true,"href":"https:\/\/peoplesphere.be\/nl\/wp-json\/wp\/v2\/users\/3"}],"replies":[{"embeddable":true,"href":"https:\/\/peoplesphere.be\/nl\/wp-json\/wp\/v2\/comments?post=4313"}],"version-history":[{"count":1,"href":"https:\/\/peoplesphere.be\/nl\/wp-json\/wp\/v2\/posts\/4313\/revisions"}],"predecessor-version":[{"id":4314,"href":"https:\/\/peoplesphere.be\/nl\/wp-json\/wp\/v2\/posts\/4313\/revisions\/4314"}],"wp:attachment":[{"href":"https:\/\/peoplesphere.be\/nl\/wp-json\/wp\/v2\/media?parent=4313"}],"wp:term":[{"taxonomy":"category","embeddable":true,"href":"https:\/\/peoplesphere.be\/nl\/wp-json\/wp\/v2\/categories?post=4313"},{"taxonomy":"post_tag","embeddable":true,"href":"https:\/\/peoplesphere.be\/nl\/wp-json\/wp\/v2\/tags?post=4313"}],"curies":[{"name":"wp","href":"https:\/\/api.w.org\/{rel}","templated":true}]}}