











{"id":4381,"date":"2018-11-05T07:43:25","date_gmt":"2018-11-05T06:43:25","guid":{"rendered":"http:\/\/www.peoplesphere.be\/nl\/?p=4381"},"modified":"2018-11-05T07:43:25","modified_gmt":"2018-11-05T06:43:25","slug":"kwart-belgen-krijgt-op-zondagavond-al-slecht-gevoel-werk","status":"publish","type":"post","link":"https:\/\/peoplesphere.be\/nl\/kwart-belgen-krijgt-op-zondagavond-al-slecht-gevoel-werk\/","title":{"rendered":"Een kwart van de Belgen krijgt op zondagavond al een slecht gevoel door het werk."},"content":{"rendered":"<p>Meer dan de helft (51,2%) van de Belgen heeft regelmatig last van een negatief buikgevoel op het werk. E\u00e9n op de tien Belgen voelt zich zelfs elke dag slecht in zijn vel omwille van het werk. En meer dan een kwart (26,3%) van de Belgen krijgt op zondagavond al een slecht gevoel omdat hij\/zij de volgende dag moet gaan werken. Alarmerende cijfers, zeker omdat 73% van de ongelukkige werknemers geen stappen zet om op zoek te gaan naar een nieuwe job.<!--more--><\/p>\n<p>Dat blijkt uit cijfers van HR-dienstverlener Agilitas, het vroegere t-interim. Vooral jonge Belgen onder de 34 hebben last van een negatief buikgevoel op het werk. 58,5% van de jonge Belgen voelt zich maandelijks slecht in zijn vel op het werk. De belangrijkste reden hiervoor is het zich niet gewaardeerd voelen op het werk. Ook een onevenwichtige work-life balans speelt een grote rol. Met deze confronterende cijfers roept Agilitas werknemers op om meer te luisteren naar hun buikgevoel. Want je goed voelen op je werk is volgens Agilitas een belangrijke drijfveer voor meer (werk)geluk en dus uiteindelijk ook voor een goed functionerende economie.<\/p>\n<p><em><strong>Vooral jonge Belgen onder de 34 voelen zich slecht op het werk.<\/strong><\/em><\/p>\n<p>Waar 58,5% van de jonge Belgen aangeeft zich minstens 1 keer per maand slecht te voelen op het werk, is dit voor 35- tot 49-jarigen 49,7% en voor 50-plussers zelfs 46%. Jonge Belgen voelen zich dus beduidend slechter op het werk dan iets oudere werknemers.<\/p>\n<p>Leen Martens, woordvoerder Agilitas, verklaart: \u201c<em>Er is duidelijk sprake van een mismatch tussen de verwachtingen van jonge Belgen en die van vele werkgevers. En dan gaat het niet enkel over de taken die je elke dag uitvoert, maar ook over je persoonlijkheid en de bedrijfscultuur. Al die zaken moeten perfect met elkaar matchen. Pas jij eerder bij een bedrijf met een losse sfeer waar je je eigen weg moet zoeken of eerder in een resultaatgerichte cultuur met veel uitdaging?\u201d\u00a0<\/em><\/p>\n<p>Televisiemaker Steven Van Herreweghe bevestigt: \u2018<em>Mijn buikgevoel is een enorm belangrijke barometer voor beslissingen die ik op elk vlak in mijn leven neem. Dat is mijn \u2018compagnon de route\u2019 die me in principe nooit in de steek laat. Er zijn momenten geweest waarop ik niet naar mijn buikgevoel luisterde. Maar dat was niet de juiste beslissing, dat heb ik achteraf wel ingezien.\u2019<\/em><\/p>\n<p><strong><em>De helft van de Belgen legt zich neer bij een negatief buikgevoel.<\/em><\/strong><\/p>\n<p>En toch is de grote meerderheid van de Belgen die zich wel eens slecht voelen op het werk, niet op zoek naar een nieuwe job. Meer dan de helft (53,3%) van de Belgen heeft er eigenlijk al vrede mee genomen dat het werk hen vaak een slecht buikgevoel geeft. 73,1% onderneemt geen stappen om op zoek te gaan naar een nieuwe job.<\/p>\n<p>Dit is alarmerend, volgens Leen Martens: <em>\u2018Uit deze cijfers blijkt dat heel wat mensen hun buikgevoel niet volgen als het gaat over werk. Nochtans speelt je goed voelen in je job een belangrijke rol in ons algemeen geluksgevoel. Vandaar onze oproep om meer te luisteren naar je buikgevoel en te gaan voor een job die perfect aansluit bij je noden en ambities. We zijn ervan overtuigd dat mensen die op basis van hun buikgevoel een keuze maken veel bewuster in het leven staan, hun talenten echt benutten, meer bijleren, productiever zijn en vooral gelukkiger zijn.\u2019<\/em><\/p>\n<p>Steven Van Herreweghe getuigt: <em>\u2018Elk jaar moet ik wel bepaalde keuzes maken over wat ik ga doen volgend jaar. Je kan heel veel keuzes heel beredeneerd maken op basis van status, geld, carri\u00e8re&#8230; Maar uiteindelijk gaat het wel over \u00e9\u00e9n ding: \u2018Doe ik het graag?\u2019 Wetende dat ik morgen kan doodvallen en dat het misschien de laatste opdracht is die ik doe. Daarom vind ik het wel belangrijk om iets te doen waar ik mij 200% goed bij voel.\u2019<\/em><\/p>\n<p><strong><em>14,3% van de Belgische werknemers voelt zich niet gewaardeerd<\/em><\/strong><\/p>\n<p>De grootste reden voor het negatief buikgevoel op het werk is het zich niet gewaardeerd voelen. Daarna volgen strakke deadlines, veeleisende klanten en filestress. Ook de onevenwichtige work- life balans is voor veel Belgen een factor die leidt tot een negatief buikgevoel.<\/p>\n<p><strong><em>Top 5 redenen voor een slecht buikgevoel op het werk:<\/em><\/strong><br \/>\n&#8211; Ik voel me niet gewaardeerd op het werk: 14,3%<br \/>\n&#8211; Strakke deadlines: 13%<br \/>\n&#8211; Veeleisende klanten: 12,3%<br \/>\n&#8211; De weg van en naar het werk is stresserend (files, openbaar vervoer): 11,8%<br \/>\n&#8211; Mijn work-life balans is niet in evenwicht: 11,6%<\/p>\n<p><em>Over het onderzoek &#8211; online uitgevoerd door onderzoeksbureau iVOX in opdracht van Agilitas tussen 1 en 6 oktober bij 650 werkende Belgen, representatief op regio, geslacht, leeftijd en diploma. De maximale foutmarge bedraagt 3,78%.<\/em><\/p>\n","protected":false},"excerpt":{"rendered":"<p>Meer dan de helft (51,2%) van de Belgen heeft regelmatig last van een negatief buikgevoel op het werk. E\u00e9n op de tien Belgen voelt zich zelfs elke dag slecht in zijn vel omwille van het werk. En meer dan een [&hellip;]<\/p>\n","protected":false},"author":3,"featured_media":0,"comment_status":"open","ping_status":"open","sticky":false,"template":"","format":"standard","meta":[],"categories":[3,4],"tags":[1388,1412,996,64,1413],"yoast_head":"<!-- This site is optimized with the Yoast SEO plugin v20.12 - https:\/\/yoast.com\/wordpress\/plugins\/seo\/ -->\n<title>Een kwart van de Belgen krijgt op zondagavond al een slecht gevoel door het werk. - Peoplesphere<\/title>\n<meta name=\"robots\" content=\"index, follow, max-snippet:-1, max-image-preview:large, max-video-preview:-1\" \/>\n<link rel=\"canonical\" href=\"https:\/\/peoplesphere.be\/nl\/kwart-belgen-krijgt-op-zondagavond-al-slecht-gevoel-werk\/\" \/>\n<meta property=\"og:locale\" content=\"nl_NL\" \/>\n<meta property=\"og:type\" content=\"article\" \/>\n<meta property=\"og:title\" content=\"Een kwart van de Belgen krijgt op zondagavond al een slecht gevoel door het werk. - Peoplesphere\" \/>\n<meta property=\"og:description\" content=\"Meer dan de helft (51,2%) van de Belgen heeft regelmatig last van een negatief buikgevoel op het werk. E\u00e9n op de tien Belgen voelt zich zelfs elke dag slecht in zijn vel omwille van het werk. En meer dan een [&hellip;]\" \/>\n<meta property=\"og:url\" content=\"https:\/\/peoplesphere.be\/nl\/kwart-belgen-krijgt-op-zondagavond-al-slecht-gevoel-werk\/\" \/>\n<meta property=\"og:site_name\" content=\"Peoplesphere\" \/>\n<meta property=\"article:publisher\" content=\"https:\/\/www.facebook.com\/peoplesphere\" \/>\n<meta property=\"article:published_time\" content=\"2018-11-05T06:43:25+00:00\" \/>\n<meta property=\"og:image\" content=\"http:\/\/www.peoplesphere.be\/nl\/wp-content\/uploads\/2016\/07\/facebook-default-posting-1200x628px.jpg\" \/>\n<meta name=\"author\" content=\"Jean-Paul Erhard\" \/>\n<meta name=\"twitter:card\" content=\"summary_large_image\" \/>\n<meta name=\"twitter:creator\" content=\"@PeoplesphereMag\" \/>\n<meta name=\"twitter:site\" content=\"@PeoplesphereMag\" \/>\n<meta name=\"twitter:label1\" content=\"Geschreven door\" \/>\n\t<meta name=\"twitter:data1\" content=\"Jean-Paul Erhard\" \/>\n\t<meta name=\"twitter:label2\" content=\"Geschatte leestijd\" \/>\n\t<meta name=\"twitter:data2\" content=\"4 minuten\" \/>\n<script type=\"application\/ld+json\" class=\"yoast-schema-graph\">{\"@context\":\"https:\/\/schema.org\",\"@graph\":[{\"@type\":\"WebPage\",\"@id\":\"https:\/\/peoplesphere.be\/nl\/kwart-belgen-krijgt-op-zondagavond-al-slecht-gevoel-werk\/\",\"url\":\"https:\/\/peoplesphere.be\/nl\/kwart-belgen-krijgt-op-zondagavond-al-slecht-gevoel-werk\/\",\"name\":\"Een kwart van de Belgen krijgt op zondagavond al een slecht gevoel door het werk. - Peoplesphere\",\"isPartOf\":{\"@id\":\"https:\/\/peoplesphere.be\/nl\/#website\"},\"datePublished\":\"2018-11-05T06:43:25+00:00\",\"dateModified\":\"2018-11-05T06:43:25+00:00\",\"author\":{\"@id\":\"https:\/\/peoplesphere.be\/nl\/#\/schema\/person\/0a1c21d8893dd9b9a2cd6e068b4e8cf5\"},\"breadcrumb\":{\"@id\":\"https:\/\/peoplesphere.be\/nl\/kwart-belgen-krijgt-op-zondagavond-al-slecht-gevoel-werk\/#breadcrumb\"},\"inLanguage\":\"nl-NL\",\"potentialAction\":[{\"@type\":\"ReadAction\",\"target\":[\"https:\/\/peoplesphere.be\/nl\/kwart-belgen-krijgt-op-zondagavond-al-slecht-gevoel-werk\/\"]}]},{\"@type\":\"BreadcrumbList\",\"@id\":\"https:\/\/peoplesphere.be\/nl\/kwart-belgen-krijgt-op-zondagavond-al-slecht-gevoel-werk\/#breadcrumb\",\"itemListElement\":[{\"@type\":\"ListItem\",\"position\":1,\"name\":\"Accueil\",\"item\":\"https:\/\/peoplesphere.be\/nl\/\"},{\"@type\":\"ListItem\",\"position\":2,\"name\":\"Een kwart van de Belgen krijgt op zondagavond al een slecht gevoel door het werk.\"}]},{\"@type\":\"WebSite\",\"@id\":\"https:\/\/peoplesphere.be\/nl\/#website\",\"url\":\"https:\/\/peoplesphere.be\/nl\/\",\"name\":\"Peoplesphere\",\"description\":\"The People Managers Magazine\",\"potentialAction\":[{\"@type\":\"SearchAction\",\"target\":{\"@type\":\"EntryPoint\",\"urlTemplate\":\"https:\/\/peoplesphere.be\/nl\/?s={search_term_string}\"},\"query-input\":\"required name=search_term_string\"}],\"inLanguage\":\"nl-NL\"},{\"@type\":\"Person\",\"@id\":\"https:\/\/peoplesphere.be\/nl\/#\/schema\/person\/0a1c21d8893dd9b9a2cd6e068b4e8cf5\",\"name\":\"Jean-Paul Erhard\",\"image\":{\"@type\":\"ImageObject\",\"inLanguage\":\"nl-NL\",\"@id\":\"https:\/\/peoplesphere.be\/nl\/#\/schema\/person\/image\/\",\"url\":\"https:\/\/secure.gravatar.com\/avatar\/f941e681460179738071629a51574930?s=96&d=mm&r=g\",\"contentUrl\":\"https:\/\/secure.gravatar.com\/avatar\/f941e681460179738071629a51574930?s=96&d=mm&r=g\",\"caption\":\"Jean-Paul Erhard\"},\"url\":\"https:\/\/peoplesphere.be\/nl\/author\/jpe\/\"}]}<\/script>\n<!-- \/ Yoast SEO plugin. -->","yoast_head_json":{"title":"Een kwart van de Belgen krijgt op zondagavond al een slecht gevoel door het werk. - Peoplesphere","robots":{"index":"index","follow":"follow","max-snippet":"max-snippet:-1","max-image-preview":"max-image-preview:large","max-video-preview":"max-video-preview:-1"},"canonical":"https:\/\/peoplesphere.be\/nl\/kwart-belgen-krijgt-op-zondagavond-al-slecht-gevoel-werk\/","og_locale":"nl_NL","og_type":"article","og_title":"Een kwart van de Belgen krijgt op zondagavond al een slecht gevoel door het werk. - Peoplesphere","og_description":"Meer dan de helft (51,2%) van de Belgen heeft regelmatig last van een negatief buikgevoel op het werk. E\u00e9n op de tien Belgen voelt zich zelfs elke dag slecht in zijn vel omwille van het werk. En meer dan een [&hellip;]","og_url":"https:\/\/peoplesphere.be\/nl\/kwart-belgen-krijgt-op-zondagavond-al-slecht-gevoel-werk\/","og_site_name":"Peoplesphere","article_publisher":"https:\/\/www.facebook.com\/peoplesphere","article_published_time":"2018-11-05T06:43:25+00:00","og_image":[{"url":"http:\/\/www.peoplesphere.be\/nl\/wp-content\/uploads\/2016\/07\/facebook-default-posting-1200x628px.jpg"}],"author":"Jean-Paul Erhard","twitter_card":"summary_large_image","twitter_creator":"@PeoplesphereMag","twitter_site":"@PeoplesphereMag","twitter_misc":{"Geschreven door":"Jean-Paul Erhard","Geschatte leestijd":"4 minuten"},"schema":{"@context":"https:\/\/schema.org","@graph":[{"@type":"WebPage","@id":"https:\/\/peoplesphere.be\/nl\/kwart-belgen-krijgt-op-zondagavond-al-slecht-gevoel-werk\/","url":"https:\/\/peoplesphere.be\/nl\/kwart-belgen-krijgt-op-zondagavond-al-slecht-gevoel-werk\/","name":"Een kwart van de Belgen krijgt op zondagavond al een slecht gevoel door het werk. - Peoplesphere","isPartOf":{"@id":"https:\/\/peoplesphere.be\/nl\/#website"},"datePublished":"2018-11-05T06:43:25+00:00","dateModified":"2018-11-05T06:43:25+00:00","author":{"@id":"https:\/\/peoplesphere.be\/nl\/#\/schema\/person\/0a1c21d8893dd9b9a2cd6e068b4e8cf5"},"breadcrumb":{"@id":"https:\/\/peoplesphere.be\/nl\/kwart-belgen-krijgt-op-zondagavond-al-slecht-gevoel-werk\/#breadcrumb"},"inLanguage":"nl-NL","potentialAction":[{"@type":"ReadAction","target":["https:\/\/peoplesphere.be\/nl\/kwart-belgen-krijgt-op-zondagavond-al-slecht-gevoel-werk\/"]}]},{"@type":"BreadcrumbList","@id":"https:\/\/peoplesphere.be\/nl\/kwart-belgen-krijgt-op-zondagavond-al-slecht-gevoel-werk\/#breadcrumb","itemListElement":[{"@type":"ListItem","position":1,"name":"Accueil","item":"https:\/\/peoplesphere.be\/nl\/"},{"@type":"ListItem","position":2,"name":"Een kwart van de Belgen krijgt op zondagavond al een slecht gevoel door het werk."}]},{"@type":"WebSite","@id":"https:\/\/peoplesphere.be\/nl\/#website","url":"https:\/\/peoplesphere.be\/nl\/","name":"Peoplesphere","description":"The People Managers Magazine","potentialAction":[{"@type":"SearchAction","target":{"@type":"EntryPoint","urlTemplate":"https:\/\/peoplesphere.be\/nl\/?s={search_term_string}"},"query-input":"required name=search_term_string"}],"inLanguage":"nl-NL"},{"@type":"Person","@id":"https:\/\/peoplesphere.be\/nl\/#\/schema\/person\/0a1c21d8893dd9b9a2cd6e068b4e8cf5","name":"Jean-Paul Erhard","image":{"@type":"ImageObject","inLanguage":"nl-NL","@id":"https:\/\/peoplesphere.be\/nl\/#\/schema\/person\/image\/","url":"https:\/\/secure.gravatar.com\/avatar\/f941e681460179738071629a51574930?s=96&d=mm&r=g","contentUrl":"https:\/\/secure.gravatar.com\/avatar\/f941e681460179738071629a51574930?s=96&d=mm&r=g","caption":"Jean-Paul Erhard"},"url":"https:\/\/peoplesphere.be\/nl\/author\/jpe\/"}]}},"_links":{"self":[{"href":"https:\/\/peoplesphere.be\/nl\/wp-json\/wp\/v2\/posts\/4381"}],"collection":[{"href":"https:\/\/peoplesphere.be\/nl\/wp-json\/wp\/v2\/posts"}],"about":[{"href":"https:\/\/peoplesphere.be\/nl\/wp-json\/wp\/v2\/types\/post"}],"author":[{"embeddable":true,"href":"https:\/\/peoplesphere.be\/nl\/wp-json\/wp\/v2\/users\/3"}],"replies":[{"embeddable":true,"href":"https:\/\/peoplesphere.be\/nl\/wp-json\/wp\/v2\/comments?post=4381"}],"version-history":[{"count":1,"href":"https:\/\/peoplesphere.be\/nl\/wp-json\/wp\/v2\/posts\/4381\/revisions"}],"predecessor-version":[{"id":4382,"href":"https:\/\/peoplesphere.be\/nl\/wp-json\/wp\/v2\/posts\/4381\/revisions\/4382"}],"wp:attachment":[{"href":"https:\/\/peoplesphere.be\/nl\/wp-json\/wp\/v2\/media?parent=4381"}],"wp:term":[{"taxonomy":"category","embeddable":true,"href":"https:\/\/peoplesphere.be\/nl\/wp-json\/wp\/v2\/categories?post=4381"},{"taxonomy":"post_tag","embeddable":true,"href":"https:\/\/peoplesphere.be\/nl\/wp-json\/wp\/v2\/tags?post=4381"}],"curies":[{"name":"wp","href":"https:\/\/api.w.org\/{rel}","templated":true}]}}