











{"id":4437,"date":"2018-11-20T10:48:54","date_gmt":"2018-11-20T09:48:54","guid":{"rendered":"http:\/\/www.peoplesphere.be\/nl\/?p=4437"},"modified":"2018-11-20T10:48:54","modified_gmt":"2018-11-20T09:48:54","slug":"kmo-jobindex-vlaamse-jobcreatie-daalde-tijdens-zomermaanden-wel-meer-tewerkstelling-brussel","status":"publish","type":"post","link":"https:\/\/peoplesphere.be\/nl\/kmo-jobindex-vlaamse-jobcreatie-daalde-tijdens-zomermaanden-wel-meer-tewerkstelling-brussel\/","title":{"rendered":"KMO-jobindex: vlaamse jobcreatie daalde tijdens de zomermaanden, wel meer tewerkstelling in Brussel."},"content":{"rendered":"<p>De kmo-jobindex van SD Worx kent in het derde kwartaal van 2018 een lichte terugval, na twee opeenvolgende kwartaalstijgingen (+0,2% en +0,9%) en de recordstijging van het eerste kwartaal. Met 115,8 punten is de index van de tewerkstelling bij Belgische bedrijven tot 100 werknemers nu 0,3% lager dan het vorige kwartaal. De daling is te wijten aan het gebrek aan jobcreatie in Vlaanderen in de zomermaanden juli en augustus. De tewerkstelling in Brussel bleef stabiel en Walloni\u00eb kende een lichte vooruitgang.\u00a0<!--more--><\/p>\n<p>De jobgroei in Q3 van 2018 verschilt in de drie Belgische regio\u2019s: net als vorige kwartalen stijgen zowel Brussel als Walloni\u00eb, dit keer met resp. 0,1% en 0,3%. Vlaanderen kende het afgelopen kwartaal daarentegen een daling van 0,7%.<\/p>\n<p><strong><em>Juli en augustus wegen dit jaar negatief op jobcreatie<\/em><\/strong><\/p>\n<p>De maanden juli en augustus hebben dit jaar een negatieve impact gehad op de jobcreatie. In Vlaanderen was deze invloed groter dan in Walloni\u00eb en Brussel.<br \/>\nAnnelies Rottiers, strategisch adviseur kmo\u2019s bij SD Worx verduidelijkt: <em>\u201cEen terugval in juli en augustus is niet ongewoon. Dit vakantie of \u2018zomer\u2019 effect speelde dit jaar wel dubbel zo lang in Vlaanderen dan in Brussel en Walloni\u00eb. De tewerkstellingsgroei van september stemt ons alvast positief. Als de stijging van september zich verder doorzet in het vierde kwartaal hopen we dat we in het jaar 2018 toch een positieve jaarevolutie kunnen optekenen bij onze kmo\u2019s in alle regio\u2019s. We weten uit onze bevraging met betrekking tot de aanwervingsintenties dat kmo\u2019s deze zomer wel wilden aanwerven, maar we zien nu dat dit niet meteen heeft geresulteerd in een invulling van de vacatures. De \u2018war for talent\u2019 stelt kmo\u2019s voor een dubbele uitdaging: sneller gekwalificeerd personeel vinden \u00e9n de werkkrachten dan ook behouden met een aantrekkelijke verloning. Tussen droom en daad ligt nog een wereld van verschil.\u201d<\/em><\/p>\n<p><strong><em>Brussel blijft koploper in de jaarevolutie<\/em><\/strong><\/p>\n<p>De jaarevolutie of de evolutie over de laatste vier kwartalen bedraagt 2,8% groei voor Brussel, 0,6% groei voor Walloni\u00eb, en -0,2% voor Vlaanderen. De tewerkstelling in Walloni\u00eb kwam dit jaar traag op gang maar tekende de voorbije twaalf maanden toch 0,6% groei op. Net zoals Vlaanderen (+1,2%) kende ook Brussel in het eerste kwartaal een sterke jobgroei van 1,5%, terwijl het Waals Gewest gelijk bleef (+0,0%).<br \/>\nIn Vlaanderen spant Antwerpen de kroon: +0,3%. Gemiddeld geeft dit voor Belgi\u00eb een positieve jaarevolutie van 0,5%.<\/p>\n<p><strong><em>Lichte terugval in totale Belgische evolutie<\/em><\/strong><\/p>\n<p>De kmo-jobindex van SD Worx onderzoekt sinds 2006 de evolutie van de structurele tewerkstelling binnen de Belgische kmo\u2019s (bedrijven met minder dan 100 medewerkers). Op dit ogenblik meet de kmo-jobindex 115,8; wat betekent dat er sinds 1 januari 2005 15,8% meer medewerkers tewerkgesteld zijn binnen de Belgische kmo\u2019s. In vergelijking met het vorig kwartaal stellen we wel vast dat de tewerkstelling bij Belgische bedrijven tot 100 werknemers een lichte terugval kende (-0,3%).<br \/>\n<em>\u201cOpvallend is dat de jobaangroei ten opzichte van het tweede kwartaal zich niet alleen situeert bij de 55-plussers maar ook bij de -25 jarigen (de jobgroei bij de -25 jarigen is een kwart sterker in vergelijking met de 55-plussers), en meer uitgesproken is bij arbeiders in Brussel en bij de bedienden in Vlaanderen. Voltijdse aangroei domineert maar in Walloni\u00eb zien we vooral groei in deeltijdse jobs. In Walloni\u00eb is er een positief effect bij kmo\u2019s van minder dan 20 werknemers en de iets grotere kmo\u2019s (tot 50 werknemers). In Brussel vooral bij kmo\u2019s van minder dan 20 werknemers\u201d,<\/em> verklaart Annelies Rottiers, strategisch adviseur kmo\u2019s bij SD Worx.<\/p>\n<p>Ten opzichte van vorig kwartaal neemt de tewerkstelling af in de primaire en secundaire sector in Vlaanderen en Walloni\u00eb, terwijl de diensten in commerci\u00eble en niet-commerci\u00eble sectoren nog toenemen. Voor Walloni\u00eb gaat dat bv. om diensten in verband met gebouwen en landschapsverzorging, architecten en ingenieurs, alsook het ontwerpen en programmeren van computerprogramma\u2019s, financi\u00eble diensten maar evenzeer om eet- en drinkgelegenheden. In Vlaanderen zien we een vooruitgang in sectoren als Ontwerpen en programmeren van computerprogramma\u2019s of computerconsultancy, maar ook bij de Informatiediensten, bedrijfsbeheer, juridisch en boekhoudkundig advies en administratieve en ondersteunende activiteiten voor kantoren.<\/p>\n<p>In Brussel zien we de tewerkstelling in de industrie (vooral bouw) wel toenemen en groeide de quartaire sector (diensten in niet-commerci\u00eble sectoren) niet. Ook in Brussel zijn er t.o.v. vorig kwartaal meer aanwervingen in sectoren als het ontwerpen en programmeren van computerprogramma\u2019s, telecom, financi\u00eble diensten, diensten in verband met gebouwen en landschapsverzorging, architecten en ingenieurs. Ook het verschaffen van accommodatie doet het beter qua tewerkstelling. Daarbij komen nog administratieve en ondersteunende activiteiten ten behoeve van kantoren en terbeschikkingstelling van personeel.<\/p>\n<p><em>De kmo-jobindex van SD Worx geeft sinds 2006 de evolutie aan van de structurele tewerkstelling in kmo\u2019s (bedrijven tot honderd medewerkers). Structurele tewerkstelling houdt in dat tijdelijke tewerkstelling, zoals interim- en studentenjobs, niet in het onderzoek zijn opgenomen. De jobindex is gebaseerd op een steekproef van meer dan 20.000 ondernemingen, die samen meer dan 200.000 personen tewerkstellen.<\/em><\/p>\n","protected":false},"excerpt":{"rendered":"<p>De kmo-jobindex van SD Worx kent in het derde kwartaal van 2018 een lichte terugval, na twee opeenvolgende kwartaalstijgingen (+0,2% en +0,9%) en de recordstijging van het eerste kwartaal. Met 115,8 punten is de index van de tewerkstelling bij Belgische [&hellip;]<\/p>\n","protected":false},"author":3,"featured_media":0,"comment_status":"open","ping_status":"open","sticky":false,"template":"","format":"standard","meta":[],"categories":[3,4],"tags":[1440,35,665,154],"yoast_head":"<!-- This site is optimized with the Yoast SEO plugin v20.12 - https:\/\/yoast.com\/wordpress\/plugins\/seo\/ -->\n<title>KMO-jobindex: vlaamse jobcreatie daalde tijdens de zomermaanden, wel meer tewerkstelling in Brussel. - Peoplesphere<\/title>\n<meta name=\"robots\" content=\"index, follow, max-snippet:-1, max-image-preview:large, max-video-preview:-1\" \/>\n<link rel=\"canonical\" href=\"https:\/\/peoplesphere.be\/nl\/kmo-jobindex-vlaamse-jobcreatie-daalde-tijdens-zomermaanden-wel-meer-tewerkstelling-brussel\/\" \/>\n<meta property=\"og:locale\" content=\"nl_NL\" \/>\n<meta property=\"og:type\" content=\"article\" \/>\n<meta property=\"og:title\" content=\"KMO-jobindex: vlaamse jobcreatie daalde tijdens de zomermaanden, wel meer tewerkstelling in Brussel. - Peoplesphere\" \/>\n<meta property=\"og:description\" content=\"De kmo-jobindex van SD Worx kent in het derde kwartaal van 2018 een lichte terugval, na twee opeenvolgende kwartaalstijgingen (+0,2% en +0,9%) en de recordstijging van het eerste kwartaal. Met 115,8 punten is de index van de tewerkstelling bij Belgische [&hellip;]\" \/>\n<meta property=\"og:url\" content=\"https:\/\/peoplesphere.be\/nl\/kmo-jobindex-vlaamse-jobcreatie-daalde-tijdens-zomermaanden-wel-meer-tewerkstelling-brussel\/\" \/>\n<meta property=\"og:site_name\" content=\"Peoplesphere\" \/>\n<meta property=\"article:publisher\" content=\"https:\/\/www.facebook.com\/peoplesphere\" \/>\n<meta property=\"article:published_time\" content=\"2018-11-20T09:48:54+00:00\" \/>\n<meta property=\"og:image\" content=\"http:\/\/www.peoplesphere.be\/nl\/wp-content\/uploads\/2016\/07\/facebook-default-posting-1200x628px.jpg\" \/>\n<meta name=\"author\" content=\"Jean-Paul Erhard\" \/>\n<meta name=\"twitter:card\" content=\"summary_large_image\" \/>\n<meta name=\"twitter:creator\" content=\"@PeoplesphereMag\" \/>\n<meta name=\"twitter:site\" content=\"@PeoplesphereMag\" \/>\n<meta name=\"twitter:label1\" content=\"Geschreven door\" \/>\n\t<meta name=\"twitter:data1\" content=\"Jean-Paul Erhard\" \/>\n\t<meta name=\"twitter:label2\" content=\"Geschatte leestijd\" \/>\n\t<meta name=\"twitter:data2\" content=\"4 minuten\" \/>\n<script type=\"application\/ld+json\" class=\"yoast-schema-graph\">{\"@context\":\"https:\/\/schema.org\",\"@graph\":[{\"@type\":\"WebPage\",\"@id\":\"https:\/\/peoplesphere.be\/nl\/kmo-jobindex-vlaamse-jobcreatie-daalde-tijdens-zomermaanden-wel-meer-tewerkstelling-brussel\/\",\"url\":\"https:\/\/peoplesphere.be\/nl\/kmo-jobindex-vlaamse-jobcreatie-daalde-tijdens-zomermaanden-wel-meer-tewerkstelling-brussel\/\",\"name\":\"KMO-jobindex: vlaamse jobcreatie daalde tijdens de zomermaanden, wel meer tewerkstelling in Brussel. - Peoplesphere\",\"isPartOf\":{\"@id\":\"https:\/\/peoplesphere.be\/nl\/#website\"},\"datePublished\":\"2018-11-20T09:48:54+00:00\",\"dateModified\":\"2018-11-20T09:48:54+00:00\",\"author\":{\"@id\":\"https:\/\/peoplesphere.be\/nl\/#\/schema\/person\/0a1c21d8893dd9b9a2cd6e068b4e8cf5\"},\"breadcrumb\":{\"@id\":\"https:\/\/peoplesphere.be\/nl\/kmo-jobindex-vlaamse-jobcreatie-daalde-tijdens-zomermaanden-wel-meer-tewerkstelling-brussel\/#breadcrumb\"},\"inLanguage\":\"nl-NL\",\"potentialAction\":[{\"@type\":\"ReadAction\",\"target\":[\"https:\/\/peoplesphere.be\/nl\/kmo-jobindex-vlaamse-jobcreatie-daalde-tijdens-zomermaanden-wel-meer-tewerkstelling-brussel\/\"]}]},{\"@type\":\"BreadcrumbList\",\"@id\":\"https:\/\/peoplesphere.be\/nl\/kmo-jobindex-vlaamse-jobcreatie-daalde-tijdens-zomermaanden-wel-meer-tewerkstelling-brussel\/#breadcrumb\",\"itemListElement\":[{\"@type\":\"ListItem\",\"position\":1,\"name\":\"Accueil\",\"item\":\"https:\/\/peoplesphere.be\/nl\/\"},{\"@type\":\"ListItem\",\"position\":2,\"name\":\"KMO-jobindex: vlaamse jobcreatie daalde tijdens de zomermaanden, wel meer tewerkstelling in Brussel.\"}]},{\"@type\":\"WebSite\",\"@id\":\"https:\/\/peoplesphere.be\/nl\/#website\",\"url\":\"https:\/\/peoplesphere.be\/nl\/\",\"name\":\"Peoplesphere\",\"description\":\"The People Managers Magazine\",\"potentialAction\":[{\"@type\":\"SearchAction\",\"target\":{\"@type\":\"EntryPoint\",\"urlTemplate\":\"https:\/\/peoplesphere.be\/nl\/?s={search_term_string}\"},\"query-input\":\"required name=search_term_string\"}],\"inLanguage\":\"nl-NL\"},{\"@type\":\"Person\",\"@id\":\"https:\/\/peoplesphere.be\/nl\/#\/schema\/person\/0a1c21d8893dd9b9a2cd6e068b4e8cf5\",\"name\":\"Jean-Paul Erhard\",\"image\":{\"@type\":\"ImageObject\",\"inLanguage\":\"nl-NL\",\"@id\":\"https:\/\/peoplesphere.be\/nl\/#\/schema\/person\/image\/\",\"url\":\"https:\/\/secure.gravatar.com\/avatar\/f941e681460179738071629a51574930?s=96&d=mm&r=g\",\"contentUrl\":\"https:\/\/secure.gravatar.com\/avatar\/f941e681460179738071629a51574930?s=96&d=mm&r=g\",\"caption\":\"Jean-Paul Erhard\"},\"url\":\"https:\/\/peoplesphere.be\/nl\/author\/jpe\/\"}]}<\/script>\n<!-- \/ Yoast SEO plugin. -->","yoast_head_json":{"title":"KMO-jobindex: vlaamse jobcreatie daalde tijdens de zomermaanden, wel meer tewerkstelling in Brussel. - Peoplesphere","robots":{"index":"index","follow":"follow","max-snippet":"max-snippet:-1","max-image-preview":"max-image-preview:large","max-video-preview":"max-video-preview:-1"},"canonical":"https:\/\/peoplesphere.be\/nl\/kmo-jobindex-vlaamse-jobcreatie-daalde-tijdens-zomermaanden-wel-meer-tewerkstelling-brussel\/","og_locale":"nl_NL","og_type":"article","og_title":"KMO-jobindex: vlaamse jobcreatie daalde tijdens de zomermaanden, wel meer tewerkstelling in Brussel. - Peoplesphere","og_description":"De kmo-jobindex van SD Worx kent in het derde kwartaal van 2018 een lichte terugval, na twee opeenvolgende kwartaalstijgingen (+0,2% en +0,9%) en de recordstijging van het eerste kwartaal. Met 115,8 punten is de index van de tewerkstelling bij Belgische [&hellip;]","og_url":"https:\/\/peoplesphere.be\/nl\/kmo-jobindex-vlaamse-jobcreatie-daalde-tijdens-zomermaanden-wel-meer-tewerkstelling-brussel\/","og_site_name":"Peoplesphere","article_publisher":"https:\/\/www.facebook.com\/peoplesphere","article_published_time":"2018-11-20T09:48:54+00:00","og_image":[{"url":"http:\/\/www.peoplesphere.be\/nl\/wp-content\/uploads\/2016\/07\/facebook-default-posting-1200x628px.jpg"}],"author":"Jean-Paul Erhard","twitter_card":"summary_large_image","twitter_creator":"@PeoplesphereMag","twitter_site":"@PeoplesphereMag","twitter_misc":{"Geschreven door":"Jean-Paul Erhard","Geschatte leestijd":"4 minuten"},"schema":{"@context":"https:\/\/schema.org","@graph":[{"@type":"WebPage","@id":"https:\/\/peoplesphere.be\/nl\/kmo-jobindex-vlaamse-jobcreatie-daalde-tijdens-zomermaanden-wel-meer-tewerkstelling-brussel\/","url":"https:\/\/peoplesphere.be\/nl\/kmo-jobindex-vlaamse-jobcreatie-daalde-tijdens-zomermaanden-wel-meer-tewerkstelling-brussel\/","name":"KMO-jobindex: vlaamse jobcreatie daalde tijdens de zomermaanden, wel meer tewerkstelling in Brussel. - Peoplesphere","isPartOf":{"@id":"https:\/\/peoplesphere.be\/nl\/#website"},"datePublished":"2018-11-20T09:48:54+00:00","dateModified":"2018-11-20T09:48:54+00:00","author":{"@id":"https:\/\/peoplesphere.be\/nl\/#\/schema\/person\/0a1c21d8893dd9b9a2cd6e068b4e8cf5"},"breadcrumb":{"@id":"https:\/\/peoplesphere.be\/nl\/kmo-jobindex-vlaamse-jobcreatie-daalde-tijdens-zomermaanden-wel-meer-tewerkstelling-brussel\/#breadcrumb"},"inLanguage":"nl-NL","potentialAction":[{"@type":"ReadAction","target":["https:\/\/peoplesphere.be\/nl\/kmo-jobindex-vlaamse-jobcreatie-daalde-tijdens-zomermaanden-wel-meer-tewerkstelling-brussel\/"]}]},{"@type":"BreadcrumbList","@id":"https:\/\/peoplesphere.be\/nl\/kmo-jobindex-vlaamse-jobcreatie-daalde-tijdens-zomermaanden-wel-meer-tewerkstelling-brussel\/#breadcrumb","itemListElement":[{"@type":"ListItem","position":1,"name":"Accueil","item":"https:\/\/peoplesphere.be\/nl\/"},{"@type":"ListItem","position":2,"name":"KMO-jobindex: vlaamse jobcreatie daalde tijdens de zomermaanden, wel meer tewerkstelling in Brussel."}]},{"@type":"WebSite","@id":"https:\/\/peoplesphere.be\/nl\/#website","url":"https:\/\/peoplesphere.be\/nl\/","name":"Peoplesphere","description":"The People Managers Magazine","potentialAction":[{"@type":"SearchAction","target":{"@type":"EntryPoint","urlTemplate":"https:\/\/peoplesphere.be\/nl\/?s={search_term_string}"},"query-input":"required name=search_term_string"}],"inLanguage":"nl-NL"},{"@type":"Person","@id":"https:\/\/peoplesphere.be\/nl\/#\/schema\/person\/0a1c21d8893dd9b9a2cd6e068b4e8cf5","name":"Jean-Paul Erhard","image":{"@type":"ImageObject","inLanguage":"nl-NL","@id":"https:\/\/peoplesphere.be\/nl\/#\/schema\/person\/image\/","url":"https:\/\/secure.gravatar.com\/avatar\/f941e681460179738071629a51574930?s=96&d=mm&r=g","contentUrl":"https:\/\/secure.gravatar.com\/avatar\/f941e681460179738071629a51574930?s=96&d=mm&r=g","caption":"Jean-Paul Erhard"},"url":"https:\/\/peoplesphere.be\/nl\/author\/jpe\/"}]}},"_links":{"self":[{"href":"https:\/\/peoplesphere.be\/nl\/wp-json\/wp\/v2\/posts\/4437"}],"collection":[{"href":"https:\/\/peoplesphere.be\/nl\/wp-json\/wp\/v2\/posts"}],"about":[{"href":"https:\/\/peoplesphere.be\/nl\/wp-json\/wp\/v2\/types\/post"}],"author":[{"embeddable":true,"href":"https:\/\/peoplesphere.be\/nl\/wp-json\/wp\/v2\/users\/3"}],"replies":[{"embeddable":true,"href":"https:\/\/peoplesphere.be\/nl\/wp-json\/wp\/v2\/comments?post=4437"}],"version-history":[{"count":1,"href":"https:\/\/peoplesphere.be\/nl\/wp-json\/wp\/v2\/posts\/4437\/revisions"}],"predecessor-version":[{"id":4438,"href":"https:\/\/peoplesphere.be\/nl\/wp-json\/wp\/v2\/posts\/4437\/revisions\/4438"}],"wp:attachment":[{"href":"https:\/\/peoplesphere.be\/nl\/wp-json\/wp\/v2\/media?parent=4437"}],"wp:term":[{"taxonomy":"category","embeddable":true,"href":"https:\/\/peoplesphere.be\/nl\/wp-json\/wp\/v2\/categories?post=4437"},{"taxonomy":"post_tag","embeddable":true,"href":"https:\/\/peoplesphere.be\/nl\/wp-json\/wp\/v2\/tags?post=4437"}],"curies":[{"name":"wp","href":"https:\/\/api.w.org\/{rel}","templated":true}]}}