











{"id":4454,"date":"2018-11-23T15:18:27","date_gmt":"2018-11-23T14:18:27","guid":{"rendered":"http:\/\/www.peoplesphere.be\/nl\/?p=4454"},"modified":"2018-11-23T15:18:27","modified_gmt":"2018-11-23T14:18:27","slug":"digitale-transformatie-ondernemingen-lijdt-gebrek-aan-visie","status":"publish","type":"post","link":"https:\/\/peoplesphere.be\/nl\/digitale-transformatie-ondernemingen-lijdt-gebrek-aan-visie\/","title":{"rendered":"Digitale transformatie ondernemingen lijdt onder gebrek aan visie."},"content":{"rendered":"<p>Meer dan 63 procent van de ondernemingen heeft geen duidelijke visie op digitalisering, en de rol van HR- en Well-being bij het digitaliseringsproces. Dat blijkt uit een bevraging bij 298 HR- en Well-being-specialisten uit 250 verschillende bedrijven uit diverse sectoren. Slechts 14 procent geeft aan dat er binnen zijn of haar organisatie al een afgewerkte visie bestaat.<!--more--><\/p>\n<p>Ondernemingen behandelen digitale transformatie te vaak als een gefragmenteerd project, en houden zelden rekening met HR en Well-being. Dat blijkt uit cijfers van Attentia\u2019s digimatuurtest. Een totaalaanpak waarin de medewerkers centraal staan, heeft nochtans de grootste kans op succes.<\/p>\n<p>Het resultaat is een gefragmenteerde digitale transformatie. Slechts 12 procent geeft aan dat de onderneming een volledige digitalisatie ondergaat. Dat brengt problemen met zich mee: door aan de slag te gaan zonder totaalvisie, en de medewerkers niet centraal te stellen in het transformatieproces, daalt de slaagkans van het project. In dat opzicht is het niet verwonderlijk dat 23 procent van de ondervraagden aangeeft dat de medewerkers binnen de organisatie digitalisering en automatisering voornamelijk als een last of zelfs als een dreiging zien. Sterker nog: 29 procent heeft geen idee van de mening van de mensen op de werkvloer over de transformatie.<\/p>\n<p><em><strong>Start vanuit de mensen<\/strong><\/em><\/p>\n<p><em>\u201cIn de praktijk is het een beter idee om de transformatie vanuit de medewerkers te starten, aangezien zij uiteindelijk met de digitale tools zullen werken\u201d<\/em>, aldus Kristof Dujardin, CIO bij Attentia.<em> \u201cBovendien is een groot draagvlak voor de digitalisering essentieel\u201d.<\/em><\/p>\n<p>Bovendien valt op dat IT enerzijds, en HR &amp; Well-being anderzijds nog een stuk dichter naar elkaar moeten toegroeien. In een ideale wereld begrijpen ze elkaar, en wordt digitale transformatie als \u00e9\u00e9n project aangepakt waarin HR &amp; Well-being samen met andere processen en workloads wordt ge\u00efntegreerd. <em>\u201cVandaag zien te veel ondernemingen digitale transformatie nog niet als \u00e9\u00e9n geheel, waardoor de digitalisering van HR &amp; Well-being uit de boot dreigt te vallen. Die aanpak is weinig effici\u00ebnt, en zal op korte termijn voor problemen binnen de onderneming zorgen\u201d<\/em>, vertelt Kristof Dujardin.<\/p>\n<p>Ook dient de hardnekkige mythe dat digitale transformatie groot en duur is, uit de wereld geholpen te worden. <em>\u201cMet de juiste visie, vertrekkend vanuit de mensen, kan digitalisering perfect modulair zijn. Dankzij krachtige maar gebruiksvriendelijke Software-as-a-Service-oplossingen in de cloud, zoals Attentia\u2019s DOTS, is er bovendien geen sprake van megalomane investeringen. De transformatie wordt immers bekostigd op maand- of jaarbasis, rekening houdend met het aantal medewerkers. Zo is de kost altijd evenredig met de omvang en de capaciteiten van een onderneming.\u201d<\/em><\/p>\n<p>Om tot een succesvolle transformatie te komen, is natuurlijk de medewerking van de hele organisatie vereist. Uit de cijfers blijkt dat de meerderheid van de HR- en Well-being-medewerkers perfect weet wat de mogelijkheden van de digitalisering in hun vakdomein zijn. 88 procent van de respondenten is ervan overtuigd dat de digitale analyse van HR- en Well-being-data een belangrijke strategische waarde heeft voor de onderneming en ervoor zal zorgen dat de HR-afdeling kan evolueren naar een meer strategische rol. Dat slechts in 45 procent van de bedrijven ook de directie die mening deelt, wijst opnieuw op een gebrek aan communicatie en visie binnen veel organisaties.<\/p>\n","protected":false},"excerpt":{"rendered":"<p>Meer dan 63 procent van de ondernemingen heeft geen duidelijke visie op digitalisering, en de rol van HR- en Well-being bij het digitaliseringsproces. Dat blijkt uit een bevraging bij 298 HR- en Well-being-specialisten uit 250 verschillende bedrijven uit diverse sectoren. [&hellip;]<\/p>\n","protected":false},"author":3,"featured_media":0,"comment_status":"open","ping_status":"open","sticky":false,"template":"","format":"standard","meta":[],"categories":[3,4],"tags":[534,1449,1078,1448,200,585],"yoast_head":"<!-- This site is optimized with the Yoast SEO plugin v20.12 - https:\/\/yoast.com\/wordpress\/plugins\/seo\/ -->\n<title>Digitale transformatie ondernemingen lijdt onder gebrek aan visie. - Peoplesphere<\/title>\n<meta name=\"robots\" content=\"index, follow, max-snippet:-1, max-image-preview:large, max-video-preview:-1\" \/>\n<link rel=\"canonical\" href=\"https:\/\/peoplesphere.be\/nl\/digitale-transformatie-ondernemingen-lijdt-gebrek-aan-visie\/\" \/>\n<meta property=\"og:locale\" content=\"nl_NL\" \/>\n<meta property=\"og:type\" content=\"article\" \/>\n<meta property=\"og:title\" content=\"Digitale transformatie ondernemingen lijdt onder gebrek aan visie. - Peoplesphere\" \/>\n<meta property=\"og:description\" content=\"Meer dan 63 procent van de ondernemingen heeft geen duidelijke visie op digitalisering, en de rol van HR- en Well-being bij het digitaliseringsproces. Dat blijkt uit een bevraging bij 298 HR- en Well-being-specialisten uit 250 verschillende bedrijven uit diverse sectoren. [&hellip;]\" \/>\n<meta property=\"og:url\" content=\"https:\/\/peoplesphere.be\/nl\/digitale-transformatie-ondernemingen-lijdt-gebrek-aan-visie\/\" \/>\n<meta property=\"og:site_name\" content=\"Peoplesphere\" \/>\n<meta property=\"article:publisher\" content=\"https:\/\/www.facebook.com\/peoplesphere\" \/>\n<meta property=\"article:published_time\" content=\"2018-11-23T14:18:27+00:00\" \/>\n<meta property=\"og:image\" content=\"http:\/\/www.peoplesphere.be\/nl\/wp-content\/uploads\/2016\/07\/facebook-default-posting-1200x628px.jpg\" \/>\n<meta name=\"author\" content=\"Jean-Paul Erhard\" \/>\n<meta name=\"twitter:card\" content=\"summary_large_image\" \/>\n<meta name=\"twitter:creator\" content=\"@PeoplesphereMag\" \/>\n<meta name=\"twitter:site\" content=\"@PeoplesphereMag\" \/>\n<meta name=\"twitter:label1\" content=\"Geschreven door\" \/>\n\t<meta name=\"twitter:data1\" content=\"Jean-Paul Erhard\" \/>\n\t<meta name=\"twitter:label2\" content=\"Geschatte leestijd\" \/>\n\t<meta name=\"twitter:data2\" content=\"3 minuten\" \/>\n<script type=\"application\/ld+json\" class=\"yoast-schema-graph\">{\"@context\":\"https:\/\/schema.org\",\"@graph\":[{\"@type\":\"WebPage\",\"@id\":\"https:\/\/peoplesphere.be\/nl\/digitale-transformatie-ondernemingen-lijdt-gebrek-aan-visie\/\",\"url\":\"https:\/\/peoplesphere.be\/nl\/digitale-transformatie-ondernemingen-lijdt-gebrek-aan-visie\/\",\"name\":\"Digitale transformatie ondernemingen lijdt onder gebrek aan visie. - Peoplesphere\",\"isPartOf\":{\"@id\":\"https:\/\/peoplesphere.be\/nl\/#website\"},\"datePublished\":\"2018-11-23T14:18:27+00:00\",\"dateModified\":\"2018-11-23T14:18:27+00:00\",\"author\":{\"@id\":\"https:\/\/peoplesphere.be\/nl\/#\/schema\/person\/0a1c21d8893dd9b9a2cd6e068b4e8cf5\"},\"breadcrumb\":{\"@id\":\"https:\/\/peoplesphere.be\/nl\/digitale-transformatie-ondernemingen-lijdt-gebrek-aan-visie\/#breadcrumb\"},\"inLanguage\":\"nl-NL\",\"potentialAction\":[{\"@type\":\"ReadAction\",\"target\":[\"https:\/\/peoplesphere.be\/nl\/digitale-transformatie-ondernemingen-lijdt-gebrek-aan-visie\/\"]}]},{\"@type\":\"BreadcrumbList\",\"@id\":\"https:\/\/peoplesphere.be\/nl\/digitale-transformatie-ondernemingen-lijdt-gebrek-aan-visie\/#breadcrumb\",\"itemListElement\":[{\"@type\":\"ListItem\",\"position\":1,\"name\":\"Accueil\",\"item\":\"https:\/\/peoplesphere.be\/nl\/\"},{\"@type\":\"ListItem\",\"position\":2,\"name\":\"Digitale transformatie ondernemingen lijdt onder gebrek aan visie.\"}]},{\"@type\":\"WebSite\",\"@id\":\"https:\/\/peoplesphere.be\/nl\/#website\",\"url\":\"https:\/\/peoplesphere.be\/nl\/\",\"name\":\"Peoplesphere\",\"description\":\"The People Managers Magazine\",\"potentialAction\":[{\"@type\":\"SearchAction\",\"target\":{\"@type\":\"EntryPoint\",\"urlTemplate\":\"https:\/\/peoplesphere.be\/nl\/?s={search_term_string}\"},\"query-input\":\"required name=search_term_string\"}],\"inLanguage\":\"nl-NL\"},{\"@type\":\"Person\",\"@id\":\"https:\/\/peoplesphere.be\/nl\/#\/schema\/person\/0a1c21d8893dd9b9a2cd6e068b4e8cf5\",\"name\":\"Jean-Paul Erhard\",\"image\":{\"@type\":\"ImageObject\",\"inLanguage\":\"nl-NL\",\"@id\":\"https:\/\/peoplesphere.be\/nl\/#\/schema\/person\/image\/\",\"url\":\"https:\/\/secure.gravatar.com\/avatar\/f941e681460179738071629a51574930?s=96&d=mm&r=g\",\"contentUrl\":\"https:\/\/secure.gravatar.com\/avatar\/f941e681460179738071629a51574930?s=96&d=mm&r=g\",\"caption\":\"Jean-Paul Erhard\"},\"url\":\"https:\/\/peoplesphere.be\/nl\/author\/jpe\/\"}]}<\/script>\n<!-- \/ Yoast SEO plugin. -->","yoast_head_json":{"title":"Digitale transformatie ondernemingen lijdt onder gebrek aan visie. - Peoplesphere","robots":{"index":"index","follow":"follow","max-snippet":"max-snippet:-1","max-image-preview":"max-image-preview:large","max-video-preview":"max-video-preview:-1"},"canonical":"https:\/\/peoplesphere.be\/nl\/digitale-transformatie-ondernemingen-lijdt-gebrek-aan-visie\/","og_locale":"nl_NL","og_type":"article","og_title":"Digitale transformatie ondernemingen lijdt onder gebrek aan visie. - Peoplesphere","og_description":"Meer dan 63 procent van de ondernemingen heeft geen duidelijke visie op digitalisering, en de rol van HR- en Well-being bij het digitaliseringsproces. Dat blijkt uit een bevraging bij 298 HR- en Well-being-specialisten uit 250 verschillende bedrijven uit diverse sectoren. [&hellip;]","og_url":"https:\/\/peoplesphere.be\/nl\/digitale-transformatie-ondernemingen-lijdt-gebrek-aan-visie\/","og_site_name":"Peoplesphere","article_publisher":"https:\/\/www.facebook.com\/peoplesphere","article_published_time":"2018-11-23T14:18:27+00:00","og_image":[{"url":"http:\/\/www.peoplesphere.be\/nl\/wp-content\/uploads\/2016\/07\/facebook-default-posting-1200x628px.jpg"}],"author":"Jean-Paul Erhard","twitter_card":"summary_large_image","twitter_creator":"@PeoplesphereMag","twitter_site":"@PeoplesphereMag","twitter_misc":{"Geschreven door":"Jean-Paul Erhard","Geschatte leestijd":"3 minuten"},"schema":{"@context":"https:\/\/schema.org","@graph":[{"@type":"WebPage","@id":"https:\/\/peoplesphere.be\/nl\/digitale-transformatie-ondernemingen-lijdt-gebrek-aan-visie\/","url":"https:\/\/peoplesphere.be\/nl\/digitale-transformatie-ondernemingen-lijdt-gebrek-aan-visie\/","name":"Digitale transformatie ondernemingen lijdt onder gebrek aan visie. - Peoplesphere","isPartOf":{"@id":"https:\/\/peoplesphere.be\/nl\/#website"},"datePublished":"2018-11-23T14:18:27+00:00","dateModified":"2018-11-23T14:18:27+00:00","author":{"@id":"https:\/\/peoplesphere.be\/nl\/#\/schema\/person\/0a1c21d8893dd9b9a2cd6e068b4e8cf5"},"breadcrumb":{"@id":"https:\/\/peoplesphere.be\/nl\/digitale-transformatie-ondernemingen-lijdt-gebrek-aan-visie\/#breadcrumb"},"inLanguage":"nl-NL","potentialAction":[{"@type":"ReadAction","target":["https:\/\/peoplesphere.be\/nl\/digitale-transformatie-ondernemingen-lijdt-gebrek-aan-visie\/"]}]},{"@type":"BreadcrumbList","@id":"https:\/\/peoplesphere.be\/nl\/digitale-transformatie-ondernemingen-lijdt-gebrek-aan-visie\/#breadcrumb","itemListElement":[{"@type":"ListItem","position":1,"name":"Accueil","item":"https:\/\/peoplesphere.be\/nl\/"},{"@type":"ListItem","position":2,"name":"Digitale transformatie ondernemingen lijdt onder gebrek aan visie."}]},{"@type":"WebSite","@id":"https:\/\/peoplesphere.be\/nl\/#website","url":"https:\/\/peoplesphere.be\/nl\/","name":"Peoplesphere","description":"The People Managers Magazine","potentialAction":[{"@type":"SearchAction","target":{"@type":"EntryPoint","urlTemplate":"https:\/\/peoplesphere.be\/nl\/?s={search_term_string}"},"query-input":"required name=search_term_string"}],"inLanguage":"nl-NL"},{"@type":"Person","@id":"https:\/\/peoplesphere.be\/nl\/#\/schema\/person\/0a1c21d8893dd9b9a2cd6e068b4e8cf5","name":"Jean-Paul Erhard","image":{"@type":"ImageObject","inLanguage":"nl-NL","@id":"https:\/\/peoplesphere.be\/nl\/#\/schema\/person\/image\/","url":"https:\/\/secure.gravatar.com\/avatar\/f941e681460179738071629a51574930?s=96&d=mm&r=g","contentUrl":"https:\/\/secure.gravatar.com\/avatar\/f941e681460179738071629a51574930?s=96&d=mm&r=g","caption":"Jean-Paul Erhard"},"url":"https:\/\/peoplesphere.be\/nl\/author\/jpe\/"}]}},"_links":{"self":[{"href":"https:\/\/peoplesphere.be\/nl\/wp-json\/wp\/v2\/posts\/4454"}],"collection":[{"href":"https:\/\/peoplesphere.be\/nl\/wp-json\/wp\/v2\/posts"}],"about":[{"href":"https:\/\/peoplesphere.be\/nl\/wp-json\/wp\/v2\/types\/post"}],"author":[{"embeddable":true,"href":"https:\/\/peoplesphere.be\/nl\/wp-json\/wp\/v2\/users\/3"}],"replies":[{"embeddable":true,"href":"https:\/\/peoplesphere.be\/nl\/wp-json\/wp\/v2\/comments?post=4454"}],"version-history":[{"count":1,"href":"https:\/\/peoplesphere.be\/nl\/wp-json\/wp\/v2\/posts\/4454\/revisions"}],"predecessor-version":[{"id":4455,"href":"https:\/\/peoplesphere.be\/nl\/wp-json\/wp\/v2\/posts\/4454\/revisions\/4455"}],"wp:attachment":[{"href":"https:\/\/peoplesphere.be\/nl\/wp-json\/wp\/v2\/media?parent=4454"}],"wp:term":[{"taxonomy":"category","embeddable":true,"href":"https:\/\/peoplesphere.be\/nl\/wp-json\/wp\/v2\/categories?post=4454"},{"taxonomy":"post_tag","embeddable":true,"href":"https:\/\/peoplesphere.be\/nl\/wp-json\/wp\/v2\/tags?post=4454"}],"curies":[{"name":"wp","href":"https:\/\/api.w.org\/{rel}","templated":true}]}}