











{"id":4666,"date":"2019-01-29T09:28:19","date_gmt":"2019-01-29T08:28:19","guid":{"rendered":"http:\/\/www.peoplesphere.be\/nl\/?p=4666"},"modified":"2019-01-29T09:28:19","modified_gmt":"2019-01-29T08:28:19","slug":"2018-werd-belgie-5-bevolking-geconfronteerd-toestand-ernstige-materiele-deprivatie","status":"publish","type":"post","link":"https:\/\/peoplesphere.be\/nl\/2018-werd-belgie-5-bevolking-geconfronteerd-toestand-ernstige-materiele-deprivatie\/","title":{"rendered":"In 2018 werd in Belgi\u00eb 5% van de bevolking geconfronteerd met een toestand van ernstige materi\u00eble deprivatie."},"content":{"rendered":"<p>E\u00e9n persoon op 10 ontzegt zichzelf hobby&#8217;s of sociale contacten om financi\u00eble redenen!\u00a0In totaal heeft 19% van de Belgen moeilijkheden om de eindjes aan elkaar te knopen.\u00a0Deze voorlopige resultaten zijn de eerste beschikbare indicatoren voor wat betreft de armoede in Belgi\u00eb in 2018 afkomstig uit de SILC-enqu\u00eate en zullen in de volgende maanden aangevuld worden met monetaire indicatoren.<!--more--><\/p>\n<p>Materi\u00eble deprivatie betekent dat men zich de gangbare levensstandaard niet kan veroorloven. Deze indicator analyseert met andere woorden niet de financi\u00eble situatie van individuen, maar eerder wat men zich kan veroorloven (of niet) met de beschikbare financi\u00eble middelen. De EU-SILC-enqu\u00eate meet materi\u00eble deprivatie aan de hand van het ontbreken van negen materi\u00eble bezittingen en de onmogelijkheid om een aantal handelingen te doen die symbool staan voor de gemiddelde levensstandaard in onze maatschappij. Wanneer iemand zich minstens 4 van deze 9 items niet kan veroorloven, kunnen we stellen dat er sprake is van ernstige materi\u00eble deprivatie (Severe Material Deprivation, SMD). In 2018 bevond 5% van de Belgische bevolking zich in een situatie van ernstige materi\u00eble deprivatie.<\/p>\n<p>Er bestaat een duidelijk onevenwicht tussen de verschillende elementen waaruit materi\u00eble deprivatie bestaat. De aankoop van een televisie of telefoon vormt amper een probleem, maar een onverwachte uitgave doen (van 1.100 euro) is een groot knelpunt voor 24% van de bevolking. Ook een kwart van de bevolking kan om financi\u00eble redenen niet jaarlijks \u00e9\u00e9n week op vakantie gaan. Enkele maandelijkse kosten zoals de huur en de energierekeningen vormen een probleem voor 6% van de bevolking. Bovendien heeft 6% van de Belgen problemen met de aankoop van een wagen en 5% met de regelmatige consumptie van vlees, kip, vis of een vegetarisch alternatief.<\/p>\n<p><strong><em>Hobby&#8217;s te duur voor 12% van de Belgen<\/em><\/strong><\/p>\n<p>Naast de onderdelen die deel uitmaken van de materi\u00eble deprivatie-indicator, verzamelt de EU-SILC-enqu\u00eate eveneens informatie over andere materi\u00eble deelaspecten van het dagelijks leven van de +16-jarigen.<\/p>\n<p>Een belangrijk deel van de bevolking van 16 jaar en ouder geeft aan dat ook sociale activiteiten moeilijk te financieren zijn. Dit blijkt uit tabel 2. 12% van de Belgische bevolking van 16 jaar en ouder slaagt er niet in om regelmatige vrijetijdsactiviteiten te betalen; 10% kan het zich niet veroorloven om wekelijks een klein bedrag aan zichzelf uit te geven om bv. naar de kapper gaan of een cadeau kopen; en 10% heeft onvoldoende middelen om minstens \u00e9\u00e9nmaal per maand met vrienden of familie uit eten te gaan of iets te gaan drinken. Materi\u00eble deprivatie kan zich als dusdanig eveneens uiten in een vorm van sociale deprivatie omwille van onvoldoende financi\u00eble middelen.<\/p>\n<p><strong><em>Moeite om in 2018 de eindjes aan elkaar te knopen<\/em><\/strong><\/p>\n<p>19% van de bevolking leeft in een huishouden dat verklaart moeite te hebben om de eindjes aan elkaar te knopen, rekening houdend met de inkomsten.<\/p>\n<p>Deze resultaten komen uit de enqu\u00eate naar de inkomens en levensomstandigheden (EU-SILC) 2018. Deze enqu\u00eate wordt sinds 2004 georganiseerd door Statbel, het Belgische statistiekbureau, en bevraagt jaarlijks ongeveer 6.000 Belgische huishoudens. Via deze enqu\u00eate, die op Europees niveau is geharmoniseerd, worden de voornaamste evoluties op vlak van armoede en sociale uitsluiting opgevolgd.<\/p>\n<p>Armoede is een multidimensionaal fenomeen. Intu\u00eftief wordt vaak gefocust op inkomensarmoede, dit wil zeggen monetaire armoede, maar het brede armoedeconcept impliceert aanvullend aandacht voor niet-inkomensgerelateerde armoede. E\u00e9n van deze componenten is materi\u00eble deprivatie, een subonderdeel van de offici\u00eble armoede-indicator vastgelegd in EU2020.<\/p>\n<p><em>Bron : Statbel &#8211; eerste voorlopige resultaten inzake ernstige materi\u00eble deprivatie van de SILC-enqu\u00eate 2018.<\/em><\/p>\n","protected":false},"excerpt":{"rendered":"<p>E\u00e9n persoon op 10 ontzegt zichzelf hobby&#8217;s of sociale contacten om financi\u00eble redenen!\u00a0In totaal heeft 19% van de Belgen moeilijkheden om de eindjes aan elkaar te knopen.\u00a0Deze voorlopige resultaten zijn de eerste beschikbare indicatoren voor wat betreft de armoede in [&hellip;]<\/p>\n","protected":false},"author":3,"featured_media":0,"comment_status":"open","ping_status":"open","sticky":false,"template":"","format":"standard","meta":[],"categories":[3,4],"tags":[1339,1549,1334],"yoast_head":"<!-- This site is optimized with the Yoast SEO plugin v20.12 - https:\/\/yoast.com\/wordpress\/plugins\/seo\/ -->\n<title>In 2018 werd in Belgi\u00eb 5% van de bevolking geconfronteerd met een toestand van ernstige materi\u00eble deprivatie. - Peoplesphere<\/title>\n<meta name=\"robots\" content=\"index, follow, max-snippet:-1, max-image-preview:large, max-video-preview:-1\" \/>\n<link rel=\"canonical\" href=\"https:\/\/peoplesphere.be\/nl\/2018-werd-belgie-5-bevolking-geconfronteerd-toestand-ernstige-materiele-deprivatie\/\" \/>\n<meta property=\"og:locale\" content=\"nl_NL\" \/>\n<meta property=\"og:type\" content=\"article\" \/>\n<meta property=\"og:title\" content=\"In 2018 werd in Belgi\u00eb 5% van de bevolking geconfronteerd met een toestand van ernstige materi\u00eble deprivatie. - Peoplesphere\" \/>\n<meta property=\"og:description\" content=\"E\u00e9n persoon op 10 ontzegt zichzelf hobby&#8217;s of sociale contacten om financi\u00eble redenen!\u00a0In totaal heeft 19% van de Belgen moeilijkheden om de eindjes aan elkaar te knopen.\u00a0Deze voorlopige resultaten zijn de eerste beschikbare indicatoren voor wat betreft de armoede in [&hellip;]\" \/>\n<meta property=\"og:url\" content=\"https:\/\/peoplesphere.be\/nl\/2018-werd-belgie-5-bevolking-geconfronteerd-toestand-ernstige-materiele-deprivatie\/\" \/>\n<meta property=\"og:site_name\" content=\"Peoplesphere\" \/>\n<meta property=\"article:publisher\" content=\"https:\/\/www.facebook.com\/peoplesphere\" \/>\n<meta property=\"article:published_time\" content=\"2019-01-29T08:28:19+00:00\" \/>\n<meta property=\"og:image\" content=\"http:\/\/www.peoplesphere.be\/nl\/wp-content\/uploads\/2016\/07\/facebook-default-posting-1200x628px.jpg\" \/>\n<meta name=\"author\" content=\"Jean-Paul Erhard\" \/>\n<meta name=\"twitter:card\" content=\"summary_large_image\" \/>\n<meta name=\"twitter:creator\" content=\"@PeoplesphereMag\" \/>\n<meta name=\"twitter:site\" content=\"@PeoplesphereMag\" \/>\n<meta name=\"twitter:label1\" content=\"Geschreven door\" \/>\n\t<meta name=\"twitter:data1\" content=\"Jean-Paul Erhard\" \/>\n\t<meta name=\"twitter:label2\" content=\"Geschatte leestijd\" \/>\n\t<meta name=\"twitter:data2\" content=\"3 minuten\" \/>\n<script type=\"application\/ld+json\" class=\"yoast-schema-graph\">{\"@context\":\"https:\/\/schema.org\",\"@graph\":[{\"@type\":\"WebPage\",\"@id\":\"https:\/\/peoplesphere.be\/nl\/2018-werd-belgie-5-bevolking-geconfronteerd-toestand-ernstige-materiele-deprivatie\/\",\"url\":\"https:\/\/peoplesphere.be\/nl\/2018-werd-belgie-5-bevolking-geconfronteerd-toestand-ernstige-materiele-deprivatie\/\",\"name\":\"In 2018 werd in Belgi\u00eb 5% van de bevolking geconfronteerd met een toestand van ernstige materi\u00eble deprivatie. - Peoplesphere\",\"isPartOf\":{\"@id\":\"https:\/\/peoplesphere.be\/nl\/#website\"},\"datePublished\":\"2019-01-29T08:28:19+00:00\",\"dateModified\":\"2019-01-29T08:28:19+00:00\",\"author\":{\"@id\":\"https:\/\/peoplesphere.be\/nl\/#\/schema\/person\/0a1c21d8893dd9b9a2cd6e068b4e8cf5\"},\"breadcrumb\":{\"@id\":\"https:\/\/peoplesphere.be\/nl\/2018-werd-belgie-5-bevolking-geconfronteerd-toestand-ernstige-materiele-deprivatie\/#breadcrumb\"},\"inLanguage\":\"nl-NL\",\"potentialAction\":[{\"@type\":\"ReadAction\",\"target\":[\"https:\/\/peoplesphere.be\/nl\/2018-werd-belgie-5-bevolking-geconfronteerd-toestand-ernstige-materiele-deprivatie\/\"]}]},{\"@type\":\"BreadcrumbList\",\"@id\":\"https:\/\/peoplesphere.be\/nl\/2018-werd-belgie-5-bevolking-geconfronteerd-toestand-ernstige-materiele-deprivatie\/#breadcrumb\",\"itemListElement\":[{\"@type\":\"ListItem\",\"position\":1,\"name\":\"Accueil\",\"item\":\"https:\/\/peoplesphere.be\/nl\/\"},{\"@type\":\"ListItem\",\"position\":2,\"name\":\"In 2018 werd in Belgi\u00eb 5% van de bevolking geconfronteerd met een toestand van ernstige materi\u00eble deprivatie.\"}]},{\"@type\":\"WebSite\",\"@id\":\"https:\/\/peoplesphere.be\/nl\/#website\",\"url\":\"https:\/\/peoplesphere.be\/nl\/\",\"name\":\"Peoplesphere\",\"description\":\"The People Managers Magazine\",\"potentialAction\":[{\"@type\":\"SearchAction\",\"target\":{\"@type\":\"EntryPoint\",\"urlTemplate\":\"https:\/\/peoplesphere.be\/nl\/?s={search_term_string}\"},\"query-input\":\"required name=search_term_string\"}],\"inLanguage\":\"nl-NL\"},{\"@type\":\"Person\",\"@id\":\"https:\/\/peoplesphere.be\/nl\/#\/schema\/person\/0a1c21d8893dd9b9a2cd6e068b4e8cf5\",\"name\":\"Jean-Paul Erhard\",\"image\":{\"@type\":\"ImageObject\",\"inLanguage\":\"nl-NL\",\"@id\":\"https:\/\/peoplesphere.be\/nl\/#\/schema\/person\/image\/\",\"url\":\"https:\/\/secure.gravatar.com\/avatar\/f941e681460179738071629a51574930?s=96&d=mm&r=g\",\"contentUrl\":\"https:\/\/secure.gravatar.com\/avatar\/f941e681460179738071629a51574930?s=96&d=mm&r=g\",\"caption\":\"Jean-Paul Erhard\"},\"url\":\"https:\/\/peoplesphere.be\/nl\/author\/jpe\/\"}]}<\/script>\n<!-- \/ Yoast SEO plugin. -->","yoast_head_json":{"title":"In 2018 werd in Belgi\u00eb 5% van de bevolking geconfronteerd met een toestand van ernstige materi\u00eble deprivatie. - Peoplesphere","robots":{"index":"index","follow":"follow","max-snippet":"max-snippet:-1","max-image-preview":"max-image-preview:large","max-video-preview":"max-video-preview:-1"},"canonical":"https:\/\/peoplesphere.be\/nl\/2018-werd-belgie-5-bevolking-geconfronteerd-toestand-ernstige-materiele-deprivatie\/","og_locale":"nl_NL","og_type":"article","og_title":"In 2018 werd in Belgi\u00eb 5% van de bevolking geconfronteerd met een toestand van ernstige materi\u00eble deprivatie. - Peoplesphere","og_description":"E\u00e9n persoon op 10 ontzegt zichzelf hobby&#8217;s of sociale contacten om financi\u00eble redenen!\u00a0In totaal heeft 19% van de Belgen moeilijkheden om de eindjes aan elkaar te knopen.\u00a0Deze voorlopige resultaten zijn de eerste beschikbare indicatoren voor wat betreft de armoede in [&hellip;]","og_url":"https:\/\/peoplesphere.be\/nl\/2018-werd-belgie-5-bevolking-geconfronteerd-toestand-ernstige-materiele-deprivatie\/","og_site_name":"Peoplesphere","article_publisher":"https:\/\/www.facebook.com\/peoplesphere","article_published_time":"2019-01-29T08:28:19+00:00","og_image":[{"url":"http:\/\/www.peoplesphere.be\/nl\/wp-content\/uploads\/2016\/07\/facebook-default-posting-1200x628px.jpg"}],"author":"Jean-Paul Erhard","twitter_card":"summary_large_image","twitter_creator":"@PeoplesphereMag","twitter_site":"@PeoplesphereMag","twitter_misc":{"Geschreven door":"Jean-Paul Erhard","Geschatte leestijd":"3 minuten"},"schema":{"@context":"https:\/\/schema.org","@graph":[{"@type":"WebPage","@id":"https:\/\/peoplesphere.be\/nl\/2018-werd-belgie-5-bevolking-geconfronteerd-toestand-ernstige-materiele-deprivatie\/","url":"https:\/\/peoplesphere.be\/nl\/2018-werd-belgie-5-bevolking-geconfronteerd-toestand-ernstige-materiele-deprivatie\/","name":"In 2018 werd in Belgi\u00eb 5% van de bevolking geconfronteerd met een toestand van ernstige materi\u00eble deprivatie. - Peoplesphere","isPartOf":{"@id":"https:\/\/peoplesphere.be\/nl\/#website"},"datePublished":"2019-01-29T08:28:19+00:00","dateModified":"2019-01-29T08:28:19+00:00","author":{"@id":"https:\/\/peoplesphere.be\/nl\/#\/schema\/person\/0a1c21d8893dd9b9a2cd6e068b4e8cf5"},"breadcrumb":{"@id":"https:\/\/peoplesphere.be\/nl\/2018-werd-belgie-5-bevolking-geconfronteerd-toestand-ernstige-materiele-deprivatie\/#breadcrumb"},"inLanguage":"nl-NL","potentialAction":[{"@type":"ReadAction","target":["https:\/\/peoplesphere.be\/nl\/2018-werd-belgie-5-bevolking-geconfronteerd-toestand-ernstige-materiele-deprivatie\/"]}]},{"@type":"BreadcrumbList","@id":"https:\/\/peoplesphere.be\/nl\/2018-werd-belgie-5-bevolking-geconfronteerd-toestand-ernstige-materiele-deprivatie\/#breadcrumb","itemListElement":[{"@type":"ListItem","position":1,"name":"Accueil","item":"https:\/\/peoplesphere.be\/nl\/"},{"@type":"ListItem","position":2,"name":"In 2018 werd in Belgi\u00eb 5% van de bevolking geconfronteerd met een toestand van ernstige materi\u00eble deprivatie."}]},{"@type":"WebSite","@id":"https:\/\/peoplesphere.be\/nl\/#website","url":"https:\/\/peoplesphere.be\/nl\/","name":"Peoplesphere","description":"The People Managers Magazine","potentialAction":[{"@type":"SearchAction","target":{"@type":"EntryPoint","urlTemplate":"https:\/\/peoplesphere.be\/nl\/?s={search_term_string}"},"query-input":"required name=search_term_string"}],"inLanguage":"nl-NL"},{"@type":"Person","@id":"https:\/\/peoplesphere.be\/nl\/#\/schema\/person\/0a1c21d8893dd9b9a2cd6e068b4e8cf5","name":"Jean-Paul Erhard","image":{"@type":"ImageObject","inLanguage":"nl-NL","@id":"https:\/\/peoplesphere.be\/nl\/#\/schema\/person\/image\/","url":"https:\/\/secure.gravatar.com\/avatar\/f941e681460179738071629a51574930?s=96&d=mm&r=g","contentUrl":"https:\/\/secure.gravatar.com\/avatar\/f941e681460179738071629a51574930?s=96&d=mm&r=g","caption":"Jean-Paul Erhard"},"url":"https:\/\/peoplesphere.be\/nl\/author\/jpe\/"}]}},"_links":{"self":[{"href":"https:\/\/peoplesphere.be\/nl\/wp-json\/wp\/v2\/posts\/4666"}],"collection":[{"href":"https:\/\/peoplesphere.be\/nl\/wp-json\/wp\/v2\/posts"}],"about":[{"href":"https:\/\/peoplesphere.be\/nl\/wp-json\/wp\/v2\/types\/post"}],"author":[{"embeddable":true,"href":"https:\/\/peoplesphere.be\/nl\/wp-json\/wp\/v2\/users\/3"}],"replies":[{"embeddable":true,"href":"https:\/\/peoplesphere.be\/nl\/wp-json\/wp\/v2\/comments?post=4666"}],"version-history":[{"count":1,"href":"https:\/\/peoplesphere.be\/nl\/wp-json\/wp\/v2\/posts\/4666\/revisions"}],"predecessor-version":[{"id":4667,"href":"https:\/\/peoplesphere.be\/nl\/wp-json\/wp\/v2\/posts\/4666\/revisions\/4667"}],"wp:attachment":[{"href":"https:\/\/peoplesphere.be\/nl\/wp-json\/wp\/v2\/media?parent=4666"}],"wp:term":[{"taxonomy":"category","embeddable":true,"href":"https:\/\/peoplesphere.be\/nl\/wp-json\/wp\/v2\/categories?post=4666"},{"taxonomy":"post_tag","embeddable":true,"href":"https:\/\/peoplesphere.be\/nl\/wp-json\/wp\/v2\/tags?post=4666"}],"curies":[{"name":"wp","href":"https:\/\/api.w.org\/{rel}","templated":true}]}}