











{"id":4835,"date":"2019-03-12T07:13:32","date_gmt":"2019-03-12T06:13:32","guid":{"rendered":"http:\/\/www.peoplesphere.be\/nl\/?p=4835"},"modified":"2019-03-12T07:13:32","modified_gmt":"2019-03-12T06:13:32","slug":"federale-overheid-start-it-omscholingstraject","status":"publish","type":"post","link":"https:\/\/peoplesphere.be\/nl\/federale-overheid-start-it-omscholingstraject\/","title":{"rendered":"Federale overheid start IT- omscholingstraject."},"content":{"rendered":"<p>De Ministerraad heeft, op initiatief van Minister van Financi\u00ebn Alexander De Croo, groen licht gegeven voor het project Java@FIN. Dat project moet toelaten om niet IT\u2019ers op te leiden tot softwareontwikkelaars, zodat ze na hun opleiding binnen de FOD Financi\u00ebn kunnen worden ingezet. Hiervoor doet de overheid een beroep op Switchfully, een spin-off van Cegeka.<!--more--><\/p>\n<p>De arbeidsmarktkrapte rond IT-profielen maakt het vandaag steeds moeilijker om nieuwe softwareontwikkelaars aan te trekken, ook voor de overheidsdiensten. Het aantal openstaande vacatures voor IT-beroepen bedroeg aan het eind van het derde kwartaal van 2018 maar liefst 14.900.<\/p>\n<p>Om sneller de nodige IT- profielen te vinden, zal de FOD Financi\u00ebn en Egov Select voor de recrutering en opleiding samenwerken met Switchfully, een IT-opleidingsspecialist en dochter van integrator Cegeka. De startup selecteert en schoolt in BeCentral zowel interne als externe kandidaten met weinig tot geen IT-achtergrond om tot direct inzetbare softwareontwikkelaars.<\/p>\n<p>Het objectief van Java@FIN is zo snel mogelijk 16 nieuwe medewerkers aantrekken en om deze om te scholen tot professioneel softwareontwikkelaar. De nieuwe medewerkers van de FOD Financi\u00ebn zullen worden gerekruteerd op basis van hun motivatie en niet-technische competenties om vervolgens een intensief omscholingstraject te starten tot softwareontwikkelaar.<\/p>\n<p>Alexander De Croo: <em>\u201cDoor het groeiende tekort aan IT\u2019ers, trekt de overheid pro-actief niet- IT-profielen aan om ze op te leiden. Door samen te werken met Switchfully, vullen we IT-vacatures sneller in en begeleiden we mensen in \u00e9\u00e9n rechte lijn naar een een nieuwe job. De FOD Financi\u00ebn geeft zo het voorbeeld aan andere overheidsdiensten en voor de priv\u00e9. Door volop te investeren in digitale vaardigheden, zorgen we ervoor dat ook niet IT-ers de vruchten kunnen plukken van de digitalisering.\u201d<\/em><\/p>\n<p>Niels en Reinout van Switchfully:<em> \u201cHet is geweldig om gepassioneerde mensen te zoeken, te vinden en hen de skills aan te leren die ze nog ontbreken om softwareontwikkelaar te worden. Wij kunnen alvast niet wachten om nieuwe talenten klaar te stomen voor de FOD Financi\u00ebn.\u201d<\/em><\/p>\n<p><em>Bron : FOD Financien<\/em><\/p>\n","protected":false},"excerpt":{"rendered":"<p>De Ministerraad heeft, op initiatief van Minister van Financi\u00ebn Alexander De Croo, groen licht gegeven voor het project Java@FIN. Dat project moet toelaten om niet IT\u2019ers op te leiden tot softwareontwikkelaars, zodat ze na hun opleiding binnen de FOD Financi\u00ebn [&hellip;]<\/p>\n","protected":false},"author":3,"featured_media":0,"comment_status":"open","ping_status":"open","sticky":false,"template":"","format":"standard","meta":[],"categories":[3,4],"tags":[1401,495,1502,138],"yoast_head":"<!-- This site is optimized with the Yoast SEO plugin v20.12 - https:\/\/yoast.com\/wordpress\/plugins\/seo\/ -->\n<title>Federale overheid start IT- omscholingstraject. - Peoplesphere<\/title>\n<meta name=\"robots\" content=\"index, follow, max-snippet:-1, max-image-preview:large, max-video-preview:-1\" \/>\n<link rel=\"canonical\" href=\"https:\/\/peoplesphere.be\/nl\/federale-overheid-start-it-omscholingstraject\/\" \/>\n<meta property=\"og:locale\" content=\"nl_NL\" \/>\n<meta property=\"og:type\" content=\"article\" \/>\n<meta property=\"og:title\" content=\"Federale overheid start IT- omscholingstraject. - Peoplesphere\" \/>\n<meta property=\"og:description\" content=\"De Ministerraad heeft, op initiatief van Minister van Financi\u00ebn Alexander De Croo, groen licht gegeven voor het project Java@FIN. Dat project moet toelaten om niet IT\u2019ers op te leiden tot softwareontwikkelaars, zodat ze na hun opleiding binnen de FOD Financi\u00ebn [&hellip;]\" \/>\n<meta property=\"og:url\" content=\"https:\/\/peoplesphere.be\/nl\/federale-overheid-start-it-omscholingstraject\/\" \/>\n<meta property=\"og:site_name\" content=\"Peoplesphere\" \/>\n<meta property=\"article:publisher\" content=\"https:\/\/www.facebook.com\/peoplesphere\" \/>\n<meta property=\"article:published_time\" content=\"2019-03-12T06:13:32+00:00\" \/>\n<meta property=\"og:image\" content=\"http:\/\/www.peoplesphere.be\/nl\/wp-content\/uploads\/2016\/07\/facebook-default-posting-1200x628px.jpg\" \/>\n<meta name=\"author\" content=\"Jean-Paul Erhard\" \/>\n<meta name=\"twitter:card\" content=\"summary_large_image\" \/>\n<meta name=\"twitter:creator\" content=\"@PeoplesphereMag\" \/>\n<meta name=\"twitter:site\" content=\"@PeoplesphereMag\" \/>\n<meta name=\"twitter:label1\" content=\"Geschreven door\" \/>\n\t<meta name=\"twitter:data1\" content=\"Jean-Paul Erhard\" \/>\n\t<meta name=\"twitter:label2\" content=\"Geschatte leestijd\" \/>\n\t<meta name=\"twitter:data2\" content=\"2 minuten\" \/>\n<script type=\"application\/ld+json\" class=\"yoast-schema-graph\">{\"@context\":\"https:\/\/schema.org\",\"@graph\":[{\"@type\":\"WebPage\",\"@id\":\"https:\/\/peoplesphere.be\/nl\/federale-overheid-start-it-omscholingstraject\/\",\"url\":\"https:\/\/peoplesphere.be\/nl\/federale-overheid-start-it-omscholingstraject\/\",\"name\":\"Federale overheid start IT- omscholingstraject. - Peoplesphere\",\"isPartOf\":{\"@id\":\"https:\/\/peoplesphere.be\/nl\/#website\"},\"datePublished\":\"2019-03-12T06:13:32+00:00\",\"dateModified\":\"2019-03-12T06:13:32+00:00\",\"author\":{\"@id\":\"https:\/\/peoplesphere.be\/nl\/#\/schema\/person\/0a1c21d8893dd9b9a2cd6e068b4e8cf5\"},\"breadcrumb\":{\"@id\":\"https:\/\/peoplesphere.be\/nl\/federale-overheid-start-it-omscholingstraject\/#breadcrumb\"},\"inLanguage\":\"nl-NL\",\"potentialAction\":[{\"@type\":\"ReadAction\",\"target\":[\"https:\/\/peoplesphere.be\/nl\/federale-overheid-start-it-omscholingstraject\/\"]}]},{\"@type\":\"BreadcrumbList\",\"@id\":\"https:\/\/peoplesphere.be\/nl\/federale-overheid-start-it-omscholingstraject\/#breadcrumb\",\"itemListElement\":[{\"@type\":\"ListItem\",\"position\":1,\"name\":\"Accueil\",\"item\":\"https:\/\/peoplesphere.be\/nl\/\"},{\"@type\":\"ListItem\",\"position\":2,\"name\":\"Federale overheid start IT- omscholingstraject.\"}]},{\"@type\":\"WebSite\",\"@id\":\"https:\/\/peoplesphere.be\/nl\/#website\",\"url\":\"https:\/\/peoplesphere.be\/nl\/\",\"name\":\"Peoplesphere\",\"description\":\"The People Managers Magazine\",\"potentialAction\":[{\"@type\":\"SearchAction\",\"target\":{\"@type\":\"EntryPoint\",\"urlTemplate\":\"https:\/\/peoplesphere.be\/nl\/?s={search_term_string}\"},\"query-input\":\"required name=search_term_string\"}],\"inLanguage\":\"nl-NL\"},{\"@type\":\"Person\",\"@id\":\"https:\/\/peoplesphere.be\/nl\/#\/schema\/person\/0a1c21d8893dd9b9a2cd6e068b4e8cf5\",\"name\":\"Jean-Paul Erhard\",\"image\":{\"@type\":\"ImageObject\",\"inLanguage\":\"nl-NL\",\"@id\":\"https:\/\/peoplesphere.be\/nl\/#\/schema\/person\/image\/\",\"url\":\"https:\/\/secure.gravatar.com\/avatar\/f941e681460179738071629a51574930?s=96&d=mm&r=g\",\"contentUrl\":\"https:\/\/secure.gravatar.com\/avatar\/f941e681460179738071629a51574930?s=96&d=mm&r=g\",\"caption\":\"Jean-Paul Erhard\"},\"url\":\"https:\/\/peoplesphere.be\/nl\/author\/jpe\/\"}]}<\/script>\n<!-- \/ Yoast SEO plugin. -->","yoast_head_json":{"title":"Federale overheid start IT- omscholingstraject. - Peoplesphere","robots":{"index":"index","follow":"follow","max-snippet":"max-snippet:-1","max-image-preview":"max-image-preview:large","max-video-preview":"max-video-preview:-1"},"canonical":"https:\/\/peoplesphere.be\/nl\/federale-overheid-start-it-omscholingstraject\/","og_locale":"nl_NL","og_type":"article","og_title":"Federale overheid start IT- omscholingstraject. - Peoplesphere","og_description":"De Ministerraad heeft, op initiatief van Minister van Financi\u00ebn Alexander De Croo, groen licht gegeven voor het project Java@FIN. Dat project moet toelaten om niet IT\u2019ers op te leiden tot softwareontwikkelaars, zodat ze na hun opleiding binnen de FOD Financi\u00ebn [&hellip;]","og_url":"https:\/\/peoplesphere.be\/nl\/federale-overheid-start-it-omscholingstraject\/","og_site_name":"Peoplesphere","article_publisher":"https:\/\/www.facebook.com\/peoplesphere","article_published_time":"2019-03-12T06:13:32+00:00","og_image":[{"url":"http:\/\/www.peoplesphere.be\/nl\/wp-content\/uploads\/2016\/07\/facebook-default-posting-1200x628px.jpg"}],"author":"Jean-Paul Erhard","twitter_card":"summary_large_image","twitter_creator":"@PeoplesphereMag","twitter_site":"@PeoplesphereMag","twitter_misc":{"Geschreven door":"Jean-Paul Erhard","Geschatte leestijd":"2 minuten"},"schema":{"@context":"https:\/\/schema.org","@graph":[{"@type":"WebPage","@id":"https:\/\/peoplesphere.be\/nl\/federale-overheid-start-it-omscholingstraject\/","url":"https:\/\/peoplesphere.be\/nl\/federale-overheid-start-it-omscholingstraject\/","name":"Federale overheid start IT- omscholingstraject. - Peoplesphere","isPartOf":{"@id":"https:\/\/peoplesphere.be\/nl\/#website"},"datePublished":"2019-03-12T06:13:32+00:00","dateModified":"2019-03-12T06:13:32+00:00","author":{"@id":"https:\/\/peoplesphere.be\/nl\/#\/schema\/person\/0a1c21d8893dd9b9a2cd6e068b4e8cf5"},"breadcrumb":{"@id":"https:\/\/peoplesphere.be\/nl\/federale-overheid-start-it-omscholingstraject\/#breadcrumb"},"inLanguage":"nl-NL","potentialAction":[{"@type":"ReadAction","target":["https:\/\/peoplesphere.be\/nl\/federale-overheid-start-it-omscholingstraject\/"]}]},{"@type":"BreadcrumbList","@id":"https:\/\/peoplesphere.be\/nl\/federale-overheid-start-it-omscholingstraject\/#breadcrumb","itemListElement":[{"@type":"ListItem","position":1,"name":"Accueil","item":"https:\/\/peoplesphere.be\/nl\/"},{"@type":"ListItem","position":2,"name":"Federale overheid start IT- omscholingstraject."}]},{"@type":"WebSite","@id":"https:\/\/peoplesphere.be\/nl\/#website","url":"https:\/\/peoplesphere.be\/nl\/","name":"Peoplesphere","description":"The People Managers Magazine","potentialAction":[{"@type":"SearchAction","target":{"@type":"EntryPoint","urlTemplate":"https:\/\/peoplesphere.be\/nl\/?s={search_term_string}"},"query-input":"required name=search_term_string"}],"inLanguage":"nl-NL"},{"@type":"Person","@id":"https:\/\/peoplesphere.be\/nl\/#\/schema\/person\/0a1c21d8893dd9b9a2cd6e068b4e8cf5","name":"Jean-Paul Erhard","image":{"@type":"ImageObject","inLanguage":"nl-NL","@id":"https:\/\/peoplesphere.be\/nl\/#\/schema\/person\/image\/","url":"https:\/\/secure.gravatar.com\/avatar\/f941e681460179738071629a51574930?s=96&d=mm&r=g","contentUrl":"https:\/\/secure.gravatar.com\/avatar\/f941e681460179738071629a51574930?s=96&d=mm&r=g","caption":"Jean-Paul Erhard"},"url":"https:\/\/peoplesphere.be\/nl\/author\/jpe\/"}]}},"_links":{"self":[{"href":"https:\/\/peoplesphere.be\/nl\/wp-json\/wp\/v2\/posts\/4835"}],"collection":[{"href":"https:\/\/peoplesphere.be\/nl\/wp-json\/wp\/v2\/posts"}],"about":[{"href":"https:\/\/peoplesphere.be\/nl\/wp-json\/wp\/v2\/types\/post"}],"author":[{"embeddable":true,"href":"https:\/\/peoplesphere.be\/nl\/wp-json\/wp\/v2\/users\/3"}],"replies":[{"embeddable":true,"href":"https:\/\/peoplesphere.be\/nl\/wp-json\/wp\/v2\/comments?post=4835"}],"version-history":[{"count":1,"href":"https:\/\/peoplesphere.be\/nl\/wp-json\/wp\/v2\/posts\/4835\/revisions"}],"predecessor-version":[{"id":4836,"href":"https:\/\/peoplesphere.be\/nl\/wp-json\/wp\/v2\/posts\/4835\/revisions\/4836"}],"wp:attachment":[{"href":"https:\/\/peoplesphere.be\/nl\/wp-json\/wp\/v2\/media?parent=4835"}],"wp:term":[{"taxonomy":"category","embeddable":true,"href":"https:\/\/peoplesphere.be\/nl\/wp-json\/wp\/v2\/categories?post=4835"},{"taxonomy":"post_tag","embeddable":true,"href":"https:\/\/peoplesphere.be\/nl\/wp-json\/wp\/v2\/tags?post=4835"}],"curies":[{"name":"wp","href":"https:\/\/api.w.org\/{rel}","templated":true}]}}