











{"id":5047,"date":"2019-05-09T12:14:35","date_gmt":"2019-05-09T11:14:35","guid":{"rendered":"http:\/\/www.peoplesphere.be\/nl\/?p=5047"},"modified":"2019-05-09T12:14:35","modified_gmt":"2019-05-09T11:14:35","slug":"arbeidsmarkt-verloor-2018-slechts-02-belgen-aan-pensioen","status":"publish","type":"post","link":"https:\/\/peoplesphere.be\/nl\/arbeidsmarkt-verloor-2018-slechts-02-belgen-aan-pensioen\/","title":{"rendered":"Arbeidsmarkt verloor in 2018 slechts 0,2 % Belgen aan pensioen."},"content":{"rendered":"<p>In 2018 verloor de Belgische arbeidsmarkt 0,2 % werknemers met een contract van onbepaalde duur omdat ze met pensioen gingen. 0,17 % van die werknemers bereikte de wettelijke pensioenleeftijd, 0,02 % ging met vervroegd pensioen en een heel laag percentage &#8211; 0,05 % van de werknemers &#8211; ging met SWT. Een positieve evolutie, want uit de cijfers van hr-dienstverlener Acerta blijkt dat we met z\u2019n allen jaar na jaar langer actief zijn op de arbeidsmarkt. De gemiddelde re\u00eble pensioenleeftijd van werknemers in de private sector met een contract van onbepaalde duur bedraagt in Belgi\u00eb vandaag 62 jaar. Dat is een stijging met 2,5 % sinds 2010.<!--more--><\/p>\n<p>In 2018 werd 3,65 % van de contracten van onbepaalde duur be\u00ebindigd. De meeste van deze werknemers verdwijnen niet van de arbeidsmarkt; zij zetten elders hun loopbaan verder. Ze vertrekken op initiatief van hun werkgever (0,59 %), van de werknemer (1,39 %) of in wederzijds akkoord (1,09 %).<br \/>\nMaar wie de arbeidsmarkt niet meer ziet terugkeren, zijn zij die met pensioen gaan, al dan niet vervroegd. Dat blijken er wel niet zo veel te zijn: in 2018 was dat nog geen 0,2 % (0,17 % + 0,02 % vervroegd). Dirk Wijns, Director Acerta Consult: <em>\u201cHet aandeel werknemers dat vanuit activiteit via pensioen (wettelijk of vervroegd) van de arbeidsmarkt verdwijnt, is echt heel klein. Het is dus zeker niet aan het pensioen dat onze arbeidsmarkt zijn actieven verliest.\u201d<\/em><\/p>\n<p><strong><em>SWT, moeten we het daar wel nog over hebben?<\/em><\/strong><\/p>\n<p>In 2018 ging 0,05 % van alle werknemers met SWT (Stelsel van Werkloosheid met bedrijfsToeslag), een daling met 64,6 % tegenover 2010 toen SWT ook al maar 0,14 % noteerde. Indien we alle ontslagredenen samen op 100 % plaatsen, is SWT goed voor 1,39 % van alle uitdiensttredingen. Dirk Wijns, Director Acerta Consult: <em>\u201cElk voortijdig vertrek uit de arbeidsmarkt kan best vermeden worden. Maar SWT als reden voor vertrek heeft vandaag nog slechts een zeer beperkte impact. Met de verstrenging van de voorwaarden voor toegang tot SWT in 2015 zien we dat almaar minder werknemers toegang krijgen tot het stelsel. De discussie hierover, in het kader van de onderhandelingen over een interprofessioneel akkoord, is dan ook eerder als ideologisch te bestempelen, dan dat ze een belangrijke impact heeft op de beschikbaarheid van oudere werknemers voor de arbeidsmarkt.\u201d<\/em><\/p>\n<p>In theorie zijn de SWT\u2019ers zelfs niet verloren voor de arbeidsmarkt, zij kunnen eigenlijk nog opnieuw aan het werk. Belangrijker zijn vandaag de discussies over het feit dat werknemers de arbeidsmarkt verlaten om medische redenen. Daar ligt immers de echte uitdaging: de leeftijd waarop het contract van werknemers in de private sector een einde neemt wegens overmacht bedraagt in 2018 gemiddeld 44,6 jaar. Als deze werknemers niet meer ingezet kunnen worden in een andere job, betekent dit dat ze na amper een halve carri\u00e8re reeds beroepsinactief worden.\u201d<\/p>\n<p><strong><em>De gemiddelde re\u00eble pensioenleeftijd is 62 jaar<\/em><\/strong><\/p>\n<p>De cijfers van hr-dienstverlener Acerta tonen duidelijk aan dat we langer werken. De gemiddelde re\u00eble pensioenleeftijd van werkenden in Belgi\u00eb stijgt jaar na jaar, tussen 2010 en 2018 voor alle pensioenstelsels samen met 2,5 %. Wie met vervroegd pensioen ging, was in 2018 gemiddeld 61,5 jaar oud: wie met pensioen ging, was gemiddeld 63,3 jaar en wie in 2018 onder het SWT viel, was gemiddeld 61 jaar.<\/p>\n<p><strong><em>De werkgever steeds minder aan zet<\/em><\/strong><\/p>\n<p>Bekijken we de be\u00ebindigde contracten apart en daarvan de redenen van be\u00ebindiging, dan zien we dat de werkgever steeds minder het initiatief neemt. In minder dan 1 situatie op 5 is het de werkgever die eenzijdig beslist om de arbeidsovereenkomst te be\u00ebindigen. In 38 % van de be\u00ebindigingen is de be\u00ebindiging zelfs een \u00e9\u00e9n-partijbeslissing van de werknemer. En uiteraard heeft die ook in wederzijds akkoord en (vervroegd) pensioen de beslissende stem.<\/p>\n<p>Dirk Wijns: <em>\u201cHet betreft een constante over alle beschouwde jaren: meestal ligt het initiatief tot be\u00ebindiging van de arbeidsovereenkomst bij de werknemer. In jaren dat de economie minder goed floreert, klinkt de stem van de werkgever iets luider, maar ook dan is het vooral de werknemer die beslist de samenwerking te be\u00ebindigen. Het is vooral sinds 2014 dat het werkgeversinitiatief verder is afgenomen en dat verhoudingsgewijs de werknemer nog meer beslist om de samenwerking te be\u00ebindigen.\u201d<\/em><\/p>\n<p><em><strong>3,2 % van contractbe\u00ebindigingen omwille van medische redenen<\/strong><\/em><\/p>\n<p>Wie een volledige loopbaan actief was en met pensioen gaat, heeft dat ook verdiend; SWT kunnen we klasseren als een eindig verhaal en het klopt dat meer mensen kiezen voor vervroegd pensioen, maar 0,5 % blijft een laag percentage. Dan is het zinvoller te kijken naar het percentage van mensen die de arbeidsmarkt verliest omwille van medische redenen.<\/p>\n<p>Dirk Wijns: <em>\u201c3,2 % en stijgend, dat is het percentage contractbe\u00ebindigingen omwille van medische redenen en dat moet w\u00e9l een zorg zijn. In dit cijfer zijn natuurlijk de werknemers die langdurig arbeidsongeschikt worden, op invaliditeit terechtkomen, maar wel nog op de payroll van de werkgever blijven, nog niet inbegrepen. Fysieke en geestelijke gezondheid zijn belangrijk voor een gezonde arbeidsmarkt en bij uitbreiding voor een gezonde samenleving. Werk daadwerkelijk wendbaar en werkbaar maken en houden, kan helpen om medische issues te voorkomen en uitval te vermijden. E\u00e9n van de belangrijkste maatregelen die je als onderneming kan nemen om dat te bereiken is er voortdurend voor gaan om taken zo dicht mogelijk te laten aansluiten bij het talent van je medewerkers en hen hierop uit te dagen. Niet \u00e9\u00e9n keer, maar telkens weer \u2013 rematching noemen we dat. We moeten zoveel mogelijk vermijden dat mensen in een dood spoor vast geraken en daar nooit meer uitkomen. Op deze manier gaat er vandaag immers nog te veel talent verloren.\u201d<\/em><\/p>\n<p>De gemiddelde leeftijd van mensen wiens arbeidsovereenkomst een einde neemt omwille van medische redenen was in 2018 44,6 jaar.<\/p>\n<p><em>Bron: Acerta &#8211;\u00a0De verzamelde gegevens zijn gebaseerd op de werkelijke gegevens van werknemers in dienst bij meer dan 32.000 werkgevers uit de private sector, waartoe zowel kmo\u2019s als grote ondernemingen behoren.<\/em><\/p>\n","protected":false},"excerpt":{"rendered":"<p>In 2018 verloor de Belgische arbeidsmarkt 0,2 % werknemers met een contract van onbepaalde duur omdat ze met pensioen gingen. 0,17 % van die werknemers bereikte de wettelijke pensioenleeftijd, 0,02 % ging met vervroegd pensioen en een heel laag percentage [&hellip;]<\/p>\n","protected":false},"author":3,"featured_media":0,"comment_status":"open","ping_status":"open","sticky":false,"template":"","format":"standard","meta":[],"categories":[3,4],"tags":[40,1757,1758,100,1756],"yoast_head":"<!-- This site is optimized with the Yoast SEO plugin v20.12 - https:\/\/yoast.com\/wordpress\/plugins\/seo\/ -->\n<title>Arbeidsmarkt verloor in 2018 slechts 0,2 % Belgen aan pensioen. - Peoplesphere<\/title>\n<meta name=\"robots\" content=\"index, follow, max-snippet:-1, max-image-preview:large, max-video-preview:-1\" \/>\n<link rel=\"canonical\" href=\"https:\/\/peoplesphere.be\/nl\/arbeidsmarkt-verloor-2018-slechts-02-belgen-aan-pensioen\/\" \/>\n<meta property=\"og:locale\" content=\"nl_NL\" \/>\n<meta property=\"og:type\" content=\"article\" \/>\n<meta property=\"og:title\" content=\"Arbeidsmarkt verloor in 2018 slechts 0,2 % Belgen aan pensioen. - Peoplesphere\" \/>\n<meta property=\"og:description\" content=\"In 2018 verloor de Belgische arbeidsmarkt 0,2 % werknemers met een contract van onbepaalde duur omdat ze met pensioen gingen. 0,17 % van die werknemers bereikte de wettelijke pensioenleeftijd, 0,02 % ging met vervroegd pensioen en een heel laag percentage [&hellip;]\" \/>\n<meta property=\"og:url\" content=\"https:\/\/peoplesphere.be\/nl\/arbeidsmarkt-verloor-2018-slechts-02-belgen-aan-pensioen\/\" \/>\n<meta property=\"og:site_name\" content=\"Peoplesphere\" \/>\n<meta property=\"article:publisher\" content=\"https:\/\/www.facebook.com\/peoplesphere\" \/>\n<meta property=\"article:published_time\" content=\"2019-05-09T11:14:35+00:00\" \/>\n<meta property=\"og:image\" content=\"http:\/\/www.peoplesphere.be\/nl\/wp-content\/uploads\/2016\/07\/facebook-default-posting-1200x628px.jpg\" \/>\n<meta name=\"author\" content=\"Jean-Paul Erhard\" \/>\n<meta name=\"twitter:card\" content=\"summary_large_image\" \/>\n<meta name=\"twitter:creator\" content=\"@PeoplesphereMag\" \/>\n<meta name=\"twitter:site\" content=\"@PeoplesphereMag\" \/>\n<meta name=\"twitter:label1\" content=\"Geschreven door\" \/>\n\t<meta name=\"twitter:data1\" content=\"Jean-Paul Erhard\" \/>\n\t<meta name=\"twitter:label2\" content=\"Geschatte leestijd\" \/>\n\t<meta name=\"twitter:data2\" content=\"5 minuten\" \/>\n<script type=\"application\/ld+json\" class=\"yoast-schema-graph\">{\"@context\":\"https:\/\/schema.org\",\"@graph\":[{\"@type\":\"WebPage\",\"@id\":\"https:\/\/peoplesphere.be\/nl\/arbeidsmarkt-verloor-2018-slechts-02-belgen-aan-pensioen\/\",\"url\":\"https:\/\/peoplesphere.be\/nl\/arbeidsmarkt-verloor-2018-slechts-02-belgen-aan-pensioen\/\",\"name\":\"Arbeidsmarkt verloor in 2018 slechts 0,2 % Belgen aan pensioen. - Peoplesphere\",\"isPartOf\":{\"@id\":\"https:\/\/peoplesphere.be\/nl\/#website\"},\"datePublished\":\"2019-05-09T11:14:35+00:00\",\"dateModified\":\"2019-05-09T11:14:35+00:00\",\"author\":{\"@id\":\"https:\/\/peoplesphere.be\/nl\/#\/schema\/person\/0a1c21d8893dd9b9a2cd6e068b4e8cf5\"},\"breadcrumb\":{\"@id\":\"https:\/\/peoplesphere.be\/nl\/arbeidsmarkt-verloor-2018-slechts-02-belgen-aan-pensioen\/#breadcrumb\"},\"inLanguage\":\"nl-NL\",\"potentialAction\":[{\"@type\":\"ReadAction\",\"target\":[\"https:\/\/peoplesphere.be\/nl\/arbeidsmarkt-verloor-2018-slechts-02-belgen-aan-pensioen\/\"]}]},{\"@type\":\"BreadcrumbList\",\"@id\":\"https:\/\/peoplesphere.be\/nl\/arbeidsmarkt-verloor-2018-slechts-02-belgen-aan-pensioen\/#breadcrumb\",\"itemListElement\":[{\"@type\":\"ListItem\",\"position\":1,\"name\":\"Accueil\",\"item\":\"https:\/\/peoplesphere.be\/nl\/\"},{\"@type\":\"ListItem\",\"position\":2,\"name\":\"Arbeidsmarkt verloor in 2018 slechts 0,2 % Belgen aan pensioen.\"}]},{\"@type\":\"WebSite\",\"@id\":\"https:\/\/peoplesphere.be\/nl\/#website\",\"url\":\"https:\/\/peoplesphere.be\/nl\/\",\"name\":\"Peoplesphere\",\"description\":\"The People Managers Magazine\",\"potentialAction\":[{\"@type\":\"SearchAction\",\"target\":{\"@type\":\"EntryPoint\",\"urlTemplate\":\"https:\/\/peoplesphere.be\/nl\/?s={search_term_string}\"},\"query-input\":\"required name=search_term_string\"}],\"inLanguage\":\"nl-NL\"},{\"@type\":\"Person\",\"@id\":\"https:\/\/peoplesphere.be\/nl\/#\/schema\/person\/0a1c21d8893dd9b9a2cd6e068b4e8cf5\",\"name\":\"Jean-Paul Erhard\",\"image\":{\"@type\":\"ImageObject\",\"inLanguage\":\"nl-NL\",\"@id\":\"https:\/\/peoplesphere.be\/nl\/#\/schema\/person\/image\/\",\"url\":\"https:\/\/secure.gravatar.com\/avatar\/f941e681460179738071629a51574930?s=96&d=mm&r=g\",\"contentUrl\":\"https:\/\/secure.gravatar.com\/avatar\/f941e681460179738071629a51574930?s=96&d=mm&r=g\",\"caption\":\"Jean-Paul Erhard\"},\"url\":\"https:\/\/peoplesphere.be\/nl\/author\/jpe\/\"}]}<\/script>\n<!-- \/ Yoast SEO plugin. -->","yoast_head_json":{"title":"Arbeidsmarkt verloor in 2018 slechts 0,2 % Belgen aan pensioen. - Peoplesphere","robots":{"index":"index","follow":"follow","max-snippet":"max-snippet:-1","max-image-preview":"max-image-preview:large","max-video-preview":"max-video-preview:-1"},"canonical":"https:\/\/peoplesphere.be\/nl\/arbeidsmarkt-verloor-2018-slechts-02-belgen-aan-pensioen\/","og_locale":"nl_NL","og_type":"article","og_title":"Arbeidsmarkt verloor in 2018 slechts 0,2 % Belgen aan pensioen. - Peoplesphere","og_description":"In 2018 verloor de Belgische arbeidsmarkt 0,2 % werknemers met een contract van onbepaalde duur omdat ze met pensioen gingen. 0,17 % van die werknemers bereikte de wettelijke pensioenleeftijd, 0,02 % ging met vervroegd pensioen en een heel laag percentage [&hellip;]","og_url":"https:\/\/peoplesphere.be\/nl\/arbeidsmarkt-verloor-2018-slechts-02-belgen-aan-pensioen\/","og_site_name":"Peoplesphere","article_publisher":"https:\/\/www.facebook.com\/peoplesphere","article_published_time":"2019-05-09T11:14:35+00:00","og_image":[{"url":"http:\/\/www.peoplesphere.be\/nl\/wp-content\/uploads\/2016\/07\/facebook-default-posting-1200x628px.jpg"}],"author":"Jean-Paul Erhard","twitter_card":"summary_large_image","twitter_creator":"@PeoplesphereMag","twitter_site":"@PeoplesphereMag","twitter_misc":{"Geschreven door":"Jean-Paul Erhard","Geschatte leestijd":"5 minuten"},"schema":{"@context":"https:\/\/schema.org","@graph":[{"@type":"WebPage","@id":"https:\/\/peoplesphere.be\/nl\/arbeidsmarkt-verloor-2018-slechts-02-belgen-aan-pensioen\/","url":"https:\/\/peoplesphere.be\/nl\/arbeidsmarkt-verloor-2018-slechts-02-belgen-aan-pensioen\/","name":"Arbeidsmarkt verloor in 2018 slechts 0,2 % Belgen aan pensioen. - Peoplesphere","isPartOf":{"@id":"https:\/\/peoplesphere.be\/nl\/#website"},"datePublished":"2019-05-09T11:14:35+00:00","dateModified":"2019-05-09T11:14:35+00:00","author":{"@id":"https:\/\/peoplesphere.be\/nl\/#\/schema\/person\/0a1c21d8893dd9b9a2cd6e068b4e8cf5"},"breadcrumb":{"@id":"https:\/\/peoplesphere.be\/nl\/arbeidsmarkt-verloor-2018-slechts-02-belgen-aan-pensioen\/#breadcrumb"},"inLanguage":"nl-NL","potentialAction":[{"@type":"ReadAction","target":["https:\/\/peoplesphere.be\/nl\/arbeidsmarkt-verloor-2018-slechts-02-belgen-aan-pensioen\/"]}]},{"@type":"BreadcrumbList","@id":"https:\/\/peoplesphere.be\/nl\/arbeidsmarkt-verloor-2018-slechts-02-belgen-aan-pensioen\/#breadcrumb","itemListElement":[{"@type":"ListItem","position":1,"name":"Accueil","item":"https:\/\/peoplesphere.be\/nl\/"},{"@type":"ListItem","position":2,"name":"Arbeidsmarkt verloor in 2018 slechts 0,2 % Belgen aan pensioen."}]},{"@type":"WebSite","@id":"https:\/\/peoplesphere.be\/nl\/#website","url":"https:\/\/peoplesphere.be\/nl\/","name":"Peoplesphere","description":"The People Managers Magazine","potentialAction":[{"@type":"SearchAction","target":{"@type":"EntryPoint","urlTemplate":"https:\/\/peoplesphere.be\/nl\/?s={search_term_string}"},"query-input":"required name=search_term_string"}],"inLanguage":"nl-NL"},{"@type":"Person","@id":"https:\/\/peoplesphere.be\/nl\/#\/schema\/person\/0a1c21d8893dd9b9a2cd6e068b4e8cf5","name":"Jean-Paul Erhard","image":{"@type":"ImageObject","inLanguage":"nl-NL","@id":"https:\/\/peoplesphere.be\/nl\/#\/schema\/person\/image\/","url":"https:\/\/secure.gravatar.com\/avatar\/f941e681460179738071629a51574930?s=96&d=mm&r=g","contentUrl":"https:\/\/secure.gravatar.com\/avatar\/f941e681460179738071629a51574930?s=96&d=mm&r=g","caption":"Jean-Paul Erhard"},"url":"https:\/\/peoplesphere.be\/nl\/author\/jpe\/"}]}},"_links":{"self":[{"href":"https:\/\/peoplesphere.be\/nl\/wp-json\/wp\/v2\/posts\/5047"}],"collection":[{"href":"https:\/\/peoplesphere.be\/nl\/wp-json\/wp\/v2\/posts"}],"about":[{"href":"https:\/\/peoplesphere.be\/nl\/wp-json\/wp\/v2\/types\/post"}],"author":[{"embeddable":true,"href":"https:\/\/peoplesphere.be\/nl\/wp-json\/wp\/v2\/users\/3"}],"replies":[{"embeddable":true,"href":"https:\/\/peoplesphere.be\/nl\/wp-json\/wp\/v2\/comments?post=5047"}],"version-history":[{"count":1,"href":"https:\/\/peoplesphere.be\/nl\/wp-json\/wp\/v2\/posts\/5047\/revisions"}],"predecessor-version":[{"id":5048,"href":"https:\/\/peoplesphere.be\/nl\/wp-json\/wp\/v2\/posts\/5047\/revisions\/5048"}],"wp:attachment":[{"href":"https:\/\/peoplesphere.be\/nl\/wp-json\/wp\/v2\/media?parent=5047"}],"wp:term":[{"taxonomy":"category","embeddable":true,"href":"https:\/\/peoplesphere.be\/nl\/wp-json\/wp\/v2\/categories?post=5047"},{"taxonomy":"post_tag","embeddable":true,"href":"https:\/\/peoplesphere.be\/nl\/wp-json\/wp\/v2\/tags?post=5047"}],"curies":[{"name":"wp","href":"https:\/\/api.w.org\/{rel}","templated":true}]}}